{"id":528270,"date":"2025-02-06T11:03:04","date_gmt":"2025-02-06T15:03:04","guid":{"rendered":"https:\/\/diarioelpopular.com\/?p=528270"},"modified":"2025-02-06T11:03:04","modified_gmt":"2025-02-06T15:03:04","slug":"un-ano-sin-pinera-la-investigacion-sobre-su-muerte-el-debate-de-una-estatua-y-la-posta-de-su-legado","status":"publish","type":"post","link":"https:\/\/diarioelpopular.com\/index.php\/2025\/02\/06\/un-ano-sin-pinera-la-investigacion-sobre-su-muerte-el-debate-de-una-estatua-y-la-posta-de-su-legado\/","title":{"rendered":"Un a\u00f1o sin Pi\u00f1era: la investigaci\u00f3n sobre su muerte, el debate de una estatua y la posta de su legado"},"content":{"rendered":"<div id=\"attachment_528271\" style=\"width: 1210px\" class=\"wp-caption alignnone\"><img loading=\"lazy\" decoding=\"async\" aria-describedby=\"caption-attachment-528271\" class=\"wp-image-528271 size-custom-big-size\" src=\"https:\/\/diarioelpopular.com\/wp-content\/uploads\/2025\/02\/Screen-Shot-2025-02-06-at-10.02.22-AM-1200x796.png\" alt=\"\" width=\"1200\" height=\"796\" srcset=\"https:\/\/diarioelpopular.com\/wp-content\/uploads\/2025\/02\/Screen-Shot-2025-02-06-at-10.02.22-AM-1200x796.png 1200w, https:\/\/diarioelpopular.com\/wp-content\/uploads\/2025\/02\/Screen-Shot-2025-02-06-at-10.02.22-AM-300x199.png 300w, https:\/\/diarioelpopular.com\/wp-content\/uploads\/2025\/02\/Screen-Shot-2025-02-06-at-10.02.22-AM-768x509.png 768w, https:\/\/diarioelpopular.com\/wp-content\/uploads\/2025\/02\/Screen-Shot-2025-02-06-at-10.02.22-AM-85x55.png 85w, https:\/\/diarioelpopular.com\/wp-content\/uploads\/2025\/02\/Screen-Shot-2025-02-06-at-10.02.22-AM-636x422.png 636w, https:\/\/diarioelpopular.com\/wp-content\/uploads\/2025\/02\/Screen-Shot-2025-02-06-at-10.02.22-AM-110x73.png 110w, https:\/\/diarioelpopular.com\/wp-content\/uploads\/2025\/02\/Screen-Shot-2025-02-06-at-10.02.22-AM.png 1024w\" sizes=\"auto, (max-width: 1200px) 100vw, 1200px\" \/><p id=\"caption-attachment-528271\" class=\"wp-caption-text\">Ceremonia por el funeral del expresidente Sebasti\u00e1n Pi\u00f1era, en la sede del antiguo Congreso en Santiago, Chile, el 9 de febrero de 2024. Sof\u00eda Yanjar\u00ed<\/p><\/div>\n<p>&nbsp;<\/p>\n<p>&nbsp;<\/p>\n<h4 class=\"a_st\"><em>&#8211; Familiares, amigos y compa\u00f1eros del pol\u00edtico y empresario chileno conmemoran el primer aniversario del fallecimiento, en un accidente en helic\u00f3ptero, en medio de un repunte de su imagen<\/em><\/h4>\n<p>&nbsp;<\/p>\n<p class=\"\">Hace un a\u00f1o, en medio de una tarde de verano,\u00a0<a href=\"https:\/\/elpais.com\/chile\/2024-02-06\/sebastian-pinera-el-politico-millonario-al-que-le-gustaba-arriesgar-y-ganar.html?event_log=oklogin\" data-link-track-dtm=\"\" data-mrf-link=\"https:\/\/elpais.com\/chile\/2024-02-06\/sebastian-pinera-el-politico-millonario-al-que-le-gustaba-arriesgar-y-ganar.html\">el dos veces presidente de Chile, Sebasti\u00e1n Pi\u00f1era<\/a>, de 74 a\u00f1os<u>,<\/u>\u00a0<a href=\"https:\/\/elpais.com\/chile\/2024-02-06\/muere-sebastian-pinera-expresidente-de-chile-en-un-accidente-en-helicoptero-segun-medios-chilenos.html?event_log=oklogin\" data-link-track-dtm=\"\" data-mrf-link=\"https:\/\/elpais.com\/chile\/2024-02-06\/muere-sebastian-pinera-expresidente-de-chile-en-un-accidente-en-helicoptero-segun-medios-chilenos.html\">muri\u00f3 al estrellarse el helic\u00f3ptero que pilotaba<\/a>\u00a0en el lago Ranco, al sur del pa\u00eds. La tr\u00e1gica muerte del primer mandatario de derechas desde el retorno a la democracia en 1990 lo pill\u00f3 completamente vigente, ofreciendo su ayuda al Gobierno de Gabriel Boric para enfrentar los megaincendios que azotaban entonces a Vi\u00f1a del Mar.<\/p>\n<p class=\"\">Tambi\u00e9n, sin abandonar la posibilidad de retornar a La Moneda por tercera vez. Para la conmemoraci\u00f3n de su partida, sus familiares, amigos, y compa\u00f1eros de sector han celebrado misas y actos en su recuerdo, cuando la valoraci\u00f3n positiva de su imagen llega a m\u00e1ximos hist\u00f3ricos (69%, Cadem). Y mientras el Congreso discute\u00a0<a href=\"https:\/\/elpais.com\/chile\/2024-02-08\/que-legado-politico-deja-sebastian-pinera.html\" data-link-track-dtm=\"\" data-mrf-link=\"https:\/\/elpais.com\/chile\/2024-02-08\/que-legado-politico-deja-sebastian-pinera.html\">si levantar una estatua en su nombre frente a la casa de Gobierno<\/a>, su conglomerado, Chile Vamos, se ilusiona con volver a habitarlo de la mano de\u00a0<a href=\"https:\/\/elpais.com\/chile\/2024-12-12\/evelyn-matthei-se-viste-de-candidata-presidencial.html\" data-link-track-dtm=\"\" data-mrf-link=\"https:\/\/elpais.com\/chile\/2024-12-12\/evelyn-matthei-se-viste-de-candidata-presidencial.html\">Evelyn Matthei, su carta presidencial<\/a>\u00a0para las elecciones de noviembre, y favorita en las encuestas.<\/p>\n<p class=\"\">Cerca de las 14.40 horas del 6 de febrero de 2024, Pi\u00f1era se subi\u00f3 a su helic\u00f3ptero Robinson R44 II junto a su hermana Magdalena, su amigo Ignacio Guerrero -quien iba de copiloto-, y el hijo de \u00e9ste, Bautista Guerrero. Acababan de almorzar en la casa del empresario Jos\u00e9 Cox en Ilihue, en la rivera del lago Ranco, y pretend\u00edan llegar a Coique, en el mismo municipio, donde el expresidente ten\u00eda su casa.<\/p>\n<p class=\"\">Pi\u00f1era, que piloteaba la aeronave, le explic\u00f3 al grupo qu\u00e9 hacer en caso de emergencia y enseguida intent\u00f3 echar andar el motor, sin \u00e9xito. Esper\u00f3 cinco minutos para intentarlo nuevamente y emprendi\u00f3 el vuelo. A la brevedad, dio un giro en 180\u00b0 bajo una llovizna, con la intenci\u00f3n de regresar. Transitados unos metros, la m\u00e1quina descendi\u00f3 hasta impactar contra la superficie del lago por el lado del piloto, a unos 172 metros del punto de despegue, seg\u00fan el documento preliminar de la\u00a0<a href=\"https:\/\/www.dgac.gob.cl\/informes-2024\/\" target=\"_blank\" rel=\"noopener\" data-link-track-dtm=\"\" data-mrf-link=\"https:\/\/www.dgac.gob.cl\/informes-2024\/\"><u>Direcci\u00f3n General de Aeron\u00e1utica Civil<\/u><\/a>\u00a0(DGAC) publicado esta semana.<\/p>\n<p class=\"\">Tres de los cuatro pasajeros salieron ilesos. Pi\u00f1era, con 569,18 horas de pilotaje en el cuerpo, no consigui\u00f3 abandonar el helic\u00f3ptero y muri\u00f3 producto de una asfixia por inmersi\u00f3n. Un a\u00f1o despu\u00e9s de la tragedia, sigue sin aclararse oficialmente el motivo de la ca\u00edda de la aeronave encontrada a 28 metros de profundidad.<\/p>\n<p class=\"\">\u201cPor la poca visibilidad dimos la vuelta donde se podr\u00eda ver mejor sobre la costa y ah\u00ed nos topamos con el agua\u201d, relat\u00f3 Bautista Guerrero, estudiante de derecho en la Universidad Cat\u00f3lica, de 23 a\u00f1os, a\u00a0<i>El Mercurio<\/i>. Los cuatro llevaban auriculares y lo \u00faltimo que escuch\u00f3 con claridad el joven fue que Pi\u00f1era cambiar\u00eda de rumbo. Todo fue muy r\u00e1pido y el agua era oscura y profunda. \u201cCa\u00edmos al agua y ah\u00ed logr\u00e9 abrir la puerta del helic\u00f3ptero. Me quit\u00e9 el cintur\u00f3n y al llenarse [de agua] el helic\u00f3ptero sal\u00ed\u201d, se\u00f1al\u00f3. Magdalena\u00a0<i>Pichita<\/i>\u00a0Pi\u00f1era iba a su lado en los asientos traseros. \u201cEn un segundo, el agua estaba hasta las rodillas, al otro ya llegaba a la cintura, y despu\u00e9s me tap\u00f3 y se oscureci\u00f3 todo\u201d, record\u00f3 en una entrevista seis meses despu\u00e9s del suceso a la\u00a0<i>Revista S\u00e1bado<\/i>.<\/p>\n<p class=\"\">\u201cFui la \u00faltima en salir y lo hice escupiendo, ten\u00eda asco\u201d por haber tragado tanta agua y aceite, describi\u00f3. Una vez que sali\u00f3 a la superficie, visibiliz\u00f3 a Ignacio y Bautista Guerrero, pero su mirada no logr\u00f3 encontrar a su hermano. \u201cEse fue el minuto en que me di cuenta de que se hab\u00eda muerto. Ninguno de nosotros habl\u00f3. Cuando llegaron a buscarnos nos subimos en silencio a la lancha y as\u00ed nos quedamos\u201d, se\u00f1al\u00f3.<\/p>\n<p class=\"\"><a href=\"https:\/\/elpais.com\/chile\/2024-12-06\/la-direccion-de-aeronautica-de-chile-revela-que-sebastian-pinera-no-usaba-el-cinturon-de-seguridad-al-accidentarse.html\" data-link-track-dtm=\"\" data-mrf-link=\"https:\/\/elpais.com\/chile\/2024-12-06\/la-direccion-de-aeronautica-de-chile-revela-que-sebastian-pinera-no-usaba-el-cinturon-de-seguridad-al-accidentarse.html\">Pi\u00f1era \u201cse encontraba sin su arn\u00e9s de seguridad\u201d, describi\u00f3 la DGAC en un informe preliminar<\/a>\u00a0publicado en diciembre, sin embargo, en el nuevo documento no hace referencia a esta informaci\u00f3n. El l\u00edder de la derecha tradicional ten\u00eda su examen m\u00e9dico vigente y se encontraba sobrio -marc\u00f3 0 en el examen de alcohol y toxicol\u00f3gico-.<\/p>\n<p class=\"\">Su sorpresiva muerte golpe\u00f3 al mundo pol\u00edtico y empresarial. Dedic\u00f3 gran parte de su vida al servicio p\u00fablico y a los negocios. A fines de los a\u00f1os setenta obtuvo la representaci\u00f3n para Chile de las tarjetas de cr\u00e9dito y, desde entonces, sus \u00e9xitos y fortuna fueron creciendo.<\/p>\n<p class=\"\">La gente lo recuerda como \u201cun hombre de di\u00e1logo y de grandes acuerdos\u201d, que \u201ctuvo autoridad y liderazgo\u201d y que \u201cdefendi\u00f3 siempre la democracia\u201d, seg\u00fan la encuesta Cadem. En octubre de 2019\u00a0<a href=\"https:\/\/elpais.com\/chile\/2023-09-22\/pinera-el-estallido-social-de-2019-en-chile-fue-un-golpe-de-estado-no-tradicional.html\" data-link-track-dtm=\"\" data-mrf-link=\"https:\/\/elpais.com\/chile\/2023-09-22\/pinera-el-estallido-social-de-2019-en-chile-fue-un-golpe-de-estado-no-tradicional.html\"><u>le toc\u00f3 enfrentar el estallido social<\/u><\/a>\u00a0y su respaldo se vio mermado incluso por los de su propio sector, llegando a tener una aprobaci\u00f3n de solo el 7%, pero que, tras una diligente gesti\u00f3n de la pandemia, logr\u00f3 sacudirse en parte el rechazo ciudadano. Hoy el 53% de la poblaci\u00f3n cree que debe levantarse una estatua del expresidente en la Plaza de la Constituci\u00f3n. Su viuda, Cecilia Morel, ha defendido que le parece \u201cun acto de justicia con su legado y compromiso con la democracia\u201d.<\/p>\n<p class=\"\">En el Congreso hubo una serie de trabas para avanzar en el proyecto de ley sobre la estatua, impulsado por la derecha tradicional, que ya cuenta con voces contrarias del oficialismo, principalmente del Partido Comunista y el socialista. El asunto qued\u00f3 relegado para marzo, frustrando los deseos del sector del expresidente, quienes quer\u00edan conmemorar el primer aniversario de muerte con el homenaje aprobado.<\/p>\n<p class=\"\">Sus m\u00e1s cercanos realizar\u00e1n este jueves una \u00edntima ceremonia religiosa en la bah\u00eda de Coique, a la que no asistir\u00e1 el presidente Gabriel Boric por problemas de agenda. En su representaci\u00f3n, acudir\u00e1 el ministro de Transportes, Juan Carlos Mu\u00f1oz. Por iniciativa de Morel, pondr\u00e1n la primera piedra de la Capilla Nuestra Se\u00f1ora de F\u00e1tima, en memoria del fallecido mandatario.<\/p>\n<p class=\"\">En Santiago, por su parte, se celebra un acto en su honor por la tarde en el exCongreso Nacional, donde est\u00e1 prevista la elaboraci\u00f3n de un documento sobre el legado de Pi\u00f1era. El fot\u00f3grafo de la Presidencia, Marcelo Segura, tambi\u00e9n quizo hacer un registro hist\u00f3rico del legado del expresidente, a quien acompa\u00f1\u00f3 durante su segundo periodo en La Moneda. La exposici\u00f3n\u00a0<i>Retrato presidencial<\/i>\u00a0se inaugura este jueves en la Fundaci\u00f3n Cultural de Providencia y recopila los hitos de la vida pol\u00edtica y personal de Pi\u00f1era durante los cuatro a\u00f1os de su segundo mandato.<\/p>\n","protected":false},"excerpt":{"rendered":"<p>&nbsp; &nbsp; &#8211; Familiares, amigos y compa\u00f1eros del pol\u00edtico y empresario chileno conmemoran el primer aniversario del fallecimiento, en un accidente en helic\u00f3ptero, en medio&hellip;<\/p>\n","protected":false},"author":99,"featured_media":528271,"comment_status":"open","ping_status":"open","sticky":false,"template":"","format":"standard","meta":{"footnotes":""},"categories":[23],"tags":[],"class_list":["post-528270","post","type-post","status-publish","format-standard","has-post-thumbnail","hentry","category-latinoamerica"],"_links":{"self":[{"href":"https:\/\/diarioelpopular.com\/index.php\/wp-json\/wp\/v2\/posts\/528270","targetHints":{"allow":["GET"]}}],"collection":[{"href":"https:\/\/diarioelpopular.com\/index.php\/wp-json\/wp\/v2\/posts"}],"about":[{"href":"https:\/\/diarioelpopular.com\/index.php\/wp-json\/wp\/v2\/types\/post"}],"author":[{"embeddable":true,"href":"https:\/\/diarioelpopular.com\/index.php\/wp-json\/wp\/v2\/users\/99"}],"replies":[{"embeddable":true,"href":"https:\/\/diarioelpopular.com\/index.php\/wp-json\/wp\/v2\/comments?post=528270"}],"version-history":[{"count":1,"href":"https:\/\/diarioelpopular.com\/index.php\/wp-json\/wp\/v2\/posts\/528270\/revisions"}],"predecessor-version":[{"id":528272,"href":"https:\/\/diarioelpopular.com\/index.php\/wp-json\/wp\/v2\/posts\/528270\/revisions\/528272"}],"wp:featuredmedia":[{"embeddable":true,"href":"https:\/\/diarioelpopular.com\/index.php\/wp-json\/wp\/v2\/media\/528271"}],"wp:attachment":[{"href":"https:\/\/diarioelpopular.com\/index.php\/wp-json\/wp\/v2\/media?parent=528270"}],"wp:term":[{"taxonomy":"category","embeddable":true,"href":"https:\/\/diarioelpopular.com\/index.php\/wp-json\/wp\/v2\/categories?post=528270"},{"taxonomy":"post_tag","embeddable":true,"href":"https:\/\/diarioelpopular.com\/index.php\/wp-json\/wp\/v2\/tags?post=528270"}],"curies":[{"name":"wp","href":"https:\/\/api.w.org\/{rel}","templated":true}]}}