{"id":528306,"date":"2025-02-07T09:12:46","date_gmt":"2025-02-07T13:12:46","guid":{"rendered":"https:\/\/diarioelpopular.com\/?p=528306"},"modified":"2025-02-07T09:12:46","modified_gmt":"2025-02-07T13:12:46","slug":"adolescente-de-apenas-15-anos-arrestado-por-asesinato-de-una-mujer-en-vaughan","status":"publish","type":"post","link":"https:\/\/diarioelpopular.com\/index.php\/2025\/02\/07\/adolescente-de-apenas-15-anos-arrestado-por-asesinato-de-una-mujer-en-vaughan\/","title":{"rendered":"Adolescente de apenas 15 a\u00f1os arrestado por asesinato de una mujer en Vaughan"},"content":{"rendered":"<p><img loading=\"lazy\" decoding=\"async\" class=\"alignnone size-custom-full-size wp-image-528307\" src=\"https:\/\/diarioelpopular.com\/wp-content\/uploads\/2025\/02\/Screen-Shot-2025-02-07-at-8.12.22-AM-636x359.png\" alt=\"\" width=\"636\" height=\"359\" srcset=\"https:\/\/diarioelpopular.com\/wp-content\/uploads\/2025\/02\/Screen-Shot-2025-02-07-at-8.12.22-AM-636x359.png 636w, https:\/\/diarioelpopular.com\/wp-content\/uploads\/2025\/02\/Screen-Shot-2025-02-07-at-8.12.22-AM-300x169.png 300w, https:\/\/diarioelpopular.com\/wp-content\/uploads\/2025\/02\/Screen-Shot-2025-02-07-at-8.12.22-AM-768x433.png 768w, https:\/\/diarioelpopular.com\/wp-content\/uploads\/2025\/02\/Screen-Shot-2025-02-07-at-8.12.22-AM-129x73.png 129w, https:\/\/diarioelpopular.com\/wp-content\/uploads\/2025\/02\/Screen-Shot-2025-02-07-at-8.12.22-AM.png 862w\" sizes=\"auto, (max-width: 636px) 100vw, 636px\" \/><\/p>\n<p>&nbsp;<\/p>\n<ul>\n<li><em><strong>Un joven delincuente de 15 a\u00f1os ha sido arrestado de asesinato en relaci\u00f3n con la muerte de una mujer en Vaughan.<\/strong><\/em><\/li>\n<\/ul>\n<p>&nbsp;<\/p>\n<p>La polic\u00eda de York dijo que fueron llamados a una casa en Camino Drive en el \u00e1rea de Rutherford Road y Jane Street alrededor de las 9:20 a.m. del jueves.<\/p>\n<p>Cuando llegaron los oficiales, encontraron a una mujer con heridas graves. Fue declarada muerta en la escena. No se han revelado detalles acerca de los m\u00f3biles, la identidad ni la edad de la v\u00edctima.<\/p>\n<p>El sospechoso fue arrestado en la casa y ahora est\u00e1 acusado de asesinato en segundo grado. Los investigadores dicen que no est\u00e1n buscando m\u00e1s sospechosos.<\/p>\n<p>No se ha revelado la relaci\u00f3n entre la v\u00edctima y el sospechoso.<\/p>\n","protected":false},"excerpt":{"rendered":"<p>&nbsp; Un joven delincuente de 15 a\u00f1os ha sido arrestado de asesinato en relaci\u00f3n con la muerte de una mujer en Vaughan. &nbsp; La polic\u00eda&hellip;<\/p>\n","protected":false},"author":99,"featured_media":528307,"comment_status":"open","ping_status":"open","sticky":false,"template":"","format":"standard","meta":{"footnotes":""},"categories":[11364],"tags":[],"class_list":["post-528306","post","type-post","status-publish","format-standard","has-post-thumbnail","hentry","category-toronto-gta"],"_links":{"self":[{"href":"https:\/\/diarioelpopular.com\/index.php\/wp-json\/wp\/v2\/posts\/528306","targetHints":{"allow":["GET"]}}],"collection":[{"href":"https:\/\/diarioelpopular.com\/index.php\/wp-json\/wp\/v2\/posts"}],"about":[{"href":"https:\/\/diarioelpopular.com\/index.php\/wp-json\/wp\/v2\/types\/post"}],"author":[{"embeddable":true,"href":"https:\/\/diarioelpopular.com\/index.php\/wp-json\/wp\/v2\/users\/99"}],"replies":[{"embeddable":true,"href":"https:\/\/diarioelpopular.com\/index.php\/wp-json\/wp\/v2\/comments?post=528306"}],"version-history":[{"count":1,"href":"https:\/\/diarioelpopular.com\/index.php\/wp-json\/wp\/v2\/posts\/528306\/revisions"}],"predecessor-version":[{"id":528308,"href":"https:\/\/diarioelpopular.com\/index.php\/wp-json\/wp\/v2\/posts\/528306\/revisions\/528308"}],"wp:featuredmedia":[{"embeddable":true,"href":"https:\/\/diarioelpopular.com\/index.php\/wp-json\/wp\/v2\/media\/528307"}],"wp:attachment":[{"href":"https:\/\/diarioelpopular.com\/index.php\/wp-json\/wp\/v2\/media?parent=528306"}],"wp:term":[{"taxonomy":"category","embeddable":true,"href":"https:\/\/diarioelpopular.com\/index.php\/wp-json\/wp\/v2\/categories?post=528306"},{"taxonomy":"post_tag","embeddable":true,"href":"https:\/\/diarioelpopular.com\/index.php\/wp-json\/wp\/v2\/tags?post=528306"}],"curies":[{"name":"wp","href":"https:\/\/api.w.org\/{rel}","templated":true}]}}