{"id":528329,"date":"2025-02-07T10:55:05","date_gmt":"2025-02-07T14:55:05","guid":{"rendered":"https:\/\/diarioelpopular.com\/?p=528329"},"modified":"2025-02-07T10:55:05","modified_gmt":"2025-02-07T14:55:05","slug":"por-que-ecuador-vuelve-a-elegir-presidente-y-que-ha-cambiado-en-los-casi-15-meses-de-gobierno-de-daniel-noboa","status":"publish","type":"post","link":"https:\/\/diarioelpopular.com\/index.php\/2025\/02\/07\/por-que-ecuador-vuelve-a-elegir-presidente-y-que-ha-cambiado-en-los-casi-15-meses-de-gobierno-de-daniel-noboa\/","title":{"rendered":"Por qu\u00e9 Ecuador vuelve a elegir presidente y qu\u00e9 ha cambiado en los casi 15 meses de gobierno de Daniel Noboa"},"content":{"rendered":"<div id=\"attachment_528330\" style=\"width: 646px\" class=\"wp-caption alignnone\"><img loading=\"lazy\" decoding=\"async\" aria-describedby=\"caption-attachment-528330\" class=\"wp-image-528330 size-custom-full-size\" src=\"https:\/\/diarioelpopular.com\/wp-content\/uploads\/2025\/02\/Screen-Shot-2025-02-07-at-9.54.32-AM-636x360.png\" alt=\"\" width=\"636\" height=\"360\" srcset=\"https:\/\/diarioelpopular.com\/wp-content\/uploads\/2025\/02\/Screen-Shot-2025-02-07-at-9.54.32-AM-636x360.png 636w, https:\/\/diarioelpopular.com\/wp-content\/uploads\/2025\/02\/Screen-Shot-2025-02-07-at-9.54.32-AM-300x170.png 300w, https:\/\/diarioelpopular.com\/wp-content\/uploads\/2025\/02\/Screen-Shot-2025-02-07-at-9.54.32-AM-768x434.png 768w, https:\/\/diarioelpopular.com\/wp-content\/uploads\/2025\/02\/Screen-Shot-2025-02-07-at-9.54.32-AM-129x73.png 129w, https:\/\/diarioelpopular.com\/wp-content\/uploads\/2025\/02\/Screen-Shot-2025-02-07-at-9.54.32-AM.png 1024w\" sizes=\"auto, (max-width: 636px) 100vw, 636px\" \/><p id=\"caption-attachment-528330\" class=\"wp-caption-text\">Noboa asumi\u00f3 el poder en noviembre de 2023.<\/p><\/div>\n<p>&nbsp;<\/p>\n<p>&nbsp;<\/p>\n<div class=\"bbc-19j92fr ebmt73l0\" dir=\"ltr\">\n<ul>\n<li class=\"bbc-hhl7in e17g058b0\" dir=\"ltr\"><em><b>\u00bfReelegir\u00e1n los ecuatorianos a Daniel Noboa o votar\u00e1n por un cambio en la convulcionada presidencia de Ecuador?<\/b><\/em><\/li>\n<\/ul>\n<\/div>\n<div class=\"bbc-19j92fr ebmt73l0\" dir=\"ltr\">\n<p dir=\"ltr\">\n<p class=\"bbc-hhl7in e17g058b0\" dir=\"ltr\">El pa\u00eds sudamericano celebra este domingo nuevas elecciones generales tras un per\u00edodo de 14 meses y medio tan inusual como turbulento en lo pol\u00edtico, econ\u00f3mico y social.<\/p>\n<\/div>\n<div class=\"bbc-19j92fr ebmt73l0\" dir=\"ltr\">\n<p class=\"bbc-hhl7in e17g058b0\" dir=\"ltr\">Es el tiempo que ha tenido el inexperto pol\u00edtico y multimillonario empresario de 37 a\u00f1os para llevar a la pr\u00e1ctica sus propuestas sobre seguridad y econom\u00eda, los dos \u00e1mbitos que m\u00e1s preocupan a los ecuatorianos.<\/p>\n<\/div>\n<div class=\"bbc-19j92fr ebmt73l0\" dir=\"ltr\">\n<p class=\"bbc-hhl7in e17g058b0\" dir=\"ltr\">Tras alcanzar altos niveles de popularidad al inicio de su mandato, la imagen de Noboa se fue r\u00e1pidamente\u00a0 desinflando a lo largo de los meses, aunque sigue siendo favorito seg\u00fan la mayor\u00eda de las encuestas.<\/p>\n<\/div>\n<div class=\"bbc-19j92fr ebmt73l0\" dir=\"ltr\">\n<p class=\"bbc-hhl7in e17g058b0\" dir=\"ltr\">Cuatro de los cinco \u00faltimos sondeos publicados antes de las elecciones dan la victoria al l\u00edder de Acci\u00f3n Democr\u00e1tica Nacional (ADN) y solo uno a su principal competidora, Luisa Gonz\u00e1lez del Movimiento Revoluci\u00f3n Ciudadana, liderado desde el exilio por el expresidente Rafael Correa.<\/p>\n<p dir=\"ltr\">\n<\/div>\n<figure class=\"bbc-1qn0xuy\">\n<div class=\"bbc-j1srjl\">\n<div style=\"width: 1034px\" class=\"wp-caption alignnone\"><img loading=\"lazy\" decoding=\"async\" class=\"bbc-139onq\" src=\"https:\/\/ichef.bbci.co.uk\/ace\/ws\/640\/cpsprodpb\/f7dc\/live\/2cf97d70-e358-11ef-bd1b-d536627785f2.jpg.webp\" alt=\"Luisa Gonz\u00e1lez \" width=\"1024\" height=\"684\" \/><p class=\"wp-caption-text\">Fuente de la imagen,Getty Images.\u00a0Luisa Gonz\u00e1lez ha centrado su campa\u00f1a en seguridad, inversi\u00f3n social, educaci\u00f3n gratuita y energ\u00edas renovables, entre otros asuntos.<\/p><\/div>\n<\/div>\n<\/figure>\n<div class=\"bbc-19j92fr ebmt73l0\" dir=\"ltr\">\n<p dir=\"ltr\">\n<p class=\"bbc-hhl7in e17g058b0\" dir=\"ltr\">Casi todos los analistas pronostican que habr\u00e1 segunda vuelta, algo que ocurrir\u00e1 si ninguno de los candidatos logra en la primera m\u00e1s de la mitad de los votos o un 40% con 10 puntos de ventaja sobre el segundo.<\/p>\n<\/div>\n<div class=\"bbc-19j92fr ebmt73l0\" dir=\"ltr\">\n<p class=\"bbc-hhl7in e17g058b0\" dir=\"ltr\">Adem\u00e1s de Daniel Noboa y Luisa Gonz\u00e1lez, otros 14 aspirantes se postulan a la presidencia, entre ellos, Andrea Gonz\u00e1lez, del partido derechista Sociedad Patri\u00f3tica, y Le\u00f3nidas Iza, del izquierdista e indigenista Pachakutik.<\/p>\n<\/div>\n<div class=\"bbc-19j92fr ebmt73l0\" dir=\"ltr\">\n<p class=\"bbc-hhl7in e17g058b0\" dir=\"ltr\">Si bien se da por hecho que ninguno de los minoritarios pasar\u00e1 a la segunda vuelta, sus resultados marcar\u00e1n la composici\u00f3n de la tradicionalmente fragmentada Asamblea Nacional ecuatoriana y podr\u00edan jugar un rol clave en el juego de alianzas.<\/p>\n<\/div>\n<div class=\"bbc-19j92fr ebmt73l0\" dir=\"ltr\">\n<p class=\"bbc-hhl7in e17g058b0\" dir=\"ltr\">Analizamos c\u00f3mo llega Ecuador a las urnas y qu\u00e9 circunstancias han marcado el breve pero intenso per\u00edodo bajo la presidencia de Noboa.<\/p>\n<\/div>\n<div class=\"bbc-19j92fr ebmt73l0\" dir=\"ltr\">\n<h2 id=\"Por-qu\u00e9-vuelve-a-haber-elecciones\" class=\"bbc-1lgzob2 eglt09e0\" tabindex=\"-1\">Por qu\u00e9 vuelve a haber elecciones<\/h2>\n<\/div>\n<div class=\"bbc-19j92fr ebmt73l0\" dir=\"ltr\">\n<p class=\"bbc-hhl7in e17g058b0\" dir=\"ltr\">Cuando en mayo de 2023 cumpli\u00f3 24 meses en el cargo, el entonces presidente Guillermo Lasso comprendi\u00f3 que le ser\u00eda casi imposible completar su mandato de cuatro a\u00f1os.<\/p>\n<\/div>\n<div class=\"bbc-19j92fr ebmt73l0\" dir=\"ltr\">\n<p class=\"bbc-hhl7in e17g058b0\" dir=\"ltr\">En medio de una grave crisis de seguridad y sospechas de corrupci\u00f3n, Lasso fue objeto de un proceso de destituci\u00f3n iniciado por la Asamblea Nacional -en la que contaba con un apoyo minoritario- por presunta malversaci\u00f3n de fondos en un contrato de transporte de crudo.<\/p>\n<\/div>\n<div class=\"bbc-19j92fr ebmt73l0\" dir=\"ltr\">\n<p class=\"bbc-hhl7in e17g058b0\" dir=\"ltr\">Para evitar ser destituido Lasso invoc\u00f3 la &#8220;muerte cruzada&#8221;, un recurso constitucional incluido en la Carta Magna de 2008 que permite al presidente disolver el Congreso si considera que este bloquea su gesti\u00f3n.<\/p>\n<p dir=\"ltr\">\n<\/div>\n<figure class=\"bbc-1qn0xuy\">\n<div class=\"bbc-18ywsw9\">\n<div style=\"width: 1034px\" class=\"wp-caption alignnone\"><img loading=\"lazy\" decoding=\"async\" class=\"bbc-139onq\" src=\"https:\/\/ichef.bbci.co.uk\/ace\/ws\/640\/cpsprodpb\/f5c8\/live\/c0cfe7e0-e359-11ef-a819-277e390a7a08.jpg.webp\" alt=\"Guillermo Lasso en el Parlamento\" width=\"1024\" height=\"683\" \/><p class=\"wp-caption-text\">Fuente de la imagen,Getty Images.\u00a0\u00a0El proceso de destituci\u00f3n iniciado por la Asamblea forz\u00f3 a Lasso a disolver el parlamento.<\/p><\/div>\n<p class=\"bbc-by8ykd\" role=\"text\">\n<\/div>\n<\/figure>\n<div class=\"bbc-19j92fr ebmt73l0\" dir=\"ltr\">\n<p class=\"bbc-hhl7in e17g058b0\" dir=\"ltr\">Con la disoluci\u00f3n del poder legislativo, el Consejo Nacional Electoral (CNE) organiz\u00f3 elecciones anticipadas, cuya primera vuelta se llev\u00f3 a cabo el 20 de agosto de 2023 y la segunda el 15 de octubre.<\/p>\n<\/div>\n<div class=\"bbc-19j92fr ebmt73l0\" dir=\"ltr\">\n<p class=\"bbc-hhl7in e17g058b0\" dir=\"ltr\">Lasso, con una baja popularidad en aquel momento, no se present\u00f3 a la reelecci\u00f3n.<\/p>\n<\/div>\n<div class=\"bbc-19j92fr ebmt73l0\" dir=\"ltr\">\n<p class=\"bbc-hhl7in e17g058b0\" dir=\"ltr\">Sin partir entre los favoritos pese a pertenecer a una influyente familia de pol\u00edticos y ricos empresarios, Daniel Noboa se presentaba como un nuevo candidato de centroizquierda dispuesto a romper la alternancia entre el corre\u00edsmo y la derecha tradicional, y aplicar medidas de choque contra el crimen.<\/p>\n<\/div>\n<div class=\"bbc-19j92fr ebmt73l0\" dir=\"ltr\">\n<p class=\"bbc-hhl7in e17g058b0\" dir=\"ltr\">Contra todo pron\u00f3stico super\u00f3 la primera vuelta, y en la segunda se impuso con un 51,83% de los votos sobre el 48,17% de Luisa Gonz\u00e1lez.<\/p>\n<\/div>\n<div class=\"bbc-19j92fr ebmt73l0\" dir=\"ltr\">\n<p class=\"bbc-hhl7in e17g058b0\" dir=\"ltr\">Noboa asumi\u00f3 la presidencia el 23 de noviembre de 2023 con el mandato de completar el \u00faltimo a\u00f1o y medio de la presidencia de Lasso (2021-2025) que concluye en mayo de este a\u00f1o.<\/p>\n<\/div>\n<div class=\"bbc-19j92fr ebmt73l0\" dir=\"ltr\">\n<p class=\"bbc-hhl7in e17g058b0\" dir=\"ltr\">As\u00ed, Ecuador celebra este domingo la primera vuelta de las nuevas elecciones generales. En caso de ser necesaria una segunda, esta tendr\u00e1 lugar el 13 de abril.<\/p>\n<\/div>\n<div class=\"bbc-19j92fr ebmt73l0\" dir=\"ltr\">\n<p class=\"bbc-hhl7in e17g058b0\" dir=\"ltr\">Adem\u00e1s del presidente y vicepresidente, los ecuatorianos elegir\u00e1n a los miembros de la Asamblea Nacional.<\/p>\n<\/div>\n<div class=\"bbc-19j92fr ebmt73l0\" dir=\"ltr\">\n<h2 id=\"La-guerra-contra-el-crimen-y-los-4-de-Guayaquil\" class=\"bbc-1lgzob2 eglt09e0\" tabindex=\"-1\">La guerra contra el crimen y los 4 de Guayaquil<\/h2>\n<\/div>\n<div class=\"bbc-19j92fr ebmt73l0\" dir=\"ltr\">\n<p class=\"bbc-hhl7in e17g058b0\" dir=\"ltr\">Su ubicaci\u00f3n estrat\u00e9gica en las rutas del narcotr\u00e1fico, la corrupci\u00f3n institucional y la proliferaci\u00f3n de pandillas que coordinan extorsiones y asesinatos con impunidad desde las c\u00e1rceles, entre otros factores, sumieron a Ecuador desde el inicio de esta d\u00e9cada en una espiral de violencia cada vez m\u00e1s grave.<\/p>\n<\/div>\n<div class=\"bbc-19j92fr ebmt73l0\" dir=\"ltr\">\n<p class=\"bbc-hhl7in e17g058b0\" dir=\"ltr\">Cuando Daniel Noboa asumi\u00f3 el cargo, el pa\u00eds atravesaba el peor momento de la mayor crisis de seguridad de su historia.<\/p>\n<\/div>\n<div class=\"bbc-19j92fr ebmt73l0\" dir=\"ltr\">\n<p class=\"bbc-hhl7in e17g058b0\" dir=\"ltr\">Cada d\u00eda de 2023 mor\u00edan asesinadas casi 22 personas en promedio -r\u00e9cord hist\u00f3rico- mientras las violaciones, secuestros, extorsiones y robos se multiplicaban.<\/p>\n<p dir=\"ltr\">\n<\/div>\n<p><iframe loading=\"lazy\" id=\"flourish-id-479cf2a8\" class=\"bbc-axsk9o\" title=\"Interactive or visual content\" src=\"https:\/\/flo.uri.sh\/visualisation\/21497972\/embed?auto=1\" width=\"700\" height=\"575\" frameborder=\"0\" scrolling=\"no\" data-mce-fragment=\"1\"><\/iframe><\/p>\n<div class=\"bbc-19j92fr ebmt73l0\" dir=\"ltr\">\n<p dir=\"ltr\">\n<p class=\"bbc-hhl7in e17g058b0\" dir=\"ltr\">En enero de 2024, cuando Noboa llevaba menos de dos meses en el cargo, delincuentes armados irrumpieron en el estudio de una cadena de televisi\u00f3n estatal durante una transmisi\u00f3n en directo.<\/p>\n<\/div>\n<div class=\"bbc-19j92fr ebmt73l0\" dir=\"ltr\">\n<p class=\"bbc-hhl7in e17g058b0\" dir=\"ltr\">Adem\u00e1s de mostrar al mundo la gravedad de la crisis de seguridad ecuatoriana, este suceso extendi\u00f3 en el pa\u00eds la percepci\u00f3n generalizada de que era necesario aplicar &#8220;mano dura&#8221; para resolverla.<\/p>\n<\/div>\n<div class=\"bbc-19j92fr ebmt73l0\" dir=\"ltr\">\n<p class=\"bbc-hhl7in e17g058b0\" dir=\"ltr\">Noboa aplic\u00f3 el estado de excepci\u00f3n, permitiendo la movilizaci\u00f3n de las Fuerzas Armadas en las calles y dentro de las c\u00e1rceles.<\/p>\n<\/div>\n<div class=\"bbc-19j92fr ebmt73l0\" dir=\"ltr\">\n<p class=\"bbc-hhl7in e17g058b0\" dir=\"ltr\">&#8220;A diferencia de Guillermo Lasso, logr\u00f3 controlar las c\u00e1rceles y eso fue un impacto muy positivo&#8221;, indica Caroline \u00c1vila, experta en Comunicaci\u00f3n Pol\u00edtica.<\/p>\n<\/div>\n<div class=\"bbc-19j92fr ebmt73l0\" dir=\"ltr\">\n<p class=\"bbc-hhl7in e17g058b0\" dir=\"ltr\">Su estrategia tuvo un efecto inmediato en la percepci\u00f3n de la ciudadan\u00eda: en los primeros meses de su mandato, Noboa lleg\u00f3 a superar el 80% de aprobaci\u00f3n en las encuestas.<\/p>\n<p dir=\"ltr\">\n<\/div>\n<figure class=\"bbc-1qn0xuy\">\n<div class=\"bbc-18ywsw9\">\n<div style=\"width: 1034px\" class=\"wp-caption alignnone\"><img loading=\"lazy\" decoding=\"async\" class=\"bbc-139onq\" src=\"https:\/\/ichef.bbci.co.uk\/ace\/ws\/640\/cpsprodpb\/04a2\/live\/ab69ee30-e35b-11ef-bd1b-d536627785f2.jpg.webp\" alt=\"C\u00e1rcel de La Roca en Guayaquil, Ecuador\" width=\"1024\" height=\"683\" \/><p class=\"wp-caption-text\">Fuente de la imagen,Getty Images.\u00a0\u00a0Las bandas delictivas ecuatorianas han usado tradicionalmente las c\u00e1rceles como sus bases y centros de mando.<\/p><\/div>\n<\/div>\n<\/figure>\n<div class=\"bbc-19j92fr ebmt73l0\" dir=\"ltr\">\n<p dir=\"ltr\">\n<p class=\"bbc-hhl7in e17g058b0\" dir=\"ltr\">Sin embargo, los resultados de su anunciado proyecto de seguridad, denominado Plan F\u00e9nix, quedaron lejos del giro radical que muchos auguraban.<\/p>\n<\/div>\n<div class=\"bbc-19j92fr ebmt73l0\" dir=\"ltr\">\n<p class=\"bbc-hhl7in e17g058b0\" dir=\"ltr\">&#8220;A nivel de indicadores hay algunas peque\u00f1as mejoras, pero no ha sido un cambio significativo&#8221;, afirma el analista pol\u00edtico ecuatoriano Andr\u00e9s Chiriboga.<\/p>\n<\/div>\n<div class=\"bbc-19j92fr ebmt73l0\" dir=\"ltr\">\n<p class=\"bbc-hhl7in e17g058b0\" dir=\"ltr\">El promedio de asesinatos diarios baj\u00f3 de 22 en 2023 a 19 en 2024 seg\u00fan datos oficiales, una variaci\u00f3n que muchos consideran insuficiente teniendo en cuenta la magnitud de la campa\u00f1a contra el crimen, financiada en parte con una subida de 3 puntos del IVA del 12 al 15%.<\/p>\n<\/div>\n<div class=\"bbc-19j92fr ebmt73l0\" dir=\"ltr\">\n<p class=\"bbc-hhl7in e17g058b0\" dir=\"ltr\">La criminalidad repunt\u00f3, adem\u00e1s, con fuerza en enero de 2025, el mes m\u00e1s violento de los \u00faltimos tres a\u00f1os, con 731 asesinatos, un promedio de 23,5 por d\u00eda, casi uno cada hora.<\/p>\n<\/div>\n<div class=\"bbc-19j92fr ebmt73l0\" dir=\"ltr\">\n<p class=\"bbc-hhl7in e17g058b0\" dir=\"ltr\">Y, aunque bajo la administraci\u00f3n de Noboa tambi\u00e9n se redujeron los robos y desapariciones, las denuncias de extorsi\u00f3n aumentaron un 17% y la percepci\u00f3n de inseguridad entre los ciudadanos apenas cay\u00f3 un 4% en comparaci\u00f3n con el per\u00edodo de Lasso, seg\u00fan encuestas y datos oficiales.<\/p>\n<p dir=\"ltr\">\n<\/div>\n<figure class=\"bbc-1qn0xuy\">\n<div class=\"bbc-18ywsw9\">\n<div style=\"width: 1034px\" class=\"wp-caption alignnone\"><img loading=\"lazy\" decoding=\"async\" class=\"bbc-139onq\" src=\"https:\/\/ichef.bbci.co.uk\/ace\/ws\/640\/cpsprodpb\/65d0\/live\/d1855500-e35b-11ef-a319-fb4e7360c4ec.jpg.webp\" alt=\"Manifestantes por los 4 de Guayaquil\" width=\"1024\" height=\"682\" \/><p class=\"wp-caption-text\">Fuente de la imagen,Getty Images.\u00a0\u00a0Los m\u00e9todos de la lucha contra el crimen de Noboa quedaron en entredicho con el caso de los 4 menores asesinados en Guayaquil, que caus\u00f3 una fuerte conmoci\u00f3n en el pa\u00eds.<\/p><\/div>\n<p class=\"bbc-by8ykd\" role=\"text\">\n<\/div>\n<\/figure>\n<div class=\"bbc-19j92fr ebmt73l0\" dir=\"ltr\">\n<p class=\"bbc-hhl7in e17g058b0\" dir=\"ltr\">Mientras, el caso de &#8220;los 4 de Guayaquil&#8221; mostr\u00f3 el lado m\u00e1s oscuro de la guerra contra el crimen de Noboa.<\/p>\n<\/div>\n<div class=\"bbc-19j92fr ebmt73l0\" dir=\"ltr\">\n<p class=\"bbc-hhl7in e17g058b0\" dir=\"ltr\">El 8 de diciembre de 2024 cuatro menores de edad fueron detenidos en Guayaquil, la ciudad m\u00e1s poblada y una de las m\u00e1s inseguras de Ecuador, por miembros de las fuerzas armadas tras jugar un partido de f\u00fatbol.<\/p>\n<\/div>\n<div class=\"bbc-19j92fr ebmt73l0\" dir=\"ltr\">\n<p class=\"bbc-hhl7in e17g058b0\" dir=\"ltr\">D\u00edas despu\u00e9s, sus cuerpos aparecieron calcinados con signos de tortura cerca de una base militar.<\/p>\n<\/div>\n<div class=\"bbc-19j92fr ebmt73l0\" dir=\"ltr\">\n<p class=\"bbc-hhl7in e17g058b0\" dir=\"ltr\">&#8220;Qued\u00f3 claro que fueron los militares quienes, abusando de su poder, los secuestraron y asesinaron. Luego intentaron encubrirlo&#8221;, explica Chiriboga.<\/p>\n<\/div>\n<div class=\"bbc-19j92fr ebmt73l0\" dir=\"ltr\">\n<p class=\"bbc-hhl7in e17g058b0\" dir=\"ltr\">El esc\u00e1ndalo desat\u00f3 protestas masivas, llev\u00f3 al arresto de 16 militares y puso en tela de juicio las t\u00e1cticas de represi\u00f3n del gobierno.<\/p>\n<\/div>\n<div class=\"bbc-19j92fr ebmt73l0\" dir=\"ltr\">\n<p class=\"bbc-hhl7in e17g058b0\" dir=\"ltr\">Tambi\u00e9n demostr\u00f3, a juicio del polit\u00f3logo, que &#8220;de la mano de la pol\u00edtica de seguridad de Noboa hay un despliegue de violaciones de derechos humanos&#8221;.<\/p>\n<\/div>\n<div class=\"bbc-19j92fr ebmt73l0\" dir=\"ltr\">\n<p class=\"bbc-hhl7in e17g058b0\" dir=\"ltr\">&#8220;Este caso de los cuatro ni\u00f1os no es aislado: es el m\u00e1s grave, el que m\u00e1s ha captado la atenci\u00f3n de los medios y de la opini\u00f3n p\u00fablica, pero hay muchas otras denuncias de desapariciones y abusos&#8221;, sentencia.<\/p>\n<\/div>\n<div class=\"bbc-19j92fr ebmt73l0\" dir=\"ltr\">\n<h2 id=\"Recesi\u00f3n-y-apagones\" class=\"bbc-1lgzob2 eglt09e0\" tabindex=\"-1\">Recesi\u00f3n y apagones<\/h2>\n<\/div>\n<div class=\"bbc-19j92fr ebmt73l0\" dir=\"ltr\">\n<p class=\"bbc-hhl7in e17g058b0\" dir=\"ltr\">Ecuador sufri\u00f3 en 2024 una recesi\u00f3n econ\u00f3mica atribuida, entre otros factores, a una grave crisis energ\u00e9tica que provoc\u00f3 apagones en todo el pa\u00eds.<\/p>\n<\/div>\n<div class=\"bbc-19j92fr ebmt73l0\" dir=\"ltr\">\n<p class=\"bbc-hhl7in e17g058b0\" dir=\"ltr\">En el cuarto trimestre del a\u00f1o el producto interno bruto (PIB) cay\u00f3 un 1,5% interanual, uno de los peores datos desde la pandemia.<\/p>\n<\/div>\n<div class=\"bbc-19j92fr ebmt73l0\" dir=\"ltr\">\n<p class=\"bbc-hhl7in e17g058b0\" dir=\"ltr\">Al cierre del a\u00f1o el Fondo Monetario Internacional proyect\u00f3 una contracci\u00f3n econ\u00f3mica del 0,4%, mientras que para 2025 anticipa una modesta recuperaci\u00f3n del 1,6%.<\/p>\n<p dir=\"ltr\">\n<\/div>\n<figure class=\"bbc-1qn0xuy\">\n<div class=\"bbc-18ywsw9\">\n<div style=\"width: 1034px\" class=\"wp-caption alignnone\"><img loading=\"lazy\" decoding=\"async\" class=\"bbc-139onq\" src=\"https:\/\/ichef.bbci.co.uk\/ace\/ws\/640\/cpsprodpb\/e50c\/live\/3618b520-e35c-11ef-a819-277e390a7a08.jpg.webp\" alt=\"Personas recogiendo cacao\" width=\"1024\" height=\"683\" \/><p class=\"wp-caption-text\">Fuente de la imagen,Getty Images.\u00a0\u00a0La exportaci\u00f3n de productos alimenticios, como el cacao, es uno de los puntales de la econom\u00eda ecuatoriana.<\/p><\/div>\n<\/div>\n<\/figure>\n<div class=\"bbc-19j92fr ebmt73l0\" dir=\"ltr\">\n<p dir=\"ltr\">\n<p class=\"bbc-hhl7in e17g058b0\" dir=\"ltr\">Sobre los mediocres resultados econ\u00f3micos, la polit\u00f3loga Caroline \u00c1vila destaca que el gobierno de Noboa &#8220;ha tenido que pagar muchas deudas pendientes, principalmente del ejecutivo anterior de Guillermo Lasso&#8221; y el ministro de Finanzas, Juan Carlos Vega, &#8220;ha logrado organizar las cuentas&#8221;, a pesar de una deuda de unos US$50.000 millones, un 40% del PIB.<\/p>\n<\/div>\n<div class=\"bbc-19j92fr ebmt73l0\" dir=\"ltr\">\n<p class=\"bbc-hhl7in e17g058b0\" dir=\"ltr\">En esta situaci\u00f3n, el FMI aprob\u00f3 en mayo de 2024 un pr\u00e9stamo de US$4.000 millones a 48 meses con un desembolso inmediato de US$1.000 millones, algo que dio un respiro al pa\u00eds y, seg\u00fan \u00c1vila, se interpret\u00f3 como una victoria de la administraci\u00f3n de Noboa.<\/p>\n<\/div>\n<div class=\"bbc-19j92fr ebmt73l0\" dir=\"ltr\">\n<p class=\"bbc-hhl7in e17g058b0\" dir=\"ltr\">La polit\u00f3loga matiza, en todo caso, que &#8220;si bien es cierto que ha habido un intento de ajuste fiscal, la situaci\u00f3n econ\u00f3mica sigue siendo dif\u00edcil, sobre todo en t\u00e9rminos laborales, y el desempleo y la precarizaci\u00f3n del trabajo formal son problemas serios&#8221;.<\/p>\n<\/div>\n<div class=\"bbc-19j92fr ebmt73l0\" dir=\"ltr\">\n<p class=\"bbc-hhl7in e17g058b0\" dir=\"ltr\">&#8220;Me llama la atenci\u00f3n que no se haya hablado mucho sobre la situaci\u00f3n econ\u00f3mica en esta campa\u00f1a y no haya habido muchas propuestas concretas en este sentido&#8221;, puntualiza, pese a que las encuestas apuntan a la econom\u00eda y la falta de oportunidades laborales como las mayores preocupaciones de los ecuatorianos despu\u00e9s de la inseguridad.<\/p>\n<\/div>\n<div class=\"bbc-19j92fr ebmt73l0\" dir=\"ltr\">\n<p class=\"bbc-hhl7in e17g058b0\" dir=\"ltr\">La tasa de pobreza aument\u00f3 del 26% en diciembre de 2023 al 28% en el mismo mes de 2024, seg\u00fan datos del Instituto Nacional de Estad\u00edstica y Censos (INEC).<\/p>\n<\/div>\n<div class=\"bbc-19j92fr ebmt73l0\" dir=\"ltr\">\n<p class=\"bbc-hhl7in e17g058b0\" dir=\"ltr\">Como dato positivo, la inflaci\u00f3n se mantuvo a raya en la dolarizada econom\u00eda ecuatoriana: en diciembre los precios variaron un 0,5% interanual.<\/p>\n<\/div>\n<div class=\"bbc-19j92fr ebmt73l0\" dir=\"ltr\">\n<p class=\"bbc-hhl7in e17g058b0\" dir=\"ltr\">Lo que s\u00ed ha sido un gran problema, no solo econ\u00f3mico sino tambi\u00e9n pol\u00edtico y social, es la crisis energ\u00e9tica.<\/p>\n<p dir=\"ltr\">\n<\/div>\n<figure class=\"bbc-1qn0xuy\">\n<div class=\"bbc-18ywsw9\">\n<div style=\"width: 1034px\" class=\"wp-caption alignnone\"><img loading=\"lazy\" decoding=\"async\" class=\"bbc-139onq\" src=\"https:\/\/ichef.bbci.co.uk\/ace\/ws\/640\/cpsprodpb\/c64d\/live\/730134d0-e35c-11ef-a319-fb4e7360c4ec.jpg.webp\" alt=\"Barrio de Quito sin luz\" width=\"1024\" height=\"576\" \/><p class=\"wp-caption-text\">Fuente de la imagen,Getty Images.\u00a0\u00a0Los apagones generaron p\u00e9rdidas millonarias a las empresas y un fuerte descontento social.<\/p><\/div>\n<p class=\"bbc-by8ykd\" role=\"text\">\n<\/div>\n<\/figure>\n<div class=\"bbc-19j92fr ebmt73l0\" dir=\"ltr\">\n<p class=\"bbc-hhl7in e17g058b0\" dir=\"ltr\">Desde el pasado septiembre, Ecuador ha sufrido apagones programados que, en algunos casos, superaron las 12 horas diarias, una situaci\u00f3n atribuida a la sequ\u00eda que redujo la generaci\u00f3n hidroel\u00e9ctrica, principal fuente de energ\u00eda del pa\u00eds, y a la falta de inversi\u00f3n en infraestructuras en a\u00f1os anteriores.<\/p>\n<\/div>\n<div class=\"bbc-19j92fr ebmt73l0\" dir=\"ltr\">\n<p class=\"bbc-hhl7in e17g058b0\" dir=\"ltr\">&#8220;Se estima una p\u00e9rdida de 200.000 puestos de trabajo como consecuencia de los apagones. Solo con ese dato te puedes dar cuenta del efecto econ\u00f3mico que est\u00e1 sufriendo la poblaci\u00f3n&#8221;, apunta \u00c1vila.<\/p>\n<\/div>\n<div class=\"bbc-19j92fr ebmt73l0\" dir=\"ltr\">\n<p class=\"bbc-hhl7in e17g058b0\" dir=\"ltr\">Pese a atribuirse a pol\u00edticas deficientes de administraciones anteriores, el impacto econ\u00f3mico de los apagones y el descontento social que han provocado podr\u00edan pasar factura a Noboa en las urnas este domingo, seg\u00fan analistas.<\/p>\n<\/div>\n<div class=\"bbc-19j92fr ebmt73l0\" dir=\"ltr\">\n<h2 id=\"Conflictos-con-M\u00e9xico-y-la-vicepresidenta\" class=\"bbc-1lgzob2 eglt09e0\" tabindex=\"-1\">Conflictos con M\u00e9xico y la vicepresidente<\/h2>\n<\/div>\n<div class=\"bbc-19j92fr ebmt73l0\" dir=\"ltr\">\n<p class=\"bbc-hhl7in e17g058b0\" dir=\"ltr\">Uno de los episodios m\u00e1s controvertidos de la gesti\u00f3n de Noboa fue la crisis diplom\u00e1tica con M\u00e9xico.<\/p>\n<\/div>\n<div class=\"bbc-19j92fr ebmt73l0\" dir=\"ltr\">\n<p class=\"bbc-hhl7in e17g058b0\" dir=\"ltr\">En abril de 2024, fuerzas policiales y militares ecuatorianas irrumpieron en la embajada mexicana en Quito para arrestar al exvicepresidente corre\u00edsta Jorge Glas, que hab\u00eda solicitado asilo pol\u00edtico para evadir un proceso judicial.<\/p>\n<\/div>\n<div class=\"bbc-19j92fr ebmt73l0\" dir=\"ltr\">\n<p class=\"bbc-hhl7in e17g058b0\" dir=\"ltr\">Esta acci\u00f3n sin precedentes provoc\u00f3 la ruptura de relaciones con M\u00e9xico y gener\u00f3 cr\u00edticas de organismos internacionales y varios pa\u00edses de la regi\u00f3n, al considerarla una violaci\u00f3n de la Convenci\u00f3n de Viena sobre Relaciones Diplom\u00e1ticas.<\/p>\n<p dir=\"ltr\">\n<\/div>\n<figure class=\"bbc-1qn0xuy\">\n<div class=\"bbc-18ywsw9\">\n<div style=\"width: 1034px\" class=\"wp-caption alignnone\"><img loading=\"lazy\" decoding=\"async\" class=\"bbc-139onq\" src=\"https:\/\/ichef.bbci.co.uk\/ace\/ws\/640\/cpsprodpb\/8a02\/live\/bc845420-e35c-11ef-a319-fb4e7360c4ec.jpg.webp\" alt=\"Polic\u00edas ecuatorianos irrumpiendo en la embajada de M\u00e9xico\" width=\"1024\" height=\"683\" \/><p class=\"wp-caption-text\">Fuente de la imagen,Getty Images.\u00a0\u00a0La irrupci\u00f3n en la embajada de M\u00e9xico tuvo gener\u00f3 reacciones en todo el continente.<\/p><\/div>\n<p class=\"bbc-by8ykd\" role=\"text\">\n<\/div>\n<\/figure>\n<div class=\"bbc-19j92fr ebmt73l0\" dir=\"ltr\">\n<p class=\"bbc-hhl7in e17g058b0\" dir=\"ltr\">Para la polit\u00f3loga Caroline \u00c1vila, esta arriesgada e inusual operaci\u00f3n responde al talante de un presidente que &#8220;siempre ha estado en el l\u00edmite de la legalidad&#8221; y no le tiembla la mano a la hora de tomar decisiones que desaf\u00edan los marcos institucionales establecidos.<\/p>\n<\/div>\n<div class=\"bbc-19j92fr ebmt73l0\" dir=\"ltr\">\n<p class=\"bbc-hhl7in e17g058b0\" dir=\"ltr\">&#8220;El estado de Derecho en Ecuador ya est\u00e1 bastante deteriorado, y Noboa es una persona que no tiene miedo de hacer las cosas como le da la gana. Para \u00e9l, la Constituci\u00f3n y el Estado de Derecho no importan. Esto es algo que no ve\u00edamos ni con Lasso ni con Len\u00edn Moreno&#8221;, apunta, por su parte, el polit\u00f3logo Andr\u00e9s Chiriboga.<\/p>\n<\/div>\n<div class=\"bbc-19j92fr ebmt73l0\" dir=\"ltr\">\n<p class=\"bbc-hhl7in e17g058b0\" dir=\"ltr\">Pese a esto, muchos analistas creen que el arresto de Jorge Glas reforz\u00f3 la popularidad de Noboa entre los ecuatorianos, al proyectar una imagen de autoridad y fortaleza.<\/p>\n<\/div>\n<div class=\"bbc-19j92fr ebmt73l0\" dir=\"ltr\">\n<p class=\"bbc-hhl7in e17g058b0\" dir=\"ltr\">Esta semana, el mandatario anunci\u00f3 la imposici\u00f3n de un arancel del 27% a las importaciones mexicanas para proteger a los productores ecuatorianos y avanzar en un tratado de libre comercio en condiciones m\u00e1s favorables, en un movimiento interpretado por muchos como un intento de represalia por la crisis diplom\u00e1tica.<\/p>\n<\/div>\n<div class=\"bbc-19j92fr ebmt73l0\" dir=\"ltr\">\n<p class=\"bbc-hhl7in e17g058b0\" dir=\"ltr\">Otro foco de tensi\u00f3n que ha marcado la era Noboa ha sido su ruptura total con la vicepresidente, Ver\u00f3nica Abad, a la que nombr\u00f3 embajadora en Israel en lo que fue un claro intento de apartarla del poder.<\/p>\n<\/div>\n<div class=\"bbc-19j92fr ebmt73l0\" dir=\"ltr\">\n<p class=\"bbc-hhl7in e17g058b0\" dir=\"ltr\">Las tensiones se intensificaron recientemente cuando el presidente, durante su campa\u00f1a para la reelecci\u00f3n, nombr\u00f3 a Sariha Moya, ministra de Planificaci\u00f3n, como vicepresidente interina, en una decisi\u00f3n duramente cuestionada por la Corte Constitucional.<\/p>\n<p dir=\"ltr\">\n<\/div>\n<figure class=\"bbc-1qn0xuy\">\n<div class=\"bbc-18ywsw9\">\n<div style=\"width: 1034px\" class=\"wp-caption alignnone\"><img loading=\"lazy\" decoding=\"async\" class=\"bbc-139onq\" src=\"https:\/\/ichef.bbci.co.uk\/ace\/ws\/640\/cpsprodpb\/a502\/live\/321d7630-e35d-11ef-a319-fb4e7360c4ec.jpg.webp\" alt=\"Ver\u00f3nica Abad\" width=\"1024\" height=\"683\" \/><p class=\"wp-caption-text\">Fuente de la imagen,Getty Images.\u00a0\u00a0El presidente y la vicepresidente mostraron una total falta de sinton\u00eda desde el inicio de su mandato y Noboa decidi\u00f3 apartarla.<\/p><\/div>\n<\/div>\n<\/figure>\n<div class=\"bbc-19j92fr ebmt73l0\" dir=\"ltr\">\n<h2 tabindex=\"-1\"><\/h2>\n<h2 id=\"Unas-elecciones-polarizadas\" class=\"bbc-1lgzob2 eglt09e0\" tabindex=\"-1\">Unas elecciones polarizadas<\/h2>\n<\/div>\n<div class=\"bbc-19j92fr ebmt73l0\" dir=\"ltr\">\n<p class=\"bbc-hhl7in e17g058b0\" dir=\"ltr\">Los turbulentos casi 15 meses en el poder han pasado factura a Noboa en t\u00e9rminos de popularidad, al pasar de un apoyo de m\u00e1s del 80% en los primeros d\u00edas de la guerra contra el crimen a menos de un 50% en las \u00faltimas encuestas de finales del a\u00f1o pasado.<\/p>\n<\/div>\n<div class=\"bbc-19j92fr ebmt73l0\" dir=\"ltr\">\n<p class=\"bbc-hhl7in e17g058b0\" dir=\"ltr\">Aun as\u00ed, los analistas destacan la capacidad de supervivencia del presidente, que sigue siendo favorito a ganar las elecciones pese a sus cuestionables resultados en seguridad, econom\u00eda y gesti\u00f3n de la crisis energ\u00e9tica.<\/p>\n<\/div>\n<div class=\"bbc-19j92fr ebmt73l0\" dir=\"ltr\">\n<p class=\"bbc-hhl7in e17g058b0\" dir=\"ltr\">&#8220;Parte de la poblaci\u00f3n cree que la culpa es de Noboa, pero otros que dicen que la culpa es de los gobiernos anteriores, o de los militares que no saben hacer su trabajo&#8221;, afirma \u00c1vila.<\/p>\n<p dir=\"ltr\">\n<\/div>\n<figure class=\"bbc-1qn0xuy\">\n<div class=\"bbc-18ywsw9\">\n<div style=\"width: 1034px\" class=\"wp-caption alignnone\"><img loading=\"lazy\" decoding=\"async\" class=\"bbc-139onq\" src=\"https:\/\/ichef.bbci.co.uk\/ace\/ws\/640\/cpsprodpb\/2a92\/live\/798815c0-e35d-11ef-a819-277e390a7a08.jpg.webp\" alt=\"Daniel Noboa\" width=\"1024\" height=\"683\" \/><p class=\"wp-caption-text\">Fuente de la imagen,Getty Images.\u00a0\u00a0Seg\u00fan analistas, Noboa ha mantenido una efectiva estrategia de comunicaci\u00f3n, preservando ciertos niveles de popularidad pese a las circunstancias negativas que han rodeado a Ecuador en los \u00faltimos 14 meses y medio.<\/p><\/div>\n<\/div>\n<\/figure>\n<div class=\"bbc-19j92fr ebmt73l0\" dir=\"ltr\">\n<p dir=\"ltr\">\n<p class=\"bbc-hhl7in e17g058b0\" dir=\"ltr\">Chiriboga, por su parte, menciona que &#8220;la oposici\u00f3n tampoco ha logrado ofrecer una alternativa lo suficientemente atractiva y la gente no percibe que otro candidato pueda arreglar las cosas&#8221;.<\/p>\n<\/div>\n<div class=\"bbc-19j92fr ebmt73l0\" dir=\"ltr\">\n<p class=\"bbc-hhl7in e17g058b0\" dir=\"ltr\">De hecho, los analistas coinciden en que, si bien el corre\u00edsmo representado por Luisa Gonz\u00e1lez tiene una base s\u00f3lida de votantes incondicionales que superar\u00eda un 30% del electorado, le es muy dif\u00edcil atraer papeletas del resto de la esfera pol\u00edtica.<\/p>\n<\/div>\n<div class=\"bbc-19j92fr ebmt73l0\" dir=\"ltr\">\n<p class=\"bbc-hhl7in e17g058b0\" dir=\"ltr\">Todas estas dudas se ir\u00e1n despejando, en todo caso, cuando los ecuatorianos se pronuncien en las urnas este domingo.<\/p>\n<\/div>\n","protected":false},"excerpt":{"rendered":"<p>&nbsp; &nbsp; \u00bfReelegir\u00e1n los ecuatorianos a Daniel Noboa o votar\u00e1n por un cambio en la convulcionada presidencia de Ecuador? El pa\u00eds sudamericano celebra este domingo&hellip;<\/p>\n","protected":false},"author":99,"featured_media":528330,"comment_status":"open","ping_status":"open","sticky":false,"template":"","format":"standard","meta":{"footnotes":""},"categories":[23],"tags":[],"class_list":["post-528329","post","type-post","status-publish","format-standard","has-post-thumbnail","hentry","category-latinoamerica"],"_links":{"self":[{"href":"https:\/\/diarioelpopular.com\/index.php\/wp-json\/wp\/v2\/posts\/528329","targetHints":{"allow":["GET"]}}],"collection":[{"href":"https:\/\/diarioelpopular.com\/index.php\/wp-json\/wp\/v2\/posts"}],"about":[{"href":"https:\/\/diarioelpopular.com\/index.php\/wp-json\/wp\/v2\/types\/post"}],"author":[{"embeddable":true,"href":"https:\/\/diarioelpopular.com\/index.php\/wp-json\/wp\/v2\/users\/99"}],"replies":[{"embeddable":true,"href":"https:\/\/diarioelpopular.com\/index.php\/wp-json\/wp\/v2\/comments?post=528329"}],"version-history":[{"count":1,"href":"https:\/\/diarioelpopular.com\/index.php\/wp-json\/wp\/v2\/posts\/528329\/revisions"}],"predecessor-version":[{"id":528331,"href":"https:\/\/diarioelpopular.com\/index.php\/wp-json\/wp\/v2\/posts\/528329\/revisions\/528331"}],"wp:featuredmedia":[{"embeddable":true,"href":"https:\/\/diarioelpopular.com\/index.php\/wp-json\/wp\/v2\/media\/528330"}],"wp:attachment":[{"href":"https:\/\/diarioelpopular.com\/index.php\/wp-json\/wp\/v2\/media?parent=528329"}],"wp:term":[{"taxonomy":"category","embeddable":true,"href":"https:\/\/diarioelpopular.com\/index.php\/wp-json\/wp\/v2\/categories?post=528329"},{"taxonomy":"post_tag","embeddable":true,"href":"https:\/\/diarioelpopular.com\/index.php\/wp-json\/wp\/v2\/tags?post=528329"}],"curies":[{"name":"wp","href":"https:\/\/api.w.org\/{rel}","templated":true}]}}