{"id":528337,"date":"2025-02-07T11:04:48","date_gmt":"2025-02-07T15:04:48","guid":{"rendered":"https:\/\/diarioelpopular.com\/?p=528337"},"modified":"2025-02-07T11:04:48","modified_gmt":"2025-02-07T15:04:48","slug":"marco-rubio-se-da-un-paseo-triunfal-en-su-primera-gira-por-america-latina","status":"publish","type":"post","link":"https:\/\/diarioelpopular.com\/index.php\/2025\/02\/07\/marco-rubio-se-da-un-paseo-triunfal-en-su-primera-gira-por-america-latina\/","title":{"rendered":"Marco Rubio se da un paseo triunfal en su primera gira por Am\u00e9rica Latina"},"content":{"rendered":"<div id=\"attachment_528338\" style=\"width: 1210px\" class=\"wp-caption alignnone\"><img loading=\"lazy\" decoding=\"async\" aria-describedby=\"caption-attachment-528338\" class=\"wp-image-528338 size-custom-big-size\" src=\"https:\/\/diarioelpopular.com\/wp-content\/uploads\/2025\/02\/Screen-Shot-2025-02-07-at-10.04.08-AM-1200x794.png\" alt=\"\" width=\"1200\" height=\"794\" srcset=\"https:\/\/diarioelpopular.com\/wp-content\/uploads\/2025\/02\/Screen-Shot-2025-02-07-at-10.04.08-AM-1200x794.png 1200w, https:\/\/diarioelpopular.com\/wp-content\/uploads\/2025\/02\/Screen-Shot-2025-02-07-at-10.04.08-AM-300x198.png 300w, https:\/\/diarioelpopular.com\/wp-content\/uploads\/2025\/02\/Screen-Shot-2025-02-07-at-10.04.08-AM-768x508.png 768w, https:\/\/diarioelpopular.com\/wp-content\/uploads\/2025\/02\/Screen-Shot-2025-02-07-at-10.04.08-AM-85x55.png 85w, https:\/\/diarioelpopular.com\/wp-content\/uploads\/2025\/02\/Screen-Shot-2025-02-07-at-10.04.08-AM-636x421.png 636w, https:\/\/diarioelpopular.com\/wp-content\/uploads\/2025\/02\/Screen-Shot-2025-02-07-at-10.04.08-AM-110x73.png 110w, https:\/\/diarioelpopular.com\/wp-content\/uploads\/2025\/02\/Screen-Shot-2025-02-07-at-10.04.08-AM.png 1024w\" sizes=\"auto, (max-width: 1200px) 100vw, 1200px\" \/><p id=\"caption-attachment-528338\" class=\"wp-caption-text\">El secretario de Estado de EE.UU., Marco Rubio junto al administrador del Canal de Panam\u00e1, Ricaurte V\u00e1squez, durante su visita al canal esta semana. Official State Department photo by Freddie Everett (EFE\/Official State Department)<\/p><\/div>\n<p>&nbsp;<\/p>\n<h4 class=\"a_st\"><em>&#8211; Los Gobiernos de Panam\u00e1, El Salvador, Costa Rica, Guatemala y Rep\u00fablica Dominicana recibieron al representante de Trump con los brazos abiertos. Pero antes de dejar la regi\u00f3n, ya surgi\u00f3 el primer desencuentro<\/em><\/h4>\n<p>&nbsp;<\/p>\n<p class=\"\">El primer viaje al exterior de\u00a0<a href=\"https:\/\/elpais.com\/america\/2025-02-04\/rubio-ofrece-a-costa-rica-ayuda-contra-el-narcotrafico-y-busca-frenar-a-las-tecnologicas-chinas.html\" data-link-track-dtm=\"\" data-mrf-link=\"https:\/\/elpais.com\/america\/2025-02-04\/rubio-ofrece-a-costa-rica-ayuda-contra-el-narcotrafico-y-busca-frenar-a-las-tecnologicas-chinas.html\">Marco Rubio<\/a>\u00a0como secretario de Estado de Donald Trump, que le ha llevado esta semana a Centroam\u00e9rica y el Caribe, ha sido un paseo triunfal, al menos delante de las c\u00e1maras. Abrazos y sonrisas con los presidentes anfitriones, que le han recibido con los brazos abiertos; paseos por parajes id\u00edlicos, como el que se dio junto al salvadore\u00f1o Nayib Bukele delante de su residencia con vistas al lago Coatepeque; e im\u00e1genes de alto valor simb\u00f3lico para sus bases, como la\u00a0<a href=\"https:\/\/elpais.com\/america-colombia\/2025-02-03\/panama-envia-un-vuelo-con-colombianos-deportados-bajo-la-mirada-de-marco-rubio.html\" target=\"_self\" data-link-track-dtm=\"\" data-mrf-link=\"https:\/\/elpais.com\/america-colombia\/2025-02-03\/panama-envia-un-vuelo-con-colombianos-deportados-bajo-la-mirada-de-marco-rubio.html\">supervisi\u00f3n a un vuelo de deportados<\/a>\u00a0de Panam\u00e1 a Colombia o la\u00a0<a href=\"https:\/\/elpais.com\/america\/2025-02-07\/estados-unidos-confisca-un-avion-de-nicolas-maduro-incautado-en-republica-dominicana.html\" data-link-track-dtm=\"\" data-mrf-link=\"https:\/\/elpais.com\/america\/2025-02-07\/estados-unidos-confisca-un-avion-de-nicolas-maduro-incautado-en-republica-dominicana.html\">confiscaci\u00f3n de un avi\u00f3n incautado\u00a0<\/a>al r\u00e9gimen de Nicol\u00e1s Maduro que estaba retenido en Rep\u00fablica Dominicana.<\/p>\n<p class=\"\">El exsenador cubanoamericano regresa a casa con la cartera llena de acuerdos beneficiosos para los intereses de Washington, principalmente relacionados con el rol de Am\u00e9rica Latina en frenar la migraci\u00f3n indocumentada y recibir a los deportados, el combate al tr\u00e1fico de drogas y para alejar la influencia china de la regi\u00f3n. Pero ahora vendr\u00e1 lo m\u00e1s dif\u00edcil: toca definir la letra peque\u00f1a de esos pactos. Y no ser\u00e1 sencillo como ha demostrado el primer desencuentro que ha surgido con el Gobierno de Panam\u00e1 incluso antes de que abandonara la regi\u00f3n.<\/p>\n<p class=\"\">Cuando a\u00fan se encontraba en la \u00faltima parada de su gira en Santo Domingo, Rubio ha tenido que responder este jueves al presidente Jos\u00e9 Ra\u00fal Mulino, que por la ma\u00f1ana hab\u00eda desmentido y tachado de\u00a0<a href=\"https:\/\/elpais.com\/america\/2025-02-06\/mulino-desmiente-a-estados-unidos-y-tacha-de-falsedad-intolerable-que-sus-buques-no-vayan-a-pagar-en-el-canal-de-panama.html\" data-link-track-dtm=\"\" data-mrf-link=\"https:\/\/elpais.com\/america\/2025-02-06\/mulino-desmiente-a-estados-unidos-y-tacha-de-falsedad-intolerable-que-sus-buques-no-vayan-a-pagar-en-el-canal-de-panama.html\">\u201cfalsedad intolerable\u201d<\/a>\u00a0una informaci\u00f3n del Departamento de Estado que aseguraba que los buques militares estadounidenses no iban a pagar en el canal de Panam\u00e1. \u201cMe parece absurdo que tengamos que pagar tarifas para transitar una zona que estamos obligados a proteger en tiempos de conflicto\u201d, ha dicho el funcionario de Trump. No obstante, ha asegurado que respeta los procesos legales que debe seguir Panam\u00e1 para cumplir con el tratado que fija el funcionamiento de la v\u00eda interoce\u00e1nica.<\/p>\n<p class=\"\">Rubio comenz\u00f3 su gira regional el pasado s\u00e1bado en\u00a0<a href=\"https:\/\/elpais.com\/america\/2025-02-02\/marco-rubio-advierte-a-panama-que-la-influencia-de-china-en-el-canal-es-inaceptable.html\" data-link-track-dtm=\"\" data-mrf-link=\"https:\/\/elpais.com\/america\/2025-02-02\/marco-rubio-advierte-a-panama-que-la-influencia-de-china-en-el-canal-es-inaceptable.html\">Panam\u00e1<\/a>, un pa\u00eds que lo esperaba\u00a0<a href=\"https:\/\/elpais.com\/america\/2025-02-01\/marco-rubio-llega-a-panama-con-el-canal-y-la-migracion-en-la-mira.html#?rel=mas\" target=\"_self\" data-link-track-dtm=\"\" data-mrf-link=\"https:\/\/elpais.com\/america\/2025-02-01\/marco-rubio-llega-a-panama-con-el-canal-y-la-migracion-en-la-mira.html\">con temor<\/a>\u00a0tras varias semanas de amenazas de Trump en las que hab\u00eda declarado sus deseos de despojar al pa\u00eds de su soberan\u00eda sobre el canal que une el Atl\u00e1ntico con el Pac\u00edfico. El Gobierno de Mulino se mostr\u00f3 dispuesto a ceder en casi todo para evitarlo y, entre otras cosas, accedi\u00f3 a\u00a0<a href=\"https:\/\/elpais.com\/america\/2025-02-02\/marco-rubio-advierte-a-panama-que-la-influencia-de-china-en-el-canal-es-inaceptable.html\" data-link-track-dtm=\"\" data-mrf-link=\"https:\/\/elpais.com\/america\/2025-02-02\/marco-rubio-advierte-a-panama-que-la-influencia-de-china-en-el-canal-es-inaceptable.html\">no renovar su acuerdo de la Ruta de la Seda con China,<\/a>\u00a0una iniciativa de pr\u00e9stamos para promover y financiar proyectos de infraestructura y desarrollo, despu\u00e9s de que el jefe de la diplomacia estadounidense advirtiera que la influencia china en el canal era \u201cinaceptable\u201d para Washington.<\/p>\n<h3 class=\"\">Una \u201cnarrativa transaccional\u201d<\/h3>\n<p class=\"\">La visita tambi\u00e9n estuvo precedida por las primeras victorias de la\u00a0<a href=\"https:\/\/elpais.com\/internacional\/2025-02-04\/trump-se-apunta-sus-primeras-victorias-con-su-agresiva-diplomacia-del-chantaje.html\" data-link-track-dtm=\"\" data-mrf-link=\"https:\/\/elpais.com\/internacional\/2025-02-04\/trump-se-apunta-sus-primeras-victorias-con-su-agresiva-diplomacia-del-chantaje.html\">diplomacia del chantaje<\/a>\u00a0de Donald Trump, que en la \u00faltima semana logr\u00f3 concesiones importantes de\u00a0<a href=\"https:\/\/elpais.com\/internacional\/2025-02-03\/sheinbaum-asegura-que-trump-suspende-un-mes-los-aranceles-a-mexico-tras-hablar-con-el.html#?rel=mas\" target=\"_self\" data-link-track-dtm=\"\" data-mrf-link=\"https:\/\/elpais.com\/internacional\/2025-02-03\/sheinbaum-asegura-que-trump-suspende-un-mes-los-aranceles-a-mexico-tras-hablar-con-el.html\">M\u00e9xico, Canad\u00e1<\/a>\u00a0y Colombia. Katya Salazar, directora ejecutiva de la Fundaci\u00f3n Para el Debido Proceso, una organizaci\u00f3n con sede en Washington, cree que, pese a la armon\u00eda mostrada por los presidentes ante las c\u00e1maras con Rubio, su gira ha estado marcada por ese tono amenazante que marc\u00f3 su Administraci\u00f3n desde el 20 de enero.<\/p>\n<p>&nbsp;<\/p>\n<figure class=\"a_m a_m-h \">\n<p><div style=\"width: 424px\" class=\"wp-caption alignnone\"><img loading=\"lazy\" decoding=\"async\" class=\"_re lazyload a_m-h\" src=\"https:\/\/imagenes.elpais.com\/resizer\/v2\/JSBFXXU5WFFVFHOJPIJ457BLA4.jpg?auth=c901bf0a53d9363b32e9d5255cbd2c311b1904dbb628a2b0cc729ce191a5bb71&amp;width=414\" sizes=\"auto, (min-width:1199px) 1155px,(min-width:1001px) calc(100vw - 44px),(min-width:768px) 767px, 100vw\" srcset=\"https:\/\/imagenes.elpais.com\/resizer\/v2\/JSBFXXU5WFFVFHOJPIJ457BLA4.jpg?auth=c901bf0a53d9363b32e9d5255cbd2c311b1904dbb628a2b0cc729ce191a5bb71&amp;width=414 414w,https:\/\/imagenes.elpais.com\/resizer\/v2\/JSBFXXU5WFFVFHOJPIJ457BLA4.jpg?auth=c901bf0a53d9363b32e9d5255cbd2c311b1904dbb628a2b0cc729ce191a5bb71&amp;width=828 640w,https:\/\/imagenes.elpais.com\/resizer\/v2\/JSBFXXU5WFFVFHOJPIJ457BLA4.jpg?auth=c901bf0a53d9363b32e9d5255cbd2c311b1904dbb628a2b0cc729ce191a5bb71&amp;width=980 1000w,https:\/\/imagenes.elpais.com\/resizer\/v2\/JSBFXXU5WFFVFHOJPIJ457BLA4.jpg?auth=c901bf0a53d9363b32e9d5255cbd2c311b1904dbb628a2b0cc729ce191a5bb71&amp;width=1960 1960w\" alt=\"El presidente de El Salvador, Nayib Bukele, y el secretario de Estado de Estados Unidos, Marco Rubio, pasean en la residencia del primero.\" width=\"414\" height=\"233\" \/><p class=\"wp-caption-text\">El presidente de El Salvador, Nayib Bukele, y el secretario de Estado de Estados Unidos, Marco Rubio, pasean en la residencia del primero.Gobierno de El Salvador (EFE)<\/p><\/div><figcaption class=\"a_m_p\"><\/figcaption><\/figure>\n<p>&nbsp;<\/p>\n<p class=\"\">\u201cA diferencia de otras visitas de altos funcionarios a Centroam\u00e9rica, la impresi\u00f3n que yo tengo es que en este viaje la narrativa no fue de c\u00f3mo podemos trabajar juntos, sino que fue una narrativa transaccional: o t\u00fa me apoyas o Estados Unidos no va a estar de tu lado y eso significar\u00e1 menos inversi\u00f3n, menos apoyo, menos compras, menos aceptar tus exportaciones\u201d, indica la abogada peruana. A su juicio, eso se refleja tambi\u00e9n en los compromisos concretos y \u201cdif\u00edciles de tomar\u201d aceptados por los Gobiernos latinoamericanos. \u201cYo me puedo imaginar a Marco Rubio planteando las cosas de una manera en que los pa\u00edses no ten\u00edan otra alternativa m\u00e1s que aceptar\u201d, indica.<\/p>\n<p class=\"\">Lo que probablemente s\u00ed que haya ayudado en bajar la tensi\u00f3n de la visita en ese contexto es el hecho de que Rubio, un cubanoamericano criado en Miami, hable fluidamente espa\u00f1ol y conozca el contexto de los pa\u00edses que ha visitado. De hecho, todas las ruedas de prensa posteriores a los encuentros con los presidentes las ha ofrecido en el idioma de los anfitriones para despu\u00e9s dar el mismo mensaje en ingl\u00e9s a la prensa de su pa\u00eds.<\/p>\n<p class=\"\">Para Manfredo Marroqu\u00edn, fundador de Acci\u00f3n Ciudadana, el cap\u00edtulo guatemalteco de Transparencia Internacional, ese ha sido un factor que ha ayudado al entendimiento y la relaci\u00f3n con los presidentes, pese a que considera que Estados Unidos ha retomado la pol\u00edtica del \u2018garrote y la zanahoria\u2019. \u201cPara muchos, sorprendi\u00f3 ver a un Rubio bastante bien desenvuelto en las reuniones que hizo y con mensajes claros, pero con diplomacia, sin perder las formas, como lo hace su jefe Trump. Y eso creo que los pa\u00edses tambi\u00e9n lo valoraron, porque esperaban tal vez a un mensajero mucho m\u00e1s duro, y se encontraron con uno que tend\u00eda la mano y no iba con la agresividad que se especulaba\u201d.<\/p>\n<p class=\"\">Quiz\u00e1s el que se mostr\u00f3 m\u00e1s contento con los acuerdos alcanzados con Rubio fue el presidente de El Salvador, cuyas formas de hacer pol\u00edtica son cercanas a las de la Administraci\u00f3n trumpista. Nayib Bukele se ofreci\u00f3 a recibir a deportados nacionales y extranjeros y a ayudar a Estados Unidos a\u00a0<a href=\"https:\/\/elpais.com\/america\/2025-02-04\/bukele-ofrece-a-trump-su-megacarcel-para-criminales-capturados-en-estados-unidos.html\" target=\"_self\" data-link-track-dtm=\"\" data-mrf-link=\"https:\/\/elpais.com\/america\/2025-02-04\/bukele-ofrece-a-trump-su-megacarcel-para-criminales-capturados-en-estados-unidos.html\">externalizar su sistema de prisiones<\/a>. \u201cEstamos dispuestos a admitir \u00fanicamente a criminales convictos (incluidos ciudadanos estadounidenses) en nuestra mega prisi\u00f3n [Cecot] a cambio de una tarifa. La tarifa ser\u00eda relativamente baja para Estados Unidos, pero significativa para nosotros y har\u00eda sostenible todo nuestro sistema penitenciario\u201d, escribi\u00f3 en sus redes sociales. \u201cNing\u00fan pa\u00eds ha hecho jam\u00e1s una oferta de amistad como esta\u201d, declar\u00f3 Rubio ante el ofrecimiento.<\/p>\n<p class=\"\">En Costa Rica, un pa\u00eds que se ha convertido tambi\u00e9n en receptor de migrantes, principalmente nicarag\u00fcenses, el secretario de Estado ofreci\u00f3 la ayuda estadounidense para combatir la oleada criminal asociada al\u00a0<a href=\"https:\/\/elpais.com\/america\/2024-02-26\/la-violencia-del-narco-amenaza-a-costa-rica.html\" target=\"_self\" data-link-track-dtm=\"\" data-mrf-link=\"https:\/\/elpais.com\/america\/2024-02-26\/la-violencia-del-narco-amenaza-a-costa-rica.html\">narcotr\u00e1fico<\/a>\u00a0y para avanzar en la batalla contra China, al limitar la operaci\u00f3n de empresas chinas en el\u00a0<a href=\"https:\/\/elpais.com\/america-futura\/2023-10-30\/el-sueno-del-5g-mete-a-costa-rica-en-el-pleito-de-elefantes-entre-ee-uu-y-china.html\" target=\"_self\" data-link-track-dtm=\"\" data-mrf-link=\"https:\/\/elpais.com\/america-futura\/2023-10-30\/el-sueno-del-5g-mete-a-costa-rica-en-el-pleito-de-elefantes-entre-ee-uu-y-china.html\">desarrollo de tecnolog\u00edas 5G en territorio costarricense.<\/a>\u00a0Mientras que en Guatemala, Bernardo Ar\u00e9valo se comprometi\u00f3 a aumentar en un 40% los vuelos de deportados que llegan desde ese pa\u00eds y a recibir a personas de otras nacionalidades.<\/p>\n<p class=\"\">\u201cYo creo que ah\u00ed no hubo discusi\u00f3n. Simplemente, fue algo que solicit\u00f3 Estados Unidos, y Guatemala dijo \u2018Am\u00e9n\u201d, asegura Marroqu\u00edn, de Acci\u00f3n Ciudadana. \u201cAhora tiene que correr el Gobierno de Ar\u00e9valo para tener las condiciones m\u00ednimas, que no tiene, para recibir a toda esta gente y poderles ofrecer alg\u00fan tipo de espacio para que busquen oportunidades laborales de acuerdo a su perfil\u201d.<\/p>\n<p>&nbsp;<\/p>\n<figure class=\"a_m a_m-h \">\n<p><div style=\"width: 424px\" class=\"wp-caption alignnone\"><img loading=\"lazy\" decoding=\"async\" class=\"_re lazyload a_m-h\" src=\"https:\/\/imagenes.elpais.com\/resizer\/v2\/ZFH7DYEKG5AMSRFP4POE4SMTGM.jpg?auth=c3a494e51bc643b0c455c2bb8e8633bff064c88ba1a9af02ff1de40e1bdc5eca&amp;width=414\" sizes=\"auto, (min-width:1199px) 1155px,(min-width:1001px) calc(100vw - 44px),(min-width:768px) 767px, 100vw\" srcset=\"https:\/\/imagenes.elpais.com\/resizer\/v2\/ZFH7DYEKG5AMSRFP4POE4SMTGM.jpg?auth=c3a494e51bc643b0c455c2bb8e8633bff064c88ba1a9af02ff1de40e1bdc5eca&amp;width=414 414w,https:\/\/imagenes.elpais.com\/resizer\/v2\/ZFH7DYEKG5AMSRFP4POE4SMTGM.jpg?auth=c3a494e51bc643b0c455c2bb8e8633bff064c88ba1a9af02ff1de40e1bdc5eca&amp;width=828 640w,https:\/\/imagenes.elpais.com\/resizer\/v2\/ZFH7DYEKG5AMSRFP4POE4SMTGM.jpg?auth=c3a494e51bc643b0c455c2bb8e8633bff064c88ba1a9af02ff1de40e1bdc5eca&amp;width=980 1000w,https:\/\/imagenes.elpais.com\/resizer\/v2\/ZFH7DYEKG5AMSRFP4POE4SMTGM.jpg?auth=c3a494e51bc643b0c455c2bb8e8633bff064c88ba1a9af02ff1de40e1bdc5eca&amp;width=1960 1960w\" alt=\"Marco Rubio saluda al presidente de Guatemala, Bernardo Ar\u00e9valo de Le\u00f3n, el mi\u00e9rcoles en el Palacio Nacional de Ciudad de Guatemala.\" width=\"414\" height=\"277\" \/><p class=\"wp-caption-text\">Marco Rubio saluda al presidente de Guatemala, Bernardo Ar\u00e9valo de Le\u00f3n, el mi\u00e9rcoles en el Palacio Nacional de Ciudad de Guatemala.David Toro (EFE)<\/p><\/div><figcaption class=\"a_m_p\"><\/figcaption><\/figure>\n<p>&nbsp;<\/p>\n<p class=\"\">Entre los\u00a0<a href=\"https:\/\/elpais.com\/america\/2025-02-05\/guatemala-acuerda-con-trump-aumentar-un-40-los-vuelos-de-deportacion-y-recibir-a-extranjeros.html\" target=\"_self\" data-link-track-dtm=\"\" data-mrf-link=\"https:\/\/elpais.com\/america\/2025-02-05\/guatemala-acuerda-con-trump-aumentar-un-40-los-vuelos-de-deportacion-y-recibir-a-extranjeros.html\">acuerdos alcanzados con Guatemala\u00a0<\/a>tambi\u00e9n est\u00e1 el env\u00edo de una misi\u00f3n de ingenieros del Ej\u00e9rcito estadounidense para la ampliaci\u00f3n de los puertos del pa\u00eds centroamericano, una decisi\u00f3n alineada con el objetivo de Washington de posicionarse en lugares estrat\u00e9gicos para contrarrestar la presencia china en la regi\u00f3n.<\/p>\n<p class=\"\">A cambio, Ar\u00e9valo se llev\u00f3 un importante respaldo de Rubio en su lucha por la defensa de la democracia y contra la corrupci\u00f3n, su principal promesa de campa\u00f1a, que se encontr\u00f3 con la firme\u00a0<a href=\"https:\/\/elpais.com\/america\/2025-01-15\/la-primavera-democratica-que-prometio-bernardo-arevalo-aun-no-florece-en-guatemala.html\" data-link-track-dtm=\"\" data-mrf-link=\"https:\/\/elpais.com\/america\/2025-01-15\/la-primavera-democratica-que-prometio-bernardo-arevalo-aun-no-florece-en-guatemala.html\">resistencia de sectores del poder judicial<\/a>\u00a0y de la Fiscal\u00eda. Para Marroqu\u00edn, este mensaje fue uno de los saldos m\u00e1s importantes de la visita para Guatemala. \u201cEs un rompeaguas con las expectativas que ten\u00eda el \u2018Pacto de corruptos\u2019 de que la llegada de Trump iba a significar un retomar el poder por parte de ellos y debilitar al Gobierno y fue todo lo contrario\u201d, asegura.<\/p>\n<p class=\"\">Finalmente, Rubio aprovech\u00f3 su viaje a Rep\u00fablica Dominicana para referirse a la crisis haitiana, cuya soluci\u00f3n, dijo, requiere una respuesta coordinada para la que pidi\u00f3 m\u00e1s apoyo de los pa\u00edses desarrollados. Delante del presidente Luis Abinader, dej\u00f3 claro que Estados Unidos no le solicitar\u00e1 a su naci\u00f3n que \u201casuma una ola masiva de migrantes haitianos\u201d. \u201cNing\u00fan pa\u00eds del mundo puede tolerar eso y no se le puede exigir a este pa\u00eds que lo haga\u201d, insisti\u00f3. Adem\u00e1s, asegur\u00f3 que, pese al congelamiento de la ayuda internacional por parte de Washington, ha firmado una excepci\u00f3n para seguir respaldando a la misi\u00f3n internacional de pacificaci\u00f3n de Hait\u00ed liderada por Kenia.<\/p>\n<p class=\"\">La conversaci\u00f3n en Santo Domingo se centr\u00f3 tambi\u00e9n en la explotaci\u00f3n de tierras raras en Rep\u00fablica Dominicana, un proyecto que dijo que se anunciar\u00e1 en las pr\u00f3ximas semanas y para el que Estados Unidos ser\u00e1 \u201cun socio estrat\u00e9gico\u201d. En este tema, como en muchos de los acordados durante la gira, a\u00fan hay que conocer los detalles.<\/p>\n<p class=\"\">\u201cCreo que ha sido una visita de tanto impacto que hubo un terremoto\u201d, brome\u00f3 Rubio el martes en el Palacio Nacional de Guatemala, al contar que hab\u00eda sentido el primer sismo de su vida en la capital guatemalteca, algo poco com\u00fan para un miamense, m\u00e1s acostumbrado a los huracanes. Pese al susto, el primer secretario de Estado de origen latinoamericano regresa a casa con la sensaci\u00f3n de llegar de su primera gira en el exterior con la tarea hecha.<\/p>\n<p class=\"\">\n<figure class=\"a_m a_m-h \">\n<p><div style=\"width: 424px\" class=\"wp-caption alignnone\"><img loading=\"lazy\" decoding=\"async\" class=\"_re lazyload a_m-h\" src=\"https:\/\/imagenes.elpais.com\/resizer\/v2\/W2RAWNC676CKPOCQPS3RBFSV5A.jpg?auth=ecf2ba5915d00ac23a4afa72f63dd788704b3799a1dfe48eb8eb05cbebc0f1ab&amp;width=414\" sizes=\"auto, (min-width:1199px) 1155px,(min-width:1001px) calc(100vw - 44px),(min-width:768px) 767px, 100vw\" srcset=\"https:\/\/imagenes.elpais.com\/resizer\/v2\/W2RAWNC676CKPOCQPS3RBFSV5A.jpg?auth=ecf2ba5915d00ac23a4afa72f63dd788704b3799a1dfe48eb8eb05cbebc0f1ab&amp;width=414 414w,https:\/\/imagenes.elpais.com\/resizer\/v2\/W2RAWNC676CKPOCQPS3RBFSV5A.jpg?auth=ecf2ba5915d00ac23a4afa72f63dd788704b3799a1dfe48eb8eb05cbebc0f1ab&amp;width=828 640w,https:\/\/imagenes.elpais.com\/resizer\/v2\/W2RAWNC676CKPOCQPS3RBFSV5A.jpg?auth=ecf2ba5915d00ac23a4afa72f63dd788704b3799a1dfe48eb8eb05cbebc0f1ab&amp;width=980 1000w,https:\/\/imagenes.elpais.com\/resizer\/v2\/W2RAWNC676CKPOCQPS3RBFSV5A.jpg?auth=ecf2ba5915d00ac23a4afa72f63dd788704b3799a1dfe48eb8eb05cbebc0f1ab&amp;width=1960 1960w\" alt=\"Funcionarios colocan un cartel de &quot;confiscado&quot; en el avi\u00f3n venezolano incautado en Rep\u00fablica Dominicana ante la mirada de Marco Rubio.\" width=\"414\" height=\"276\" \/><p class=\"wp-caption-text\">Funcionarios colocan un cartel de &#8220;confiscado&#8221; en el avi\u00f3n venezolano incautado en Rep\u00fablica Dominicana ante la mirada de Marco Rubio.Mark Schiefelbein (via REUTERS)<\/p><\/div><figcaption class=\"a_m_p\"><\/figcaption><\/figure>\n","protected":false},"excerpt":{"rendered":"<p>&nbsp; &#8211; Los Gobiernos de Panam\u00e1, El Salvador, Costa Rica, Guatemala y Rep\u00fablica Dominicana recibieron al representante de Trump con los brazos abiertos. Pero antes&hellip;<\/p>\n","protected":false},"author":99,"featured_media":528338,"comment_status":"open","ping_status":"open","sticky":false,"template":"","format":"standard","meta":{"footnotes":""},"categories":[23],"tags":[],"class_list":["post-528337","post","type-post","status-publish","format-standard","has-post-thumbnail","hentry","category-latinoamerica"],"_links":{"self":[{"href":"https:\/\/diarioelpopular.com\/index.php\/wp-json\/wp\/v2\/posts\/528337","targetHints":{"allow":["GET"]}}],"collection":[{"href":"https:\/\/diarioelpopular.com\/index.php\/wp-json\/wp\/v2\/posts"}],"about":[{"href":"https:\/\/diarioelpopular.com\/index.php\/wp-json\/wp\/v2\/types\/post"}],"author":[{"embeddable":true,"href":"https:\/\/diarioelpopular.com\/index.php\/wp-json\/wp\/v2\/users\/99"}],"replies":[{"embeddable":true,"href":"https:\/\/diarioelpopular.com\/index.php\/wp-json\/wp\/v2\/comments?post=528337"}],"version-history":[{"count":1,"href":"https:\/\/diarioelpopular.com\/index.php\/wp-json\/wp\/v2\/posts\/528337\/revisions"}],"predecessor-version":[{"id":528339,"href":"https:\/\/diarioelpopular.com\/index.php\/wp-json\/wp\/v2\/posts\/528337\/revisions\/528339"}],"wp:featuredmedia":[{"embeddable":true,"href":"https:\/\/diarioelpopular.com\/index.php\/wp-json\/wp\/v2\/media\/528338"}],"wp:attachment":[{"href":"https:\/\/diarioelpopular.com\/index.php\/wp-json\/wp\/v2\/media?parent=528337"}],"wp:term":[{"taxonomy":"category","embeddable":true,"href":"https:\/\/diarioelpopular.com\/index.php\/wp-json\/wp\/v2\/categories?post=528337"},{"taxonomy":"post_tag","embeddable":true,"href":"https:\/\/diarioelpopular.com\/index.php\/wp-json\/wp\/v2\/tags?post=528337"}],"curies":[{"name":"wp","href":"https:\/\/api.w.org\/{rel}","templated":true}]}}