{"id":528374,"date":"2025-02-08T11:57:46","date_gmt":"2025-02-08T15:57:46","guid":{"rendered":"https:\/\/diarioelpopular.com\/?p=528374"},"modified":"2025-02-08T11:57:46","modified_gmt":"2025-02-08T15:57:46","slug":"un-dia-sin-inmigrantes-en-estados-unidos","status":"publish","type":"post","link":"https:\/\/diarioelpopular.com\/index.php\/2025\/02\/08\/un-dia-sin-inmigrantes-en-estados-unidos\/","title":{"rendered":"Un d\u00eda sin inmigrantes en Estados Unidos"},"content":{"rendered":"<div id=\"attachment_528375\" style=\"width: 1210px\" class=\"wp-caption alignnone\"><img loading=\"lazy\" decoding=\"async\" aria-describedby=\"caption-attachment-528375\" class=\"wp-image-528375 size-custom-big-size\" src=\"https:\/\/diarioelpopular.com\/wp-content\/uploads\/2025\/02\/Screen-Shot-2025-02-08-at-10.56.59-AM-1200x804.png\" alt=\"\" width=\"1200\" height=\"804\" srcset=\"https:\/\/diarioelpopular.com\/wp-content\/uploads\/2025\/02\/Screen-Shot-2025-02-08-at-10.56.59-AM-1200x804.png 1200w, https:\/\/diarioelpopular.com\/wp-content\/uploads\/2025\/02\/Screen-Shot-2025-02-08-at-10.56.59-AM-300x201.png 300w, https:\/\/diarioelpopular.com\/wp-content\/uploads\/2025\/02\/Screen-Shot-2025-02-08-at-10.56.59-AM-768x515.png 768w, https:\/\/diarioelpopular.com\/wp-content\/uploads\/2025\/02\/Screen-Shot-2025-02-08-at-10.56.59-AM-636x426.png 636w, https:\/\/diarioelpopular.com\/wp-content\/uploads\/2025\/02\/Screen-Shot-2025-02-08-at-10.56.59-AM-80x55.png 80w, https:\/\/diarioelpopular.com\/wp-content\/uploads\/2025\/02\/Screen-Shot-2025-02-08-at-10.56.59-AM-109x73.png 109w, https:\/\/diarioelpopular.com\/wp-content\/uploads\/2025\/02\/Screen-Shot-2025-02-08-at-10.56.59-AM.png 1024w\" sizes=\"auto, (max-width: 1200px) 100vw, 1200px\" \/><p id=\"caption-attachment-528375\" class=\"wp-caption-text\">Trabajadores en una obra en construcci\u00f3n en Brooklyn, Nueva York, el pasado 5 de febrero. Jaclyn Licht\u00a0<\/p><\/div>\n<p>&nbsp;<\/p>\n<h4 class=\"a_st\"><em>&#8211; En el pa\u00eds trabajan casi 30 millones de extranjeros, el 20% de toda la poblaci\u00f3n activa. Juntos, con y sin permisos, sostienen sectores claves para la econom\u00eda nacional. Si un d\u00eda no estuviesen, como sue\u00f1a Donald Trump, las consecuencias ser\u00edan devastadoras<\/em><\/h4>\n<p>&nbsp;<\/p>\n<p class=\"\">El pasado 3 de febrero hubo un paro de inmigrantes: a lo largo de todo Estados Unidos, numerosos\u00a0<a href=\"https:\/\/elpais.com\/us\/migracion\/2025-02-03\/estamos-cerrados-debido-al-ice-asi-luce-un-dia-sin-inmigrantes-en-estados-unidos.html\" data-link-track-dtm=\"\" data-mrf-link=\"https:\/\/elpais.com\/us\/migracion\/2025-02-03\/estamos-cerrados-debido-al-ice-asi-luce-un-dia-sin-inmigrantes-en-estados-unidos.html\">negocios permanecieron cerrados<\/a>, ni\u00f1os no fueron a la escuela y trabajadores no se reportaron a sus puestos. Fue una protesta contra el Gobierno de Donald Trump, que en menos de tres semanas en el cargo se ha\u00a0<a href=\"https:\/\/elpais.com\/us\/2025-02-03\/cuotas-supuestas-redadas-y-mucho-caos-trump-suma-dos-semanas-de-terror-como-politica-migratoria.html\" data-link-track-dtm=\"\" data-mrf-link=\"https:\/\/elpais.com\/us\/2025-02-03\/cuotas-supuestas-redadas-y-mucho-caos-trump-suma-dos-semanas-de-terror-como-politica-migratoria.html\">centrado en atacar, criminalizar y aterrorizar a la comunidad migrante<\/a>\u00a0con una avalancha de pol\u00edticas en su contra. La protesta del pasado lunes se viraliz\u00f3 tanto que se ha convocado otra para el 3 de marzo y es probable que sigan haci\u00e9ndose cada mes. Los organizadores buscan que todos los inmigrantes del pa\u00eds \u2014m\u00e1s de 47,8 millones\u2014 se queden en casa durante un d\u00eda, para as\u00ed mostrar lo que ser\u00eda una jornada sin ellos. Porque si el presidente lograse su objetivo, en Estados Unidos no habr\u00eda inmigrantes: se deportar\u00eda a todos los que hayan entrado al pa\u00eds de forma irregular y se revocar\u00edan las protecciones legales de aquellos que han logrado regularizar su estatus.<\/p>\n<p class=\"\">Pero si un d\u00eda todos los inmigrantes del pa\u00eds desaparecieran, las consecuencias econ\u00f3micas ser\u00edan devastadoras. Porque Estados Unidos es\u00a0<a href=\"https:\/\/elpais.com\/us\/2024-10-24\/solo-la-inmigracion-permitira-el-crecimiento-de-la-fuerza-laboral-de-estados-unidos-en-tres-decadas.html\" data-link-track-dtm=\"\" data-mrf-link=\"https:\/\/elpais.com\/us\/2024-10-24\/solo-la-inmigracion-permitira-el-crecimiento-de-la-fuerza-laboral-de-estados-unidos-en-tres-decadas.html\">una naci\u00f3n hecha por inmigrantes<\/a>. Ya en 2023, cerca de una quinta parte de la poblaci\u00f3n activa era de origen extranjero: de los 160,2 millones de empleados, unos 29,7 millones eran inmigrantes, seg\u00fan la Oficina del Censo. Esa cifra incluye a cualquier trabajador que haya nacido fuera del pa\u00eds: los ciudadanos naturalizados, los residentes permanentes, los refugiados y asilados, los indocumentados. Sobre este \u00faltimo grupo, se sabe que en 2022 eran 8,3 millones, casi el 5% de la poblaci\u00f3n activa entonces, de acuerdo con el Centro de Estudios Pew. Juntos, con y sin permiso para ello, trabajan en todas las industrias y sostienen sectores claves, como el de servicios profesionales y empresariales, en el que suman 4,7 millones de empleados, o el de fabricaci\u00f3n, en el que representan el 20,2% del total de trabajadores.\u00a0<a href=\"https:\/\/elpais.com\/us\/economia\/2024-07-31\/los-inmigrantes-indocumentados-contribuyen-con-96700-millones-en-impuestos.html\" data-link-track-dtm=\"\" data-mrf-link=\"https:\/\/elpais.com\/us\/economia\/2024-07-31\/los-inmigrantes-indocumentados-contribuyen-con-96700-millones-en-impuestos.html\">Contribuyen con billones de d\u00f3lares a la econom\u00eda del pa\u00eds<\/a>, y si un d\u00eda no estuviesen, como sue\u00f1a Trump, el pa\u00eds se quedar\u00eda paralizado.<\/p>\n<p class=\"\">A continuaci\u00f3n, se ha imaginado ese escenario.<\/p>\n<div class=\"raw_html\">\n<div><iframe id=\"datawrapper-chart-EXWS6\" title=\"N\u00famero de trabajadores inmigrantes empleados por industria en Estados Unidos en 2023\" src=\"https:\/\/datawrapper.dwcdn.net\/EXWS6\/15\/\" height=\"733\" frameborder=\"0\" scrolling=\"no\" aria-label=\"Gr\u00e1fico de barras\" data-external=\"1\" data-mce-fragment=\"1\"><\/iframe><\/div>\n<\/div>\n<h3 class=\"\">\u00bfQui\u00e9n cuida a su beb\u00e9?<\/h3>\n<p class=\"\">Carolina no quiere \u201csonar tr\u00e1gica\u201d, pero si un d\u00eda todos los inmigrantes del pa\u00eds faltaran, los reci\u00e9n nacidos a los que atiende simplemente no tendr\u00edan a nadie que se ocupara de ellos. La colombiana, de 33 a\u00f1os, es una especialista en cuidados neonatales y ofrece sus servicios a padres a lo largo de todo el pa\u00eds. Con acuerdos de tres a seis meses, vive con las familias que la contratan y se ocupa de cuidar a sus beb\u00e9s desde 12 horas al d\u00eda hasta 24. Se hace cargo de todo: \u201cLevantarlos, cambiarlos, alimentarlos o ba\u00f1arlos\u201d, cuenta por tel\u00e9fono desde Vermont, donde est\u00e1 contratada actualmente.<\/p>\n<p class=\"\">La colombiana lleg\u00f3 a Estados Unidos en 2017 y ya es ciudadana tras casarse con un estadounidense. Pero si la Administraci\u00f3n Trump le revocara su ciudadan\u00eda \u2014lo cual a este punto no ser\u00eda una sorpresa, dado que el presidente ya ha<a href=\"https:\/\/elpais.com\/internacional\/2025-02-05\/una-segunda-jueza-suspende-el-decreto-de-trump-contra-la-ciudadania-por-nacimiento.html\" data-link-track-dtm=\"\" data-mrf-link=\"https:\/\/elpais.com\/internacional\/2025-02-05\/una-segunda-jueza-suspende-el-decreto-de-trump-contra-la-ciudadania-por-nacimiento.html\">\u00a0intentado acabar con el derecho a la ciudadan\u00eda por nacimiento<\/a>, por ejemplo\u2014, las familias con las que trabaja estar\u00edan devastadas. \u201cMi ausencia tendr\u00eda un gran impacto. Se notar\u00eda en todo: en su vida cotidiana, a nivel emocional, psicol\u00f3gico, financiero. Porque ellos conf\u00edan en m\u00ed y saben que sus beb\u00e9s van a estar bien\u201d, asegura.<\/p>\n<p class=\"\">En 2023, hab\u00eda 5,5 millones de inmigrantes como Carolina trabajando en el sector de servicios educativos, sanitarios y de asistencia social, seg\u00fan cifras de la Oficina del Censo. Se trata de la industria \u2014que al a\u00f1o contribuye 2,3 billones de d\u00f3lares al\u00a0<a href=\"https:\/\/elpais.com\/economia\/2025-01-30\/la-economia-de-estados-unidos-crecio-un-28-en-2024.html\" data-link-track-dtm=\"\" data-mrf-link=\"https:\/\/elpais.com\/economia\/2025-01-30\/la-economia-de-estados-unidos-crecio-un-28-en-2024.html\">PIB nacional<\/a>\u2014 con mayor cantidad de trabajadores de origen extranjero: el 18,4% de todos los empleados inmigrantes en el pa\u00eds laboraban hace dos a\u00f1os en este sector, que tambi\u00e9n incluye a maestros como Andy y Julia.<\/p>\n<p>&nbsp;<\/p>\n<figure class=\"a_m a_m-h \">\n<p><div style=\"width: 424px\" class=\"wp-caption alignnone\"><img loading=\"lazy\" decoding=\"async\" class=\"_re lazyload a_m-h\" src=\"https:\/\/imagenes.elpais.com\/resizer\/v2\/2KY4DPGKLBEIVN4PQPU4RMX53A.jpg?auth=868fab33e036480e0253f570b9c9a3cf40a2e21d9700cc2ea3fdffe29fdf3072&amp;width=414\" sizes=\"auto, (min-width:1199px) 1155px,(min-width:1001px) calc(100vw - 44px),(min-width:768px) 767px, 100vw\" srcset=\"https:\/\/imagenes.elpais.com\/resizer\/v2\/2KY4DPGKLBEIVN4PQPU4RMX53A.jpg?auth=868fab33e036480e0253f570b9c9a3cf40a2e21d9700cc2ea3fdffe29fdf3072&amp;width=414 414w,https:\/\/imagenes.elpais.com\/resizer\/v2\/2KY4DPGKLBEIVN4PQPU4RMX53A.jpg?auth=868fab33e036480e0253f570b9c9a3cf40a2e21d9700cc2ea3fdffe29fdf3072&amp;width=828 640w,https:\/\/imagenes.elpais.com\/resizer\/v2\/2KY4DPGKLBEIVN4PQPU4RMX53A.jpg?auth=868fab33e036480e0253f570b9c9a3cf40a2e21d9700cc2ea3fdffe29fdf3072&amp;width=980 1000w,https:\/\/imagenes.elpais.com\/resizer\/v2\/2KY4DPGKLBEIVN4PQPU4RMX53A.jpg?auth=868fab33e036480e0253f570b9c9a3cf40a2e21d9700cc2ea3fdffe29fdf3072&amp;width=1960 1960w\" alt=\"Bruce-Guadalupe Community School\" width=\"414\" height=\"255\" \/><p class=\"wp-caption-text\">Estudiantes en la biblioteca de la Escuela Comunitaria Bruce-Guadalupe, en Milwaukee, Wisconsin, en 2017. Ivan Moreno (AP)<\/p><\/div><figcaption class=\"a_m_p\"><\/figcaption><\/figure>\n<h3><\/h3>\n<h3 class=\"\">Las aulas se quedan vac\u00edas<\/h3>\n<p class=\"\">Andy es profesor de matem\u00e1ticas en una escuela secundaria de Queens, Nueva York. Pero el ecuatoriano, de 33 a\u00f1os, que migr\u00f3 a Estados Unidos junto a sus padres cuando tan solo ten\u00eda siete, es mucho m\u00e1s que un maestro: \u201cSoy una de las primeras caras que los estudiantes ven cuando llegan a la escuela, y al verlos puedo saber si algo les ha pasado. Y si es el caso, soy la persona que les pregunta si quieren hablar de ello o si necesitan alg\u00fan tipo de ayuda\u201d, cuenta. En un colegio donde el 90% de los alumnos son hispanos, si un d\u00eda el pa\u00eds se vaciara de inmigrantes, no solo faltar\u00eda Andy, sino que su escuela quedar\u00eda desolada.<\/p>\n<p class=\"\">\u00c9l ya obtuvo su ciudadan\u00eda, pero Julia, tambi\u00e9n maestra, a\u00fan est\u00e1 empezando la larga odisea hacia ella. La cubana, de 26 a\u00f1os y que prefiere omitir su nombre real, lleg\u00f3 a Estados Unidos hace solo 10 meses. Lo hizo gracias\u00a0<a href=\"https:\/\/elpais.com\/us\/2025-01-22\/trump-elimina-el-parole-humanitario-que-le-depara-a-sus-mas-de-medio-millon-de-beneficiados.html\" data-link-track-dtm=\"\" data-mrf-link=\"https:\/\/elpais.com\/us\/2025-01-22\/trump-elimina-el-parole-humanitario-que-le-depara-a-sus-mas-de-medio-millon-de-beneficiados.html\">al programa de libertad condicional humanitaria, m\u00e1s conocido como\u00a0<i>parole<\/i><\/a>. Los beneficiarios de este estatus ingresan al pa\u00eds de forma legal y tienen dos a\u00f1os de estancia y permiso de trabajo. En el caso de los cubanos como Julia, tras estar en el pa\u00eds durante 12 meses, pueden tambi\u00e9n solicitar la residencia permanente y eventualmente la ciudadan\u00eda. Pero para Julia esa posibilidad est\u00e1 en el aire: el Gobierno de Trump\u00a0<a href=\"https:\/\/elpais.com\/us\/migracion\/2025-02-03\/trump-revocara-el-estatus-legal-al-mas-de-medio-millon-de-beneficiarios-del-parole.html\" data-link-track-dtm=\"\" data-mrf-link=\"https:\/\/elpais.com\/us\/migracion\/2025-02-03\/trump-revocara-el-estatus-legal-al-mas-de-medio-millon-de-beneficiarios-del-parole.html\">ha advertido<\/a>\u00a0que est\u00e1 buscando la manera de dejar sin protecci\u00f3n legal a quienes hayan migrado al pa\u00eds como\u00a0<i>parolees,\u00a0<\/i>como se conoce a quienes est\u00e1n acogidos al programa.<\/p>\n<p>&nbsp;<\/p>\n<figure class=\"a_m a_m-h \">\n<p><div style=\"width: 424px\" class=\"wp-caption alignnone\"><img loading=\"lazy\" decoding=\"async\" class=\"_re lazyload a_m-h\" src=\"https:\/\/imagenes.elpais.com\/resizer\/v2\/LYE5QIQOHVGAJMZXOZYUCZTTQE.jpg?auth=88be11ac546ebdbda98d0d64e83e2bd71bfdab8c90fe39857fc3776b786b3d07&amp;width=414\" sizes=\"auto, (min-width:1199px) 1155px,(min-width:1001px) calc(100vw - 44px),(min-width:768px) 767px, 100vw\" srcset=\"https:\/\/imagenes.elpais.com\/resizer\/v2\/LYE5QIQOHVGAJMZXOZYUCZTTQE.jpg?auth=88be11ac546ebdbda98d0d64e83e2bd71bfdab8c90fe39857fc3776b786b3d07&amp;width=414 414w,https:\/\/imagenes.elpais.com\/resizer\/v2\/LYE5QIQOHVGAJMZXOZYUCZTTQE.jpg?auth=88be11ac546ebdbda98d0d64e83e2bd71bfdab8c90fe39857fc3776b786b3d07&amp;width=828 640w,https:\/\/imagenes.elpais.com\/resizer\/v2\/LYE5QIQOHVGAJMZXOZYUCZTTQE.jpg?auth=88be11ac546ebdbda98d0d64e83e2bd71bfdab8c90fe39857fc3776b786b3d07&amp;width=980 1000w,https:\/\/imagenes.elpais.com\/resizer\/v2\/LYE5QIQOHVGAJMZXOZYUCZTTQE.jpg?auth=88be11ac546ebdbda98d0d64e83e2bd71bfdab8c90fe39857fc3776b786b3d07&amp;width=1960 1960w\" alt=\"Baton Rouge Magnet High School\" width=\"414\" height=\"311\" \/><p class=\"wp-caption-text\">Un pasillo vac\u00edo en la escuela secundaria Baton Rouge, Luisiana, en enero de 2023.Stephen Smith (AP)<\/p><\/div><figcaption class=\"a_m_p\"><\/figcaption><\/figure>\n<p class=\"\">Esa es la realidad en la que Julia se levanta todos los d\u00edas y va a trabajar como maestra asistente en un colegio primario de un peque\u00f1o pueblo del este de Texas, cerca de la frontera con Luisiana. Es el \u00fanico centro educativo biling\u00fce en la zona, la cual Julia describe como \u201cmuy republicana\u201d, \u201cmuy conservadora\u201d. \u201cEn la escuela somos cuatro maestras de origen latino. Somos b\u00e1sicamente el puente entre el estudiante y las familias que no habla a\u00fan ingl\u00e9s y el resto de profesores\u201d, cuenta por tel\u00e9fono.<\/p>\n<p class=\"\">\u201cEn un contexto como el que estamos viviendo, que existan maestros de origen hispano es muy importante para los ni\u00f1os que se est\u00e1n integrando a esta sociedad\u201d, asegura la cubana. \u201cPara que no se sientan solos y se puedan asimilar. Por ejemplo, de mis 14 estudiantes solo un tercio son americanos. Los dem\u00e1s son latinos, y de ellos tengo cuatro que llevan como seis meses en Estados Unidos\u201d, agrega. Y es que en un hipot\u00e9tico d\u00eda sin inmigrantes, en la escuela de Julia, al igual que en la de Andy, no solo no faltar\u00edan algunos maestros: tampoco habr\u00eda estudiantes.<\/p>\n<h3 class=\"\">Se fue la luz y no hay quien la vuelva encender<\/h3>\n<p class=\"\">El segundo sector con mayor cantidad de trabajadores de origen extranjero \u20144,7 millones en 2023\u2014 es el de servicios profesionales, empresariales, administrativos y\u00a0<a href=\"https:\/\/elpais.com\/america-futura\/2025-01-03\/el-reciclaje-en-nueva-york-un-trabajo-mal-pagado-a-cargo-de-los-inmigrantes-indocumentados.html\" data-link-track-dtm=\"\" data-mrf-link=\"https:\/\/elpais.com\/america-futura\/2025-01-03\/el-reciclaje-en-nueva-york-un-trabajo-mal-pagado-a-cargo-de-los-inmigrantes-indocumentados.html\">gesti\u00f3n de residuos y descontaminaci\u00f3n<\/a>. Esta industria es la que m\u00e1s contribuye a la econom\u00eda estadounidense, por encima de cualquier otra: suma 3,5 billones de d\u00f3lares al a\u00f1o, es decir, el 13% del PIB del pa\u00eds. En un d\u00eda sin inmigrantes, este sector se quedar\u00eda sin el 22,9% de sus empleados. La basura se acumular\u00eda en las calles del pa\u00eds, las empresas quedar\u00edan inoperativas sin sus equipos administrativos y cualquier ca\u00edda en el servicio el\u00e9ctrico podr\u00eda provocar un apag\u00f3n generalizado sin suficientes electricistas para remediarlo.<\/p>\n<div class=\"raw_html\">\n<div><iframe id=\"datawrapper-chart-Hv5Vu\" title=\"Porcentaje de trabajadores inmigrantes empleadores por industria en Estados Unidos en 2023\" src=\"https:\/\/datawrapper.dwcdn.net\/Hv5Vu\/11\/\" height=\"733\" frameborder=\"0\" scrolling=\"no\" aria-label=\"Gr\u00e1fico de barras\" data-external=\"1\" data-mce-fragment=\"1\"><\/iframe><\/div>\n<\/div>\n<h3 class=\"\">La construcci\u00f3n se paraliza<\/h3>\n<p class=\"\">Las voces de Ulani y Janet resuenan por encima del rugido de la construcci\u00f3n. \u201c\u00a1Dale, vamos!\u201d, grita Ulani. Junto a Janet, la joven puertorrique\u00f1a de 22 a\u00f1os est\u00e1 dirigiendo la entrada y salida de camiones en una obra gigantesca en Brooklyn, donde se est\u00e1 levantando una nueva c\u00e1rcel del tama\u00f1o de una cuadra. Las mujeres son bandereras, o\u00a0<i>flaggers<\/i>, por lo que est\u00e1n encargadas de controlar el tr\u00e1fico, gestionar las entregas de materiales y garantizar la seguridad de tanto los trabajadores como de los peatones y conductores.<\/p>\n<p class=\"\">\u201cSi un d\u00eda no estuvi\u00e9semos, todo esto se parar\u00eda\u201d, asegura Ulani una ma\u00f1ana de febrero en la que la temperatura no supera los cero grados. \u201cDe hecho, la semana pasada estuve enferma y fue una mierda para el equipo. Todos desempe\u00f1amos un papel, todos trabajamos juntos, pero en cuanto falta una persona toda la cadena se viene abajo\u201d, a\u00f1ade. Ulani y Janet, mexicana de 35 a\u00f1os, trabajan 13 horas al d\u00eda, desde las siete de la ma\u00f1ana, casi todos los d\u00edas de la semana. Su equipo las \u201cnecesita\u201d y \u201cdepende\u201d de ellas, dice Janet.<\/p>\n<p>&nbsp;<\/p>\n<figure class=\"a_m a_m-h \">\n<p><div style=\"width: 424px\" class=\"wp-caption alignnone\"><img loading=\"lazy\" decoding=\"async\" class=\"_re lazyload a_m-h\" src=\"https:\/\/imagenes.elpais.com\/resizer\/v2\/5FJOORPMRFGRHK6BLGU4MR3GDE.jpg?auth=a5de9c20f4ed3a4770bf90028b7f41ab35aa5f50b152d5f7cbb11d6e1d0182af&amp;width=414\" sizes=\"auto, (min-width:1199px) 1155px,(min-width:1001px) calc(100vw - 44px),(min-width:768px) 767px, 100vw\" srcset=\"https:\/\/imagenes.elpais.com\/resizer\/v2\/5FJOORPMRFGRHK6BLGU4MR3GDE.jpg?auth=a5de9c20f4ed3a4770bf90028b7f41ab35aa5f50b152d5f7cbb11d6e1d0182af&amp;width=414 414w,https:\/\/imagenes.elpais.com\/resizer\/v2\/5FJOORPMRFGRHK6BLGU4MR3GDE.jpg?auth=a5de9c20f4ed3a4770bf90028b7f41ab35aa5f50b152d5f7cbb11d6e1d0182af&amp;width=828 640w,https:\/\/imagenes.elpais.com\/resizer\/v2\/5FJOORPMRFGRHK6BLGU4MR3GDE.jpg?auth=a5de9c20f4ed3a4770bf90028b7f41ab35aa5f50b152d5f7cbb11d6e1d0182af&amp;width=980 1000w,https:\/\/imagenes.elpais.com\/resizer\/v2\/5FJOORPMRFGRHK6BLGU4MR3GDE.jpg?auth=a5de9c20f4ed3a4770bf90028b7f41ab35aa5f50b152d5f7cbb11d6e1d0182af&amp;width=1960 1960w\" alt=\"Brooklyn, NY\" width=\"414\" height=\"277\" \/><p class=\"wp-caption-text\">Ulani y Janet abren la entrada a la zona de la obra en la que trabajan, en Brooklyn, Nueva York. Jaclyn Licht<\/p><\/div><figcaption class=\"a_m_p\"><\/figcaption><\/figure>\n<p>&nbsp;<\/p>\n<p class=\"\">En 2023, el 29% de todos los trabajadores empleados en la construcci\u00f3n eran inmigrantes, con un total de casi 3,3 millones de extranjeros, una cifra que convierte a este sector en el de mayor proporci\u00f3n de trabajadores inmigrantes. Pero en este\u00a0<i>worksite<\/i>\u00a0de Brooklyn, representan del 50% al 60% de la cuadrilla, seg\u00fan uno de los capataces de Ulani y Janet, tambi\u00e9n migrante. Si \u00e9l, Ulani, Janet y todos los otros trabajadores extranjeros desaparecieran de un d\u00eda para otro, la obra colapsar\u00eda, como muchas otras.<\/p>\n<p class=\"\">Pero no se trata solo de las tareas laborales que se quedar\u00edan pendientes si no estuviesen. Tambi\u00e9n sufrir\u00edan sus compa\u00f1eros de trabajo: \u201cLos que trabajamos aqu\u00ed hemos creado un v\u00ednculo de hermandad entre todos, si yo no estuviese aqu\u00ed un d\u00eda, me echar\u00edan en falta\u201d, cuenta Janet. Y sus familias se quedar\u00edan sin sustento. \u201cYo tengo tres hijos, de 3, 11 y 14 a\u00f1os, tengo un esposo, tengo a mi madre y a mis hermanos aqu\u00ed, todos dependemos del sueldo que ganamos para mantenernos a flote\u201d, agrega la mexicana. Janet lleg\u00f3 a Estados Unidos en 2016 para solicitar asilo y ahora cuenta con una visa que le permite trabajar de forma legal.<\/p>\n<p>&nbsp;<\/p>\n<figure class=\"a_m a_m-h \">\n<p><div style=\"width: 424px\" class=\"wp-caption alignnone\"><img loading=\"lazy\" decoding=\"async\" class=\"_re lazyload a_m-h\" src=\"https:\/\/imagenes.elpais.com\/resizer\/v2\/DHVD6ZPRCNHKFHKO425AZRAH4I.jpg?auth=5d85b275df5c9c9137c36f5010ccff9a0a1a2d40a2ee7da7dd8f2d5faef72cd6&amp;width=414\" sizes=\"auto, (min-width:1199px) 1155px,(min-width:1001px) calc(100vw - 44px),(min-width:768px) 767px, 100vw\" srcset=\"https:\/\/imagenes.elpais.com\/resizer\/v2\/DHVD6ZPRCNHKFHKO425AZRAH4I.jpg?auth=5d85b275df5c9c9137c36f5010ccff9a0a1a2d40a2ee7da7dd8f2d5faef72cd6&amp;width=414 414w,https:\/\/imagenes.elpais.com\/resizer\/v2\/DHVD6ZPRCNHKFHKO425AZRAH4I.jpg?auth=5d85b275df5c9c9137c36f5010ccff9a0a1a2d40a2ee7da7dd8f2d5faef72cd6&amp;width=828 640w,https:\/\/imagenes.elpais.com\/resizer\/v2\/DHVD6ZPRCNHKFHKO425AZRAH4I.jpg?auth=5d85b275df5c9c9137c36f5010ccff9a0a1a2d40a2ee7da7dd8f2d5faef72cd6&amp;width=980 1000w,https:\/\/imagenes.elpais.com\/resizer\/v2\/DHVD6ZPRCNHKFHKO425AZRAH4I.jpg?auth=5d85b275df5c9c9137c36f5010ccff9a0a1a2d40a2ee7da7dd8f2d5faef72cd6&amp;width=1960 1960w\" alt=\"Brooklyn, NY\" width=\"414\" height=\"276\" \/><p class=\"wp-caption-text\">Ulani, puertorrique\u00f1a de 22 a\u00f1os, controla el tr\u00e1fico en los alrededores de la obra, el 5 de febrero en Brooklyn. Jaclyn Licht<\/p><\/div><figcaption class=\"a_m_p\"><\/figcaption><\/figure>\n<h3><\/h3>\n<h3 class=\"\">La cadena de fabricaci\u00f3n descarrila<\/h3>\n<p class=\"\">Faltar\u00edan 6,2 millones de empleados del sector de fabricaci\u00f3n y el de comercio al por mayor y al por menor en un d\u00eda sin inmigrantes. Las f\u00e1bricas se quedar\u00edan sin el 20,2% de su plantilla, las tiendas sin el 15,5% y cientos de miles de familias sin c\u00f3mo llegar a fin de mes. En una industria como la de fabricaci\u00f3n, que aporta 2,65 billones de d\u00f3lares a la econom\u00eda del pa\u00eds, el 10,3% del PIB nacional, el impacto econ\u00f3mico ser\u00eda considerable.<\/p>\n<h3 class=\"\">Hoy no se sirve caf\u00e9 ni almuerzo<\/h3>\n<p class=\"\">Son casi las 11 de la ma\u00f1ana y se supone que el ajetreo matutino ya haya pasado, pero Jessica no para. No puede: la camarera venezolana es la \u00fanica que trabaja en esta peque\u00f1a pero bien situada cafeter\u00eda en la que el flujo de clientes no cesa. En el local ubicado en Downtown Brooklyn, a solo un par de paradas de la isla de Manhattan, solo trabajan tres personas: dos hombres en la cocina y Jessica al frente. \u201cSi no estuvi\u00e9semos aqu\u00ed,\u00a0<a href=\"https:\/\/elpais.com\/us\/migracion\/2025-01-22\/el-que-te-sirve-el-cafe-de-la-manana-o-el-autor-de-la-vineta-del-diario-asi-son-los-deportables-de-trump.html\" data-link-track-dtm=\"\" data-mrf-link=\"https:\/\/elpais.com\/us\/migracion\/2025-01-22\/el-que-te-sirve-el-cafe-de-la-manana-o-el-autor-de-la-vineta-del-diario-asi-son-los-deportables-de-trump.html\">el restaurante no abrir\u00eda<\/a>. No solo porque todos los que trabajamos somos inmigrantes hispanos, pero porque el propio due\u00f1o lo es tambi\u00e9n\u201d, cuenta Jessica mientras sirve caf\u00e9s y toma \u00f3rdenes.<\/p>\n<p class=\"\">Jessica, de 41 a\u00f1os, migr\u00f3 a Estados Unidos desde Caracas hace 15. Durante cinco de esos a\u00f1os estuvo en el pa\u00eds de forma irregular. Ya tienes sus papeles en orden \u2014\u201dgracias a Dios\u201d\u2014 y lleva ocho a\u00f1os trabajando en este restaurante. Si un d\u00eda no pudiese hacerlo, se ver\u00eda \u201cperjudicada\u201d. \u201cY nuestras familias tambi\u00e9n. Nosotros venimos ac\u00e1 y se vive al d\u00eda. Es dif\u00edcil, m\u00e1s con la econom\u00eda como est\u00e1, que ya casi nadie tiene dinero ahorrado y lo poco que ten\u00edamos se ha ido yendo\u201d, se\u00f1ala. Octavio, compa\u00f1ero en cocina, tambi\u00e9n venezolano, de 49 a\u00f1os, agrega que los migrantes vienen a Estados Unidos a trabajar. \u201cPor eso es que este pa\u00eds triunfa\u201d, sostiene. En su caso, lleg\u00f3 hace 22 a\u00f1os, y durante la mitad de ese tiempo estuvo indocumentado.<\/p>\n<p>&nbsp;<\/p>\n<figure class=\"a_m a_m-h \">\n<p><div style=\"width: 424px\" class=\"wp-caption alignnone\"><img loading=\"lazy\" decoding=\"async\" class=\"_re lazyload a_m-h\" src=\"https:\/\/imagenes.elpais.com\/resizer\/v2\/3U7FXFZD2ZDDNI5JZT4ZRVXBZI.jpg?auth=39b38f5c97972caf0db5624f83ee31f90dc4056d760b3a1e5fe870da82972277&amp;width=414\" sizes=\"auto, (min-width:1199px) 1155px,(min-width:1001px) calc(100vw - 44px),(min-width:768px) 767px, 100vw\" srcset=\"https:\/\/imagenes.elpais.com\/resizer\/v2\/3U7FXFZD2ZDDNI5JZT4ZRVXBZI.jpg?auth=39b38f5c97972caf0db5624f83ee31f90dc4056d760b3a1e5fe870da82972277&amp;width=414 414w,https:\/\/imagenes.elpais.com\/resizer\/v2\/3U7FXFZD2ZDDNI5JZT4ZRVXBZI.jpg?auth=39b38f5c97972caf0db5624f83ee31f90dc4056d760b3a1e5fe870da82972277&amp;width=828 640w,https:\/\/imagenes.elpais.com\/resizer\/v2\/3U7FXFZD2ZDDNI5JZT4ZRVXBZI.jpg?auth=39b38f5c97972caf0db5624f83ee31f90dc4056d760b3a1e5fe870da82972277&amp;width=980 1000w,https:\/\/imagenes.elpais.com\/resizer\/v2\/3U7FXFZD2ZDDNI5JZT4ZRVXBZI.jpg?auth=39b38f5c97972caf0db5624f83ee31f90dc4056d760b3a1e5fe870da82972277&amp;width=1960 1960w\" alt=\"Brooklyn, NY\" width=\"414\" height=\"276\" \/><p class=\"wp-caption-text\">Octavio, migrante venezolano, en un restaurante de Brooklyn. Jaclyn Licht<\/p><\/div><figcaption class=\"a_m_p\"><\/figcaption><\/figure>\n<p>&nbsp;<\/p>\n<p class=\"\">Como Jessica y Octavio, en 2023 hab\u00eda tres millones de migrantes trabajando en el sector de ocio y hosteler\u00eda, o el 10,5% de todos los migrantes en el pa\u00eds. Para aquel entonces, eran el 21% de todos los empleados de esta industria. Sin ellos, los restaurantes del pa\u00eds se quedar\u00edan sin meseros, sin cocineros, sin\u00a0<i>deliveries<\/i>, sin lavaplatos\u2026<\/p>\n<h3 class=\"\">\u00bfY qui\u00e9n recoge la cosecha?<\/h3>\n<p class=\"\">Existe la idea err\u00f3nea de que la mayor\u00eda de los inmigrantes en Estados Unidos trabaja en la agricultura, sembrando los campos y recogiendo las cosechas. Pero la realidad es que menos de 500.000 inmigrantes est\u00e1n empleados en el sector de la agricultura, silvicultura, pesca y caza, seg\u00fan datos oficiales de 2023, aunque diversas organizaciones apuntan a que esa cifra es realmente mucho m\u00e1s alta.<\/p>\n<p class=\"\">No obstante, constituyen una parte importante de esa mano de obra: al menos el 20% de los trabajadores en esta industria nacieron en el extranjero, de acuerdo con la Oficina del Censo. Entidades como Farmworker Justice (Justicia Campesina) colocaban ese porcentaje en 68% en 2020. En su Encuesta Nacional de Trabajadores Agr\u00edcolas de ese a\u00f1o, esta organizaci\u00f3n encontr\u00f3 que el 44% de ellos eran indocumentados, una cifra que tambi\u00e9n opinan debe ser un subregistro. Es por ello que, cuando la Administraci\u00f3n tantea redadas masivas,\u00a0<a href=\"https:\/\/elpais.com\/us\/migracion\/2025-01-17\/campesinos-bajo-amenaza-una-redada-contra-decenas-de-migrantes-en-california-extiende-el-temor-a-la-era-trump.html\" data-link-track-dtm=\"\" data-mrf-link=\"https:\/\/elpais.com\/us\/migracion\/2025-01-17\/campesinos-bajo-amenaza-una-redada-contra-decenas-de-migrantes-en-california-extiende-el-temor-a-la-era-trump.html\">los campos se vac\u00edan y sus trabajadores tiemblan<\/a>.<\/p>\n","protected":false},"excerpt":{"rendered":"<p>&nbsp; &#8211; En el pa\u00eds trabajan casi 30 millones de extranjeros, el 20% de toda la poblaci\u00f3n activa. Juntos, con y sin permisos, sostienen sectores&hellip;<\/p>\n","protected":false},"author":99,"featured_media":528375,"comment_status":"open","ping_status":"open","sticky":false,"template":"","format":"standard","meta":{"footnotes":""},"categories":[24],"tags":[],"class_list":["post-528374","post","type-post","status-publish","format-standard","has-post-thumbnail","hentry","category-mundo"],"_links":{"self":[{"href":"https:\/\/diarioelpopular.com\/index.php\/wp-json\/wp\/v2\/posts\/528374","targetHints":{"allow":["GET"]}}],"collection":[{"href":"https:\/\/diarioelpopular.com\/index.php\/wp-json\/wp\/v2\/posts"}],"about":[{"href":"https:\/\/diarioelpopular.com\/index.php\/wp-json\/wp\/v2\/types\/post"}],"author":[{"embeddable":true,"href":"https:\/\/diarioelpopular.com\/index.php\/wp-json\/wp\/v2\/users\/99"}],"replies":[{"embeddable":true,"href":"https:\/\/diarioelpopular.com\/index.php\/wp-json\/wp\/v2\/comments?post=528374"}],"version-history":[{"count":1,"href":"https:\/\/diarioelpopular.com\/index.php\/wp-json\/wp\/v2\/posts\/528374\/revisions"}],"predecessor-version":[{"id":528376,"href":"https:\/\/diarioelpopular.com\/index.php\/wp-json\/wp\/v2\/posts\/528374\/revisions\/528376"}],"wp:featuredmedia":[{"embeddable":true,"href":"https:\/\/diarioelpopular.com\/index.php\/wp-json\/wp\/v2\/media\/528375"}],"wp:attachment":[{"href":"https:\/\/diarioelpopular.com\/index.php\/wp-json\/wp\/v2\/media?parent=528374"}],"wp:term":[{"taxonomy":"category","embeddable":true,"href":"https:\/\/diarioelpopular.com\/index.php\/wp-json\/wp\/v2\/categories?post=528374"},{"taxonomy":"post_tag","embeddable":true,"href":"https:\/\/diarioelpopular.com\/index.php\/wp-json\/wp\/v2\/tags?post=528374"}],"curies":[{"name":"wp","href":"https:\/\/api.w.org\/{rel}","templated":true}]}}