{"id":528380,"date":"2025-02-10T09:14:42","date_gmt":"2025-02-10T13:14:42","guid":{"rendered":"https:\/\/diarioelpopular.com\/?p=528380"},"modified":"2025-02-10T09:14:42","modified_gmt":"2025-02-10T13:14:42","slug":"la-policia-de-peel-busca-identificar-a-ladron-tras-un-asalto-en-brampton","status":"publish","type":"post","link":"https:\/\/diarioelpopular.com\/index.php\/2025\/02\/10\/la-policia-de-peel-busca-identificar-a-ladron-tras-un-asalto-en-brampton\/","title":{"rendered":"La polic\u00eda de Peel busca identificar a ladr\u00f3n tras un asalto en Brampton"},"content":{"rendered":"<div id=\"attachment_528381\" style=\"width: 646px\" class=\"wp-caption alignnone\"><img loading=\"lazy\" decoding=\"async\" aria-describedby=\"caption-attachment-528381\" class=\"wp-image-528381 size-custom-full-size\" src=\"https:\/\/diarioelpopular.com\/wp-content\/uploads\/2025\/02\/Screen-Shot-2025-02-10-at-8.11.18-AM-636x472.png\" alt=\"\" width=\"636\" height=\"472\" srcset=\"https:\/\/diarioelpopular.com\/wp-content\/uploads\/2025\/02\/Screen-Shot-2025-02-10-at-8.11.18-AM-636x472.png 636w, https:\/\/diarioelpopular.com\/wp-content\/uploads\/2025\/02\/Screen-Shot-2025-02-10-at-8.11.18-AM-300x223.png 300w, https:\/\/diarioelpopular.com\/wp-content\/uploads\/2025\/02\/Screen-Shot-2025-02-10-at-8.11.18-AM-98x73.png 98w, https:\/\/diarioelpopular.com\/wp-content\/uploads\/2025\/02\/Screen-Shot-2025-02-10-at-8.11.18-AM.png 700w\" sizes=\"auto, (max-width: 636px) 100vw, 636px\" \/><p id=\"caption-attachment-528381\" class=\"wp-caption-text\">La polic\u00eda de Peel est\u00e1 tratando de identificar a un sospechoso tras un asalto en Brampton.\u00a0 \u00a0 \u00a0 \u00a0 \u00a0 \u00a0 \u00a0 \u00a0 Foto de Handout \/ Peel Regional Police<\/p><\/div>\n<p>&nbsp;<\/p>\n<p>&nbsp;<\/p>\n<ul>\n<li><em><strong>La polic\u00eda pide la ayuda del p\u00fablico para identificar a un sospechoso tras un asalto en Brampton a principios de este mes.<\/strong><\/em><\/li>\n<\/ul>\n<p>&nbsp;<\/p>\n<p>La polic\u00eda regional de Peel dijo que la v\u00edctima masculina se encontraba en la zona de Dixie y Father Tobin Rds. el 1 de febrero entre la medianoche y la 1 a.m.<\/p>\n<p>Seg\u00fan la polic\u00eda, la v\u00edctima se acerc\u00f3 al sospechoso y se produjo un altercado verbal. El sospechoso agredi\u00f3 a la v\u00edctima y huy\u00f3 del lugar.<\/p>\n<p>La polic\u00eda dijo que la v\u00edctima sufri\u00f3 lesiones que no pusieron en peligro su vida, pero que eran importantes, como resultado del asalto.<\/p>\n<p>El atacante es descrito como un hombre, de complexi\u00f3n media, de 5 pies y 9 pulgadas y de aproximadamente 25 a 30 a\u00f1os. Tiene una complexi\u00f3n delgada, musculoso, cabello negro que le llega por debajo de las orejas pero por encima de los hombros y una barba fina.<\/p>\n<p>Los investigadores dijeron que fue visto por \u00faltima vez huyendo en un Mercedes modelo algo antiguo de color plateado con ventanas oscuras. La polic\u00eda cree que la primera letra de la matr\u00edcula comienza con la letra &#8220;C&#8221;.<\/p>\n<p>Se solicita a cualquier persona que tenga informaci\u00f3n sobre la identidad de este sospechoso o esta investigaci\u00f3n que llame a los investigadores al 905-453-2121, ext. 2100, o a Crime Stoppers de forma an\u00f3nima al 1-800-222-TIPS (8477).<\/p>\n","protected":false},"excerpt":{"rendered":"<p>&nbsp; &nbsp; La polic\u00eda pide la ayuda del p\u00fablico para identificar a un sospechoso tras un asalto en Brampton a principios de este mes. &nbsp;&hellip;<\/p>\n","protected":false},"author":99,"featured_media":528381,"comment_status":"open","ping_status":"open","sticky":false,"template":"","format":"standard","meta":{"footnotes":""},"categories":[11364],"tags":[],"class_list":["post-528380","post","type-post","status-publish","format-standard","has-post-thumbnail","hentry","category-toronto-gta"],"_links":{"self":[{"href":"https:\/\/diarioelpopular.com\/index.php\/wp-json\/wp\/v2\/posts\/528380","targetHints":{"allow":["GET"]}}],"collection":[{"href":"https:\/\/diarioelpopular.com\/index.php\/wp-json\/wp\/v2\/posts"}],"about":[{"href":"https:\/\/diarioelpopular.com\/index.php\/wp-json\/wp\/v2\/types\/post"}],"author":[{"embeddable":true,"href":"https:\/\/diarioelpopular.com\/index.php\/wp-json\/wp\/v2\/users\/99"}],"replies":[{"embeddable":true,"href":"https:\/\/diarioelpopular.com\/index.php\/wp-json\/wp\/v2\/comments?post=528380"}],"version-history":[{"count":1,"href":"https:\/\/diarioelpopular.com\/index.php\/wp-json\/wp\/v2\/posts\/528380\/revisions"}],"predecessor-version":[{"id":528382,"href":"https:\/\/diarioelpopular.com\/index.php\/wp-json\/wp\/v2\/posts\/528380\/revisions\/528382"}],"wp:featuredmedia":[{"embeddable":true,"href":"https:\/\/diarioelpopular.com\/index.php\/wp-json\/wp\/v2\/media\/528381"}],"wp:attachment":[{"href":"https:\/\/diarioelpopular.com\/index.php\/wp-json\/wp\/v2\/media?parent=528380"}],"wp:term":[{"taxonomy":"category","embeddable":true,"href":"https:\/\/diarioelpopular.com\/index.php\/wp-json\/wp\/v2\/categories?post=528380"},{"taxonomy":"post_tag","embeddable":true,"href":"https:\/\/diarioelpopular.com\/index.php\/wp-json\/wp\/v2\/tags?post=528380"}],"curies":[{"name":"wp","href":"https:\/\/api.w.org\/{rel}","templated":true}]}}