{"id":528438,"date":"2025-02-11T12:36:17","date_gmt":"2025-02-11T16:36:17","guid":{"rendered":"https:\/\/diarioelpopular.com\/?p=528438"},"modified":"2025-02-11T12:36:17","modified_gmt":"2025-02-11T16:36:17","slug":"un-cafe-a-3-5-dolares-argentina-es-el-pais-mas-caro-de-america-latina","status":"publish","type":"post","link":"https:\/\/diarioelpopular.com\/index.php\/2025\/02\/11\/un-cafe-a-3-5-dolares-argentina-es-el-pais-mas-caro-de-america-latina\/","title":{"rendered":"Un caf\u00e9 a 3,5 d\u00f3lares: Argentina es el pa\u00eds m\u00e1s caro de Am\u00e9rica Latina"},"content":{"rendered":"<p><img loading=\"lazy\" decoding=\"async\" class=\"alignnone size-custom-big-size wp-image-528439\" src=\"https:\/\/diarioelpopular.com\/wp-content\/uploads\/2025\/02\/Screen-Shot-2025-02-11-at-11.35.47-AM-1200x499.png\" alt=\"\" width=\"1200\" height=\"499\" srcset=\"https:\/\/diarioelpopular.com\/wp-content\/uploads\/2025\/02\/Screen-Shot-2025-02-11-at-11.35.47-AM-1200x499.png 1200w, https:\/\/diarioelpopular.com\/wp-content\/uploads\/2025\/02\/Screen-Shot-2025-02-11-at-11.35.47-AM-300x125.png 300w, https:\/\/diarioelpopular.com\/wp-content\/uploads\/2025\/02\/Screen-Shot-2025-02-11-at-11.35.47-AM-768x319.png 768w, https:\/\/diarioelpopular.com\/wp-content\/uploads\/2025\/02\/Screen-Shot-2025-02-11-at-11.35.47-AM-636x264.png 636w, https:\/\/diarioelpopular.com\/wp-content\/uploads\/2025\/02\/Screen-Shot-2025-02-11-at-11.35.47-AM-146x61.png 146w, https:\/\/diarioelpopular.com\/wp-content\/uploads\/2025\/02\/Screen-Shot-2025-02-11-at-11.35.47-AM.png 1024w\" sizes=\"auto, (max-width: 1200px) 100vw, 1200px\" \/><\/p>\n<p>&nbsp;<\/p>\n<h4 class=\"a_st\"><em>&#8211; Un comparativo de precios con Brasil, M\u00e9xico, Colombia y Chile muestra las consecuencias de pisar el tipo de cambio como estrategia contra la inflaci\u00f3n<\/em><\/h4>\n<p>&nbsp;<\/p>\n<p class=\"\">El presidente de Argentina, Javier Milei, sol\u00eda repetir hacia finales de 2023 que\u00a0<a href=\"https:\/\/elpais.com\/argentina\/2023-10-10\/milei-azuza-la-tension-cambiaria-en-argentina-el-peso-no-vale-ni-excremento.html\" data-link-track-dtm=\"\" data-mrf-link=\"https:\/\/elpais.com\/argentina\/2023-10-10\/milei-azuza-la-tension-cambiaria-en-argentina-el-peso-no-vale-ni-excremento.html\">el peso, la moneda nacional, \u201cno vale ni excremento\u201d.<\/a>\u00a0Estaba en campa\u00f1a por la presidencia y a\u00fan proclamaba la dolarizaci\u00f3n y el cierre del Banco Central como el \u00fanico remedio posible contra la inflaci\u00f3n, que por entonces volaba por arriba del 10% mensual. Poco m\u00e1s de un a\u00f1o despu\u00e9s, Milei redujo la inflaci\u00f3n por debajo del 3% mensual, pero\u00a0<a href=\"https:\/\/elpais.com\/argentina\/2024-12-11\/una-economia-de-contrastes-durante-el-primer-ano-de-milei.html\" data-link-track-dtm=\"\" data-mrf-link=\"https:\/\/elpais.com\/argentina\/2024-12-11\/una-economia-de-contrastes-durante-el-primer-ano-de-milei.html\">no dolariz\u00f3, no cerr\u00f3 el Banco Central y el peso ya no es \u201cexcremento\u201d.<\/a>\u00a0La f\u00f3rmula que aplic\u00f3 el ministro de Econom\u00eda, Luis Caputo, fue m\u00e1s ortodoxa: emisi\u00f3n cero y atraso cambiario. Es decir, que vaci\u00f3 poco a poco el mercado de pesos y mantuvo a raya la cotizaci\u00f3n del d\u00f3lar con un tipo de cambio que sube a raz\u00f3n del 1% mensual y trabas al libre cambio de divisas, el llamado \u201ccepo\u201d. El da\u00f1o colateral de la estrategia fue una disparada de los precios medidos en d\u00f3lares, porque la inflaci\u00f3n en pesos, si bien ha bajado, no se ha detenido. Cualquier turista extranjero que pase por Buenos Aires puede dar cuenta de ello. Hoy, tomar un caf\u00e9 en un bar de la capital argentina cuesta el equivalente a unos 3,5 d\u00f3lares, contra los 1,5 d\u00f3lares de Bogot\u00e1 o S\u00e3o Paulo o los 2,5 d\u00f3lares que habr\u00e1 que pagar en Ciudad de M\u00e9xico o Santiago de Chile.<\/p>\n<p class=\"\">En la comparaci\u00f3n de algunos precios de referencia, realizada por los periodistas de EL PA\u00cdS Am\u00e9rica y EL PA\u00cdS M\u00e9xico, Argentina es el pa\u00eds m\u00e1s caro de la regi\u00f3n. Para una hora de estacionamiento, el porte\u00f1o gastar\u00e1 4,5 d\u00f3lares por hora, contra los dos d\u00f3lares del mexicano o el colombiano. El patr\u00f3n se repite en el litro de leche de primera marca o en una lata de Coca-Cola en el supermercado. La brecha es especialmente amplia en un men\u00fa de mediod\u00eda en un restaurante c\u00e9ntrico: 18 d\u00f3lares en Buenos Aires, contra un promedio de siete d\u00f3lares en el resto de las grandes ciudades latinoamericanas. Los precios se disparan a\u00fan m\u00e1s en los casos de la ropa, los autom\u00f3viles o los electr\u00f3nicos, sectores que en Argentina est\u00e1n muy protegidos de la competencia externa. Ni siquiera compensa el salario m\u00ednimo, que solo es m\u00e1s alto, por poco, que el de Brasil, y est\u00e1 muy por debajo del de Chile o M\u00e9xico.<\/p>\n<p class=\"\">La consecuencia inmediata del encarecimiento de los precios en d\u00f3lares es que la clase alta y media\u00a0<a href=\"https:\/\/elpais.com\/economia\/negocios\/carta-del-corresponsal\/2025-01-04\/los-argentinos-descubren-el-comercio-electronico.html\" target=\"_blank\" rel=\"noopener\" data-link-track-dtm=\"\" data-mrf-link=\"https:\/\/elpais.com\/economia\/negocios\/carta-del-corresponsal\/2025-01-04\/los-argentinos-descubren-el-comercio-electronico.html\">compra todo lo que puede en l\u00ednea con su tarjeta de cr\u00e9dito en el extranjero<\/a>, ahora que Milei ha reducido aranceles y facilitado el ingreso de productos desde el exterior. La foto de este verano ha sido adem\u00e1s la de las playas de Brasil y Uruguay atestadas de argentinos que huyen de los precios de los balnearios de su pa\u00eds; tambi\u00e9n las<a href=\"https:\/\/elpais.com\/chile\/2024-05-22\/los-argentinos-vuelven-a-comprar-en-chile-escapando-de-la-inflacion-encuentran-articulos-hasta-tres-veces-mas-baratos.html\" data-link-track-dtm=\"\" data-mrf-link=\"https:\/\/elpais.com\/chile\/2024-05-22\/los-argentinos-vuelven-a-comprar-en-chile-escapando-de-la-inflacion-encuentran-articulos-hasta-tres-veces-mas-baratos.html\">\u00a0horas de fila en las casetas de migraciones de Chile o Paraguay<\/a>\u00a0para ir de compras a los centros comerciales al otro lado de la frontera.<\/p>\n<p class=\"\">No es la primera vez que los argentinos disfrutan de un \u201cpeso fuerte\u201d, como celebra ahora Milei, que ha encontrado motivos para defender la revalorizaci\u00f3n de aquel \u201cexcremento\u201d de anta\u00f1o. El economista Juan Manuel Telechea, columnista de este peri\u00f3dico, recuerda que hubo en el pasado \u201ctres episodios importantes de apreciaci\u00f3n del peso\u201d. \u201cEn orden de magnitud, tenemos el de la dictadura en los a\u00f1os setenta, seguido por la Convertibilidad del peso con el d\u00f3lar en los noventa y, por \u00faltimo y m\u00e1s reciente, el que se dio durante el segundo mandato de Fern\u00e1ndez de Kirchner y parte del gobierno de Mauricio Macri. Este \u00faltimo\u00a0<a href=\"https:\/\/elpais.com\/economia\/2018\/09\/03\/actualidad\/1535977553_350136.html\" data-link-track-dtm=\"\" data-mrf-link=\"https:\/\/elpais.com\/economia\/2018\/09\/03\/actualidad\/1535977553_350136.html\">termin\u00f3 con una devaluaci\u00f3n del 50% en 2018<\/a>, luego de que se pidiese un rescate financiero al Fondo Monetario Internacional\u201d, dice.<\/p>\n<p class=\"\">Juan Carlos Hallack, economista de la Universidad de Buenos Aires e investigador del Conicet, advierte que \u201chay signos muy fuertes de atraso cambiario y siempre que pas\u00f3 las cuentas externas terminaron no siendo sustentables\u201d. \u201cLas importaciones van a aumentar mucho, por el precio relativo favorable, por la quita de impuestos y porque muchas otras restricciones arancelarias y no arancelarias se est\u00e1n eliminando. Eso es bueno en general, pero hoy contribuye a que aumenten m\u00e1s las importaciones. Y con un tipo de cambio que no es flexible va a empeorar la balanza comercial y la cuenta corriente. Este tipo de cambio no es sostenible, salvo que entren muchos capitales para financiar un d\u00e9ficit creciente\u201d, dice Hallack.<\/p>\n<p class=\"\">Milei asegura que, m\u00e1s temprano que tarde, esos capitales llegar\u00e1n porque la econom\u00eda va a despegar y la actividad necesitar\u00e1 de grandes inversiones. En lo inmediato,\u00a0<a href=\"https:\/\/elpais.com\/argentina\/2024-12-20\/el-fmi-y-el-gobierno-de-milei-negocian-un-nuevo-acuerdo-financiero-para-argentina.html\" data-link-track-dtm=\"\" data-mrf-link=\"https:\/\/elpais.com\/argentina\/2024-12-20\/el-fmi-y-el-gobierno-de-milei-negocian-un-nuevo-acuerdo-financiero-para-argentina.html\">espera que el FMI env\u00ede un tanque de ox\u00edgeno de unos 12.000 millones de d\u00f3lares\u00a0<\/a>para reforzar las reservas del Banco Central, que hoy son negativas en 6.000 millones d\u00f3lares. Milei dijo en una entrevista este lunes que al acuerdo \u201csolo le falta el mo\u00f1o\u201d y que incluir\u00e1 \u201cfondos frescos\u201d. Y aprovech\u00f3 para negar con vehemencia que en Argentina haya atraso cambiario.<\/p>\n<p class=\"\">Defender la pol\u00edtica cambiaria ocup\u00f3 buena parte de la semana de Milei, enfrascado en una dura disputa con economistas que considera unos \u201ceconochantas\u201d, algo as\u00ed como \u201cpoco serios\u201d, por utilizar una traducci\u00f3n amable. El fin de semana, el presidente public\u00f3 una columna de opini\u00f3n en el diario<i>\u00a0La Naci\u00f3n\u00a0<\/i>en el que con argumentos t\u00e9cnicos neg\u00f3 que el peso est\u00e9 sobrevaluado. \u201cNaturalmente, bajo el actual modelo no hay d\u00e9ficit fiscal, por lo que por ello no es necesario emitir para financiar al Tesoro, la inflaci\u00f3n es decreciente y las reservas han aumentado\u201d, escribi\u00f3. La cuesti\u00f3n de fondo es convencer a los inversionistas de que en Argentina no habr\u00e1 una devaluaci\u00f3n.<\/p>\n<h3 class=\"\">La pelea con Cavallo, el padre de la convertibilidad<\/h3>\n<p class=\"\">El tono acad\u00e9mico que eligi\u00f3 Milei para su columna de domingo dur\u00f3 menos de 24 horas. En su cruzada por defender su pol\u00edtica de econ\u00f3mica, Milei se enzarz\u00f3 este lunes con un enemigo inesperado: Domingo Cavallo, el ministro de Econom\u00eda del ultraliberal Carlos Menem (1989-1999) y padre de la convertibilidad. \u201cEs un impresentable\u201d, dispar\u00f3 Milei contra quien consideraba, hasta hace solo unos meses, \u201cel mejor ministro de Econom\u00eda de la historia argentina\u201d, un \u201cpr\u00f3cer\u201d al que so\u00f1aba emular.<\/p>\n<p class=\"\">Sucedi\u00f3 que Cavallo hab\u00eda cometido el pecado de la cr\u00edtica. Sostuvo en su blog personal que, a su entender, la apreciaci\u00f3n real del peso es de alrededor del 20%, similar \u201ca la que existi\u00f3 en los tres a\u00f1os finales de la convertibilidad\u201d, previo a la crisis del corralito de diciembre de 2001. \u201cApreciaci\u00f3n real que llev\u00f3 a una deflaci\u00f3n muy costosa, porque transform\u00f3 a la recesi\u00f3n que se hab\u00eda iniciado a fines de 1998 en una verdadera depresi\u00f3n econ\u00f3mica\u201d, agreg\u00f3. Como soluci\u00f3n, Cavallo le recomend\u00f3 a Milei levantar en no m\u00e1s de tres meses el cepo cambiario, antes de que los efectos del \u201cpeso fuerte\u201d afecten a la industria nacional y desalienten las inversiones para exportaci\u00f3n.<\/p>\n<p class=\"\">Milei recogi\u00f3 este lunes el guante y atac\u00f3 con fiereza. \u201c\u00bfC\u00f3mo va a subir el d\u00f3lar si yo le estoy sacando todos los pesos que andan dando vueltas? El d\u00f3lar se tiene que caer como un piano. Le voy a decir, en especial, al impresentable de Cavallo\u201d, dijo durante una entrevista. \u201cEste programa econ\u00f3mico es mucho m\u00e1s exitoso que la convertibilidad porque no tuvimos que tener una hiperinflaci\u00f3n para hacerlo\u201d, dijo, recordando la crisis que en 1989 oblig\u00f3 al presidente Ra\u00fal Alfons\u00edn a adelantar la fecha de entrega del poder a Menem.<\/p>\n<p class=\"\">Para completar sus ataques, Milei orden\u00f3 horas despu\u00e9s expulsar a Sonia Cavallo, hija del exministro, como representante de Argentina ante la Organizaci\u00f3n de Estados Americanos (OEA). \u201cSu pap\u00e1 est\u00e1 todo el tiempo saboteando el programa econ\u00f3mico\u201d, advirti\u00f3 Milei, \u201cy no se puede estar en la misa y en la procesi\u00f3n. O se est\u00e1 de un lado o se est\u00e1 del otro\u201d.<\/p>\n","protected":false},"excerpt":{"rendered":"<p>&nbsp; &#8211; Un comparativo de precios con Brasil, M\u00e9xico, Colombia y Chile muestra las consecuencias de pisar el tipo de cambio como estrategia contra la&hellip;<\/p>\n","protected":false},"author":99,"featured_media":528439,"comment_status":"open","ping_status":"open","sticky":false,"template":"","format":"standard","meta":{"footnotes":""},"categories":[23],"tags":[],"class_list":["post-528438","post","type-post","status-publish","format-standard","has-post-thumbnail","hentry","category-latinoamerica"],"_links":{"self":[{"href":"https:\/\/diarioelpopular.com\/index.php\/wp-json\/wp\/v2\/posts\/528438","targetHints":{"allow":["GET"]}}],"collection":[{"href":"https:\/\/diarioelpopular.com\/index.php\/wp-json\/wp\/v2\/posts"}],"about":[{"href":"https:\/\/diarioelpopular.com\/index.php\/wp-json\/wp\/v2\/types\/post"}],"author":[{"embeddable":true,"href":"https:\/\/diarioelpopular.com\/index.php\/wp-json\/wp\/v2\/users\/99"}],"replies":[{"embeddable":true,"href":"https:\/\/diarioelpopular.com\/index.php\/wp-json\/wp\/v2\/comments?post=528438"}],"version-history":[{"count":1,"href":"https:\/\/diarioelpopular.com\/index.php\/wp-json\/wp\/v2\/posts\/528438\/revisions"}],"predecessor-version":[{"id":528440,"href":"https:\/\/diarioelpopular.com\/index.php\/wp-json\/wp\/v2\/posts\/528438\/revisions\/528440"}],"wp:featuredmedia":[{"embeddable":true,"href":"https:\/\/diarioelpopular.com\/index.php\/wp-json\/wp\/v2\/media\/528439"}],"wp:attachment":[{"href":"https:\/\/diarioelpopular.com\/index.php\/wp-json\/wp\/v2\/media?parent=528438"}],"wp:term":[{"taxonomy":"category","embeddable":true,"href":"https:\/\/diarioelpopular.com\/index.php\/wp-json\/wp\/v2\/categories?post=528438"},{"taxonomy":"post_tag","embeddable":true,"href":"https:\/\/diarioelpopular.com\/index.php\/wp-json\/wp\/v2\/tags?post=528438"}],"curies":[{"name":"wp","href":"https:\/\/api.w.org\/{rel}","templated":true}]}}