{"id":528477,"date":"2025-02-12T10:26:48","date_gmt":"2025-02-12T14:26:48","guid":{"rendered":"https:\/\/diarioelpopular.com\/?p=528477"},"modified":"2025-02-12T10:26:48","modified_gmt":"2025-02-12T14:26:48","slug":"estamos-acostumbrados-a-ver-america-latina-como-muchos-paises-con-sus-traumas-y-sus-fronteras-pero-yo-creo-que-es-el-unico-continente-que-es-una-nacion","status":"publish","type":"post","link":"https:\/\/diarioelpopular.com\/index.php\/2025\/02\/12\/estamos-acostumbrados-a-ver-america-latina-como-muchos-paises-con-sus-traumas-y-sus-fronteras-pero-yo-creo-que-es-el-unico-continente-que-es-una-nacion\/","title":{"rendered":"&#8220;Estamos acostumbrados a ver Am\u00e9rica Latina como muchos pa\u00edses con sus traumas y sus fronteras, pero yo creo que es el \u00fanico continente que es una naci\u00f3n&#8221;"},"content":{"rendered":"<div id=\"attachment_528478\" style=\"width: 646px\" class=\"wp-caption alignnone\"><img loading=\"lazy\" decoding=\"async\" aria-describedby=\"caption-attachment-528478\" class=\"wp-image-528478 size-custom-full-size\" src=\"https:\/\/diarioelpopular.com\/wp-content\/uploads\/2025\/02\/Screen-Shot-2025-02-12-at-9.26.16-AM-636x360.png\" alt=\"\" width=\"636\" height=\"360\" srcset=\"https:\/\/diarioelpopular.com\/wp-content\/uploads\/2025\/02\/Screen-Shot-2025-02-12-at-9.26.16-AM-636x360.png 636w, https:\/\/diarioelpopular.com\/wp-content\/uploads\/2025\/02\/Screen-Shot-2025-02-12-at-9.26.16-AM-300x170.png 300w, https:\/\/diarioelpopular.com\/wp-content\/uploads\/2025\/02\/Screen-Shot-2025-02-12-at-9.26.16-AM-768x435.png 768w, https:\/\/diarioelpopular.com\/wp-content\/uploads\/2025\/02\/Screen-Shot-2025-02-12-at-9.26.16-AM-129x73.png 129w, https:\/\/diarioelpopular.com\/wp-content\/uploads\/2025\/02\/Screen-Shot-2025-02-12-at-9.26.16-AM.png 1024w\" sizes=\"auto, (max-width: 636px) 100vw, 636px\" \/><p id=\"caption-attachment-528478\" class=\"wp-caption-text\">La pol\u00edtica de mano dura de la administraci\u00f3n Trump est\u00e1 causando resentimiento en Am\u00e9rica Latina.<\/p><\/div>\n<p>&nbsp;<\/p>\n<div class=\"bbc-19j92fr ebmt73l0\" dir=\"ltr\">\n<ul>\n<li class=\"bbc-hhl7in e17g058b0\" dir=\"ltr\"><em><b>En las \u00faltimas 16 elecciones celebradas en Am\u00e9rica Latina casi siempre ha ganado el partido opositor.<\/b><\/em><\/li>\n<\/ul>\n<\/div>\n<div class=\"bbc-19j92fr ebmt73l0\" dir=\"ltr\">\n<p dir=\"ltr\">\n<p class=\"bbc-hhl7in e17g058b0\" dir=\"ltr\">Paraguay y M\u00e9xico se cuentan entre las pocas excepciones. Pero en casi todos los comicios entre 2021 y 2023, se repitieron las mismas caracter\u00edsticas: el voto de castigo al oficialismo, los ciclos pol\u00edticos m\u00e1s cortos y el aumento de la desconfianza.<\/p>\n<\/div>\n<div class=\"bbc-19j92fr ebmt73l0\" dir=\"ltr\">\n<p class=\"bbc-hhl7in e17g058b0\" dir=\"ltr\">Y aunque, seg\u00fan el Informe Latinobar\u00f3metro, el apoyo a la democracia en el continente subi\u00f3 4 puntos porcentuales llegando al 52% en 2024, cada vez hay m\u00e1s ciudadanos que se muestran indiferentes al tipo de gobierno.<\/p>\n<\/div>\n<div class=\"bbc-19j92fr ebmt73l0\" dir=\"ltr\">\n<p class=\"bbc-hhl7in e17g058b0\" dir=\"ltr\">Entre 2010 y 2023 aumentaron de un 16% a un 28% los latinoamericanos que opinan que &#8220;da lo mismo un r\u00e9gimen democr\u00e1tico que uno no democr\u00e1tico&#8221;.<\/p>\n<\/div>\n<div class=\"bbc-19j92fr ebmt73l0\" dir=\"ltr\">\n<p class=\"bbc-hhl7in e17g058b0\" dir=\"ltr\">Para el polit\u00f3logo colombiano Mauricio Garc\u00eda Villegas, profesor en la Universidad Nacional de Colombia e investigador en la organizaci\u00f3n Dejusticia, Latinoam\u00e9rica est\u00e1 molesta.<\/p>\n<\/div>\n<div class=\"bbc-19j92fr ebmt73l0\" dir=\"ltr\">\n<p class=\"bbc-hhl7in e17g058b0\" dir=\"ltr\">&#8220;La gente encuentra que las instituciones han fracasado en su obligaci\u00f3n de proveer seguridad y justicia, y acaban por decir que se vayan todos y acudiendo a soluciones extremas&#8221;.<\/p>\n<\/div>\n<div class=\"bbc-19j92fr ebmt73l0\" dir=\"ltr\">\n<p class=\"bbc-hhl7in e17g058b0\" dir=\"ltr\">&#8220;Parte de los pesares de Am\u00e9rica Latina se originan en sus emociones tristes y estamos acostumbrados a verla como muchos pa\u00edses, cada uno con sus traumas y sus fronteras, pero yo creo que este es el \u00fanico continente que es una naci\u00f3n&#8221;, explica en su \u00faltimo libro &#8220;El viejo malestar del Nuevo Mundo&#8221;.<\/p>\n<\/div>\n<div class=\"bbc-19j92fr ebmt73l0\" dir=\"ltr\">\n<p class=\"bbc-hhl7in e17g058b0\" dir=\"ltr\">En \u00e9l explora la historia de Am\u00e9rica Latina desde la perspectiva de las emociones colectivas y muestra c\u00f3mo estas han influido en los problemas sociales y pol\u00edticos del continente. Analiza el papel que el dolor y el odio han ejercido en los asuntos sociales y pol\u00edticos del continente.<\/p>\n<\/div>\n<div class=\"bbc-19j92fr ebmt73l0\" dir=\"ltr\">\n<p class=\"bbc-hhl7in e17g058b0\" dir=\"ltr\">El polit\u00f3logo habl\u00f3 de qu\u00e9 nos une y qu\u00e9 nos separa en Am\u00e9rica Latina.<\/p>\n<p dir=\"ltr\">\n<\/div>\n<figure class=\"bbc-1qn0xuy\">\n<div class=\"bbc-18ywsw9\">\n<div style=\"width: 650px\" class=\"wp-caption alignnone\"><img loading=\"lazy\" decoding=\"async\" class=\"bbc-139onq\" src=\"https:\/\/ichef.bbci.co.uk\/ace\/ws\/640\/cpsprodpb\/8473\/live\/9458b940-e3d0-11ef-8eb3-555562890746.jpg.webp\" sizes=\"auto, (min-width: 1008px) 760px, 100vw\" srcset=\"https:\/\/ichef.bbci.co.uk\/ace\/ws\/240\/cpsprodpb\/8473\/live\/9458b940-e3d0-11ef-8eb3-555562890746.jpg.webp 240w, https:\/\/ichef.bbci.co.uk\/ace\/ws\/320\/cpsprodpb\/8473\/live\/9458b940-e3d0-11ef-8eb3-555562890746.jpg.webp 320w, https:\/\/ichef.bbci.co.uk\/ace\/ws\/480\/cpsprodpb\/8473\/live\/9458b940-e3d0-11ef-8eb3-555562890746.jpg.webp 480w, https:\/\/ichef.bbci.co.uk\/ace\/ws\/624\/cpsprodpb\/8473\/live\/9458b940-e3d0-11ef-8eb3-555562890746.jpg.webp 624w, https:\/\/ichef.bbci.co.uk\/ace\/ws\/640\/cpsprodpb\/8473\/live\/9458b940-e3d0-11ef-8eb3-555562890746.jpg.webp 640w\" alt=\"Fotograf\u00eda del autor y divulgador colombiano Mauricio Garc\u00eda Villegas, autor de &quot;El pa\u00eds de las emociones tristes&quot;.\" width=\"640\" height=\"360\" \/><p class=\"wp-caption-text\">Fuente de la imagen,Emilio Garc\u00eda Aranzazu.\u00a0\u00a0La desuni\u00f3n y la debilidad provocan que Am\u00e9rica Latina siga siendo el continente olvidado.<\/p><\/div>\n<\/div>\n<\/figure>\n<figure class=\"bbc-1qn0xuy\">\n<div class=\"bbc-18ywsw9\"><img loading=\"lazy\" decoding=\"async\" class=\"bbc-139onq\" src=\"https:\/\/ichef.bbci.co.uk\/ace\/ws\/640\/cpsprodpb\/2dbb\/live\/360dada0-e3d5-11ef-a819-277e390a7a08.png.webp\" sizes=\"auto, (min-width: 1008px) 760px, 100vw\" srcset=\"https:\/\/ichef.bbci.co.uk\/ace\/ws\/240\/cpsprodpb\/2dbb\/live\/360dada0-e3d5-11ef-a819-277e390a7a08.png.webp 240w, https:\/\/ichef.bbci.co.uk\/ace\/ws\/320\/cpsprodpb\/2dbb\/live\/360dada0-e3d5-11ef-a819-277e390a7a08.png.webp 320w, https:\/\/ichef.bbci.co.uk\/ace\/ws\/480\/cpsprodpb\/2dbb\/live\/360dada0-e3d5-11ef-a819-277e390a7a08.png.webp 480w, https:\/\/ichef.bbci.co.uk\/ace\/ws\/624\/cpsprodpb\/2dbb\/live\/360dada0-e3d5-11ef-a819-277e390a7a08.png.webp 624w, https:\/\/ichef.bbci.co.uk\/ace\/ws\/800\/cpsprodpb\/2dbb\/live\/360dada0-e3d5-11ef-a819-277e390a7a08.png.webp 800w\" alt=\"Linea\" width=\"800\" height=\"100\" \/><\/div>\n<\/figure>\n<div class=\"bbc-19j92fr ebmt73l0\" dir=\"ltr\">\n<p class=\"bbc-hhl7in e17g058b0\" dir=\"ltr\"><b>Le he o\u00eddo hablar de que Am\u00e9rica Latina est\u00e1 un poco en el olvido y que necesita muchas cosas, pero sobre todo unirse. Y no s\u00e9 si esto es un poco utop\u00eda o realmente es posible una unidad latinoamericana.<\/b><\/p>\n<\/div>\n<div class=\"bbc-19j92fr ebmt73l0\" dir=\"ltr\">\n<p class=\"bbc-hhl7in e17g058b0\" dir=\"ltr\">S\u00ed, sin duda hay algo de utop\u00eda en eso. Pero el hecho de que algo sea muy dif\u00edcil no quiere decir que no sea la soluci\u00f3n. La idea de unidad latinoamericana no es nueva. Viene de muy atr\u00e1s.<\/p>\n<\/div>\n<div class=\"bbc-19j92fr ebmt73l0\" dir=\"ltr\">\n<p class=\"bbc-hhl7in e17g058b0\" dir=\"ltr\">Empez\u00f3 en el siglo XVIII, en torno a 1775, cuando los jesuitas fueron expulsados de Am\u00e9rica. Y al dispersarse por el mundo empezaron a hablar de los pueblos de Am\u00e9rica Latina, de sus costumbres, de la unidad geogr\u00e1fica. De ah\u00ed surgi\u00f3 la idea del americanismo.<\/p>\n<\/div>\n<div class=\"bbc-19j92fr ebmt73l0\" dir=\"ltr\">\n<p class=\"bbc-hhl7in e17g058b0\" dir=\"ltr\">Despu\u00e9s pas\u00f3 por este territorio el naturalista alem\u00e1n Alexander von Humboldt, y tambi\u00e9n dec\u00eda algo parecido. M\u00e1s tarde vendr\u00eda Bol\u00edvar y otros pr\u00f3ceres de la independencia, que tambi\u00e9n dijeron que este era el mismo pueblo, la misma naci\u00f3n.<\/p>\n<\/div>\n<div class=\"bbc-19j92fr ebmt73l0\" dir=\"ltr\">\n<p class=\"bbc-hhl7in e17g058b0\" dir=\"ltr\">Entonces, yo lo que hago es retomar esa idea. Hemos vivido incluso m\u00e1s tiempo como unidad pol\u00edtica bajo el mando de Espa\u00f1a que dispersos en distintas rep\u00fablicas. Es una misma naci\u00f3n, con la misma cultura, la misma religi\u00f3n, la misma manera de pensar.<\/p>\n<\/div>\n<div class=\"bbc-19j92fr ebmt73l0\" dir=\"ltr\">\n<p class=\"bbc-hhl7in e17g058b0\" dir=\"ltr\"><b>\u00bfY qu\u00e9 implica eso?<\/b><\/p>\n<\/div>\n<div class=\"bbc-19j92fr ebmt73l0\" dir=\"ltr\">\n<p class=\"bbc-hhl7in e17g058b0\" dir=\"ltr\">Eso explica que tengamos los mismos problemas de corrupci\u00f3n, de falta de Estado, la misma manera de ver el mundo, el mismo aprecio por la familia, el mismo menosprecio por lo p\u00fablico, la misma idea de justicia, etc\u00e9tera.<\/p>\n<\/div>\n<div class=\"bbc-19j92fr ebmt73l0\" dir=\"ltr\">\n<p class=\"bbc-hhl7in e17g058b0\" dir=\"ltr\">No hay otro territorio del mundo que tenga esas caracter\u00edsticas de tanta gente unida por la misma religi\u00f3n, la misma lengua, la misma cultura, el mismo pasado, y que, sin embargo, est\u00e9 tan dividida.<\/p>\n<\/div>\n<div class=\"bbc-19j92fr ebmt73l0\" dir=\"ltr\">\n<p class=\"bbc-hhl7in e17g058b0\" dir=\"ltr\">Parte de nuestros problemas y de nuestra debilidad, el hecho de que seamos el continente olvidado, vienes de esa falta de unidad, incluso entre pa\u00edses muy parecidos.<\/p>\n<\/div>\n<div class=\"bbc-19j92fr ebmt73l0\" dir=\"ltr\">\n<p class=\"bbc-hhl7in e17g058b0\" dir=\"ltr\">Si le preguntas a un europeo, la gente que viene de Latinoam\u00e9rica es igual, pero los latinoamericanos se ven distintos unos de los otros. \u00bfC\u00f3mo es posible?<\/p>\n<p dir=\"ltr\">\n<\/div>\n<figure class=\"bbc-1qn0xuy\">\n<div class=\"bbc-18ywsw9\">\n<div style=\"width: 1034px\" class=\"wp-caption alignnone\"><img loading=\"lazy\" decoding=\"async\" class=\"bbc-139onq\" src=\"https:\/\/ichef.bbci.co.uk\/ace\/ws\/640\/cpsprodpb\/ce11\/live\/c4cd40e0-e3e0-11ef-a3e9-f7d24490089c.jpg.webp\" alt=\"Un mexicano trabajando en una f\u00e1brica en Estados Unidos.\" width=\"1024\" height=\"576\" \/><p class=\"wp-caption-text\">Fuente de la imagen,Getty Images.\u00a0En 2023, los hispanos representaron el 19% de la fuerza laboral de Estados Unidos.<\/p><\/div>\n<p class=\"bbc-by8ykd\" role=\"text\">\n<\/div>\n<\/figure>\n<div class=\"bbc-19j92fr ebmt73l0\" dir=\"ltr\">\n<p class=\"bbc-hhl7in e17g058b0\" dir=\"ltr\"><b>Trump ha puesto a Am\u00e9rica Latina en el centro de muchas de sus pol\u00edticas y con una postura dura hacia la regi\u00f3n. \u00bfQuiz\u00e1s esto puede hacer que los pa\u00edses despierten y busquen unirse?<\/b><\/p>\n<\/div>\n<div class=\"bbc-19j92fr ebmt73l0\" dir=\"ltr\">\n<p class=\"bbc-hhl7in e17g058b0\" dir=\"ltr\">Estados Unidos ha tenido una actitud deshonrosa y autoritaria en Am\u00e9rica Latina durante much\u00edsimo tiempo. Yo creo que eso ha cambiado bastante, pero no se puede olvidar.<\/p>\n<\/div>\n<div class=\"bbc-19j92fr ebmt73l0\" dir=\"ltr\">\n<p class=\"bbc-hhl7in e17g058b0\" dir=\"ltr\">La actitud estadounidense con M\u00e9xico ha sido terrible y en general, con Centroam\u00e9rica tambi\u00e9n. Hoy en d\u00eda hay un presidente que menosprecia Am\u00e9rica Latina.<\/p>\n<\/div>\n<div class=\"bbc-19j92fr ebmt73l0\" dir=\"ltr\">\n<p class=\"bbc-hhl7in e17g058b0\" dir=\"ltr\">Por eso la regi\u00f3n se tienen que unir, tiene que fortalecer sus instituciones regionales para tener hacer frente a lo que se viene con Trump.<\/p>\n<\/div>\n<div class=\"bbc-19j92fr ebmt73l0\" dir=\"ltr\">\n<p class=\"bbc-hhl7in e17g058b0\" dir=\"ltr\">Parte la manera desp\u00f3tica con la que Estados Unidos trata Am\u00e9rica Latina tiene que ver con su debilidad, con su dispersi\u00f3n, con la existencia de pa\u00edses muy peque\u00f1os y econ\u00f3micamente muy d\u00e9biles.<\/p>\n<\/div>\n<div class=\"bbc-19j92fr ebmt73l0\" dir=\"ltr\">\n<p class=\"bbc-hhl7in e17g058b0\" dir=\"ltr\">Esa dispersi\u00f3n solo contribuye a nuestro fracaso y por eso nuestro poderoso vecino hace y deshace con nosotros.<\/p>\n<\/div>\n<div class=\"bbc-19j92fr ebmt73l0\" dir=\"ltr\">\n<p class=\"bbc-hhl7in e17g058b0\" dir=\"ltr\"><b>\u00bfPor qu\u00e9 ese menosprecio?<\/b><\/p>\n<\/div>\n<div class=\"bbc-19j92fr ebmt73l0\" dir=\"ltr\">\n<p class=\"bbc-hhl7in e17g058b0\" dir=\"ltr\">El menosprecio no es de todos los estadounidenses ni de todos los gobiernos. Pero en t\u00e9rminos generales tiene muchas causas que van desde actitudes racistas o pseudo-racistas, como lo vemos hoy en d\u00eda con el gobierno de Trump, hasta desconocimiento sobre lo que es Am\u00e9rica Latina.<\/p>\n<\/div>\n<div class=\"bbc-19j92fr ebmt73l0\" dir=\"ltr\">\n<p class=\"bbc-hhl7in e17g058b0\" dir=\"ltr\">Y a eso se suma la debilidad de la regi\u00f3n y la tendencia global de fortalecer el inter\u00e9s nacional. Esto es lo que hace que el gobierno de Estados Unidos no tenga ning\u00fan inconveniente en ponernos reglas que los benefician a ellos y nos perjudican a nosotros.<\/p>\n<\/div>\n<div class=\"bbc-19j92fr ebmt73l0\" dir=\"ltr\">\n<p class=\"bbc-hhl7in e17g058b0\" dir=\"ltr\">Sigue habiendo algo de ese concepto de que Am\u00e9rica Latina es el patio trasero de Estados Unidos, y eso es lamentable.<\/p>\n<p dir=\"ltr\">\n<\/div>\n<figure class=\"bbc-1qn0xuy\">\n<div class=\"bbc-18ywsw9\">\n<p><img loading=\"lazy\" decoding=\"async\" class=\"bbc-139onq\" src=\"https:\/\/ichef.bbci.co.uk\/ace\/ws\/640\/cpsprodpb\/2cdb\/live\/2159e130-e3bc-11ef-a990-7962565c5313.jpg.webp\" alt=\"Portada del libro\" width=\"650\" height=\"975\" \/><\/p>\n<p class=\"bbc-by8ykd\" role=\"text\">\n<\/div>\n<\/figure>\n<div class=\"bbc-19j92fr ebmt73l0\" dir=\"ltr\">\n<p dir=\"ltr\">\n<p class=\"bbc-hhl7in e17g058b0\" dir=\"ltr\"><b>\u00bfQu\u00e9 le espera a Am\u00e9rica Latina en los pr\u00f3ximos a\u00f1os?<\/b><\/p>\n<\/div>\n<div class=\"bbc-19j92fr ebmt73l0\" dir=\"ltr\">\n<p class=\"bbc-hhl7in e17g058b0\" dir=\"ltr\">No tengo una bola de cristal, pero s\u00ed creo que el resentimiento es muy importante. Si hablamos de las emociones, el resentimiento es muy importante en el devenir de la pol\u00edtica.<\/p>\n<\/div>\n<div class=\"bbc-19j92fr ebmt73l0\" dir=\"ltr\">\n<p class=\"bbc-hhl7in e17g058b0\" dir=\"ltr\">Marx dec\u00eda que la violencia era la partera de la historia. Yo creo que la partera de la historia realmente es el resentimiento, porque mueve a los pueblos de manera muy fuerte.<\/p>\n<\/div>\n<div class=\"bbc-19j92fr ebmt73l0\" dir=\"ltr\">\n<p class=\"bbc-hhl7in e17g058b0\" dir=\"ltr\">Entonces, si la pol\u00edtica de los Estados Unidos se vuelve mucho m\u00e1s desp\u00f3tica e indigna de lo que ha sido en el pasado, es posible que eso una a los latinoamericanos y que eso ayude a esa unidad que yo tanto anhelo, pero habr\u00e1 que verlo.<\/p>\n<\/div>\n<div class=\"bbc-19j92fr ebmt73l0\" dir=\"ltr\">\n<p class=\"bbc-hhl7in e17g058b0\" dir=\"ltr\"><b>Hablando en positivo, \u00bfqu\u00e9 tienen en com\u00fan los latinoamericanos?<\/b><\/p>\n<\/div>\n<div class=\"bbc-19j92fr ebmt73l0\" dir=\"ltr\">\n<p class=\"bbc-hhl7in e17g058b0\" dir=\"ltr\">Tienen en com\u00fan much\u00edsimas cosas, empezando por la lengua, que no es poco.<\/p>\n<\/div>\n<div class=\"bbc-19j92fr ebmt73l0\" dir=\"ltr\">\n<p class=\"bbc-hhl7in e17g058b0\" dir=\"ltr\">Tienen un pasado igual, una misma manera de ver el mundo con unos valores similares, una misma manera de entender lo que es justo y lo que es injusto, de valorar la familia, de valorar lo p\u00fablico, de valorar las relaciones humanas.<\/p>\n<\/div>\n<div class=\"bbc-19j92fr ebmt73l0\" dir=\"ltr\">\n<p class=\"bbc-hhl7in e17g058b0\" dir=\"ltr\"><b>\u00bfY en este marco c\u00f3mo encaja la relaci\u00f3n con Espa\u00f1a?<\/b><\/p>\n<\/div>\n<div class=\"bbc-19j92fr ebmt73l0\" dir=\"ltr\">\n<p class=\"bbc-hhl7in e17g058b0\" dir=\"ltr\">Hay una relaci\u00f3n un poco amor-odio. La historia de Espa\u00f1a con Latinoam\u00e9rica es una historia muy larga y muy compleja, pero continuamos atrapados en esas versiones extremas sobre lo que ocurri\u00f3, que crean ruido y distorsionan la relaci\u00f3n.<\/p>\n<\/div>\n<div class=\"bbc-19j92fr ebmt73l0\" dir=\"ltr\">\n<p class=\"bbc-hhl7in e17g058b0\" dir=\"ltr\">En mi libro sostengo que los latinoamericanos somos m\u00e1s como los espa\u00f1oles del barroco, con lo que eso implica.<\/p>\n<\/div>\n<div class=\"bbc-19j92fr ebmt73l0\" dir=\"ltr\">\n<p class=\"bbc-hhl7in e17g058b0\" dir=\"ltr\">El barroco fue una \u00e9poca en la que la distinci\u00f3n entre so\u00f1ar y estar despierto era confusa, era dif\u00edcil de establecer.<\/p>\n<\/div>\n<div class=\"bbc-19j92fr ebmt73l0\" dir=\"ltr\">\n<p class=\"bbc-hhl7in e17g058b0\" dir=\"ltr\">Los personajes del barroco, Segismundo, El Quijote, etc\u00e9tera, viv\u00edan so\u00f1ando y so\u00f1aban viviendo de tal manera que eran presas de delirios y de ilusiones, y su vida la acomodaban a su mente.<\/p>\n<p dir=\"ltr\">\n<\/div>\n<figure class=\"bbc-1qn0xuy\">\n<div class=\"bbc-18ywsw9\">\n<div style=\"width: 1034px\" class=\"wp-caption alignnone\"><img loading=\"lazy\" decoding=\"async\" class=\"bbc-139onq\" src=\"https:\/\/ichef.bbci.co.uk\/ace\/ws\/640\/cpsprodpb\/e258\/live\/094f6680-e3e1-11ef-a3e9-f7d24490089c.jpg.webp\" alt=\"Una mujer lleva una pancarta que dice &quot;Stop the hate. Seguimos aqu\u00ed&quot;\" width=\"1024\" height=\"576\" \/><p class=\"wp-caption-text\">Fuente de la imagen,Getty Images.\u00a0\u00a0&#8220;Si la pol\u00edtica de los Estados Unidos se vuelve mucho m\u00e1s desp\u00f3tica e indigna, es posible que eso una a los latinoamericanos&#8221;, dice Garc\u00eda Villegas.<\/p><\/div>\n<\/div>\n<\/figure>\n<div class=\"bbc-19j92fr ebmt73l0\" dir=\"ltr\">\n<p dir=\"ltr\">\n<p class=\"bbc-hhl7in e17g058b0\" dir=\"ltr\">No ten\u00edan, como tuvieron los modernos, esa actitud de acomodar la mente a los hechos. Cuando los hechos cambiaban, los modernos se adaptaban.<\/p>\n<\/div>\n<div class=\"bbc-19j92fr ebmt73l0\" dir=\"ltr\">\n<p class=\"bbc-hhl7in e17g058b0\" dir=\"ltr\">No, el barroco adapta los hechos a su imaginario, a sus obsesiones. Y as\u00ed somos los latinoamericanos. Y por eso en Am\u00e9rica Latina ha prosperado tanto el populismo y las campa\u00f1as idealistas y ut\u00f3picas que han terminado muchas veces en sangre y en tragedia.<\/p>\n<\/div>\n<div class=\"bbc-19j92fr ebmt73l0\" dir=\"ltr\">\n<p class=\"bbc-hhl7in e17g058b0\" dir=\"ltr\">Mientras Espa\u00f1a se volvi\u00f3 europea, Am\u00e9rica Latina se qued\u00f3 enquistada en sus din\u00e1micas del siglo XIX.<\/p>\n<\/div>\n<div class=\"bbc-19j92fr ebmt73l0\" dir=\"ltr\">\n<p class=\"bbc-hhl7in e17g058b0\" dir=\"ltr\"><b>\u00bfQu\u00e9 peso tienen esas emociones de las que hablas en tu libro en la polarizaci\u00f3n pol\u00edtica por la que atraviesan ahora muchos pa\u00edses de Am\u00e9rica Latina?<\/b><\/p>\n<\/div>\n<div class=\"bbc-19j92fr ebmt73l0\" dir=\"ltr\">\n<p class=\"bbc-hhl7in e17g058b0\" dir=\"ltr\">En mi libro anterior &#8220;El Pa\u00eds de las Emociones Tristes&#8221; explico c\u00f3mo la gente suele analizar los fen\u00f3menos pol\u00edticos a partir de los enfrentamientos ideol\u00f3gicos.<\/p>\n<\/div>\n<div class=\"bbc-19j92fr ebmt73l0\" dir=\"ltr\">\n<p class=\"bbc-hhl7in e17g058b0\" dir=\"ltr\">Entonces, unos son de izquierda y otros son de derecha, unos son marxistas y otros son libertarios. Y yo creo que hay que ir al fondo del asunto. Y ah\u00ed es donde est\u00e1n las emociones.<\/p>\n<\/div>\n<div class=\"bbc-19j92fr ebmt73l0\" dir=\"ltr\">\n<p class=\"bbc-hhl7in e17g058b0\" dir=\"ltr\">Am\u00e9rica Latina est\u00e1 llena de buenos proyectos, de buenas Constituciones, de empresas que muchas veces terminaron malogradas por las emociones, y en particular las emociones tristes que son el odio, la venganza, la envidia, el resentimiento.<\/p>\n<\/div>\n<div class=\"bbc-19j92fr ebmt73l0\" dir=\"ltr\">\n<p class=\"bbc-hhl7in e17g058b0\" dir=\"ltr\">Esas emociones han sido determinantes en la suerte de los pa\u00edses.<\/p>\n<\/div>\n<div class=\"bbc-19j92fr ebmt73l0\" dir=\"ltr\">\n<p class=\"bbc-hhl7in e17g058b0\" dir=\"ltr\">Gente con la misma ideolog\u00eda, pero con odio y envidia, han terminado en disputas tremendas. Est\u00e1 pasando hoy en Bolivia, en Colombia.<\/p>\n<\/div>\n<div class=\"bbc-19j92fr ebmt73l0\" dir=\"ltr\">\n<p class=\"bbc-hhl7in e17g058b0\" dir=\"ltr\">Los griegos se preguntan tras la guerra de Troya c\u00f3mo era posible que la venganza los hubiera llevado a esa situaci\u00f3n tan terrible. Ellos sab\u00edan muy bien que para evitar esas emociones y esas venganzas, hab\u00eda que tener reglas e instituciones.<\/p>\n<\/div>\n<div class=\"bbc-19j92fr ebmt73l0\" dir=\"ltr\">\n<p class=\"bbc-hhl7in e17g058b0\" dir=\"ltr\"><b>\u00bfY c\u00f3mo podemos definir las instituciones de Am\u00e9rica Latina hoy en d\u00eda?<\/b><\/p>\n<\/div>\n<div class=\"bbc-19j92fr ebmt73l0\" dir=\"ltr\">\n<p class=\"bbc-hhl7in e17g058b0\" dir=\"ltr\">Lo que ha fallado en la regi\u00f3n, en buena parte, son las instituciones. Cuando lleg\u00f3 la independencia, llegaron los caudillos, los populistas de antes, y crearon Estados desp\u00f3ticos que exacerbaron y aumentaron las emociones tristes.<\/p>\n<\/div>\n<div class=\"bbc-19j92fr ebmt73l0\" dir=\"ltr\">\n<p class=\"bbc-hhl7in e17g058b0\" dir=\"ltr\">Entonces, todos los pa\u00edses deben encontrar un equilibrio entre emociones y reglas que permitan matizar o ignorar las emociones tristes.<\/p>\n<\/div>\n<div class=\"bbc-19j92fr ebmt73l0\" dir=\"ltr\">\n<p class=\"bbc-hhl7in e17g058b0\" dir=\"ltr\">Y eso es lo que no ha funcionado bien en Am\u00e9rica Latina: ni la cultura que debilita las emociones tristes, ni una cultura en contra del dogmatismo y de los odios y de las venganzas, ni tampoco un Estado que logre poner orden y que aminore esas emociones tristes.<\/p>\n<\/div>\n<div class=\"bbc-19j92fr ebmt73l0\" dir=\"ltr\">\n<p class=\"bbc-hhl7in e17g058b0\" dir=\"ltr\">Hemos fallado por el lado de las emociones y por el lado de las reglas.<\/p>\n<\/div>\n","protected":false},"excerpt":{"rendered":"<p>&nbsp; En las \u00faltimas 16 elecciones celebradas en Am\u00e9rica Latina casi siempre ha ganado el partido opositor. Paraguay y M\u00e9xico se cuentan entre las pocas&hellip;<\/p>\n","protected":false},"author":99,"featured_media":528478,"comment_status":"open","ping_status":"open","sticky":false,"template":"","format":"standard","meta":{"footnotes":""},"categories":[23],"tags":[],"class_list":["post-528477","post","type-post","status-publish","format-standard","has-post-thumbnail","hentry","category-latinoamerica"],"_links":{"self":[{"href":"https:\/\/diarioelpopular.com\/index.php\/wp-json\/wp\/v2\/posts\/528477","targetHints":{"allow":["GET"]}}],"collection":[{"href":"https:\/\/diarioelpopular.com\/index.php\/wp-json\/wp\/v2\/posts"}],"about":[{"href":"https:\/\/diarioelpopular.com\/index.php\/wp-json\/wp\/v2\/types\/post"}],"author":[{"embeddable":true,"href":"https:\/\/diarioelpopular.com\/index.php\/wp-json\/wp\/v2\/users\/99"}],"replies":[{"embeddable":true,"href":"https:\/\/diarioelpopular.com\/index.php\/wp-json\/wp\/v2\/comments?post=528477"}],"version-history":[{"count":1,"href":"https:\/\/diarioelpopular.com\/index.php\/wp-json\/wp\/v2\/posts\/528477\/revisions"}],"predecessor-version":[{"id":528479,"href":"https:\/\/diarioelpopular.com\/index.php\/wp-json\/wp\/v2\/posts\/528477\/revisions\/528479"}],"wp:featuredmedia":[{"embeddable":true,"href":"https:\/\/diarioelpopular.com\/index.php\/wp-json\/wp\/v2\/media\/528478"}],"wp:attachment":[{"href":"https:\/\/diarioelpopular.com\/index.php\/wp-json\/wp\/v2\/media?parent=528477"}],"wp:term":[{"taxonomy":"category","embeddable":true,"href":"https:\/\/diarioelpopular.com\/index.php\/wp-json\/wp\/v2\/categories?post=528477"},{"taxonomy":"post_tag","embeddable":true,"href":"https:\/\/diarioelpopular.com\/index.php\/wp-json\/wp\/v2\/tags?post=528477"}],"curies":[{"name":"wp","href":"https:\/\/api.w.org\/{rel}","templated":true}]}}