{"id":528480,"date":"2025-02-12T10:30:00","date_gmt":"2025-02-12T14:30:00","guid":{"rendered":"https:\/\/diarioelpopular.com\/?p=528480"},"modified":"2025-02-12T10:30:00","modified_gmt":"2025-02-12T14:30:00","slug":"grupos-religiosos-cristianos-y-judios-se-unen-en-una-demanda-contra-las-detenciones-de-migrantes-en-lugares-de-culto","status":"publish","type":"post","link":"https:\/\/diarioelpopular.com\/index.php\/2025\/02\/12\/grupos-religiosos-cristianos-y-judios-se-unen-en-una-demanda-contra-las-detenciones-de-migrantes-en-lugares-de-culto\/","title":{"rendered":"Grupos religiosos cristianos y jud\u00edos se unen en una demanda contra las detenciones de migrantes en lugares de culto"},"content":{"rendered":"<div id=\"attachment_528481\" style=\"width: 646px\" class=\"wp-caption alignnone\"><img loading=\"lazy\" decoding=\"async\" aria-describedby=\"caption-attachment-528481\" class=\"wp-image-528481 size-custom-full-size\" src=\"https:\/\/diarioelpopular.com\/wp-content\/uploads\/2025\/02\/Screen-Shot-2025-02-12-at-9.29.25-AM-636x406.png\" alt=\"\" width=\"636\" height=\"406\" srcset=\"https:\/\/diarioelpopular.com\/wp-content\/uploads\/2025\/02\/Screen-Shot-2025-02-12-at-9.29.25-AM-636x406.png 636w, https:\/\/diarioelpopular.com\/wp-content\/uploads\/2025\/02\/Screen-Shot-2025-02-12-at-9.29.25-AM-300x191.png 300w, https:\/\/diarioelpopular.com\/wp-content\/uploads\/2025\/02\/Screen-Shot-2025-02-12-at-9.29.25-AM-768x490.png 768w, https:\/\/diarioelpopular.com\/wp-content\/uploads\/2025\/02\/Screen-Shot-2025-02-12-at-9.29.25-AM-85x55.png 85w, https:\/\/diarioelpopular.com\/wp-content\/uploads\/2025\/02\/Screen-Shot-2025-02-12-at-9.29.25-AM-1200x765.png 1200w, https:\/\/diarioelpopular.com\/wp-content\/uploads\/2025\/02\/Screen-Shot-2025-02-12-at-9.29.25-AM-114x73.png 114w, https:\/\/diarioelpopular.com\/wp-content\/uploads\/2025\/02\/Screen-Shot-2025-02-12-at-9.29.25-AM.png 1024w\" sizes=\"auto, (max-width: 636px) 100vw, 636px\" \/><p id=\"caption-attachment-528481\" class=\"wp-caption-text\">Personas se re\u00fanen durante un servicio en la Iglesia Comunitaria Starting Point, que asiste a miembros de la comunidad migrante, en Chicago, Illinois, el 26 de enero. Vincent Alban (REUTERS)<\/p><\/div>\n<p>&nbsp;<\/p>\n<p>&nbsp;<\/p>\n<h4 class=\"a_st\"><em>&#8211; Los demandantes alegan que la actuaci\u00f3n de la polic\u00eda migratoria en iglesias y sinagogas ha desatado el miedo entre los feligreses y viola el derecho constitucional de la libertad religiosa<\/em><\/h4>\n<p>&nbsp;<\/p>\n<p class=\"\">M\u00e1s de dos docenas de grupos religiosos cristianos y jud\u00edos, que aglutinan a millones de fieles en Estados Unidos, presentaron este martes una demanda en un tribunal federal del Distrito de Columbia en contra de<a href=\"https:\/\/elpais.com\/us\/2025-02-03\/cuotas-supuestas-redadas-y-mucho-caos-trump-suma-dos-semanas-de-terror-como-politica-migratoria.html\" data-link-track-dtm=\"\" data-mrf-link=\"https:\/\/elpais.com\/us\/2025-02-03\/cuotas-supuestas-redadas-y-mucho-caos-trump-suma-dos-semanas-de-terror-como-politica-migratoria.html\">\u00a0la campa\u00f1a de deportaciones de Donald Trump,<\/a>\u00a0que permite a los agentes de inmigraci\u00f3n entrar en los lugares de culto para realizar las detenciones.<\/p>\n<p class=\"\">Los demandantes, entre los que se encuentran la Iglesia Menonita, la Iglesia Presbiteriana, la Iglesia Episcopal, la Red Nacional Latino Cristiana, la Conferencia Central de Rabinos Americanos y la Convenci\u00f3n Bautista Hispana de Texas, denuncian que la intromisi\u00f3n de las fuerzas de seguridad en sus templos para detener a migrantes viola la Primera Enmienda de la Constituci\u00f3n, que garantiza la libertad de culto.<\/p>\n<p class=\"\">\u201cLas congregaciones est\u00e1n experimentando disminuciones en la asistencia a los cultos y la participaci\u00f3n en los servicios sociales debido al temor a ICE [la Oficina de Inmigraci\u00f3n y Control de Aduanas], y se encuentran en esta posici\u00f3n en la que tienen que elegir si contin\u00faan dando la bienvenida y alentando a las personas indocumentadas a sus lugares de culto de acuerdo con su misi\u00f3n religiosa, sabiendo que las estar\u00e1n exponiendo a la detenci\u00f3n y la deportaci\u00f3n\u201d, argumenta Kelsi Corkran, abogada principal de los demandantes. \u201cCualquiera de las opciones violar\u00eda su ejercicio religioso. Por eso es una violaci\u00f3n de la Ley de Restauraci\u00f3n de la Libertad Religiosa y la Primera Enmienda\u201d, sostiene.<\/p>\n<p class=\"\"><a href=\"https:\/\/www.law.georgetown.edu\/icap\/wp-content\/uploads\/sites\/32\/2025\/02\/Mennonite-Church-USA-v.-U.S.-Department-of-Homeland-Security-Complaint.pdf\" target=\"_blank\" rel=\"noopener\" data-link-track-dtm=\"\" data-mrf-link=\"https:\/\/www.law.georgetown.edu\/icap\/wp-content\/uploads\/sites\/32\/2025\/02\/Mennonite-Church-USA-v.-U.S.-Department-of-Homeland-Security-Complaint.pdf\">La demanda\u00a0<i>Menonita de Estados Unidos contra el Departamento de Seguridad Nacional\u00a0<\/i><\/a>fue interpuesta en Washington D.C. por el Instituto para la Defensa y Protecci\u00f3n Constitucional (ICAP, por sus siglas en ingl\u00e9s) de la Facultad de Derecho de Georgetown. Es la respuesta de los l\u00edderes religiosos a la ofensiva de la Administraci\u00f3n de Trump, que en aras de llevar a cabo\u00a0<a href=\"https:\/\/elpais.com\/america\/2025-02-11\/el-chavismo-comienza-en-estados-unidos-las-primeras-deportaciones-acordadas-entre-trump-y-maduro.html\" data-link-track-dtm=\"\" data-mrf-link=\"https:\/\/elpais.com\/america\/2025-02-11\/el-chavismo-comienza-en-estados-unidos-las-primeras-deportaciones-acordadas-entre-trump-y-maduro.html\">la mayor deportaci\u00f3n de la historia<\/a>\u00a0ha permitido a los agentes de migraci\u00f3n traspasar l\u00edmites que parec\u00edan inviolables.<\/p>\n<p class=\"\">Las iglesias y otros lugares de culto, junto con los hospitales y las escuelas, se han considerado durante d\u00e9cadas \u201clugares sensibles\u201d, lo que les ha mantenido protegidos de las redadas de la polic\u00eda migratoria. Trump levant\u00f3 ese veto nada m\u00e1s llegar a la Casa Blanca, el 20 de enero, y su \u201czar de la frontera\u201d, Tom Homan, ya ha ordenado detenciones en iglesias.<\/p>\n<p class=\"\">La demanda sostiene que la nueva pol\u00edtica est\u00e1 generando miedo, lo que reduce la asistencia a los servicios de culto y otros programas eclesi\u00e1sticos. El resultado es que se infringe la libertad religiosa de los grupos, espec\u00edficamente su capacidad para atender a los migrantes, incluidos aquellos que est\u00e1n en Estados Unidos ilegalmente.<\/p>\n<p class=\"\">\u201cLa Biblia y la teolog\u00eda cristiana y la tradici\u00f3n de la Iglesia es clara y un\u00e1nime, sobre la obligaci\u00f3n de los cristianos de acoger, servir y proteger al inmigrante indocumentado entre nosotros. En nuestro compromiso de seguir las ense\u00f1anzas de Jes\u00fas, afirmamos el mandato y la responsabilidad de Dios de salvaguardar y nutrir a todos los hijos de Dios, sin excepci\u00f3n\u201d, se\u00f1al\u00f3 Carlos Malav\u00e9, presidente de la Red Nacional Cristiana Latina, en una comparecencia conjunta ante los medios.<\/p>\n<p class=\"\">Trump hab\u00eda asegurado que<a href=\"https:\/\/elpais.com\/us\/2025-02-06\/las-propuestas-racistas-no-se-esconden-mil-dolares-por-senalar-a-un-migrante-indocumentado.html#?rel=lom\" data-link-track-dtm=\"\" data-mrf-link=\"https:\/\/elpais.com\/us\/2025-02-06\/las-propuestas-racistas-no-se-esconden-mil-dolares-por-senalar-a-un-migrante-indocumentado.html\">\u00a0las deportaciones<\/a>\u00a0se limitar\u00edan al comienzo a los migrantes con historial delictivo, pero la realidad es que cualquier indocumentado es susceptible de ser deportado. Y en cualquier lugar. Homan, ya declar\u00f3 que las deportaciones se har\u00e1n \u201cen todo el pa\u00eds, sin inhibiciones de ninguna directriz de la Administraci\u00f3n anterior\u201d.<\/p>\n<p class=\"\">Este martes, tambi\u00e9n\u00a0<a href=\"https:\/\/elpais.com\/us\/2024-09-13\/ni-con-harris-ni-con-trump-el-papa-francisco-se-pregunta-quien-es-el-menor-de-los-dos-males.html\" data-link-track-dtm=\"\" data-mrf-link=\"https:\/\/elpais.com\/us\/2024-09-13\/ni-con-harris-ni-con-trump-el-papa-francisco-se-pregunta-quien-es-el-menor-de-los-dos-males.html\">el papa Francisco<\/a>\u00a0envi\u00f3 una carta a los obispos de Estados Unidos en la que critica duramente la pol\u00edtica migratoria de Trump y advierte que \u201clo que se construye a base de fuerza, y no a partir de la verdad sobre la igual dignidad de todo ser humano, mal comienza y mal terminar\u00e1\u201d.<\/p>\n<p class=\"\">La demanda presentada recoge el caso de Wilson Vel\u00e1squez, que fue detenido cuando atend\u00eda un servicio religioso en una iglesia de las afueras de Atlanta. Vel\u00e1squez es hondure\u00f1o y hab\u00eda viajado a Estados Unidos con su esposa y tres ni\u00f1os en 2022, donde solicit\u00f3 asilo nada m\u00e1s cruzar la frontera. Fue liberado tras colocarse un monitor de rastreo GPS en el tobillo. Hab\u00eda asistido a todos los controles requeridos en una oficina de ICE en Atlanta y ten\u00eda una fecha programada para presentar su caso de asilo ante un juez. Los agentes de ICE lo arrestaron y alegaron que estaban \u201cbuscando a personas con brazaletes en los tobillos\u201d.<\/p>\n<p class=\"\">\u201cHay un riesgo directo de intrusi\u00f3n del Gobierno en los espacios sagrados\u201d, asegura el rabino Rick Jacobs, de la Uni\u00f3n del Juda\u00edsmo Reformista. \u201cLa historia del pueblo jud\u00edo es una en la que, debido a la persecuci\u00f3n religiosa, nos vimos obligados, una y otra vez, a huir de las tierras en las que resid\u00edamos. Es por eso que valoramos el compromiso estadounidense con la libertad religiosa, permiti\u00e9ndonos a nosotros y a todas las personas la capacidad de adorar y vivir las ense\u00f1anzas de nuestra fe sin interferencia del Gobierno\u201d, explica.<\/p>\n<p class=\"\">El temor de los demandantes no se limita al allanamiento de sus servicios religiosos. Adem\u00e1s de la gu\u00eda espiritual, muchos de estos grupos ofrecen otros servicios a la comunidad, como clases did\u00e1cticas, entrega de comidas, cuidado infantil, refugio y asesoramiento para los migrantes. El miedo a ser detenidos ya est\u00e1 causando absentismo.<\/p>\n<p class=\"\">El pastor Malav\u00e9 subraya que<a href=\"https:\/\/elpais.com\/us\/migracion\/2025-02-08\/un-dia-sin-inmigrantes-en-estados-unidos-pararia-al-pais.html#?rel=lom\" data-link-track-dtm=\"\" data-mrf-link=\"https:\/\/elpais.com\/us\/migracion\/2025-02-08\/un-dia-sin-inmigrantes-en-estados-unidos-pararia-al-pais.html\">\u00a0los latinos son los m\u00e1s afectados.<\/a>\u00a0\u201cEn todo el pa\u00eds hay iglesias que han estado cancelando diferentes servicios, como clases de ingl\u00e9s como segunda lengua, porque la gente no puede correr el riesgo de ir a esos lugares en este momento\u201d. \u201cMi madre, que tiene 84 a\u00f1os, tiene miedo hasta de ir a Walmart\u201d, sostiene.<\/p>\n","protected":false},"excerpt":{"rendered":"<p>&nbsp; &nbsp; &#8211; Los demandantes alegan que la actuaci\u00f3n de la polic\u00eda migratoria en iglesias y sinagogas ha desatado el miedo entre los feligreses y&hellip;<\/p>\n","protected":false},"author":99,"featured_media":528481,"comment_status":"open","ping_status":"open","sticky":false,"template":"","format":"standard","meta":{"footnotes":""},"categories":[24],"tags":[],"class_list":["post-528480","post","type-post","status-publish","format-standard","has-post-thumbnail","hentry","category-mundo"],"_links":{"self":[{"href":"https:\/\/diarioelpopular.com\/index.php\/wp-json\/wp\/v2\/posts\/528480","targetHints":{"allow":["GET"]}}],"collection":[{"href":"https:\/\/diarioelpopular.com\/index.php\/wp-json\/wp\/v2\/posts"}],"about":[{"href":"https:\/\/diarioelpopular.com\/index.php\/wp-json\/wp\/v2\/types\/post"}],"author":[{"embeddable":true,"href":"https:\/\/diarioelpopular.com\/index.php\/wp-json\/wp\/v2\/users\/99"}],"replies":[{"embeddable":true,"href":"https:\/\/diarioelpopular.com\/index.php\/wp-json\/wp\/v2\/comments?post=528480"}],"version-history":[{"count":1,"href":"https:\/\/diarioelpopular.com\/index.php\/wp-json\/wp\/v2\/posts\/528480\/revisions"}],"predecessor-version":[{"id":528482,"href":"https:\/\/diarioelpopular.com\/index.php\/wp-json\/wp\/v2\/posts\/528480\/revisions\/528482"}],"wp:featuredmedia":[{"embeddable":true,"href":"https:\/\/diarioelpopular.com\/index.php\/wp-json\/wp\/v2\/media\/528481"}],"wp:attachment":[{"href":"https:\/\/diarioelpopular.com\/index.php\/wp-json\/wp\/v2\/media?parent=528480"}],"wp:term":[{"taxonomy":"category","embeddable":true,"href":"https:\/\/diarioelpopular.com\/index.php\/wp-json\/wp\/v2\/categories?post=528480"},{"taxonomy":"post_tag","embeddable":true,"href":"https:\/\/diarioelpopular.com\/index.php\/wp-json\/wp\/v2\/tags?post=528480"}],"curies":[{"name":"wp","href":"https:\/\/api.w.org\/{rel}","templated":true}]}}