{"id":528503,"date":"2025-02-13T10:21:48","date_gmt":"2025-02-13T14:21:48","guid":{"rendered":"https:\/\/diarioelpopular.com\/?p=528503"},"modified":"2025-02-13T10:21:48","modified_gmt":"2025-02-13T14:21:48","slug":"el-partido-de-milei-y-sus-socios-avanzan-en-el-congreso-con-la-ley-que-pretende-excluir-de-la-politica-a-la-convicta-cristina-kirchner","status":"publish","type":"post","link":"https:\/\/diarioelpopular.com\/index.php\/2025\/02\/13\/el-partido-de-milei-y-sus-socios-avanzan-en-el-congreso-con-la-ley-que-pretende-excluir-de-la-politica-a-la-convicta-cristina-kirchner\/","title":{"rendered":"El partido de Milei y sus socios avanzan en el Congreso con la ley que pretende excluir de la pol\u00edtica a la convicta Cristina Kirchner"},"content":{"rendered":"<div id=\"attachment_528505\" style=\"width: 1210px\" class=\"wp-caption alignnone\"><img loading=\"lazy\" decoding=\"async\" aria-describedby=\"caption-attachment-528505\" class=\"wp-image-528505 size-custom-big-size\" src=\"https:\/\/diarioelpopular.com\/wp-content\/uploads\/2025\/02\/Screen-Shot-2025-02-13-at-9.20.57-AM-1200x795.png\" alt=\"\" width=\"1200\" height=\"795\" srcset=\"https:\/\/diarioelpopular.com\/wp-content\/uploads\/2025\/02\/Screen-Shot-2025-02-13-at-9.20.57-AM-1200x795.png 1200w, https:\/\/diarioelpopular.com\/wp-content\/uploads\/2025\/02\/Screen-Shot-2025-02-13-at-9.20.57-AM-300x199.png 300w, https:\/\/diarioelpopular.com\/wp-content\/uploads\/2025\/02\/Screen-Shot-2025-02-13-at-9.20.57-AM-768x509.png 768w, https:\/\/diarioelpopular.com\/wp-content\/uploads\/2025\/02\/Screen-Shot-2025-02-13-at-9.20.57-AM-85x55.png 85w, https:\/\/diarioelpopular.com\/wp-content\/uploads\/2025\/02\/Screen-Shot-2025-02-13-at-9.20.57-AM-636x421.png 636w, https:\/\/diarioelpopular.com\/wp-content\/uploads\/2025\/02\/Screen-Shot-2025-02-13-at-9.20.57-AM-110x73.png 110w, https:\/\/diarioelpopular.com\/wp-content\/uploads\/2025\/02\/Screen-Shot-2025-02-13-at-9.20.57-AM.png 1024w\" sizes=\"auto, (max-width: 1200px) 100vw, 1200px\" \/><p id=\"caption-attachment-528505\" class=\"wp-caption-text\">La C\u00e1mara de Diputados de Argentina, en Buenos Aires, el 11 de septiembre de 2024\u00a0 \u00a0 \u00a0 \u00a0 \u00a0 \u00a0 \u00a0 \u00a0 \u00a0 \u00a0 \u00a0 \u00a0 \u00a0 \u00a0 \u00a0 \u00a0 \u00a0 \u00a0 \u00a0 \u00a0 \u00a0 \u00a0 \u00a0 \u00a0 \u00a0 \u00a0 \u00a0 \u00a0MAXIMILIANO VERNAZZA (EFE) Federico Rivas Molina<\/p><\/div>\n<p>&nbsp;<\/p>\n<p>&nbsp;<\/p>\n<h4 class=\"a_st\"><em>&#8211; Los diputados de la corrupta expresidente consideran que la norma de \u201cficha limpia\u201d, que debe pasar ahora el filtro del Senado, equivale a \u201cuna proscripci\u00f3n\u201d<\/em><\/h4>\n<p>&nbsp;<\/p>\n<p class=\"\">La C\u00e1mara de Diputados de Argentina dio media sanci\u00f3n este mi\u00e9rcoles a una ley de \u201cficha limpia\u201d que impedir\u00e1, en caso de ser aprobada por el Senado, que sean candidatos a cargos electivos quienes tengan una condena por corrupci\u00f3n confirmada por un tribunal de segunda instancia. Tras un debate de m\u00e1s de casi 12 horas, el proyecto enviado al Congreso por el Gobierno de Javier Milei recibi\u00f3 144 votos positivos, 98 negativos y dos abstenciones. El rechazo estuvo a cargo de\u00a0<a href=\"https:\/\/elpais.com\/argentina\/2024-11-18\/cristina-kirchner-vuelve-para-dar-pelea-a-milei.html\" data-link-track-dtm=\"\" data-mrf-link=\"https:\/\/elpais.com\/argentina\/2024-11-18\/cristina-kirchner-vuelve-para-dar-pelea-a-milei.html\">los diputados que responden a Cristina Kirchner,\u00a0<\/a>que consideraron que la norma solo busca la \u201cproscripci\u00f3n pol\u00edtica\u201d de la convicta expresidente.<\/p>\n<p class=\"\">Hasta ahora, un candidato quedaba fuera de carrera si su sentencia era ratificada por la Corte Suprema, un tr\u00e1mite que pod\u00eda demorar a\u00f1os o incluso no concretarse jam\u00e1s. El proyecto de Milei incorpora como novedad que ser\u00e1 suficiente un fallo adverso en la etapa de apelaciones. La \u00fanica salvedad es que la confirmaci\u00f3n deber\u00e1 producirse 180 d\u00edas antes de la celebraci\u00f3n de las elecciones. Como las legislativas de este a\u00f1o son el 26 de octubre, la fecha l\u00edmite ser\u00e1 el 29 de abril. Esa es, justamente, la situaci\u00f3n de Kirchner. El 13 de noviembre pasado,<a href=\"https:\/\/elpais.com\/argentina\/2022-12-11\/la-condena-a-seis-anos-de-carcel-entierra-las-aspiraciones-de-cristina-kirchner-pero-no-su-poder.html\" data-link-track-dtm=\"\" data-mrf-link=\"https:\/\/elpais.com\/argentina\/2022-12-11\/la-condena-a-seis-anos-de-carcel-entierra-las-aspiraciones-de-cristina-kirchner-pero-no-su-poder.html\">\u00a0la c\u00e1mara de Casaci\u00f3n confirm\u00f3 la condena de la expresidente a seis a\u00f1os de c\u00e1rcel<\/a>\u00a0e inhabilitaci\u00f3n perpetua para ejercer cargos p\u00fablicos en la llamada Causa Vialidad.<\/p>\n<p class=\"\">\u201cLe tienen miedo a Cristina, no quieren que se postule\u201d, dijo la diputada kirchnerista Florencia Carignano, antes del inicio del debate. Su bloque defendi\u00f3 en el recinto que se mantenga el esquema vigente, donde la \u00faltima palabra la tiene la Corte Suprema. \u201cNo estamos de acuerdo en un proyecto que violenta el principio de sentencia firme y de presunci\u00f3n de inocencia\u201d, argument\u00f3 la diputada M\u00f3nica Litza.<\/p>\n<p class=\"\">A favor estuvieron los diputados de La Libertad Avanza, que responden a Milei, y los del Pro,\u00a0<a href=\"https:\/\/elpais.com\/argentina\/2025-02-03\/diez-anos-despues-de-llegar-al-gobierno-el-partido-de-macri-debate-como-sobrevivir-a-milei.html\" data-link-track-dtm=\"\" data-mrf-link=\"https:\/\/elpais.com\/argentina\/2025-02-03\/diez-anos-despues-de-llegar-al-gobierno-el-partido-de-macri-debate-como-sobrevivir-a-milei.html\">el partido del expresidente Mauricio Macri, principal aliado de la ultraderecha en el Gobierno.\u00a0<\/a>\u201cHoy votamos impunidad s\u00ed, o impunidad no para el que hace negocios con el Estado. Es incre\u00edble que una persona con dos condenas pueda ser candidata. El que vota en contra hoy, avala la corrupci\u00f3n\u201d, dijo la diputada Mar\u00eda Eugenia Vidal, exgobernadora de Buenos Aires durante la presidencia de Macri. Desde La Libertad Avanza, el partido de Gobierno, apuntaron directamente contra Kirchner, a la que acusaron de buscar impunidad.<\/p>\n<p class=\"\">Cristina Kirchner no tiene en este momento cargo alguno, y por lo tanto no est\u00e1 protegida por fueros en las investigaciones judiciales que enfrenta. Pero sus seguidores no descartan que se postule a diputada o senadora en octubre para dar pelea en la provincia de Buenos Aires, su basti\u00f3n electoral.<\/p>\n<p class=\"\">El Gobierno festej\u00f3 la media sanci\u00f3n obtenida en Diputados. El proyecto, sin embargo, tendr\u00e1 un tr\u00e1mite mucho m\u00e1s complicado en el Senado, donde el kirchnerismo tiene una clara mayor\u00eda. Para la Casa Rosada no ser\u00e1 un problema tan grave como podr\u00eda suponerse. Este fue el tercer intento serio de avanzar con la ley de \u201cficha limpia\u201d en el Congreso, el \u00faltimo en noviembre pasado. La sesi\u00f3n fallida dej\u00f3 muy mal parado a los diputados de la Libertad Avanza,\u00a0<a href=\"https:\/\/elpais.com\/argentina\/2024-11-30\/el-gobierno-de-milei-niega-un-pacto-con-el-kirchnerismo-en-el-congreso.html\" data-link-track-dtm=\"\" data-mrf-link=\"https:\/\/elpais.com\/argentina\/2024-11-30\/el-gobierno-de-milei-niega-un-pacto-con-el-kirchnerismo-en-el-congreso.html\">sospechados entonces de haber pactado con el kirchnerismo\u00a0<\/a>el boicot de la sesi\u00f3n por falta de qu\u00f3rum.<\/p>\n<p class=\"\">Ocho diputados de La Libertad Avanza bloquearon con su ausencia el debate de un proyecto casi id\u00e9ntico al que se trat\u00f3 este mi\u00e9rcoles, pero que llevaba solo la firma del Pro. El jefe de ministros, Guillermo Francos, tuvo que negar un pacto y justific\u00f3 la ausencia de sus diputados al temor de que se tomase la ley como dirigida \u201cexclusivamente\u201d contra Kirchner. Y prometi\u00f3 un nuevo proyecto con algunos \u201cretoques\u201d menores que sirviese \u201cpara todos los casos\u201d. El resultado fue que, de convertirse en ley, la \u201cficha limpia\u201d tambi\u00e9n alcanzar\u00e1 a los ministros, secretarios, diplom\u00e1ticos y hasta directores de empresas estatales, todos cargos elegidos a dedo por el presidente.<\/p>\n","protected":false},"excerpt":{"rendered":"<p>&nbsp; &nbsp; &#8211; Los diputados de la corrupta expresidente consideran que la norma de \u201cficha limpia\u201d, que debe pasar ahora el filtro del Senado, equivale&hellip;<\/p>\n","protected":false},"author":99,"featured_media":528505,"comment_status":"open","ping_status":"open","sticky":false,"template":"","format":"standard","meta":{"footnotes":""},"categories":[23],"tags":[],"class_list":["post-528503","post","type-post","status-publish","format-standard","has-post-thumbnail","hentry","category-latinoamerica"],"_links":{"self":[{"href":"https:\/\/diarioelpopular.com\/index.php\/wp-json\/wp\/v2\/posts\/528503","targetHints":{"allow":["GET"]}}],"collection":[{"href":"https:\/\/diarioelpopular.com\/index.php\/wp-json\/wp\/v2\/posts"}],"about":[{"href":"https:\/\/diarioelpopular.com\/index.php\/wp-json\/wp\/v2\/types\/post"}],"author":[{"embeddable":true,"href":"https:\/\/diarioelpopular.com\/index.php\/wp-json\/wp\/v2\/users\/99"}],"replies":[{"embeddable":true,"href":"https:\/\/diarioelpopular.com\/index.php\/wp-json\/wp\/v2\/comments?post=528503"}],"version-history":[{"count":1,"href":"https:\/\/diarioelpopular.com\/index.php\/wp-json\/wp\/v2\/posts\/528503\/revisions"}],"predecessor-version":[{"id":528506,"href":"https:\/\/diarioelpopular.com\/index.php\/wp-json\/wp\/v2\/posts\/528503\/revisions\/528506"}],"wp:featuredmedia":[{"embeddable":true,"href":"https:\/\/diarioelpopular.com\/index.php\/wp-json\/wp\/v2\/media\/528505"}],"wp:attachment":[{"href":"https:\/\/diarioelpopular.com\/index.php\/wp-json\/wp\/v2\/media?parent=528503"}],"wp:term":[{"taxonomy":"category","embeddable":true,"href":"https:\/\/diarioelpopular.com\/index.php\/wp-json\/wp\/v2\/categories?post=528503"},{"taxonomy":"post_tag","embeddable":true,"href":"https:\/\/diarioelpopular.com\/index.php\/wp-json\/wp\/v2\/tags?post=528503"}],"curies":[{"name":"wp","href":"https:\/\/api.w.org\/{rel}","templated":true}]}}