{"id":528525,"date":"2025-02-14T09:20:16","date_gmt":"2025-02-14T13:20:16","guid":{"rendered":"https:\/\/diarioelpopular.com\/?p=528525"},"modified":"2025-02-14T09:20:16","modified_gmt":"2025-02-14T13:20:16","slug":"canada-en-necesidad-de-un-verdadero-lider-que-entienda-el-problema-y-busque-soluciones-reales","status":"publish","type":"post","link":"https:\/\/diarioelpopular.com\/index.php\/2025\/02\/14\/canada-en-necesidad-de-un-verdadero-lider-que-entienda-el-problema-y-busque-soluciones-reales\/","title":{"rendered":"Canad\u00e1 en necesidad de un verdadero l\u00edder que entienda el problema y busque soluciones reales"},"content":{"rendered":"<div id=\"attachment_528527\" style=\"width: 646px\" class=\"wp-caption alignnone\"><img loading=\"lazy\" decoding=\"async\" aria-describedby=\"caption-attachment-528527\" class=\"wp-image-528527 size-custom-full-size\" src=\"https:\/\/diarioelpopular.com\/wp-content\/uploads\/2025\/02\/Screen-Shot-2025-02-14-at-8.19.00-AM-1-636x480.png\" alt=\"\" width=\"636\" height=\"480\" srcset=\"https:\/\/diarioelpopular.com\/wp-content\/uploads\/2025\/02\/Screen-Shot-2025-02-14-at-8.19.00-AM-1-636x480.png 636w, https:\/\/diarioelpopular.com\/wp-content\/uploads\/2025\/02\/Screen-Shot-2025-02-14-at-8.19.00-AM-1-300x226.png 300w, https:\/\/diarioelpopular.com\/wp-content\/uploads\/2025\/02\/Screen-Shot-2025-02-14-at-8.19.00-AM-1-768x580.png 768w, https:\/\/diarioelpopular.com\/wp-content\/uploads\/2025\/02\/Screen-Shot-2025-02-14-at-8.19.00-AM-1-97x73.png 97w, https:\/\/diarioelpopular.com\/wp-content\/uploads\/2025\/02\/Screen-Shot-2025-02-14-at-8.19.00-AM-1.png 840w\" sizes=\"auto, (max-width: 636px) 100vw, 636px\" \/><p id=\"caption-attachment-528527\" class=\"wp-caption-text\">El ex gobernador del Banco de Canad\u00e1, Mark Carney, lanz\u00f3 su candidatura para el liderazgo del Partido Liberal federal en Edmonton el jueves 16 de enero de 2025. Foto de Greg Southam\/Postmedia<\/p><\/div>\n<p>&nbsp;<\/p>\n<ul>\n<li><em><strong>Carney, al igual que Trudeau, resta importancia a la crisis del fentanilo<\/strong><\/em><\/li>\n<\/ul>\n<p>&nbsp;<\/p>\n<p>POr\u00a0<a href=\"https:\/\/torontosun.com\/author\/blilleypostmedia\/\">Brian Lilley<\/a><\/p>\n<p>Mark Carney dijo a una audiencia de simpatizantes en British Columbia que el fentanilo no es una crisis en nuestro pa\u00eds.<\/p>\n<p>El candidato a la jefatura del Partido Liberal, y probablemente el pr\u00f3ximo primer ministro de Canad\u00e1, estaba dando un discurso en Kelowna el otro d\u00eda cuando se refiri\u00f3 al tema de c\u00f3mo lidiar con Donald Trump.<\/p>\n<p>Desde fines de noviembre, Trump ha estado exigiendo que Canad\u00e1 haga algo sobre la crisis del fentanilo, alegando que la droga est\u00e1 fluyendo hacia el sur desde Canad\u00e1 hacia los Estados Unidos.<\/p>\n<p>\u201cMiren, el fentanilo es una crisis absoluta en los Estados Unidos. Es un desaf\u00edo aqu\u00ed, pero es una crisis all\u00e1\u201d, dijo Carney.<\/p>\n<p>Si bien continu\u00f3 diciendo que es apropiado que Canad\u00e1 haga lo que podamos para ayudar a los estadounidenses a lidiar con el fentanilo que cruza la frontera, el problema es que rest\u00f3 importancia al problema del fentanilo en este pa\u00eds.<\/p>\n<p>\u00bfNo ha mirado las estad\u00edsticas?<\/p>\n<p>Solo enBritish Columbia, 2.253 personas murieron por sobredosis de opioides en 2024, casi todas atribuibles al fentanilo. Esa cifra es inferior al r\u00e9cord de 2.578 personas que murieron por sobredosis de opioides en 2023, pero es mucho mayor que las 370 muertes por opioides en 2014, antes de que el fentanilo se afianzara.<\/p>\n<p>Un informe federal reciente se\u00f1al\u00f3 que entre enero de 2016 y junio de 2024 hubo un total de 49.105 muertes por sobredosis debido a opioides. Eso es cerca de un promedio de 16 personas por d\u00eda que mueren por una sobredosis de drogas evitable todos los d\u00edas durante ocho a\u00f1os.<\/p>\n<p>Eso es una crisis.<\/p>\n<p>\u201cM\u00e1s canadienses han muerto por sobredosis de opioides en los \u00faltimos nueve a\u00f1os que los que murieron luchando por Canad\u00e1 en la Segunda Guerra Mundial\u201d, dijo recientemente el l\u00edder conservador Pierre Poilievre. \u201cSon personas reales, hermanos, hermanas, hijos, hijas, padres, madres, amigos y miles m\u00e1s que siguen sufriendo\u201d.<\/p>\n<p>El hecho de que haya m\u00e1s personas muriendo a causa de sobredosis de drogas que a causa de la Segunda Guerra Mundial es una estad\u00edstica alarmante. Sin embargo, los funcionarios canadienses no se han tomado en serio este asunto. Lo han ignorado o lo han empeorado distribuyendo pastillas de opioides que han inundado el mercado y han hecho que haya m\u00e1s adictos al fentanilo, que es a\u00fan m\u00e1s adictivo y mortal.<\/p>\n<p>La premier de Alberta, Danielle Smith, se ha tomado en serio el problema de las adicciones y ha llevado a su provincia hacia una nueva direcci\u00f3n centrada en el tratamiento. Recientemente, el premier de Ontario, Doug Ford, tambi\u00e9n ha empezado a tomar medidas en esa direcci\u00f3n, cerrando los centros de inyecci\u00f3n de drogas cerca de las escuelas y los centros de cuidado infantil y abriendo m\u00e1s camas de tratamiento.<\/p>\n<p>El fentanilo es un problema importante en este pa\u00eds y debemos tratarlo como tal para nuestro propio pa\u00eds y nuestros propios ciudadanos, no solo porque Donald Trump dijo que el fentanilo est\u00e1 llegando a trav\u00e9s de la frontera.<\/p>\n<p>El aumento dram\u00e1tico de los delitos con armas de fuego desde 2016 est\u00e1 impulsado por el fentanilo. El aumento de personas que deambulan por nuestras ciudades y comunidades como zombis se debe al fentanilo.<\/p>\n<p>Esto es una crisis, es solo que pocos se dieron cuenta hasta que Donald Trump nos dijo que limpi\u00e1ramos nuestra frontera. Y cuando lo hizo, nuestros funcionarios electos dijeron que no era un problema.<\/p>\n<p>&#8220;Si bien menos del 1% del fentanilo interceptado en la frontera de EE. UU. proviene de Canad\u00e1, cualquier cantidad de fentanilo es demasiado&#8221;, dijo el primer ministro Justin Trudeau al nombrar a su zar del fentanilo a principios de esta semana.<\/p>\n<p>Restarle importancia al problema en casa, o con los estadounidenses, es parte de la raz\u00f3n por la que no hemos encontrado soluciones. Como me dijo un l\u00edder empresarial en Washington esta semana, el fentanilo se mencion\u00f3 en cada reuni\u00f3n con funcionarios estadounidenses mientras hac\u00edan las rondas tratando de hablar sobre aranceles.<\/p>\n<p>Los estadounidenses se est\u00e1n tomando este tema en serio, incluso si nuestros l\u00edderes no lo hacen.<\/p>\n<p>Sin embargo, un l\u00edder canadiense ha estado prestando atenci\u00f3n y tratando de dar la voz de alarma: el l\u00edder conservador Pierre Poilievre.<\/p>\n<p>En los \u00faltimos a\u00f1os, Poilievre ha planteado preguntas sobre la crisis de los opioides, la decisi\u00f3n del gobierno de repartir pastillas de opioides gratis y m\u00e1s.<\/p>\n<p>Recientemente anunci\u00f3 que, si es elegido primer ministro, un gobierno de Poilievre aprobar\u00eda una ley que exigir\u00eda la pena de cadena perpetua \u201cpara cualquiera que sea sorprendido traficando, produciendo o exportando m\u00e1s de 40 miligramos de fentanilo\u201d.<\/p>\n<p>Como se\u00f1al\u00f3, esa peque\u00f1a cantidad es suficiente para matar a 20 personas.<\/p>\n<p>Todo lo que han hecho los liberales de Trudeau es reducir las sentencias por tr\u00e1fico de drogas y armas en nombre de la equidad. Dado que Mark Carney no ve este problema como la crisis que es, es poco probable que veamos cambios si se convierte en primer ministro.<\/p>\n<p>Canad\u00e1 necesita un l\u00edder real que comprenda el problema y busque soluciones reales.<\/p>\n","protected":false},"excerpt":{"rendered":"<p>&nbsp; Carney, al igual que Trudeau, resta importancia a la crisis del fentanilo &nbsp; POr\u00a0Brian Lilley Mark Carney dijo a una audiencia de simpatizantes en&hellip;<\/p>\n","protected":false},"author":99,"featured_media":528527,"comment_status":"open","ping_status":"open","sticky":false,"template":"","format":"standard","meta":{"footnotes":""},"categories":[21,11191],"tags":[],"class_list":["post-528525","post","type-post","status-publish","format-standard","has-post-thumbnail","hentry","category-canada","category-top-news"],"_links":{"self":[{"href":"https:\/\/diarioelpopular.com\/index.php\/wp-json\/wp\/v2\/posts\/528525","targetHints":{"allow":["GET"]}}],"collection":[{"href":"https:\/\/diarioelpopular.com\/index.php\/wp-json\/wp\/v2\/posts"}],"about":[{"href":"https:\/\/diarioelpopular.com\/index.php\/wp-json\/wp\/v2\/types\/post"}],"author":[{"embeddable":true,"href":"https:\/\/diarioelpopular.com\/index.php\/wp-json\/wp\/v2\/users\/99"}],"replies":[{"embeddable":true,"href":"https:\/\/diarioelpopular.com\/index.php\/wp-json\/wp\/v2\/comments?post=528525"}],"version-history":[{"count":1,"href":"https:\/\/diarioelpopular.com\/index.php\/wp-json\/wp\/v2\/posts\/528525\/revisions"}],"predecessor-version":[{"id":528528,"href":"https:\/\/diarioelpopular.com\/index.php\/wp-json\/wp\/v2\/posts\/528525\/revisions\/528528"}],"wp:featuredmedia":[{"embeddable":true,"href":"https:\/\/diarioelpopular.com\/index.php\/wp-json\/wp\/v2\/media\/528527"}],"wp:attachment":[{"href":"https:\/\/diarioelpopular.com\/index.php\/wp-json\/wp\/v2\/media?parent=528525"}],"wp:term":[{"taxonomy":"category","embeddable":true,"href":"https:\/\/diarioelpopular.com\/index.php\/wp-json\/wp\/v2\/categories?post=528525"},{"taxonomy":"post_tag","embeddable":true,"href":"https:\/\/diarioelpopular.com\/index.php\/wp-json\/wp\/v2\/tags?post=528525"}],"curies":[{"name":"wp","href":"https:\/\/api.w.org\/{rel}","templated":true}]}}