{"id":528533,"date":"2025-02-14T09:42:53","date_gmt":"2025-02-14T13:42:53","guid":{"rendered":"https:\/\/diarioelpopular.com\/?p=528533"},"modified":"2025-02-14T09:42:53","modified_gmt":"2025-02-14T13:42:53","slug":"conductor-de-grua-acusado-tras-un-accidente-mortal-que-involucro-a-peaton","status":"publish","type":"post","link":"https:\/\/diarioelpopular.com\/index.php\/2025\/02\/14\/conductor-de-grua-acusado-tras-un-accidente-mortal-que-involucro-a-peaton\/","title":{"rendered":"Conductor de gr\u00faa acusado tras un accidente mortal que involucr\u00f3 a peat\u00f3n"},"content":{"rendered":"<p><img loading=\"lazy\" decoding=\"async\" class=\"alignnone size-custom-full-size wp-image-528534\" src=\"https:\/\/diarioelpopular.com\/wp-content\/uploads\/2025\/02\/Screen-Shot-2025-02-14-at-8.39.38-AM-636x474.png\" alt=\"\" width=\"636\" height=\"474\" srcset=\"https:\/\/diarioelpopular.com\/wp-content\/uploads\/2025\/02\/Screen-Shot-2025-02-14-at-8.39.38-AM-636x474.png 636w, https:\/\/diarioelpopular.com\/wp-content\/uploads\/2025\/02\/Screen-Shot-2025-02-14-at-8.39.38-AM-300x224.png 300w, https:\/\/diarioelpopular.com\/wp-content\/uploads\/2025\/02\/Screen-Shot-2025-02-14-at-8.39.38-AM-768x573.png 768w, https:\/\/diarioelpopular.com\/wp-content\/uploads\/2025\/02\/Screen-Shot-2025-02-14-at-8.39.38-AM-98x73.png 98w, https:\/\/diarioelpopular.com\/wp-content\/uploads\/2025\/02\/Screen-Shot-2025-02-14-at-8.39.38-AM.png 842w\" sizes=\"auto, (max-width: 636px) 100vw, 636px\" \/><\/p>\n<p>&nbsp;<\/p>\n<ul>\n<li><em><strong>Un conductor de Toronto de 24 a\u00f1os enfrenta cargos despu\u00e9s de que una gr\u00faa atropellara fatalmente a un peat\u00f3n en diciembre.<\/strong><\/em><\/li>\n<\/ul>\n<p>&nbsp;<\/p>\n<p>Luego de varias investigaciones, la polic\u00eda de Toronto dijo que respondieron a una colisi\u00f3n con lesiones personales el 16 de diciembre alrededor de las 7 p. m. en el \u00e1rea de Weston-Rogers Rd. al oeste del centro de la ciudad despu\u00e9s de que un peat\u00f3n fuera atropellado por un veh\u00edculo, transportado a un hospital y luego muriera.<\/p>\n<p>La polic\u00eda dijo que un hombre de 24 a\u00f1os estaba operando una gr\u00faa Chevrolet Silverado 2016 en direcci\u00f3n norte en Weston en el carril de giro a la izquierda en ese momento, mientras que una mujer de 55 a\u00f1os estaba operando un Toyota Rav 4 2021 en direcci\u00f3n sur en Weston en el carril opuesto de giro a la izquierda.<\/p>\n<p>Un peat\u00f3n estaba en el carril central en Weston esperando cruzar la calle antes de ser atropellado por la gr\u00faa. El peat\u00f3n choc\u00f3 contra el Rav 4.<\/p>\n<p>Michael Rodrigues fue arrestado este jueves y acusado de conducir un veh\u00edculo de manera peligrosa y causar la muerte.<\/p>\n<p>Cualquier persona que tenga informaci\u00f3n puede comunicarse con la polic\u00eda al 416-808-1900 o con Crime Stoppers de manera an\u00f3nima al 416-222-TIPS (8477) o 222tips.com.<\/p>\n","protected":false},"excerpt":{"rendered":"<p>&nbsp; Un conductor de Toronto de 24 a\u00f1os enfrenta cargos despu\u00e9s de que una gr\u00faa atropellara fatalmente a un peat\u00f3n en diciembre. &nbsp; Luego de&hellip;<\/p>\n","protected":false},"author":99,"featured_media":528534,"comment_status":"open","ping_status":"open","sticky":false,"template":"","format":"standard","meta":{"footnotes":""},"categories":[11364],"tags":[],"class_list":["post-528533","post","type-post","status-publish","format-standard","has-post-thumbnail","hentry","category-toronto-gta"],"_links":{"self":[{"href":"https:\/\/diarioelpopular.com\/index.php\/wp-json\/wp\/v2\/posts\/528533","targetHints":{"allow":["GET"]}}],"collection":[{"href":"https:\/\/diarioelpopular.com\/index.php\/wp-json\/wp\/v2\/posts"}],"about":[{"href":"https:\/\/diarioelpopular.com\/index.php\/wp-json\/wp\/v2\/types\/post"}],"author":[{"embeddable":true,"href":"https:\/\/diarioelpopular.com\/index.php\/wp-json\/wp\/v2\/users\/99"}],"replies":[{"embeddable":true,"href":"https:\/\/diarioelpopular.com\/index.php\/wp-json\/wp\/v2\/comments?post=528533"}],"version-history":[{"count":1,"href":"https:\/\/diarioelpopular.com\/index.php\/wp-json\/wp\/v2\/posts\/528533\/revisions"}],"predecessor-version":[{"id":528535,"href":"https:\/\/diarioelpopular.com\/index.php\/wp-json\/wp\/v2\/posts\/528533\/revisions\/528535"}],"wp:featuredmedia":[{"embeddable":true,"href":"https:\/\/diarioelpopular.com\/index.php\/wp-json\/wp\/v2\/media\/528534"}],"wp:attachment":[{"href":"https:\/\/diarioelpopular.com\/index.php\/wp-json\/wp\/v2\/media?parent=528533"}],"wp:term":[{"taxonomy":"category","embeddable":true,"href":"https:\/\/diarioelpopular.com\/index.php\/wp-json\/wp\/v2\/categories?post=528533"},{"taxonomy":"post_tag","embeddable":true,"href":"https:\/\/diarioelpopular.com\/index.php\/wp-json\/wp\/v2\/tags?post=528533"}],"curies":[{"name":"wp","href":"https:\/\/api.w.org\/{rel}","templated":true}]}}