{"id":528536,"date":"2025-02-14T09:47:20","date_gmt":"2025-02-14T13:47:20","guid":{"rendered":"https:\/\/diarioelpopular.com\/?p=528536"},"modified":"2025-02-14T09:47:20","modified_gmt":"2025-02-14T13:47:20","slug":"argentina-registra-en-enero-2-2-de-inflacion-la-mas-baja-en-casi-cinco-anos","status":"publish","type":"post","link":"https:\/\/diarioelpopular.com\/index.php\/2025\/02\/14\/argentina-registra-en-enero-2-2-de-inflacion-la-mas-baja-en-casi-cinco-anos\/","title":{"rendered":"Argentina registra en enero 2,2% de inflaci\u00f3n, la m\u00e1s baja en casi cinco a\u00f1os"},"content":{"rendered":"<p><img loading=\"lazy\" decoding=\"async\" class=\"alignnone size-custom-big-size wp-image-528538\" src=\"https:\/\/diarioelpopular.com\/wp-content\/uploads\/2025\/02\/Screen-Shot-2025-02-14-at-8.46.52-AM-1200x554.png\" alt=\"\" width=\"1200\" height=\"554\" srcset=\"https:\/\/diarioelpopular.com\/wp-content\/uploads\/2025\/02\/Screen-Shot-2025-02-14-at-8.46.52-AM-1200x554.png 1200w, https:\/\/diarioelpopular.com\/wp-content\/uploads\/2025\/02\/Screen-Shot-2025-02-14-at-8.46.52-AM-300x138.png 300w, https:\/\/diarioelpopular.com\/wp-content\/uploads\/2025\/02\/Screen-Shot-2025-02-14-at-8.46.52-AM-768x354.png 768w, https:\/\/diarioelpopular.com\/wp-content\/uploads\/2025\/02\/Screen-Shot-2025-02-14-at-8.46.52-AM-636x293.png 636w, https:\/\/diarioelpopular.com\/wp-content\/uploads\/2025\/02\/Screen-Shot-2025-02-14-at-8.46.52-AM-146x67.png 146w, https:\/\/diarioelpopular.com\/wp-content\/uploads\/2025\/02\/Screen-Shot-2025-02-14-at-8.46.52-AM.png 1024w\" sizes=\"auto, (max-width: 1200px) 100vw, 1200px\" \/><\/p>\n<p>&nbsp;<\/p>\n<p>&nbsp;<\/p>\n<h4 class=\"a_st\"><em>&#8211; El IPC interanual llega al 84,5% y rompe el piso de los tres d\u00edgitos por primera vez desde febrero de 2023<\/em><\/h4>\n<p>&nbsp;<\/p>\n<p>La econom\u00eda da buenas noticias a Javier Milei.\u00a0<a href=\"https:\/\/www.indec.gob.ar\/uploads\/informesdeprensa\/ipc_02_252AD960A6A4.pdf\" target=\"_blank\" rel=\"noopener\" data-link-track-dtm=\"\" data-mrf-link=\"https:\/\/www.indec.gob.ar\/uploads\/informesdeprensa\/ipc_02_252AD960A6A4.pdf\">La inflaci\u00f3n registrada en enero por el Indec,<\/a>\u00a0la oficina oficial de estad\u00edstica, fue del 2,2%, cinco d\u00e9cimas menos que en diciembre y la m\u00e1s baja desde julio de 2020, periodo en que la cuarentena por la pandemia manten\u00eda la actividad econ\u00f3mica pr\u00e1cticamente paralizada. Con este registro, el IPC interanual se ubic\u00f3 en el 84,5% y rompi\u00f3 el piso del 100% por primera vez en dos a\u00f1os. La inflaci\u00f3n de 2023,\u00a0<a href=\"https:\/\/elpais.com\/argentina\/2025-01-14\/argentina-cierra-2024-con-una-inflacion-anual-del-118-tras-reducirla-un-80.html\" data-link-track-dtm=\"\" data-mrf-link=\"https:\/\/elpais.com\/argentina\/2025-01-14\/argentina-cierra-2024-con-una-inflacion-anual-del-118-tras-reducirla-un-80.html\">el primer a\u00f1o de Gobierno de Milei, fue del 117,8%<\/a>. \u201cEl 2,2% es la inflaci\u00f3n m\u00e1s baja en casi 5 a\u00f1os. Bienes, 1,5%; canasta b\u00e1sica, 0,9% El proceso de desinflaci\u00f3n contin\u00faa\u201d,\u00a0<a href=\"https:\/\/x.com\/LuisCaputoAR\/status\/1890115925787177066\" target=\"_blank\" rel=\"noopener\" data-link-track-dtm=\"\" data-mrf-link=\"https:\/\/x.com\/LuisCaputoAR\/status\/1890115925787177066\">escribi\u00f3 el ministro de Econom\u00eda, Luis Caputo, en las redes sociales apenas conocido el dato<\/a>. Mantener a raya la inflaci\u00f3n es la principal apuesta pol\u00edtica de Milei para mantener alta su popularidad, sobre todo porque 2025 es a\u00f1o electoral.<\/p>\n<p>El rubro que m\u00e1s subi\u00f3 en enero fue el de Restaurantes y hoteles (5,4%), impulsado por la temporada alta de las vacaciones de verano. Lo sigui\u00f3 Vivienda, agua, electricidad, gas y otros combustibles (4,0%), producto de la pol\u00edtica de reducci\u00f3n de subsidios y subida de tarifas que impulsa el Gobierno. Alimentos y bebidas, uno de los apartados que m\u00e1s impacto tiene en el IPC y el que m\u00e1s afecta a las clases medias bajas y bajas, subi\u00f3 un 1,8%, apenas por debajo del promedio.<\/p>\n<p class=\"\">Desde el ministerio de Econom\u00eda celebraron el dato del IPC, que estuvo incluso levemente por debajo de lo que esperaba el mercado. \u201cEste sendero de reducci\u00f3n en la inflaci\u00f3n se da en un contexto de crecimiento del nivel de actividad (+6,4% acumulado entre abril y noviembre) y suba en los ingresos de la poblaci\u00f3n\u201d, publicaron en un comunicado. La Casa Rosada conf\u00eda ahora en que la bajada se mantendr\u00e1 en febrero y podr\u00eda ser menor al 2%. La duda est\u00e1 en el impacto que pueda tener la subida de las tarifas de los servicios p\u00fablicos.<\/p>\n<p class=\"\">El Gobierno tiene en la bajada de la inflaci\u00f3n su principal capital pol\u00edtico y est\u00e1 dispuesto a defenderla al menos hasta octubre, cuando habr\u00e1 elecciones de medio t\u00e9rmino. Esta semana fue especialmente activa para Milei y su ministro Caputo, bajo fuego por las advertencias de economistas liberales que sostienen que<a href=\"https:\/\/elpais.com\/argentina\/2025-02-11\/un-cafe-a-35-dolares-argentina-es-el-pais-mas-caro-de-america-latina.html\" data-link-track-dtm=\"\" data-mrf-link=\"https:\/\/elpais.com\/argentina\/2025-02-11\/un-cafe-a-35-dolares-argentina-es-el-pais-mas-caro-de-america-latina.html\">\u00a0la estrategia de usar el tipo de cambio como ancla inflacionaria\u00a0<\/a>se est\u00e1 agotando. El presidente insulta a aquellos que le dicen que el peso est\u00e1 sobrevaluado y que es necesario liberar el mercado cambiario con el argumento de que tiene super\u00e1vit y no necesita imprimir pesos para financiar al Tesoro. Tanta fe se tiene el equipo econ\u00f3mico que este mes baj\u00f3 la devaluaci\u00f3n mensual del peso del 2% al 1%, a menos de la mitad de la inflaci\u00f3n.<\/p>\n","protected":false},"excerpt":{"rendered":"<p>&nbsp; &nbsp; &#8211; El IPC interanual llega al 84,5% y rompe el piso de los tres d\u00edgitos por primera vez desde febrero de 2023 &nbsp;&hellip;<\/p>\n","protected":false},"author":99,"featured_media":528538,"comment_status":"open","ping_status":"open","sticky":false,"template":"","format":"standard","meta":{"footnotes":""},"categories":[23],"tags":[],"class_list":["post-528536","post","type-post","status-publish","format-standard","has-post-thumbnail","hentry","category-latinoamerica"],"_links":{"self":[{"href":"https:\/\/diarioelpopular.com\/index.php\/wp-json\/wp\/v2\/posts\/528536","targetHints":{"allow":["GET"]}}],"collection":[{"href":"https:\/\/diarioelpopular.com\/index.php\/wp-json\/wp\/v2\/posts"}],"about":[{"href":"https:\/\/diarioelpopular.com\/index.php\/wp-json\/wp\/v2\/types\/post"}],"author":[{"embeddable":true,"href":"https:\/\/diarioelpopular.com\/index.php\/wp-json\/wp\/v2\/users\/99"}],"replies":[{"embeddable":true,"href":"https:\/\/diarioelpopular.com\/index.php\/wp-json\/wp\/v2\/comments?post=528536"}],"version-history":[{"count":1,"href":"https:\/\/diarioelpopular.com\/index.php\/wp-json\/wp\/v2\/posts\/528536\/revisions"}],"predecessor-version":[{"id":528539,"href":"https:\/\/diarioelpopular.com\/index.php\/wp-json\/wp\/v2\/posts\/528536\/revisions\/528539"}],"wp:featuredmedia":[{"embeddable":true,"href":"https:\/\/diarioelpopular.com\/index.php\/wp-json\/wp\/v2\/media\/528538"}],"wp:attachment":[{"href":"https:\/\/diarioelpopular.com\/index.php\/wp-json\/wp\/v2\/media?parent=528536"}],"wp:term":[{"taxonomy":"category","embeddable":true,"href":"https:\/\/diarioelpopular.com\/index.php\/wp-json\/wp\/v2\/categories?post=528536"},{"taxonomy":"post_tag","embeddable":true,"href":"https:\/\/diarioelpopular.com\/index.php\/wp-json\/wp\/v2\/tags?post=528536"}],"curies":[{"name":"wp","href":"https:\/\/api.w.org\/{rel}","templated":true}]}}