{"id":528567,"date":"2025-02-15T11:58:45","date_gmt":"2025-02-15T15:58:45","guid":{"rendered":"https:\/\/diarioelpopular.com\/?p=528567"},"modified":"2025-02-15T11:58:45","modified_gmt":"2025-02-15T15:58:45","slug":"un-policia-se-acusado-de-agresion-con-agravantes-despues-de-que-un-hombre-resultara-gravemente-herido-siu","status":"publish","type":"post","link":"https:\/\/diarioelpopular.com\/index.php\/2025\/02\/15\/un-policia-se-acusado-de-agresion-con-agravantes-despues-de-que-un-hombre-resultara-gravemente-herido-siu\/","title":{"rendered":"Un polic\u00eda se acusado de agresi\u00f3n con agravantes despu\u00e9s de que un hombre resultara gravemente herido: SIU"},"content":{"rendered":"<p><img loading=\"lazy\" decoding=\"async\" class=\"alignnone size-custom-full-size wp-image-528568\" src=\"https:\/\/diarioelpopular.com\/wp-content\/uploads\/2025\/02\/Screen-Shot-2025-02-15-at-10.58.20-AM-636x472.png\" alt=\"\" width=\"636\" height=\"472\" srcset=\"https:\/\/diarioelpopular.com\/wp-content\/uploads\/2025\/02\/Screen-Shot-2025-02-15-at-10.58.20-AM-636x472.png 636w, https:\/\/diarioelpopular.com\/wp-content\/uploads\/2025\/02\/Screen-Shot-2025-02-15-at-10.58.20-AM-300x223.png 300w, https:\/\/diarioelpopular.com\/wp-content\/uploads\/2025\/02\/Screen-Shot-2025-02-15-at-10.58.20-AM-768x570.png 768w, https:\/\/diarioelpopular.com\/wp-content\/uploads\/2025\/02\/Screen-Shot-2025-02-15-at-10.58.20-AM-98x73.png 98w, https:\/\/diarioelpopular.com\/wp-content\/uploads\/2025\/02\/Screen-Shot-2025-02-15-at-10.58.20-AM.png 844w\" sizes=\"auto, (max-width: 636px) 100vw, 636px\" \/><\/p>\n<p>&nbsp;<\/p>\n<p><em><strong>El organismo de control policial de Ontario ha acusado a un agente de Toronto de agresi\u00f3n con agravantes despu\u00e9s de que un hombre de 33 a\u00f1os resultara gravemente herido cuando los agentes realizaban un arresto el verano pasado.<\/strong><\/em><\/p>\n<p>&nbsp;<\/p>\n<p>La Unidad de Investigaciones Especiales dijo que el incidente tuvo lugar cerca de Dundas Square en Toronto alrededor de las 7 p.m. el 3 de agosto.<\/p>\n<p>Se inform\u00f3 que el hombre que result\u00f3 herido, eventualmente result\u00f3 no ser la persona que estaba siendo arrestada.<\/p>\n<p>La SIU dijo que el hombre fue llevado al hospital y se le diagnosticaron lesiones graves debido al exceso de fuerza utilizado.<\/p>\n<p>El detective Christian Campoli debe presentarse ante el tribunal para enfrentar el cargo el 18 de marzo.<\/p>\n<p>La agencia dijo que no puede hacer m\u00e1s comentarios sobre el incidente, citando el caso judicial.<\/p>\n","protected":false},"excerpt":{"rendered":"<p>&nbsp; El organismo de control policial de Ontario ha acusado a un agente de Toronto de agresi\u00f3n con agravantes despu\u00e9s de que un hombre de&hellip;<\/p>\n","protected":false},"author":99,"featured_media":528568,"comment_status":"open","ping_status":"open","sticky":false,"template":"","format":"standard","meta":{"footnotes":""},"categories":[11364],"tags":[],"class_list":["post-528567","post","type-post","status-publish","format-standard","has-post-thumbnail","hentry","category-toronto-gta"],"_links":{"self":[{"href":"https:\/\/diarioelpopular.com\/index.php\/wp-json\/wp\/v2\/posts\/528567","targetHints":{"allow":["GET"]}}],"collection":[{"href":"https:\/\/diarioelpopular.com\/index.php\/wp-json\/wp\/v2\/posts"}],"about":[{"href":"https:\/\/diarioelpopular.com\/index.php\/wp-json\/wp\/v2\/types\/post"}],"author":[{"embeddable":true,"href":"https:\/\/diarioelpopular.com\/index.php\/wp-json\/wp\/v2\/users\/99"}],"replies":[{"embeddable":true,"href":"https:\/\/diarioelpopular.com\/index.php\/wp-json\/wp\/v2\/comments?post=528567"}],"version-history":[{"count":1,"href":"https:\/\/diarioelpopular.com\/index.php\/wp-json\/wp\/v2\/posts\/528567\/revisions"}],"predecessor-version":[{"id":528569,"href":"https:\/\/diarioelpopular.com\/index.php\/wp-json\/wp\/v2\/posts\/528567\/revisions\/528569"}],"wp:featuredmedia":[{"embeddable":true,"href":"https:\/\/diarioelpopular.com\/index.php\/wp-json\/wp\/v2\/media\/528568"}],"wp:attachment":[{"href":"https:\/\/diarioelpopular.com\/index.php\/wp-json\/wp\/v2\/media?parent=528567"}],"wp:term":[{"taxonomy":"category","embeddable":true,"href":"https:\/\/diarioelpopular.com\/index.php\/wp-json\/wp\/v2\/categories?post=528567"},{"taxonomy":"post_tag","embeddable":true,"href":"https:\/\/diarioelpopular.com\/index.php\/wp-json\/wp\/v2\/tags?post=528567"}],"curies":[{"name":"wp","href":"https:\/\/api.w.org\/{rel}","templated":true}]}}