{"id":528582,"date":"2025-02-15T12:45:00","date_gmt":"2025-02-15T16:45:00","guid":{"rendered":"https:\/\/diarioelpopular.com\/?p=528582"},"modified":"2025-02-15T12:45:00","modified_gmt":"2025-02-15T16:45:00","slug":"la-salud-se-consolida-como-la-principal-preocupacion-de-los-colombianos-y-desborda-al-gobierno-al-congreso-y-a-la-justicia","status":"publish","type":"post","link":"https:\/\/diarioelpopular.com\/index.php\/2025\/02\/15\/la-salud-se-consolida-como-la-principal-preocupacion-de-los-colombianos-y-desborda-al-gobierno-al-congreso-y-a-la-justicia\/","title":{"rendered":"La salud se consolida como la principal preocupaci\u00f3n de los colombianos y desborda al Gobierno, al Congreso y a la Justicia"},"content":{"rendered":"<div id=\"attachment_528583\" style=\"width: 1210px\" class=\"wp-caption alignnone\"><img loading=\"lazy\" decoding=\"async\" aria-describedby=\"caption-attachment-528583\" class=\"wp-image-528583 size-custom-big-size\" src=\"https:\/\/diarioelpopular.com\/wp-content\/uploads\/2025\/02\/Screen-Shot-2025-02-15-at-11.44.19-AM-1200x801.png\" alt=\"\" width=\"1200\" height=\"801\" srcset=\"https:\/\/diarioelpopular.com\/wp-content\/uploads\/2025\/02\/Screen-Shot-2025-02-15-at-11.44.19-AM-1200x801.png 1200w, https:\/\/diarioelpopular.com\/wp-content\/uploads\/2025\/02\/Screen-Shot-2025-02-15-at-11.44.19-AM-300x200.png 300w, https:\/\/diarioelpopular.com\/wp-content\/uploads\/2025\/02\/Screen-Shot-2025-02-15-at-11.44.19-AM-768x513.png 768w, https:\/\/diarioelpopular.com\/wp-content\/uploads\/2025\/02\/Screen-Shot-2025-02-15-at-11.44.19-AM-636x425.png 636w, https:\/\/diarioelpopular.com\/wp-content\/uploads\/2025\/02\/Screen-Shot-2025-02-15-at-11.44.19-AM-109x73.png 109w, https:\/\/diarioelpopular.com\/wp-content\/uploads\/2025\/02\/Screen-Shot-2025-02-15-at-11.44.19-AM.png 1024w\" sizes=\"auto, (max-width: 1200px) 100vw, 1200px\" \/><p id=\"caption-attachment-528583\" class=\"wp-caption-text\">Manifestantes en Bogot\u00e1, Colombia, 14 de febrero de 2019. Daniel Garzon Herazo (Getty Images)<\/p><\/div>\n<p>&nbsp;<\/p>\n<p>&nbsp;<\/p>\n<h4 class=\"a_st\"><em>&#8211; El 25% de los ciudadanos asegura que el asunto m\u00e1s grave del pa\u00eds es el acceso a la salud, por encima de la inseguridad, la corrupci\u00f3n o el costo de vida<\/em><\/h4>\n<p>&nbsp;<\/p>\n<p class=\"\">La crisis de la salud se consolida como la principal preocupaci\u00f3n de los colombianos. Una encuesta publicada este viernes por la firma Guarumo revela que el 25% de los ciudadanos cree que\u00a0<a href=\"https:\/\/elpais.com\/america-colombia\/2024-12-19\/la-camara-de-representantes-suspende-y-aplaza-la-discusion-de-la-reforma-a-la-salud-de-petro-en-medio-de-peleas-insultos-y-acusaciones-de-violencia-politica.html\" data-link-track-dtm=\"\" data-mrf-link=\"https:\/\/elpais.com\/america-colombia\/2024-12-19\/la-camara-de-representantes-suspende-y-aplaza-la-discusion-de-la-reforma-a-la-salud-de-petro-en-medio-de-peleas-insultos-y-acusaciones-de-violencia-politica.html\">el acceso a la salud\u00a0<\/a>es el problema m\u00e1s grave del pa\u00eds, por encima del 15,9% que cree que es la inseguridad en plena crisis humanitaria del Catatumbo, del 15,4% que piensa que es la corrupci\u00f3n y el 11,1% que dice que es el costo de vida. Es una preocupaci\u00f3n que en gobiernos anteriores no aparec\u00eda en la lista y que ha aumentado significativamente en los \u00faltimos meses. En la misma encuesta de septiembre de 2024, el 19% de los consultados pensaba que era el principal problema, seis puntos porcentuales menos. Y una reciente encuesta del Centro Nacional de Consultor\u00eda muestra que el asunto en el que m\u00e1s encuestados esperan que se enfoque un candidato presidencial es la salud.<\/p>\n<p class=\"\">Esta angustia se da en medio de varias crisis simult\u00e1neas que tienen en riesgo la estabilidad del sistema de salud y que parecen haber sobrepasado las capacidades del Gobierno, el Congreso y las Altas Cortes. Cuando el presidente Gustavo Petro lleg\u00f3 al poder, en agosto de 2022, anunci\u00f3 que una de sus grandes prioridades ser\u00eda\u00a0<a href=\"https:\/\/elpais.com\/america-colombia\/2024-07-17\/el-proyecto-de-ley-de-reforma-a-la-salud-que-proponen-los-medicos.html\" data-link-track-dtm=\"\" data-mrf-link=\"https:\/\/elpais.com\/america-colombia\/2024-07-17\/el-proyecto-de-ley-de-reforma-a-la-salud-que-proponen-los-medicos.html\">transformar el sistema de ra\u00edz.\u00a0<\/a>El eje del proyecto de ley que present\u00f3 para ello era acabar las Entidades Promotoras de Salud (EPS), las entidades p\u00fablicas o privadas que, seg\u00fan Petro, se han robado un parte importante el dinero que les gira el Estado para atender a los pacientes y que no garantizan el derecho a la salud para los 50 millones de habitantes. Esa reforma, que hundi\u00f3 hace un a\u00f1o la Comisi\u00f3n S\u00e9ptima del Senado, antes acab\u00f3 con la coalici\u00f3n legislativa del Gobierno y gener\u00f3 su primera gran crisis de Gabinete.<\/p>\n<p class=\"\">Un segundo proyecto de ley, que mantiene el objetivo, se est\u00e1 discutiendo en la plenaria de la C\u00e1mara de Representantes. Este viernes terminaron sin mucho \u00e9xito las sesiones extraordinarias que convoc\u00f3 Petro con el prop\u00f3sito de sacarla adelante. Durante dos d\u00edas de discusi\u00f3n, los congresistas solo aprobaron 7 de los 63 art\u00edculos. Se espera que el pr\u00f3ximo lunes se reanude el tr\u00e1mite, pero no es seguro que el Gobierno, en plena crisis de gabinete, sin ministro del Interior en propiedad y con un desgastado ministro de Salud, tenga las mayor\u00edas necesarias para que\u00a0<a href=\"https:\/\/elpais.com\/america-colombia\/2024-06-02\/al-borde-del-precipicio.html\" data-link-track-dtm=\"\" data-mrf-link=\"https:\/\/elpais.com\/america-colombia\/2024-06-02\/al-borde-del-precipicio.html\">el proyecto se apruebe.<\/a><\/p>\n<p class=\"\">Los congresistas de oposici\u00f3n han llegado a proponer que la C\u00e1mara no discute la reforma. Exigen, como requisito, que el Ministerio de Salud ejecute dos recientes \u00f3rdenes de la Corte Constitucional. En una primera sentencia, la alta Corte afirma que resulta insuficiente el dinero que el Gobierno paga a\u00a0<a href=\"https:\/\/elpais.com\/america-colombia\/2025-01-24\/sanitas-contraataca-con-una-solicitud-de-arbitraje-internacional-contra-colombia-por-1200-millones-de-dolares.html\" data-link-track-dtm=\"\" data-mrf-link=\"https:\/\/elpais.com\/america-colombia\/2025-01-24\/sanitas-contraataca-con-una-solicitud-de-arbitraje-internacional-contra-colombia-por-1200-millones-de-dolares.html\">las EPS\u00a0<\/a>por cada afiliado, llamada unidad de pago por capitaci\u00f3n o UPC. Por ello, ordena al Ministerio recalcular el aumento decretado para 2025. En otro fallo, le obliga a girar a varias EPS los llamados presupuestos m\u00e1ximos, el dinero que debe girar el Ejecutivo para que con ello se paguen medicamentos o servicios que no est\u00e9n dentro del plan b\u00e1sico que garantiza el Estado.<\/p>\n<p class=\"\">El ministro Guillermo Alfonso Jaramillo ha esgrimido argucias jur\u00eddicas para postergar el cumplimiento. Este viernes, la Corte rechaz\u00f3 por \u201cimprocedente\u201d la solicitud de aclaraci\u00f3n presentada por el Ministerio. Orden\u00f3 pagar los presupuestos m\u00e1ximos de julio a diciembre de 2024 en m\u00e1ximo 18 d\u00edas calendario, as\u00ed como garantizar que se giren los de 2025 dentro de los 15 primeros d\u00edas de cada mes. Frente al c\u00e1lculo de la UPC, le dio 10 d\u00edas para abrir una mesa t\u00e9cnica, un mes para presentar un informe que justifique el ajuste y tres meses para aplicarlo.<\/p>\n<p class=\"\">Las sentencias reducir\u00edan el d\u00e9ficit que padece el sistema, que existe desde hace d\u00e9cadas, pero se ha agudizado en los dos \u00faltimos a\u00f1os. Se trata de un hueco que suma entre 5,9 billones de pesos y 14 billones, dependiendo de qui\u00e9n lo mida. Eso se debe a que las EPS gastan m\u00e1s dinero del que reciben del Estado: seg\u00fan informaci\u00f3n de del gremio ANDI, en 2024 desembolsaron 109 pesos por cada 100 que recibieron. Por ello, el mismo Ejecutivo ha tomado posesi\u00f3n de muchas de ellas, hasta tener bajo su control a m\u00e1s de la mitad de los afiliados. Pero ello no ha evitado que la estrechez afecta al resto de la cadena, desde las cl\u00ednicas hasta los m\u00e9dicos y enfermeros, pasando por los laboratorios o las farmac\u00e9uticas. Todo ello ha deteriorado la atenci\u00f3n a los pacientes.<\/p>\n<p class=\"\">En medio de las afugias de la reforma en el Congreso y de las peleas entre el Ministerio y la Corte, el presidente ha desatado una nueva pol\u00e9mica en su cuenta de X. Este viernes anunci\u00f3 la llegada de dosis de un medicamento para suprimir la replicaci\u00f3n del VIH en el organismo. \u201cEsta es la reforma a la salud que prometimos y ya la adelantamos. Aqu\u00ed hay 300.000 tabletas del primer lote de dolutegravir. Esta medicina que logra hacer retroceder el VIH, no solo evita de por vida el Sida, sino que el paciente portador puede incluso dejar de contaminar. Era car\u00edsima en el mercado, imposible para un trabajador o sus hijos, las EPS no la recetaban por su precio y muchas personas murieron de sida pudiendo evitarlo. Ahora, gracias al Minsalud progresista, llega a un precio tan bajo, que estamos listos para reducir al m\u00e1ximo la enfermedad\u201d.<\/p>\n<p class=\"\">La Asociaci\u00f3n Colombiana de Infectolog\u00eda cuestion\u00f3 la veracidad de esas afirmaciones: \u201cDolutegravir no hace retroceder el VIH, pero s\u00ed es un inhibidor de la integrasa altamente eficaz que suprime la replicaci\u00f3n del virus cuando se usa dentro de un esquema de tratamiento antirretroviral adecuado\u201d. Juli\u00e1n Fern\u00e1ndez-Ni\u00f1o, doctor en Epidemiolog\u00eda, y cuestion\u00f3 el lenguaje estigmatizarte del presidente: \u201cLlevamos a\u00f1os luchando contra el estigma en VIH que comienza en el lenguaje. No se puede hablar de \u201ccontaminar\u201d a nadie con VIH\u201d. Otros m\u00e9dicos, cient\u00edficos y activistas de personas seropositivas se sumaron, recordando que el sistema de salud colombiano ha cubierto los tratamientos antirretrovirales. Los frentes en los que se debate la salud se multiplican.<\/p>\n","protected":false},"excerpt":{"rendered":"<p>&nbsp; &nbsp; &#8211; El 25% de los ciudadanos asegura que el asunto m\u00e1s grave del pa\u00eds es el acceso a la salud, por encima de&hellip;<\/p>\n","protected":false},"author":99,"featured_media":528583,"comment_status":"open","ping_status":"open","sticky":false,"template":"","format":"standard","meta":{"footnotes":""},"categories":[23],"tags":[],"class_list":["post-528582","post","type-post","status-publish","format-standard","has-post-thumbnail","hentry","category-latinoamerica"],"_links":{"self":[{"href":"https:\/\/diarioelpopular.com\/index.php\/wp-json\/wp\/v2\/posts\/528582","targetHints":{"allow":["GET"]}}],"collection":[{"href":"https:\/\/diarioelpopular.com\/index.php\/wp-json\/wp\/v2\/posts"}],"about":[{"href":"https:\/\/diarioelpopular.com\/index.php\/wp-json\/wp\/v2\/types\/post"}],"author":[{"embeddable":true,"href":"https:\/\/diarioelpopular.com\/index.php\/wp-json\/wp\/v2\/users\/99"}],"replies":[{"embeddable":true,"href":"https:\/\/diarioelpopular.com\/index.php\/wp-json\/wp\/v2\/comments?post=528582"}],"version-history":[{"count":1,"href":"https:\/\/diarioelpopular.com\/index.php\/wp-json\/wp\/v2\/posts\/528582\/revisions"}],"predecessor-version":[{"id":528584,"href":"https:\/\/diarioelpopular.com\/index.php\/wp-json\/wp\/v2\/posts\/528582\/revisions\/528584"}],"wp:featuredmedia":[{"embeddable":true,"href":"https:\/\/diarioelpopular.com\/index.php\/wp-json\/wp\/v2\/media\/528583"}],"wp:attachment":[{"href":"https:\/\/diarioelpopular.com\/index.php\/wp-json\/wp\/v2\/media?parent=528582"}],"wp:term":[{"taxonomy":"category","embeddable":true,"href":"https:\/\/diarioelpopular.com\/index.php\/wp-json\/wp\/v2\/categories?post=528582"},{"taxonomy":"post_tag","embeddable":true,"href":"https:\/\/diarioelpopular.com\/index.php\/wp-json\/wp\/v2\/tags?post=528582"}],"curies":[{"name":"wp","href":"https:\/\/api.w.org\/{rel}","templated":true}]}}