{"id":528586,"date":"2025-02-15T12:56:16","date_gmt":"2025-02-15T16:56:16","guid":{"rendered":"https:\/\/diarioelpopular.com\/?p=528586"},"modified":"2025-02-15T12:56:16","modified_gmt":"2025-02-15T16:56:16","slug":"quien-cuida-de-los-ninos-de-los-barrios-sin-nombre-de-cancun","status":"publish","type":"post","link":"https:\/\/diarioelpopular.com\/index.php\/2025\/02\/15\/quien-cuida-de-los-ninos-de-los-barrios-sin-nombre-de-cancun\/","title":{"rendered":"\u00bfQui\u00e9n cuida de los ni\u00f1os de los barrios sin nombre de Canc\u00fan?"},"content":{"rendered":"<div id=\"attachment_528587\" style=\"width: 1210px\" class=\"wp-caption alignnone\"><img loading=\"lazy\" decoding=\"async\" aria-describedby=\"caption-attachment-528587\" class=\"wp-image-528587 size-custom-big-size\" src=\"https:\/\/diarioelpopular.com\/wp-content\/uploads\/2025\/02\/Screen-Shot-2025-02-15-at-11.55.37-AM-1200x801.png\" alt=\"\" width=\"1200\" height=\"801\" srcset=\"https:\/\/diarioelpopular.com\/wp-content\/uploads\/2025\/02\/Screen-Shot-2025-02-15-at-11.55.37-AM-1200x801.png 1200w, https:\/\/diarioelpopular.com\/wp-content\/uploads\/2025\/02\/Screen-Shot-2025-02-15-at-11.55.37-AM-300x200.png 300w, https:\/\/diarioelpopular.com\/wp-content\/uploads\/2025\/02\/Screen-Shot-2025-02-15-at-11.55.37-AM-768x513.png 768w, https:\/\/diarioelpopular.com\/wp-content\/uploads\/2025\/02\/Screen-Shot-2025-02-15-at-11.55.37-AM-636x425.png 636w, https:\/\/diarioelpopular.com\/wp-content\/uploads\/2025\/02\/Screen-Shot-2025-02-15-at-11.55.37-AM-109x73.png 109w, https:\/\/diarioelpopular.com\/wp-content\/uploads\/2025\/02\/Screen-Shot-2025-02-15-at-11.55.37-AM.png 1024w\" sizes=\"auto, (max-width: 1200px) 100vw, 1200px\" \/><p id=\"caption-attachment-528587\" class=\"wp-caption-text\">Ni\u00f1os en asentamientos irregulares en Canc\u00fan, M\u00e9xico, en 2025. Ricardo Hern\u00e1ndez<\/p><\/div>\n<p>&nbsp;<\/p>\n<p>&nbsp;<\/p>\n<h4 class=\"a_st\"><em>&#8211; En las periferias de uno de los polos tur\u00edsticos de M\u00e9xico, los expertos han identificado una crisis de cuidados, donde las m\u00e1s afectadas son las infancias<\/em><\/h4>\n<p>&nbsp;<\/p>\n<p class=\"\">Hay asentamientos irregulares a las afueras de Canc\u00fan, en el sureste de M\u00e9xico, que por no tener no tienen ni nombre. En ellos, los ni\u00f1os tienen tres opciones mientras los adultos trabajan: jugar todo el d\u00eda fuera, con piedras, palos o lo que encuentren en la calle, cuid\u00e1ndose de los\u00a0<a href=\"https:\/\/elpais.com\/mexico\/elecciones-mexicanas\/2022-06-04\/quintana-roo-la-joya-turistica-de-mexico-alberga-a-la-inseguridad-como-protagonista-silenciosa.html\" data-link-track-dtm=\"\" data-mrf-link=\"https:\/\/elpais.com\/mexico\/elecciones-mexicanas\/2022-06-04\/quintana-roo-la-joya-turistica-de-mexico-alberga-a-la-inseguridad-como-protagonista-silenciosa.html\">robos, las agresiones<\/a>\u00a0y el reclutamiento forzado; quedarse a cargo de su abuela o alguna vecina desempleada; o encerrados en sus casas bajo cadenas y candados.<\/p>\n<p class=\"\">Son unos 200 asentamientos irregulares en toda la ciudad, barrios gigantescos donde viven 250.000 personas (el 30% de la poblaci\u00f3n), sin servicios p\u00fablicos b\u00e1sicos, y entre pobreza. En los m\u00e1rgenes de uno de los\u00a0<a href=\"https:\/\/elpais.com\/elviajero\/2024-10-29\/un-cancun-diferente-al-tipico-viaje-de-sol-playa-y-fiesta.html\" data-link-track-dtm=\"\" data-mrf-link=\"https:\/\/elpais.com\/elviajero\/2024-10-29\/un-cancun-diferente-al-tipico-viaje-de-sol-playa-y-fiesta.html\">polos tur\u00edsticos<\/a>\u00a0m\u00e1s importantes de Am\u00e9rica Latina, especialistas consultados por Am\u00e9rica Futura coinciden en que la crisis de los trabajos de cuidados impacta de manera notoria a las infancias.<\/p>\n<p class=\"\">Oxfam define los\u00a0<a href=\"https:\/\/elpais.com\/opinion\/2022-05-15\/el-precio-de-cuidar.html\" data-link-track-dtm=\"\" data-mrf-link=\"https:\/\/elpais.com\/opinion\/2022-05-15\/el-precio-de-cuidar.html\">cuidados<\/a>\u00a0como aquellas acciones destinadas a satisfacer las necesidades propias o de otras personas, que van desde las actividades f\u00edsicas como dar de comer a un beb\u00e9, hasta velar los \u00faltimos d\u00edas de un adulto mayor, pasando por el trabajo dom\u00e9stico e, incluso, esfuerzos mentales que implican llevar la agenda de consultas m\u00e9dicas de la familia completa, o los emocionales, como brindar soporte, cari\u00f1o y afecto. Hist\u00f3ricamente, todos estos trabajos han sido no remunerados, invisibilizados y minimizados, dice Mariana Bell\u00f3, directora de Cuidados en Oxfam M\u00e9xico. S\u00f3lo se hace evidente su importancia en momentos de crisis, o sea,\u00a0<a href=\"https:\/\/elpais.com\/mexico\/2023-07-06\/el-mapa-de-los-cuidados-en-mexico-un-centro-de-ayuda-por-cada-1400-habitantes.html\" data-link-track-dtm=\"\" data-mrf-link=\"https:\/\/elpais.com\/mexico\/2023-07-06\/el-mapa-de-los-cuidados-en-mexico-un-centro-de-ayuda-por-cada-1400-habitantes.html\">en lugares donde se dificulta para amplios sectores de la poblaci\u00f3n cuidar o ser cuidados<\/a>, como el caso de las infancias en barrios marginales de Canc\u00fan.<\/p>\n<h3 class=\"\"><i>Chiqui\u00a0<\/i>y el perrito<\/h3>\n<p class=\"\">Hab\u00eda d\u00edas en los que el\u00a0<i>Chiqui<\/i>\u00a0se escapaba. Sal\u00eda huyendo al menor descuido. Corr\u00eda y corr\u00eda con sus pasitos de ni\u00f1o desesperado, buscando a su pap\u00e1 en aquel asentamiento irregular sin nombre de Canc\u00fan, para \u00e9l desconocido. Abraham Mat\u00edas Sastre, conocido como\u00a0<i>Chiqui,<\/i>\u00a0naci\u00f3 lejos de aqu\u00ed, en Tabasco. Cuando sus pap\u00e1s se divorciaron, qued\u00f3 a cargo del padre, pero este se hart\u00f3 r\u00e1pido por lo demandante de los cuidados especiales que necesitaba un ni\u00f1o autista de 8 a\u00f1os como \u00e9l y lo mand\u00f3 con su mam\u00e1, que hab\u00eda migrado a este lugar lleno de casas construidas con pedazos de l\u00e1mina, madera y algo de concreto.<\/p>\n<p>&nbsp;<\/p>\n<figure class=\"a_m a_m-h \">\n<p><div style=\"width: 424px\" class=\"wp-caption alignnone\"><img loading=\"lazy\" decoding=\"async\" class=\"_re lazyload a_m-h\" src=\"https:\/\/imagenes.elpais.com\/resizer\/v2\/MT5GPFKVI5HYTHPO5BN5JWGR5M.jpeg?auth=1aeb796170782e65a19319ea13e90191ea864f18c4b3ebc46f16b8e1bbe29bfc&amp;width=414\" sizes=\"auto, (min-width:1199px) 1155px,(min-width:1001px) calc(100vw - 44px),(min-width:768px) 767px, 100vw\" srcset=\"https:\/\/imagenes.elpais.com\/resizer\/v2\/MT5GPFKVI5HYTHPO5BN5JWGR5M.jpeg?auth=1aeb796170782e65a19319ea13e90191ea864f18c4b3ebc46f16b8e1bbe29bfc&amp;width=414 414w,https:\/\/imagenes.elpais.com\/resizer\/v2\/MT5GPFKVI5HYTHPO5BN5JWGR5M.jpeg?auth=1aeb796170782e65a19319ea13e90191ea864f18c4b3ebc46f16b8e1bbe29bfc&amp;width=828 640w,https:\/\/imagenes.elpais.com\/resizer\/v2\/MT5GPFKVI5HYTHPO5BN5JWGR5M.jpeg?auth=1aeb796170782e65a19319ea13e90191ea864f18c4b3ebc46f16b8e1bbe29bfc&amp;width=980 1000w,https:\/\/imagenes.elpais.com\/resizer\/v2\/MT5GPFKVI5HYTHPO5BN5JWGR5M.jpeg?auth=1aeb796170782e65a19319ea13e90191ea864f18c4b3ebc46f16b8e1bbe29bfc&amp;width=1960 1960w\" alt=\"Ni\u00f1os en Canc\u00fan\" width=\"414\" height=\"276\" \/><p class=\"wp-caption-text\">Abraham, alias Chiqui, necesita trabajos de cuidados especializados e intensos. Ricardo Hern\u00e1ndez<\/p><\/div><figcaption class=\"a_m_p\"><\/figcaption><\/figure>\n<p>&nbsp;<\/p>\n<p class=\"\">\u201cSe escapaba al principio, pensaba que segu\u00eda en Tabasco y buscaba a su pap\u00e1\u201d, dice Ver\u00f3nica Sastre Garc\u00eda, su abuela, quien se ha convertido en su cuidadora principal. Ella fue una de las primeras personas que llegaron a este enorme terreno particular, que le pertenece a Banorte y que empezaron a invadir hace cinco a\u00f1os.<\/p>\n<p class=\"\">Para intentar recuperarlo, el banco ha presentado una demanda ante la Fiscal\u00eda General de Quintana Roo. \u201cUna vez que salimos a buscarlo estaba con un perro, \u00bfte acuerdas?\u201c, interrumpe Isaac, de 10 a\u00f1os, que aunque solo tiene dos a\u00f1os m\u00e1s que \u00e9l es el t\u00edo de\u00a0<i>Chiqui<\/i>.<\/p>\n<p class=\"\">Ver\u00f3nica dice que no pueden despegarse del ni\u00f1o ni un segundo porque huye, pero tambi\u00e9n por los riesgos de alrededor. Para empezar, no hay cercas divisorias, las casas no tienen puertas ni ventanas, solo cortinas o lienzos de l\u00e1mina sobrepuestos. Y, seg\u00fan datos oficiales, esta fue la quinta colonia m\u00e1s insegura de todo el Caribe mexicano el a\u00f1o pasado. Adem\u00e1s, el piso est\u00e1 lleno de varillas, vidrios o piedritas, como la que se meti\u00f3 a la oreja\u00a0<i>Chiqui<\/i>\u00a0esta ma\u00f1ana y que a\u00fan no le han podido sacar.<\/p>\n<p class=\"\">\u201c\u00a1Ya te dije que no puedes meterte cosas a la oreja,\u00a0<i>Chiqui<\/i>, tampoco chupar eso. Suelta ah\u00ed!\u201c, le grita Ver\u00f3nica, de 44 a\u00f1os, mientras le quita un palo de la boca. El ni\u00f1o hace un gesto y la abuela aclara que est\u00e1 enojado.\u00a0<i>Chiqui<\/i>\u00a0no habla, solo hace ruidos:<i>\u00a0tsss, tsss.\u00a0<\/i>Seg\u00fan la terapeuta, tiene una edad mental de dos o tres a\u00f1os. \u201c\u00c9l va lentamente, no como nosotros. Ahorita le estoy ense\u00f1ando a cepillarse sus dientitos, a ponerse el pa\u00f1al, pero tambi\u00e9n tengo que ense\u00f1arle a quit\u00e1rselo, a que vaya al ba\u00f1o\u201d, explica la abuela. \u201cYo, la verdad, en este momento me siento horrible, presionada. Necesito una semana de descanso. Estoy desesperada\u201d.<\/p>\n<p class=\"\">Las economistas feministas llaman a esto el\u00a0<a href=\"https:\/\/elpais.com\/sociedad\/2019\/05\/27\/actualidad\/1558956228_933147.html\" data-link-track-dtm=\"\" data-mrf-link=\"https:\/\/elpais.com\/sociedad\/2019\/05\/27\/actualidad\/1558956228_933147.html\">s\u00edndrome de la cuidadora quemada<\/a>, una especie de\u00a0<i>burn out<\/i>\u00a0con s\u00edntomas como el estr\u00e9s, ansiedad, depresi\u00f3n, irritabilidad e insomnio. Y es que Ver\u00f3nica no s\u00f3lo se encarga de los cuidados especializados e intensos del\u00a0<i>Chiqui<\/i>, sino tambi\u00e9n de los trabajos de su hogar de dos diminutas piezas, donde viven sus tres hijos, dos nietos, su yerno y el esposo, quien trabaja como mototaxista.<\/p>\n<p>&nbsp;<\/p>\n<figure class=\"a_m a_m-h \">\n<p><div style=\"width: 424px\" class=\"wp-caption alignnone\"><img loading=\"lazy\" decoding=\"async\" class=\"_re lazyload a_m-h\" src=\"https:\/\/imagenes.elpais.com\/resizer\/v2\/WDIYFCYYNNARBCQ35BNYYDVKX4.jpeg?auth=5a352ddead994c01e735945fa8573e1699184aa361ff93abcb8da1083d2b4a5c&amp;width=414\" sizes=\"auto, (min-width:1199px) 1155px,(min-width:1001px) calc(100vw - 44px),(min-width:768px) 767px, 100vw\" srcset=\"https:\/\/imagenes.elpais.com\/resizer\/v2\/WDIYFCYYNNARBCQ35BNYYDVKX4.jpeg?auth=5a352ddead994c01e735945fa8573e1699184aa361ff93abcb8da1083d2b4a5c&amp;width=414 414w,https:\/\/imagenes.elpais.com\/resizer\/v2\/WDIYFCYYNNARBCQ35BNYYDVKX4.jpeg?auth=5a352ddead994c01e735945fa8573e1699184aa361ff93abcb8da1083d2b4a5c&amp;width=828 640w,https:\/\/imagenes.elpais.com\/resizer\/v2\/WDIYFCYYNNARBCQ35BNYYDVKX4.jpeg?auth=5a352ddead994c01e735945fa8573e1699184aa361ff93abcb8da1083d2b4a5c&amp;width=980 1000w,https:\/\/imagenes.elpais.com\/resizer\/v2\/WDIYFCYYNNARBCQ35BNYYDVKX4.jpeg?auth=5a352ddead994c01e735945fa8573e1699184aa361ff93abcb8da1083d2b4a5c&amp;width=1960 1960w\" alt=\"Abraham descansa en un sill\u00f3n cerca de su hogar. \" width=\"414\" height=\"276\" \/><p class=\"wp-caption-text\">Abraham descansa en un sill\u00f3n cerca de su hogar.\u00a0 \u00a0 \u00a0 \u00a0 \u00a0 \u00a0 \u00a0 \u00a0 \u00a0 Ricardo Hern\u00e1ndez<\/p><\/div><figcaption class=\"a_m_p\"><\/figcaption><\/figure>\n<p>&nbsp;<\/p>\n<p class=\"\">Como \u00e9l, la mayor\u00eda de hombres en estos asentamientos irregulares trabajan en turismo o construcci\u00f3n, en los puestos m\u00e1s bajos del organigrama, con salarios de entre 4.000 a 7.000 pesos (entre 195 y 340 d\u00f3lares al mes), seg\u00fan censos del Instituto Nacional de Estad\u00edstica y Geograf\u00eda. Mientras ellos se ocupan del mantenimiento o vigilancia de hoteles, o de la alba\u00f1iler\u00eda, pintura o carpinter\u00eda en obras, las mujeres mayores suelen quedarse a cargo de la casa. Las m\u00e1s j\u00f3venes, como la mam\u00e1 de\u00a0<i>Chiqui,\u00a0<\/i>se emplean como camaristas, mozas o mucamas. Las que son madres dejan a sus hijos a cargo de las abuelas o vecinas, formando lo que se conoce como redes de cuidado. Son b\u00e1sicamente mujeres trasladando los cuidados no pagados a otras mujeres.<\/p>\n<p class=\"\">Para Ver\u00f3nica, eso significa que tiene que trasladarse m\u00e1s lejos que otras mujeres para llevar a sus hijos y nietos a sus escuelas; tomar taxi para llevar a\u00a0<i>Chiqui<\/i>\u00a0a terapia; lavar ropa ajena para conseguir dinero para las medicinas del nieto; ir al monte a buscar le\u00f1a para cocinar, extraer de un pozo el agua de uso diario y tambi\u00e9n juntar la basura y tirarla en la avenida m\u00e1s cercana. Adem\u00e1s, ahora tiene que cuidarlo de los grupos criminales que han querido penetrar en este asentamiento.<\/p>\n<p class=\"\">A finales de 2024, Ver\u00f3nica y decenas de vecinas salieron con nada m\u00e1s que su coraje a correr a unas personas, supuestamente integrantes de un grupo criminal, que intentaban instalar una caseta de seguridad. Dice que en el asentamiento irregular colindante pas\u00f3 eso mismo, pero no pudieron frenarlos. Empezaron con una caseta, luego vino el control del acceso, la vigilancia, la extorsi\u00f3n y el despojo de casas para venderlas a otra gente, a quienes cobran mensualidades por el pedazo de tierra que invadieron.<\/p>\n<h3 class=\"\">Ni\u00f1os y drogas<\/h3>\n<p class=\"\">El crimen organizado ha encontrado en los asentamientos un lugar para el narcomenudeo y, en los ni\u00f1os, una poblaci\u00f3n por reclutar o para surtirles droga. En uno de esos barrios, conocido como Los Peralta, Israel (nombre ficticio para proteger su identidad), cuenta la historia de su mejor amigo, Carlitos, que muri\u00f3 a los 13 a\u00f1os. \u201cTen\u00eda una historia muy culera. Sus pap\u00e1s fueron narcos. Y \u00e9l sigui\u00f3 los mismos pasos. \u00c9l quer\u00eda vender drogas tambi\u00e9n. Su mam\u00e1 era piedrosa. \u00c9l ve\u00eda desde ni\u00f1o c\u00f3mo su pap\u00e1 sacaba fajos de billetes en una maleta; c\u00f3mo le llegaban los bonches<i>\u00a0<\/i>de marihuana y otras drogas. Pero siempre hubo maltratos en su casa. Su mam\u00e1 intent\u00f3 matar a su pap\u00e1 de la locura. As\u00ed siempre se la pasaban, achuchill\u00e1ndose a cada rato. A m\u00ed me dec\u00eda: t\u00fa tienes una bonita familia, c\u00f3mo me gustar\u00eda ser t\u00fa\u201d.<\/p>\n<p>&nbsp;<\/p>\n<figure class=\"a_m a_m-h \">\n<p><div style=\"width: 424px\" class=\"wp-caption alignnone\"><img loading=\"lazy\" decoding=\"async\" class=\"_re lazyload a_m-h\" src=\"https:\/\/imagenes.elpais.com\/resizer\/v2\/J2G7VNHJHFG2FFPM7VIMDQ54QE.jpeg?auth=3b4dc3ea6e6c45e647f78511c8312ed6b724ca24004cfccc2babf6373ded83fd&amp;width=414\" sizes=\"auto, (min-width:1199px) 1155px,(min-width:1001px) calc(100vw - 44px),(min-width:768px) 767px, 100vw\" srcset=\"https:\/\/imagenes.elpais.com\/resizer\/v2\/J2G7VNHJHFG2FFPM7VIMDQ54QE.jpeg?auth=3b4dc3ea6e6c45e647f78511c8312ed6b724ca24004cfccc2babf6373ded83fd&amp;width=414 414w,https:\/\/imagenes.elpais.com\/resizer\/v2\/J2G7VNHJHFG2FFPM7VIMDQ54QE.jpeg?auth=3b4dc3ea6e6c45e647f78511c8312ed6b724ca24004cfccc2babf6373ded83fd&amp;width=828 640w,https:\/\/imagenes.elpais.com\/resizer\/v2\/J2G7VNHJHFG2FFPM7VIMDQ54QE.jpeg?auth=3b4dc3ea6e6c45e647f78511c8312ed6b724ca24004cfccc2babf6373ded83fd&amp;width=980 1000w,https:\/\/imagenes.elpais.com\/resizer\/v2\/J2G7VNHJHFG2FFPM7VIMDQ54QE.jpeg?auth=3b4dc3ea6e6c45e647f78511c8312ed6b724ca24004cfccc2babf6373ded83fd&amp;width=1960 1960w\" alt=\"Los trabajos de cuidado tambi\u00e9n incluyen el \u00e1mbito emocional y sentimental, dar soporte, apoyo y cari\u00f1os.\" width=\"414\" height=\"268\" \/><p class=\"wp-caption-text\">Los trabajos de cuidado tambi\u00e9n incluyen el \u00e1mbito emocional y sentimental, dar soporte, apoyo y cari\u00f1os. Ricardo Hern\u00e1ndez<\/p><\/div><figcaption class=\"a_m_p\"><\/figcaption><\/figure>\n<p class=\"\">Israel y Carlos se conocieron en las canchas de f\u00fatbol de la Regi\u00f3n 227, una colonia aleda\u00f1a. Otros vecinos<a href=\"https:\/\/elpais.com\/mexico\/2020-09-03\/la-marina-mexicana-intercepta-casi-tres-toneladas-de-cocaina-en-el-caribe.html\" data-link-track-dtm=\"\" data-mrf-link=\"https:\/\/elpais.com\/mexico\/2020-09-03\/la-marina-mexicana-intercepta-casi-tres-toneladas-de-cocaina-en-el-caribe.html\">\u00a0los introdujeron a la marihuana, la coca\u00edna y, por \u00faltimo, a la metanfetamina<\/a>. La adicci\u00f3n avanz\u00f3 tan r\u00e1pido que ten\u00edan que tomar dos o tres dosis diarias. Para tener dinero, se montaban en una bicicleta, Israel manejaba y Carlitos iba sobre el manubrio, ordenando a qui\u00e9n asaltar con un cuchillo. \u201c\u00c9l\u00a0<i>wachaba<\/i>\u00a0y yo lo segu\u00eda. Era como mi\u00a0<i>patroncito<\/i>. Yo segu\u00eda sus pasos y quer\u00eda ser c\u00f3mo \u00e9l\u201d, recuerda Israel. Una vez, Carlitos decidi\u00f3 asaltar a quienes les surt\u00edan la droga. \u201cEse d\u00eda le dispararon a mi\u00a0<i>carnalito<\/i>\u201d, dice el joven de 16 a\u00f1os, quien acaba de terminar un programa en un centro de rehabilitaci\u00f3n que, asegura, funcion\u00f3.<\/p>\n<p class=\"\">Pablo Deng Chiw, acad\u00e9mico de la Universidad Aut\u00f3noma de Baja California Sur, ha insistido en la necesidad de cambiar el paradigma: renunciar a considerar el consumo de sustancias como problema de seguridad, para pensarlo como uno causado por el desamparo de las infancias en barrios marginales, los cuales carecen de garant\u00edas de cuidado, sin escuelas, guarder\u00edas, parques p\u00fablicos ni familia cerca. En los asentamientos irregulares, los trabajos de cuidado incluyen mantener con vida a las infancias y alejarlos de las drogas, dice Pilivet Aguilar Alayola, docente de la Universidad del Caribe (Unicaribe), quien colabora un proyecto de sistema de cuidados local.<\/p>\n<p class=\"\">Desde inicios de 2024, el Ayuntamiento de Canc\u00fan ha convocado a la sociedad civil y academia para entender las necesidades espec\u00edficas de cuidado que tiene la ciudad. Adem\u00e1s, ha incluido un sistema de cuidados p\u00fablico local como programa prioritario dentro del Plan Municipal de Desarrollo, que se present\u00f3 este febrero. El siguiente paso, explica Aguilar Alayola, es reformar el Bando de Gobierno y Polic\u00eda para que cada instituci\u00f3n tenga claramente establecidas sus obligaciones respecto a los cuidados<\/p>\n<p class=\"\">Para Mariana Bell\u00f3, de Oxfam, la clave es que el modelo de cuidados atienda a las necesidades espec\u00edficas de estos asentamientos. El caso del barrio de Ver\u00f3nica y\u00a0<i>Chiqui<\/i>, por ejemplo, hacen falta servicios p\u00fablicos y estrategias puntuales para que mujeres como ella no gasten la mitad de su vida yendo por le\u00f1a y sacando agua de pozos o que ni\u00f1os como \u00e9l no quieran huir con pasitos desesperados del lugar donde viven.<\/p>\n","protected":false},"excerpt":{"rendered":"<p>&nbsp; &nbsp; &#8211; En las periferias de uno de los polos tur\u00edsticos de M\u00e9xico, los expertos han identificado una crisis de cuidados, donde las m\u00e1s&hellip;<\/p>\n","protected":false},"author":99,"featured_media":528587,"comment_status":"open","ping_status":"open","sticky":false,"template":"","format":"standard","meta":{"footnotes":""},"categories":[23],"tags":[],"class_list":["post-528586","post","type-post","status-publish","format-standard","has-post-thumbnail","hentry","category-latinoamerica"],"_links":{"self":[{"href":"https:\/\/diarioelpopular.com\/index.php\/wp-json\/wp\/v2\/posts\/528586","targetHints":{"allow":["GET"]}}],"collection":[{"href":"https:\/\/diarioelpopular.com\/index.php\/wp-json\/wp\/v2\/posts"}],"about":[{"href":"https:\/\/diarioelpopular.com\/index.php\/wp-json\/wp\/v2\/types\/post"}],"author":[{"embeddable":true,"href":"https:\/\/diarioelpopular.com\/index.php\/wp-json\/wp\/v2\/users\/99"}],"replies":[{"embeddable":true,"href":"https:\/\/diarioelpopular.com\/index.php\/wp-json\/wp\/v2\/comments?post=528586"}],"version-history":[{"count":1,"href":"https:\/\/diarioelpopular.com\/index.php\/wp-json\/wp\/v2\/posts\/528586\/revisions"}],"predecessor-version":[{"id":528588,"href":"https:\/\/diarioelpopular.com\/index.php\/wp-json\/wp\/v2\/posts\/528586\/revisions\/528588"}],"wp:featuredmedia":[{"embeddable":true,"href":"https:\/\/diarioelpopular.com\/index.php\/wp-json\/wp\/v2\/media\/528587"}],"wp:attachment":[{"href":"https:\/\/diarioelpopular.com\/index.php\/wp-json\/wp\/v2\/media?parent=528586"}],"wp:term":[{"taxonomy":"category","embeddable":true,"href":"https:\/\/diarioelpopular.com\/index.php\/wp-json\/wp\/v2\/categories?post=528586"},{"taxonomy":"post_tag","embeddable":true,"href":"https:\/\/diarioelpopular.com\/index.php\/wp-json\/wp\/v2\/tags?post=528586"}],"curies":[{"name":"wp","href":"https:\/\/api.w.org\/{rel}","templated":true}]}}