{"id":528592,"date":"2025-02-15T13:16:37","date_gmt":"2025-02-15T17:16:37","guid":{"rendered":"https:\/\/diarioelpopular.com\/?p=528592"},"modified":"2025-02-15T13:16:37","modified_gmt":"2025-02-15T17:16:37","slug":"el-vicepresidente-de-ee-uu-lanza-en-munich-un-duro-ataque-contra-las-democracias-de-europa-y-genera-indignacion","status":"publish","type":"post","link":"https:\/\/diarioelpopular.com\/index.php\/2025\/02\/15\/el-vicepresidente-de-ee-uu-lanza-en-munich-un-duro-ataque-contra-las-democracias-de-europa-y-genera-indignacion\/","title":{"rendered":"El vicepresidente de EE.UU. lanza en M\u00fanich un duro ataque contra las democracias de Europa y genera indignaci\u00f3n"},"content":{"rendered":"<div id=\"attachment_528593\" style=\"width: 646px\" class=\"wp-caption alignnone\"><img loading=\"lazy\" decoding=\"async\" aria-describedby=\"caption-attachment-528593\" class=\"wp-image-528593 size-custom-full-size\" src=\"https:\/\/diarioelpopular.com\/wp-content\/uploads\/2025\/02\/Screen-Shot-2025-02-15-at-12.15.56-PM-636x360.png\" alt=\"\" width=\"636\" height=\"360\" srcset=\"https:\/\/diarioelpopular.com\/wp-content\/uploads\/2025\/02\/Screen-Shot-2025-02-15-at-12.15.56-PM-636x360.png 636w, https:\/\/diarioelpopular.com\/wp-content\/uploads\/2025\/02\/Screen-Shot-2025-02-15-at-12.15.56-PM-300x170.png 300w, https:\/\/diarioelpopular.com\/wp-content\/uploads\/2025\/02\/Screen-Shot-2025-02-15-at-12.15.56-PM-768x435.png 768w, https:\/\/diarioelpopular.com\/wp-content\/uploads\/2025\/02\/Screen-Shot-2025-02-15-at-12.15.56-PM-129x73.png 129w, https:\/\/diarioelpopular.com\/wp-content\/uploads\/2025\/02\/Screen-Shot-2025-02-15-at-12.15.56-PM.png 1024w\" sizes=\"auto, (max-width: 636px) 100vw, 636px\" \/><p id=\"caption-attachment-528593\" class=\"wp-caption-text\">JD Vance critic\u00f3 a los pa\u00edses europeos en la Conferencia de Seguridad de M\u00fanich.<\/p><\/div>\n<p>&nbsp;<\/p>\n<p>&nbsp;<\/p>\n<div class=\"bbc-19j92fr ebmt73l0\" dir=\"ltr\">\n<ul>\n<li class=\"bbc-hhl7in e17g058b0\" dir=\"ltr\"><em><b>El vicepresidente de EE.UU., JD Vance, lanz\u00f3 este viernes un duro ataque contra las democracias europeas, asegurando que la mayor amenaza que enfrenta el continente no proviene de Rusia y China, sino &#8220;desde dentro&#8221;.<\/b><\/em><\/li>\n<\/ul>\n<\/div>\n<div class=\"bbc-19j92fr ebmt73l0\" dir=\"ltr\">\n<p dir=\"ltr\">\n<p class=\"bbc-hhl7in e17g058b0\" dir=\"ltr\">Se esperaba que Vance utilizara su discurso en la Conferencia de Seguridad de M\u00fanich, en Alemania, para abordar posibles conversaciones para poner fin a la guerra en Ucrania.<\/p>\n<\/div>\n<div class=\"bbc-19j92fr ebmt73l0\" dir=\"ltr\">\n<p class=\"bbc-hhl7in e17g058b0\" dir=\"ltr\">En cambio, dedic\u00f3 la mayor parte de su intervenci\u00f3n a acusar desmedidamente a los gobiernos europeos de alejarse de sus valores e ignorar las preocupaciones de los votantes sobre la migraci\u00f3n y la libertad de expresi\u00f3n.<\/p>\n<\/div>\n<div class=\"bbc-19j92fr ebmt73l0\" dir=\"ltr\">\n<p class=\"bbc-hhl7in e17g058b0\" dir=\"ltr\">El discurso fue recibido con silencio en la sala y sin aplausos. Y posteriormente fue denunciado por varios pol\u00edticos presentes en la conferencia. El ministro de Defensa alem\u00e1n, Boris Pistorius, dijo que esto &#8220;no es aceptable&#8221;.<\/p>\n<\/div>\n<div class=\"bbc-19j92fr ebmt73l0\" dir=\"ltr\">\n<p class=\"bbc-hhl7in e17g058b0\" dir=\"ltr\">Vance repiti\u00f3 la l\u00ednea de la administraci\u00f3n Trump de que Europa debe &#8220;dar un gran paso adelante para garantizar su propia defensa&#8221;.<\/p>\n<\/div>\n<div class=\"bbc-19j92fr ebmt73l0\" dir=\"ltr\">\n<p class=\"bbc-hhl7in e17g058b0\" dir=\"ltr\">El vicepresidente estadounidense dijo que esperaba que se pudiera alcanzar un &#8220;acuerdo razonable&#8221; para poner fin a la guerra en Ucrania, despu\u00e9s del sorpresivo anuncio del presidente estadounidense Donald Trump a principios de esta semana de que \u00e9l y su hom\u00f3logo ruso Vladimir Putin hab\u00edan acordado iniciar conversaciones de paz.<\/p>\n<\/div>\n<div class=\"bbc-19j92fr ebmt73l0\" dir=\"ltr\">\n<p class=\"bbc-hhl7in e17g058b0\" dir=\"ltr\">Pero el discurso de Vance se centr\u00f3 en cuestiones de guerra cultural y temas clave de la campa\u00f1a de Trump para la presidencia de Estados Unidos, alej\u00e1ndose de los que son los temas habituales sobre seguridad y defensa en la conferencia anual de M\u00fanich.<\/p>\n<\/div>\n<div class=\"bbc-19j92fr ebmt73l0\" dir=\"ltr\">\n<p class=\"bbc-hhl7in e17g058b0\" dir=\"ltr\">Aleg\u00f3 que los &#8220;comisarios&#8221; de la Uni\u00f3n Europea reprimen la libertad de expresi\u00f3n, culp\u00f3 al viejo continente por la migraci\u00f3n masiva y acus\u00f3 a sus l\u00edderes de retirarse de &#8220;algunos de sus valores m\u00e1s fundamentales&#8221;.<\/p>\n<p dir=\"ltr\">\n<\/div>\n<figure class=\"bbc-1qn0xuy\">\n<div class=\"bbc-18ywsw9\">\n<div style=\"width: 3450px\" class=\"wp-caption alignnone\"><img loading=\"lazy\" decoding=\"async\" class=\"bbc-139onq\" src=\"https:\/\/ichef.bbci.co.uk\/ace\/ws\/640\/cpsprodpb\/b284\/live\/cea1d090-eb10-11ef-a319-fb4e7360c4ec.jpg.webp\" alt=\"El ministro alem\u00e1n de Defensa, Boris Pistorius, escucha pensativo.\" width=\"3440\" height=\"2280\" \/><p class=\"wp-caption-text\">Fuente de la imagen,Reuters.\u00a0\u00a0El ministro alem\u00e1n de Defensa, Boris Pistorius, visiblemente enojado, calific\u00f3 de &#8220;inaceptable&#8221; el discurso de Vance.<\/p><\/div>\n<p class=\"bbc-by8ykd\" role=\"text\">\n<\/div>\n<\/figure>\n<div class=\"bbc-19j92fr ebmt73l0\" dir=\"ltr\">\n<h2 id=\"La-amenaza-es-desde-dentro\" class=\"bbc-1lgzob2 eglt09e0\" tabindex=\"-1\">&#8220;La amenaza es desde dentro&#8221;<\/h2>\n<\/div>\n<div class=\"bbc-19j92fr ebmt73l0\" dir=\"ltr\">\n<p class=\"bbc-hhl7in e17g058b0\" dir=\"ltr\">&#8220;Ning\u00fan votante de este continente acudi\u00f3 a las urnas para abrir las compuertas a millones de inmigrantes sin controles&#8221;, dijo Vance. &#8220;\u00bfPero saben lo que s\u00ed votaron? En Inglaterra, votaron por el Brexit. Y est\u00e9n de acuerdo o no, votaron a favor. Y cada vez m\u00e1s en toda Europa, est\u00e1n votando por l\u00edderes pol\u00edticos que prometen poner fin a la migraci\u00f3n fuera de control&#8221;, a\u00f1adi\u00f3.<\/p>\n<\/div>\n<div class=\"bbc-19j92fr ebmt73l0\" dir=\"ltr\">\n<p class=\"bbc-hhl7in e17g058b0\" dir=\"ltr\">&#8220;La amenaza que m\u00e1s me preocupa respecto de Europa no es Rusia, no es China, no es ning\u00fan otro actor externo. Lo que me preocupa es la amenaza desde dentro, el retroceso de Europa en algunos de sus valores m\u00e1s fundamentales, valores compartidos con Estados Unidos&#8221;, dijo tambi\u00e9n el vicepresidente estadounidense.<\/p>\n<\/div>\n<div class=\"bbc-19j92fr ebmt73l0\" dir=\"ltr\">\n<p class=\"bbc-hhl7in e17g058b0\" dir=\"ltr\">La jefa de pol\u00edtica exterior de la UE, Kaja Kallas, reflej\u00f3 la reacci\u00f3n europea tras las palabras de Vance. &#8220;Parece que est\u00e1n tratando de iniciar una pelea&#8221; con Europa, hogar de algunos de los aliados m\u00e1s cercanos de Estados Unidos.<\/p>\n<\/div>\n<div class=\"bbc-19j92fr ebmt73l0\" dir=\"ltr\">\n<p class=\"bbc-hhl7in e17g058b0\" dir=\"ltr\">Vance utiliz\u00f3 su discurso de 20 minutos para se\u00f1alar a varias naciones europeas, incluido Reino Unido.<\/p>\n<\/div>\n<div class=\"bbc-19j92fr ebmt73l0\" dir=\"ltr\">\n<p class=\"bbc-hhl7in e17g058b0\" dir=\"ltr\">Sac\u00f3 a colaci\u00f3n un caso legal en el que un veterano del ej\u00e9rcito brit\u00e1nico que oraba en silencio frente a una cl\u00ednica de abortos fue condenado por traspasar una zona de seguridad de 150 metros alrededor del centro.<\/p>\n<\/div>\n<div class=\"bbc-19j92fr ebmt73l0\" dir=\"ltr\">\n<p class=\"bbc-hhl7in e17g058b0\" dir=\"ltr\">La zona, introducida en octubre de 2022, proh\u00edbe actividades a favor o en contra de los servicios de aborto, incluidas protestas, acoso y vigilias.<\/p>\n<\/div>\n<div class=\"bbc-19j92fr ebmt73l0\" dir=\"ltr\">\n<p class=\"bbc-hhl7in e17g058b0\" dir=\"ltr\">Pero Vance argument\u00f3 que &#8220;las libertades b\u00e1sicas de los brit\u00e1nicos religiosos&#8221; est\u00e1n amenazadas.<\/p>\n<p dir=\"ltr\">\n<\/div>\n<figure class=\"bbc-1qn0xuy\">\n<div class=\"bbc-18ywsw9\">\n<div style=\"width: 1034px\" class=\"wp-caption alignnone\"><img loading=\"lazy\" decoding=\"async\" class=\"bbc-139onq\" src=\"https:\/\/ichef.bbci.co.uk\/ace\/ws\/640\/cpsprodpb\/fbc2\/live\/bc626d70-eb21-11ef-bd1b-d536627785f2.jpg.webp\" alt=\"Olaf Scholz\" width=\"1024\" height=\"682\" \/><p class=\"wp-caption-text\">Fuente de la imagen,Getty Images.\u00a0\u00a0,La defensa de Vance de AfD despert\u00f3 las cr\u00edticas del canciller alem\u00e1n, Olaf Scholz.<\/p><\/div>\n<p class=\"bbc-by8ykd\" role=\"text\">\n<\/div>\n<\/figure>\n<div class=\"bbc-19j92fr ebmt73l0\" dir=\"ltr\">\n<h2 id=\"Indignaci\u00f3n-en-Alemania\" class=\"bbc-1lgzob2 eglt09e0\" tabindex=\"-1\">Indignaci\u00f3n en Alemania<\/h2>\n<\/div>\n<div class=\"bbc-19j92fr ebmt73l0\" dir=\"ltr\">\n<p class=\"bbc-hhl7in e17g058b0\" dir=\"ltr\">Nueve d\u00edas antes de unas tensas elecciones nacionales en Alemania, se refiri\u00f3 a un acalorado debate en el pa\u00eds en torno a la negativa de los principales partidos pol\u00edticos cooperara con la extrema derecha de Alternativa para Alemania (AfD).<\/p>\n<\/div>\n<div class=\"bbc-19j92fr ebmt73l0\" dir=\"ltr\">\n<p class=\"bbc-hhl7in e17g058b0\" dir=\"ltr\">En las d\u00e9cadas transcurridas desde que se restableci\u00f3 la democracia en Alemania tras la derrota de los nazis, ha habido consenso entre sus principales partidos pol\u00edticos de no trabajar con partidos de extrema derecha, lo que en el pa\u00eds se conoce como &#8220;el cortafuegos&#8221;.<\/p>\n<\/div>\n<div class=\"bbc-19j92fr ebmt73l0\" dir=\"ltr\">\n<p class=\"bbc-hhl7in e17g058b0\" dir=\"ltr\">&#8220;La democracia se basa en el principio sagrado de que la voz del pueblo importa&#8221;, dijo Vance. &#8220;No hay lugar para cortafuegos. O se mantiene el principio o no&#8221;.<\/p>\n<\/div>\n<div class=\"bbc-19j92fr ebmt73l0\" dir=\"ltr\">\n<p class=\"bbc-hhl7in e17g058b0\" dir=\"ltr\">En un discurso posterior, el ministro de Defensa alem\u00e1n se dirigi\u00f3 directamente a Vance y dijo: &#8220;Yo ten\u00eda un discurso preparado. Iba de seguridad en Europa. Pero no puedo empezar como ten\u00eda planeado. No puedo ignorar lo que he o\u00eddo. Esta democracia ha sido cuestionada por el vicepresidente de EE UU (&#8230;), que compara lo que ocurre en Europa con cosas que se producen en reg\u00edmenes autoritarios&#8221;.<\/p>\n<\/div>\n<div class=\"bbc-19j92fr ebmt73l0\" dir=\"ltr\">\n<p class=\"bbc-hhl7in e17g058b0\" dir=\"ltr\">&#8220;Esto no es aceptable. La democracia no significa que una minor\u00eda ruidosa pueda decidir qu\u00e9 es la verdad. La democracia debe ser capaz de defenderse ante los extremistas&#8221;, asegur\u00f3 Pistorius visiblemente molesto.<\/p>\n<\/div>\n<div class=\"bbc-19j92fr ebmt73l0\" dir=\"ltr\">\n<p class=\"bbc-hhl7in e17g058b0\" dir=\"ltr\">Mientras, la l\u00edder del partido de extrema derecha AfD y candidata a la canciller\u00eda, Alice Weidel, quien se reuni\u00f3 con Vance en los m\u00e1rgenes de la Conferencia de M\u00fanich, calific\u00f3 de &#8220;excelente&#8221; el discurso del vicepresidente estadounidense en un mensaje en su cuenta de X.<\/p>\n<\/div>\n<div class=\"bbc-19j92fr ebmt73l0\" dir=\"ltr\">\n<p class=\"bbc-hhl7in e17g058b0\" dir=\"ltr\">La defensa de Vance de AfD despert\u00f3 las cr\u00edticas tanto del canciller alem\u00e1n, Olaf Scholz, como el presidente federal, Frank-Walter Steinmeier, as\u00ed como de los principales medios del pa\u00eds europeo.<\/p>\n<\/div>\n<div class=\"bbc-19j92fr ebmt73l0\" dir=\"ltr\">\n<p class=\"bbc-hhl7in e17g058b0\" dir=\"ltr\">En la ma\u00f1ana de este viernes, un portavoz del gobierno de Scholz asegur\u00f3 en rueda de prensa que Vance no deber\u00eda interferir en las elecciones alemanas.<\/p>\n<\/div>\n<div class=\"bbc-19j92fr ebmt73l0\" dir=\"ltr\">\n<p class=\"bbc-hhl7in e17g058b0\" dir=\"ltr\">&#8220;No creo que sea correcto que los extranjeros, incluidos los de pa\u00edses extranjeros amigos, interfieran tan intensamente en una campa\u00f1a electoral en pleno per\u00edodo electoral&#8221;, dijo.<\/p>\n<p dir=\"ltr\">\n<\/div>\n<figure class=\"bbc-1qn0xuy\">\n<div class=\"bbc-18ywsw9\">\n<div style=\"width: 1034px\" class=\"wp-caption alignnone\"><img loading=\"lazy\" decoding=\"async\" class=\"bbc-139onq\" src=\"https:\/\/ichef.bbci.co.uk\/ace\/ws\/640\/cpsprodpb\/fbb8\/live\/38512840-eb18-11ef-a319-fb4e7360c4ec.jpg.webp\" alt=\"Kaja Kallas\" width=\"1024\" height=\"699\" \/><p class=\"wp-caption-text\">Fuente de la imagen,Getty Images.\u00a0\u00a0La jefa de pol\u00edtica exterior de la UE, Kaja Kallas, dijo tras las palabras de Vance que &#8220;parece que est\u00e1n tratando de iniciar una pelea&#8221;.<\/p><\/div>\n<\/div>\n<\/figure>\n<div class=\"bbc-19j92fr ebmt73l0\" dir=\"ltr\">\n<h2 tabindex=\"-1\"><\/h2>\n<h2 id=\"Cr\u00edticas-a-las-elecciones-rumanas\" class=\"bbc-1lgzob2 eglt09e0\" tabindex=\"-1\">Cr\u00edticas a las elecciones rumanas<\/h2>\n<\/div>\n<div class=\"bbc-19j92fr ebmt73l0\" dir=\"ltr\">\n<p class=\"bbc-hhl7in e17g058b0\" dir=\"ltr\">Vance tambi\u00e9n hizo referencia en su discurso en M\u00fanich a las elecciones presidenciales en Rumania, que fueron anuladas en diciembre despu\u00e9s de que documentos desclasificados sugirieran que hab\u00edan sido objeto de interferencia estatal rusa.<\/p>\n<\/div>\n<div class=\"bbc-19j92fr ebmt73l0\" dir=\"ltr\">\n<p class=\"bbc-hhl7in e17g058b0\" dir=\"ltr\">Vance dijo en la conferencia: &#8220;Si su democracia puede ser destruida con unos meros US$100.000 de publicidad digital de un pa\u00eds extranjero, entonces, para empezar es que no era muy fuerte&#8221;.<\/p>\n<\/div>\n<div class=\"bbc-19j92fr ebmt73l0\" dir=\"ltr\">\n<p class=\"bbc-hhl7in e17g058b0\" dir=\"ltr\">El primer ministro rumano, Marcel Ciolacu, afirm\u00f3 que su pa\u00eds sigue siendo &#8220;un defensor de los valores democr\u00e1ticos que Europa comparte con Estados Unidos&#8221;.<\/p>\n<\/div>\n<div class=\"bbc-19j92fr ebmt73l0\" dir=\"ltr\">\n<p class=\"bbc-hhl7in e17g058b0\" dir=\"ltr\">&#8220;Todas las autoridades de RO [rumanas] est\u00e1n comprometidas a organizar elecciones libres y justas empoderando a los ciudadanos y garantizando la libertad de votar&#8221;, escribi\u00f3 en X.<\/p>\n<\/div>\n<div class=\"bbc-19j92fr ebmt73l0\" dir=\"ltr\">\n<p class=\"bbc-hhl7in e17g058b0\" dir=\"ltr\">Vance se reuni\u00f3 m\u00e1s tarde con el presidente ucraniano Volodymyr Zelensky al margen de la conferencia.<\/p>\n<\/div>\n<div class=\"bbc-19j92fr ebmt73l0\" dir=\"ltr\">\n<p class=\"bbc-hhl7in e17g058b0\" dir=\"ltr\">Zelensky dijo durante la reuni\u00f3n que se necesitaba m\u00e1s trabajo en la planificaci\u00f3n para poner fin a los combates, mientras que Vance asegur\u00f3 que ambos compartieron una conversaci\u00f3n &#8220;fruct\u00edfera&#8221;.<\/p>\n<\/div>\n<div class=\"bbc-19j92fr ebmt73l0\" dir=\"ltr\">\n<p class=\"bbc-hhl7in e17g058b0\" dir=\"ltr\">Trump hab\u00eda dicho que funcionarios estadounidenses, rusos y ucranianos se reunir\u00edan en M\u00fanich, pero Mosc\u00fa se\u00f1al\u00f3 que no enviar\u00eda una delegaci\u00f3n a la cumbre.<\/p>\n<\/div>\n","protected":false},"excerpt":{"rendered":"<p>&nbsp; &nbsp; El vicepresidente de EE.UU., JD Vance, lanz\u00f3 este viernes un duro ataque contra las democracias europeas, asegurando que la mayor amenaza que enfrenta&hellip;<\/p>\n","protected":false},"author":99,"featured_media":528593,"comment_status":"open","ping_status":"open","sticky":false,"template":"","format":"standard","meta":{"footnotes":""},"categories":[24],"tags":[],"class_list":["post-528592","post","type-post","status-publish","format-standard","has-post-thumbnail","hentry","category-mundo"],"_links":{"self":[{"href":"https:\/\/diarioelpopular.com\/index.php\/wp-json\/wp\/v2\/posts\/528592","targetHints":{"allow":["GET"]}}],"collection":[{"href":"https:\/\/diarioelpopular.com\/index.php\/wp-json\/wp\/v2\/posts"}],"about":[{"href":"https:\/\/diarioelpopular.com\/index.php\/wp-json\/wp\/v2\/types\/post"}],"author":[{"embeddable":true,"href":"https:\/\/diarioelpopular.com\/index.php\/wp-json\/wp\/v2\/users\/99"}],"replies":[{"embeddable":true,"href":"https:\/\/diarioelpopular.com\/index.php\/wp-json\/wp\/v2\/comments?post=528592"}],"version-history":[{"count":1,"href":"https:\/\/diarioelpopular.com\/index.php\/wp-json\/wp\/v2\/posts\/528592\/revisions"}],"predecessor-version":[{"id":528594,"href":"https:\/\/diarioelpopular.com\/index.php\/wp-json\/wp\/v2\/posts\/528592\/revisions\/528594"}],"wp:featuredmedia":[{"embeddable":true,"href":"https:\/\/diarioelpopular.com\/index.php\/wp-json\/wp\/v2\/media\/528593"}],"wp:attachment":[{"href":"https:\/\/diarioelpopular.com\/index.php\/wp-json\/wp\/v2\/media?parent=528592"}],"wp:term":[{"taxonomy":"category","embeddable":true,"href":"https:\/\/diarioelpopular.com\/index.php\/wp-json\/wp\/v2\/categories?post=528592"},{"taxonomy":"post_tag","embeddable":true,"href":"https:\/\/diarioelpopular.com\/index.php\/wp-json\/wp\/v2\/tags?post=528592"}],"curies":[{"name":"wp","href":"https:\/\/api.w.org\/{rel}","templated":true}]}}