{"id":528613,"date":"2025-02-16T12:43:22","date_gmt":"2025-02-16T16:43:22","guid":{"rendered":"https:\/\/diarioelpopular.com\/?p=528613"},"modified":"2025-02-16T12:43:54","modified_gmt":"2025-02-16T16:43:54","slug":"ilustracion-que-hizo-la-bbc-antes-del-lanzamiento-del-znamya-2","status":"publish","type":"post","link":"https:\/\/diarioelpopular.com\/index.php\/2025\/02\/16\/ilustracion-que-hizo-la-bbc-antes-del-lanzamiento-del-znamya-2\/","title":{"rendered":"Doce horas en la mina para extraer todo el oro posible: ascender a costa de la salud y el planeta"},"content":{"rendered":"<div id=\"attachment_528614\" style=\"width: 1210px\" class=\"wp-caption alignnone\"><img loading=\"lazy\" decoding=\"async\" aria-describedby=\"caption-attachment-528614\" class=\"wp-image-528614 size-custom-big-size\" src=\"https:\/\/diarioelpopular.com\/wp-content\/uploads\/2025\/02\/Screen-Shot-2025-02-16-at-11.42.40-AM-1200x807.png\" alt=\"\" width=\"1200\" height=\"807\" srcset=\"https:\/\/diarioelpopular.com\/wp-content\/uploads\/2025\/02\/Screen-Shot-2025-02-16-at-11.42.40-AM-1200x807.png 1200w, https:\/\/diarioelpopular.com\/wp-content\/uploads\/2025\/02\/Screen-Shot-2025-02-16-at-11.42.40-AM-300x202.png 300w, https:\/\/diarioelpopular.com\/wp-content\/uploads\/2025\/02\/Screen-Shot-2025-02-16-at-11.42.40-AM-768x517.png 768w, https:\/\/diarioelpopular.com\/wp-content\/uploads\/2025\/02\/Screen-Shot-2025-02-16-at-11.42.40-AM-636x428.png 636w, https:\/\/diarioelpopular.com\/wp-content\/uploads\/2025\/02\/Screen-Shot-2025-02-16-at-11.42.40-AM-80x55.png 80w, https:\/\/diarioelpopular.com\/wp-content\/uploads\/2025\/02\/Screen-Shot-2025-02-16-at-11.42.40-AM-108x73.png 108w, https:\/\/diarioelpopular.com\/wp-content\/uploads\/2025\/02\/Screen-Shot-2025-02-16-at-11.42.40-AM.png 1024w\" sizes=\"auto, (max-width: 1200px) 100vw, 1200px\" \/><p id=\"caption-attachment-528614\" class=\"wp-caption-text\">Trabajadores en una mina de oro en La Paz, Bolivia, el 20 de noviembre de 2010. Juan Karita (AP)<\/p><\/div>\n<p>&nbsp;<\/p>\n<p>&nbsp;<\/p>\n<h4 class=\"a_st\"><em>&#8211; Con jornadas de hasta 15 d\u00edas seguidos y pagos inestables, cientos de trabajadores bolivianos sacrifican su salud y el medioambiente para ser socios de las cooperativas mineras, seg\u00fan revela en una investigaci\u00f3n<\/em><\/h4>\n<p>&nbsp;<\/p>\n<p class=\"\">Carlos Huanca, minero boliviano de casi 30 a\u00f1os, tiene ocupada su mente desde hace meses con una publicaci\u00f3n en el M<i>arketplace<\/i>\u00a0de Facebook. \u201cEn venta una acci\u00f3n minera aur\u00edfera (\u2026) 10.500 d\u00f3lares o permuto por movilidad de taxi\u201d, dice el post. Huanca tiene m\u00e1s de 10 a\u00f1os de experiencia en la extracci\u00f3n de oro y ha estado en tres cooperativas, pero su situaci\u00f3n no ha cambiado significativamente: extraer la mayor cantidad de oro posible durante turnos de hasta 12 horas para incrementar su paga diaria. Dinero que ahorra, como decenas de cientos de\u00a0<a href=\"https:\/\/elpais.com\/icon-design\/2024-08-10\/la-casa-de-jornaleros-que-ha-transformado-la-carrera-de-un-joven-arquitecto-malagueno.html\" data-link-track-dtm=\"\" data-mrf-link=\"https:\/\/elpais.com\/icon-design\/2024-08-10\/la-casa-de-jornaleros-que-ha-transformado-la-carrera-de-un-joven-arquitecto-malagueno.html\"><i>jornaleros<\/i><\/a><i>\u00a0<\/i>iguales que \u00e9l, para dejar de ser mano de obra flotante y convertirse en socios accionarios de una de las varias empresas mineras establecidas en los Yungas. Pese a que esta zona tropical de la ciudad de La Paz ha sido hist\u00f3ricamente una regi\u00f3n destinada a la agricultura, ha sucumbido en las \u00faltimas d\u00e9cadas a la\u00a0<a href=\"https:\/\/elpais.com\/economia\/negocios\/2023-10-07\/la-fiebre-del-oro-atrapa-a-los-bolivianos.html\" data-link-track-dtm=\"\" data-mrf-link=\"https:\/\/elpais.com\/economia\/negocios\/2023-10-07\/la-fiebre-del-oro-atrapa-a-los-bolivianos.html\">fiebre del oro<\/a>.<\/p>\n<p class=\"\">\u201cCuando eres\u00a0<i>jornalero<\/i>, est\u00e1s obligado a trabajar dentro de la mina, en el interior del socav\u00f3n y los t\u00faneles (\u2026) Tienes que trabajar todos los d\u00edas sin fallar; si no, te dicen: \u2018Te vas a ir\u2019. Pero cuando eres socio, est\u00e1s mejor: cada uno asume su propia responsabilidad y se cuida tambi\u00e9n de los accidentes\u201d, comenta Huanca, un nombre ficticio que ha pedido que se le asigne por temor a represalias. Es uno de los testimonios que recupera el investigador Fernando Alcons en su\u00a0<a href=\"https:\/\/ojs.umsa.bo\/ojs\/index.php\/umbrales\/article\/view\/950\" target=\"_blank\" rel=\"noopener\" data-link-track-dtm=\"\" data-mrf-link=\"https:\/\/ojs.umsa.bo\/ojs\/index.php\/umbrales\/article\/view\/950\">art\u00edculo cient\u00edfico<\/a>\u00a0<i>Extractivismo aur\u00edfero y organizaci\u00f3n del trabajo: din\u00e1micas territoriales en la miner\u00eda aur\u00edfera cooperativizada en Los Yungas, Bolivia<\/i>, publicado a finales de 2024. En \u00e9l, a trav\u00e9s de entrevistas y trabajo de campo, describe c\u00f3mo los\u00a0<i>jornaleros<\/i>\u00a0\u2014trabajadores que reciben un salario por hora o d\u00eda, y el estrato m\u00e1s bajo en la cadena de trabajo de la miner\u00eda\u2014 explotan la mina hasta por 15 d\u00edas consecutivos con el objetivo de escalar en la jerarqu\u00eda laboral de la cooperativa. En el camino del sacrificio no solo queda el desgaste del entorno ambiental, sino tambi\u00e9n el de la fuerza de trabajo.<\/p>\n<p class=\"\">Alcons se sorprendi\u00f3 con lo que encontr\u00f3 durante uno de sus viajes a la comunidad de Palca, en La Paz, ciudad donde se concentran el 75% de las cooperativas mineras del pa\u00eds, para su tesis de maestr\u00eda en Desarrollo Social. Los que antes hab\u00edan sido sembradores de papa, chu\u00f1o, c\u00edtricos y hoja de coca eran ahora en su mayor\u00eda mineros. \u201cSon la extensi\u00f3n del\u00a0<i>boom<\/i>\u00a0por el oro que ya est\u00e1 penetrando en las din\u00e1micas familiares campesinas\u201d, cuenta el investigador por tel\u00e9fono. El precio del mineral ha pasado de 250 d\u00f3lares por onza troy (poco m\u00e1s de 31 gramos) a principios de siglo, a 1.800 en 2022. Ese a\u00f1o fue adem\u00e1s\u00a0<a href=\"https:\/\/elpais.com\/internacional\/2023-10-15\/la-fiebre-del-oro-en-bolivia-tiene-un-alto-costo-para-la-poblacion-indigena.html\" data-link-track-dtm=\"\" data-mrf-link=\"https:\/\/elpais.com\/internacional\/2023-10-15\/la-fiebre-del-oro-en-bolivia-tiene-un-alto-costo-para-la-poblacion-indigena.html\">el principal material de exportaci\u00f3n del pa\u00eds<\/a>. El alza de su cotizaci\u00f3n no solo se refleja en Bolivia en las 2.300 cooperativas mineras y sus 130.000 socios, seg\u00fan cifras del Viceministerio de Cooperativas Mineras, sino tambi\u00e9n en la expansi\u00f3n de la actividad a zonas anteriormente inexploradas, interviniendo sus r\u00edos y laderas de los valles.<\/p>\n<h3 class=\"\">Afecciones ambientales y humanas<\/h3>\n<p class=\"\">El impacto medioambiental, que ya detalla el autor en\u00a0<a href=\"https:\/\/www.researchgate.net\/publication\/386424962_Enclaves_de_devastacion_y_mineria_aurifera_en_el_departamento_de_La_Paz_Bolivia\" target=\"_blank\" rel=\"noopener\" data-link-track-dtm=\"\" data-mrf-link=\"https:\/\/www.researchgate.net\/publication\/386424962_Enclaves_de_devastacion_y_mineria_aurifera_en_el_departamento_de_La_Paz_Bolivia\">una publicaci\u00f3n anterior<\/a>, se traduce en la\u00a0<a href=\"https:\/\/elpais.com\/america-futura\/2023-06-10\/una-comunidad-a-orillas-del-desaparecido-lago-poopo-demanda-el-agua-que-le-quito-la-mineria.html\" data-link-track-dtm=\"\" data-mrf-link=\"https:\/\/elpais.com\/america-futura\/2023-06-10\/una-comunidad-a-orillas-del-desaparecido-lago-poopo-demanda-el-agua-que-le-quito-la-mineria.html\">degradaci\u00f3n del h\u00e1bitat alrededor de los r\u00edo<\/a>s donde se extrae el oro, en la conocida como miner\u00eda aluvial. Las aguas de los caudales se enturbian despu\u00e9s de que los obreros remueven grandes cantidades de tierra y barro para obtener el mineral, adem\u00e1s de la deforestaci\u00f3n de los bosques, que se cuenta en miles de hect\u00e1reas. Sin embargo, en esta investigaci\u00f3n, Alcons ha querido concentrar sus estudios en el desgaste f\u00edsico de los mismos actores involucrados en la extracci\u00f3n de recursos naturales. \u201cEn las cooperativas m\u00e1s consolidadas a veces no se llega ni a las ocho horas, pero cuando el campamento inicia las operaciones o cuando el jornalero quiere demostrar que desea quedarse en la cooperativa, se autoexige mucho m\u00e1s de ocho horas. Se quedan 15 d\u00edas en la mina y, en algunos casos, en condiciones precarias, llev\u00e1ndose latas de comida\u201d.<\/p>\n<p>&nbsp;<\/p>\n<figure class=\"a_m a_m-h \">\n<p><div style=\"width: 424px\" class=\"wp-caption alignnone\"><img loading=\"lazy\" decoding=\"async\" class=\"_re lazyload a_m-h\" src=\"https:\/\/imagenes.elpais.com\/resizer\/v2\/X2DXUEY6BNADVPRRB5OLI76L64.jpg?auth=3a022e10833a81c5b945d2899388cfd95f48a5265fb3f73cdfd99e0c079fccf6&amp;width=414\" sizes=\"auto, (min-width:1199px) 1155px,(min-width:1001px) calc(100vw - 44px),(min-width:768px) 767px, 100vw\" srcset=\"https:\/\/imagenes.elpais.com\/resizer\/v2\/X2DXUEY6BNADVPRRB5OLI76L64.jpg?auth=3a022e10833a81c5b945d2899388cfd95f48a5265fb3f73cdfd99e0c079fccf6&amp;width=414 414w,https:\/\/imagenes.elpais.com\/resizer\/v2\/X2DXUEY6BNADVPRRB5OLI76L64.jpg?auth=3a022e10833a81c5b945d2899388cfd95f48a5265fb3f73cdfd99e0c079fccf6&amp;width=828 640w,https:\/\/imagenes.elpais.com\/resizer\/v2\/X2DXUEY6BNADVPRRB5OLI76L64.jpg?auth=3a022e10833a81c5b945d2899388cfd95f48a5265fb3f73cdfd99e0c079fccf6&amp;width=980 1000w,https:\/\/imagenes.elpais.com\/resizer\/v2\/X2DXUEY6BNADVPRRB5OLI76L64.jpg?auth=3a022e10833a81c5b945d2899388cfd95f48a5265fb3f73cdfd99e0c079fccf6&amp;width=1960 1960w\" alt=\"Una mina en Santa Rosa, Bolivia, el 17 de junio de 2023. \" width=\"414\" height=\"275\" \/><p class=\"wp-caption-text\">Una mina en Santa Rosa, Bolivia, el 17 de junio de 2023.\u00a0 \u00a0 \u00a0 \u00a0 \u00a0 \u00a0Juan Karita (AP)<\/p><\/div><figcaption class=\"a_m_p\"><\/figcaption><\/figure>\n<p>&nbsp;<\/p>\n<p class=\"\">Las cooperativas de la regi\u00f3n usan un sistema de pago para los\u00a0<i>jornaleros<\/i>\u00a0fluctuante e incierto, lo que les a\u00f1ade presi\u00f3n. La remuneraci\u00f3n es muy variable de acuerdo con la estabilidad y proyecci\u00f3n de la empresa, pero oscila entre los 400 y 700 bolivianos (entre 58 y 100 d\u00f3lares aproximadamente) por d\u00eda \u201cen una buena racha\u201d, como explica el investigador. Sin embargo, existen temporadas en las que la extracci\u00f3n del mineral es m\u00ednima y el desgaste f\u00edsico es el mismo. \u201cCuando el pago es por porcentaje, hay veces que el d\u00eda [la extracci\u00f3n de oro] es un fracaso; hay otras veces que s\u00ed hay. Cuando hay poco, poco te dan [pagan]\u201d, cuenta uno de los mineros entrevistados para la pesquisa, Ramiro Huayta, de 27 a\u00f1os.<\/p>\n<h3 class=\"\">El ansia de ser socio<\/h3>\n<p class=\"\">La exigencia laboral autoimpuesta por los\u00a0<i>jornaleros<\/i>\u00a0no solo tiene que ver con asegurar un ingreso, sino tambi\u00e9n con quedar bien con los socios de la cooperativa para ser considerados en nuevas convocatorias o ser bien recibidos como potenciales accionistas. Escalar a ese rango les permitir\u00eda un ingreso monetario fijo por mes y acceder a puestos que conlleven menor\u00a0<a href=\"https:\/\/elpais.com\/noticias\/accidentes-mineria\/\" data-link-track-dtm=\"\" data-mrf-link=\"https:\/\/elpais.com\/noticias\/accidentes-mineria\/\">riesgo para su integridad f\u00edsica<\/a>, como las \u00faltimas etapas de extracci\u00f3n y purificaci\u00f3n del mineral. En las empresas m\u00e1s consolidadas, el n\u00famero de socios puede ascender hasta 50, mientras que los jornaleros llegan a ser 125.<\/p>\n<p class=\"\">La proliferaci\u00f3n de la miner\u00eda artesanal y a peque\u00f1a escala,\u00a0<a href=\"https:\/\/elpais.com\/planeta-futuro\/2023-09-22\/exportar-sus-metales-y-minerales-si-pero-refinados-la-batalla-de-africa-por-rentabilizar-las-materias-primas.html\" data-link-track-dtm=\"\" data-mrf-link=\"https:\/\/elpais.com\/planeta-futuro\/2023-09-22\/exportar-sus-metales-y-minerales-si-pero-refinados-la-batalla-de-africa-por-rentabilizar-las-materias-primas.html\">concentrada en el Sur Global<\/a>, ha sido acompa\u00f1ada por una legislaci\u00f3n estatal boliviana que la fomenta y promueve. \u201c<a href=\"https:\/\/elpais.com\/internacional\/2014\/04\/22\/actualidad\/1398138864_529292.html\" data-link-track-dtm=\"\" data-mrf-link=\"https:\/\/elpais.com\/internacional\/2014\/04\/22\/actualidad\/1398138864_529292.html\">La ley les da ciertas facilidades<\/a>\u00a0porque la miner\u00eda aur\u00edfera se sustenta en el cooperativismo y hay mucha normativa que fomenta la autoorganizaci\u00f3n, la autodeterminaci\u00f3n de personas que, por motivos socioecon\u00f3micos, se agrupan y realizan actividades econ\u00f3micas\u201d, cuenta Alcons. El discurso del actual Gobierno de Bolivia de empoderar a las poblaciones de bajos recursos y del entorno rural se alinea con el sistema minero aur\u00edfero, que, adem\u00e1s de contribuir a la econom\u00eda regional a trav\u00e9s del pago de patentes y regal\u00edas, ofrece empleo a quienes carecen de otras opciones y necesitan trabajar para subsistir.<\/p>\n<p class=\"\">El problema surge cuando los representantes de las cooperativas\u00a0<a href=\"https:\/\/elpais.com\/america\/2023-11-08\/violentas-protestas-de-los-mineros-del-oro-para-entrar-en-las-areas-protegidas-de-bolivia.html\" data-link-track-dtm=\"\" data-mrf-link=\"https:\/\/elpais.com\/america\/2023-11-08\/violentas-protestas-de-los-mineros-del-oro-para-entrar-en-las-areas-protegidas-de-bolivia.html\">se aprovechan de este lazo con el Gobierno para reproducir la actividad minera en \u00e1reas protegidas<\/a>. Asociaciones como la Federaci\u00f3n Regional de Cooperativas Mineras Aur\u00edferas del Norte de La Paz\u00a0<a href=\"https:\/\/elpais.com\/internacional\/2023-07-20\/el-gobierno-de-bolivia-arremete-contra-la-mineria-ilegal-y-genera-protestas-de-la-poblacion.html\" data-link-track-dtm=\"\" data-mrf-link=\"https:\/\/elpais.com\/internacional\/2023-07-20\/el-gobierno-de-bolivia-arremete-contra-la-mineria-ilegal-y-genera-protestas-de-la-poblacion.html\">presionan al Estado<\/a>\u00a0para conseguir permisos para explorar parques naturales. \u201cEn agosto del a\u00f1o pasado varios dirigentes presionaron a autoridades para que se aprobaran licencias. Es solo la punta del iceberg de una serie de negociaciones que tienen con altos cargos pol\u00edticos, de las que han salido modificaciones en los planes de protecci\u00f3n de las reservas del Madidi o Cotapata\u201d, asegura Alcons.<\/p>\n<p>&nbsp;<\/p>\n<figure class=\"a_m a_m-h \">\n<p><div style=\"width: 424px\" class=\"wp-caption alignnone\"><img loading=\"lazy\" decoding=\"async\" class=\"_re lazyload a_m-h\" src=\"https:\/\/imagenes.elpais.com\/resizer\/v2\/2GXPFPF5BJEZ5IF53TOSVTXG2Q.jpg?auth=89ebf6b88ca7aea3f0b374f5ee41960690386cd6719572426389158ab30bc397&amp;width=414\" sizes=\"auto, (min-width:1199px) 1155px,(min-width:1001px) calc(100vw - 44px),(min-width:768px) 767px, 100vw\" srcset=\"https:\/\/imagenes.elpais.com\/resizer\/v2\/2GXPFPF5BJEZ5IF53TOSVTXG2Q.jpg?auth=89ebf6b88ca7aea3f0b374f5ee41960690386cd6719572426389158ab30bc397&amp;width=414 414w,https:\/\/imagenes.elpais.com\/resizer\/v2\/2GXPFPF5BJEZ5IF53TOSVTXG2Q.jpg?auth=89ebf6b88ca7aea3f0b374f5ee41960690386cd6719572426389158ab30bc397&amp;width=828 640w,https:\/\/imagenes.elpais.com\/resizer\/v2\/2GXPFPF5BJEZ5IF53TOSVTXG2Q.jpg?auth=89ebf6b88ca7aea3f0b374f5ee41960690386cd6719572426389158ab30bc397&amp;width=980 1000w,https:\/\/imagenes.elpais.com\/resizer\/v2\/2GXPFPF5BJEZ5IF53TOSVTXG2Q.jpg?auth=89ebf6b88ca7aea3f0b374f5ee41960690386cd6719572426389158ab30bc397&amp;width=1960 1960w\" alt=\"Un trabajador sale de una mina de oro, en La Paz, Bolivia.\" width=\"414\" height=\"285\" \/><p class=\"wp-caption-text\">Un trabajador sale de una mina de oro, en La Paz, Bolivia.\u00a0 \u00a0 \u00a0 \u00a0 Juan Karita (AP)<\/p><\/div><figcaption class=\"a_m_p\"><\/figcaption><\/figure>\n<p>&nbsp;<\/p>\n<p class=\"\">Comunarios del Parque Nacional Madidi y la naci\u00f3n Tacana\u00a0<a href=\"https:\/\/www.lostiempos.com\/actualidad\/economia\/20221104\/comunarios-madidi-rechazan-mineria-evitan-paso-maquinaria\" target=\"_blank\" rel=\"noopener\" data-link-track-dtm=\"\" data-mrf-link=\"https:\/\/www.lostiempos.com\/actualidad\/economia\/20221104\/comunarios-madidi-rechazan-mineria-evitan-paso-maquinaria\">ya denunciaron que algunas cooperativas no esperaron a que se aprobaran estas normas y operan en sus zonas<\/a>. \u201cYa est\u00e1n operando, con enfrentamientos en ocasiones\u201d, reconoce el investigador. \u201cLos actores locales lo est\u00e1n denunciando, pero no tienen la visibilidad necesaria para que se haga p\u00fablico\u201d.<\/p>\n","protected":false},"excerpt":{"rendered":"<p>&nbsp; &nbsp; &#8211; Con jornadas de hasta 15 d\u00edas seguidos y pagos inestables, cientos de trabajadores bolivianos sacrifican su salud y el medioambiente para ser&hellip;<\/p>\n","protected":false},"author":99,"featured_media":528614,"comment_status":"open","ping_status":"open","sticky":false,"template":"","format":"standard","meta":{"footnotes":""},"categories":[23],"tags":[],"class_list":["post-528613","post","type-post","status-publish","format-standard","has-post-thumbnail","hentry","category-latinoamerica"],"_links":{"self":[{"href":"https:\/\/diarioelpopular.com\/index.php\/wp-json\/wp\/v2\/posts\/528613","targetHints":{"allow":["GET"]}}],"collection":[{"href":"https:\/\/diarioelpopular.com\/index.php\/wp-json\/wp\/v2\/posts"}],"about":[{"href":"https:\/\/diarioelpopular.com\/index.php\/wp-json\/wp\/v2\/types\/post"}],"author":[{"embeddable":true,"href":"https:\/\/diarioelpopular.com\/index.php\/wp-json\/wp\/v2\/users\/99"}],"replies":[{"embeddable":true,"href":"https:\/\/diarioelpopular.com\/index.php\/wp-json\/wp\/v2\/comments?post=528613"}],"version-history":[{"count":2,"href":"https:\/\/diarioelpopular.com\/index.php\/wp-json\/wp\/v2\/posts\/528613\/revisions"}],"predecessor-version":[{"id":528616,"href":"https:\/\/diarioelpopular.com\/index.php\/wp-json\/wp\/v2\/posts\/528613\/revisions\/528616"}],"wp:featuredmedia":[{"embeddable":true,"href":"https:\/\/diarioelpopular.com\/index.php\/wp-json\/wp\/v2\/media\/528614"}],"wp:attachment":[{"href":"https:\/\/diarioelpopular.com\/index.php\/wp-json\/wp\/v2\/media?parent=528613"}],"wp:term":[{"taxonomy":"category","embeddable":true,"href":"https:\/\/diarioelpopular.com\/index.php\/wp-json\/wp\/v2\/categories?post=528613"},{"taxonomy":"post_tag","embeddable":true,"href":"https:\/\/diarioelpopular.com\/index.php\/wp-json\/wp\/v2\/tags?post=528613"}],"curies":[{"name":"wp","href":"https:\/\/api.w.org\/{rel}","templated":true}]}}