{"id":528617,"date":"2025-02-17T11:07:41","date_gmt":"2025-02-17T15:07:41","guid":{"rendered":"https:\/\/diarioelpopular.com\/?p=528617"},"modified":"2025-02-17T14:44:30","modified_gmt":"2025-02-17T18:44:30","slug":"leonidas-iza-hay-que-elegir-entre-gonzalez-que-no-es-izquierda-y-la-derecha-rayana-al-fascismo-de-noboa","status":"publish","type":"post","link":"https:\/\/diarioelpopular.com\/index.php\/2025\/02\/17\/leonidas-iza-hay-que-elegir-entre-gonzalez-que-no-es-izquierda-y-la-derecha-rayana-al-fascismo-de-noboa\/","title":{"rendered":"Le\u00f3nidas Iza: \u201cHay que elegir entre Gonz\u00e1lez, que no es izquierda, y la derecha rayana al fascismo de Noboa\u201d"},"content":{"rendered":"<p><img loading=\"lazy\" decoding=\"async\" class=\"alignnone size-custom-full-size wp-image-528619\" src=\"https:\/\/diarioelpopular.com\/wp-content\/uploads\/2025\/02\/Screen-Shot-2025-02-17-at-1.44.05-PM-636x398.png\" alt=\"\" width=\"636\" height=\"398\" srcset=\"https:\/\/diarioelpopular.com\/wp-content\/uploads\/2025\/02\/Screen-Shot-2025-02-17-at-1.44.05-PM-636x398.png 636w, https:\/\/diarioelpopular.com\/wp-content\/uploads\/2025\/02\/Screen-Shot-2025-02-17-at-1.44.05-PM-300x188.png 300w, https:\/\/diarioelpopular.com\/wp-content\/uploads\/2025\/02\/Screen-Shot-2025-02-17-at-1.44.05-PM-768x481.png 768w, https:\/\/diarioelpopular.com\/wp-content\/uploads\/2025\/02\/Screen-Shot-2025-02-17-at-1.44.05-PM-117x73.png 117w, https:\/\/diarioelpopular.com\/wp-content\/uploads\/2025\/02\/Screen-Shot-2025-02-17-at-1.44.05-PM.png 850w\" sizes=\"auto, (max-width: 636px) 100vw, 636px\" \/><\/p>\n<p>&nbsp;<\/p>\n<h4 class=\"a_st\"><em>&#8211; El candidato ind\u00edgena tiene en su mano sumar sus apoyos al actual presidente o a la candidata progresista. Su decisi\u00f3n puede ser clave para ganar las elecciones en Ecuador<\/em><\/h4>\n<p>&nbsp;<\/p>\n<p class=\"\">Las dos \u00faltimas grandes manifestaciones ind\u00edgenas en Ecuador de 2019 y 2022, consiguieron que los gobiernos de turno\u00a0<a href=\"https:\/\/elpais.com\/internacional\/2019\/10\/05\/actualidad\/1570301124_157806.html\" target=\"_blank\" rel=\"noopener\" data-link-track-dtm=\"\" data-mrf-link=\"https:\/\/elpais.com\/internacional\/2019\/10\/05\/actualidad\/1570301124_157806.html\">retrocedan en su decisi\u00f3n de eliminar el subsidio a los combustibles<\/a>, que para ellos significaba un encarecimiento de los costos de producci\u00f3n agr\u00edcola, lo que agrava a\u00fan m\u00e1s la vulnerabilidad de las poblaciones rurales. Sin embargo, la protesta fue tambi\u00e9n una respuesta al incumplimiento sistem\u00e1tico de acuerdos y promesas, un recordatorio del abandono estructural que ha marcado la relaci\u00f3n del Estado con los pueblos ind\u00edgenas.<\/p>\n<p class=\"\">En ese escenario emergi\u00f3 la figura de Leonidas Iza como el rostro de la resistencia. Iza, hijo de Jos\u00e9 Mar\u00eda Iza, uno de los referentes hist\u00f3ricos del movimiento ind\u00edgena en Cotopaxi, ha sido una figura pol\u00e9mica. Conocido por sus posicionamientos de extrema izquierda, se ha ganado la simpat\u00eda de quienes lo ven como un firme opositor del capitalismo y el neoliberalismo. Aunque en un Ecuador donde el espectro ideol\u00f3gico parece difuso y ambiguo, sus propuestas a menudo desatan debates sobre su claridad y alcance. No le incomoda que lo califiquen como un radical, pues asegura que su postura se ajusta a lo que dicta la Constituci\u00f3n.<\/p>\n<p class=\"\">La irrupci\u00f3n de Iza en la escena pol\u00edtica ha generado una profunda polarizaci\u00f3n. Para sus detractores, es visto como un agente del caos, dispuesto a todo, incluso a recurrir a la violencia, para imponer su visi\u00f3n. Sin embargo, para sus seguidores, Iza representa mucho m\u00e1s que un l\u00edder radical. Es percibido como un defensor leg\u00edtimo de los derechos sociales, especialmente de los pueblos ind\u00edgenas, una poblaci\u00f3n que ha sido hist\u00f3ricamente marginada y silenciada en las esferas de poder del pa\u00eds.<\/p>\n<p class=\"\">En 2023, tras la firma del decreto de muerte cruzada por parte de Guillermo Lasso, el brazo pol\u00edtico de los pueblos ind\u00edgenas, Pachakutik, opt\u00f3 por no participar en la contienda electoral.\u00a0<a href=\"https:\/\/elpais.com\/america\/2023-10-16\/daniel-noboa-gana-las-elecciones-en-ecuador-y-pone-freno-al-correismo.html\" target=\"_blank\" rel=\"noopener\" data-link-track-dtm=\"\" data-mrf-link=\"https:\/\/elpais.com\/america\/2023-10-16\/daniel-noboa-gana-las-elecciones-en-ecuador-y-pone-freno-al-correismo.html\">Daniel Noboa gan\u00f3 las elecciones<\/a>, e Iza, aunque mantuvo un perfil opositor, baj\u00f3 su tono, tras detonar una grave crisis de seguridad en enero de 2024 y despu\u00e9s una crisis energ\u00e9tica que dej\u00f3 a oscuras al pa\u00eds por hasta 14 horas diarias. A mediados de ese mismo a\u00f1o, Noboa tambi\u00e9n decidi\u00f3 eliminar el subsidio de los combustibles, pero en esa ocasi\u00f3n el movimiento ind\u00edgena no convoc\u00f3 protestas.<\/p>\n<p class=\"\">En la nueva convocatoria presidencial, Pachakutik eligi\u00f3 por unanimidad a Leonidas Iza como su candidato. A pesar de la controversia que genera su figura, Iza alcanz\u00f3 un 5,3% de los votos, ubic\u00e1ndose en el tercer lugar de una extensa papeleta en la que participaron 16 candidatos, de los cuales 12 no superaron ni el 1%. Los 536.000 electores que respaldaron su candidatura podr\u00edan ser determinantes en el balotaje del 13 de abril, una elecci\u00f3n que definir\u00e1 qui\u00e9n ser\u00e1 el pr\u00f3ximo presidente del pa\u00eds.<\/p>\n<p>&nbsp;<\/p>\n<figure class=\"a_m a_m-h \">\n<p><div style=\"width: 424px\" class=\"wp-caption alignnone\"><img loading=\"lazy\" decoding=\"async\" class=\"_re lazyload a_m-h\" src=\"https:\/\/imagenes.elpais.com\/resizer\/v2\/INLOSKBXWNCFJGCJFRU3UETXNY.jpg?auth=6dcfd0887d6976717ab1123ce0eb0115d79ff832cf95bf7227522b3f9f13a46b&amp;width=414\" sizes=\"auto, (min-width:1199px) 1155px,(min-width:1001px) calc(100vw - 44px),(min-width:768px) 767px, 100vw\" srcset=\"https:\/\/imagenes.elpais.com\/resizer\/v2\/INLOSKBXWNCFJGCJFRU3UETXNY.jpg?auth=6dcfd0887d6976717ab1123ce0eb0115d79ff832cf95bf7227522b3f9f13a46b&amp;width=414 414w,https:\/\/imagenes.elpais.com\/resizer\/v2\/INLOSKBXWNCFJGCJFRU3UETXNY.jpg?auth=6dcfd0887d6976717ab1123ce0eb0115d79ff832cf95bf7227522b3f9f13a46b&amp;width=828 640w,https:\/\/imagenes.elpais.com\/resizer\/v2\/INLOSKBXWNCFJGCJFRU3UETXNY.jpg?auth=6dcfd0887d6976717ab1123ce0eb0115d79ff832cf95bf7227522b3f9f13a46b&amp;width=980 1000w,https:\/\/imagenes.elpais.com\/resizer\/v2\/INLOSKBXWNCFJGCJFRU3UETXNY.jpg?auth=6dcfd0887d6976717ab1123ce0eb0115d79ff832cf95bf7227522b3f9f13a46b&amp;width=1960 1960w\" alt=\"Leonidas Iza camina entre simpatizantes a su llegada a un puesto de votaci\u00f3n durante las elecciones, el 9 de febrero en Toacazo, Ecuador.\" width=\"414\" height=\"233\" \/><p class=\"wp-caption-text\">Leonidas Iza camina entre simpatizantes a su llegada a un puesto de votaci\u00f3n durante las elecciones, el 9 de febrero en Toacazo, Ecuador.Jos\u00e9 J\u00e1come (EFE)<\/p><\/div><figcaption class=\"a_m_p\"><\/figcaption><\/figure>\n<p>&nbsp;<\/p>\n<p class=\"\"><b>P.\u00a0<\/b>En la reciente campa\u00f1a presidencial, usted fue acusado de ser un \u201cterrorista\u201d, \u201cv\u00e1ndalo\u201d y \u201cviolento\u201d. Estas acusaciones recuerdan los se\u00f1alamientos que Rafael Correa utiliz\u00f3 contra otros l\u00edderes ind\u00edgenas y campesinos durante sus diez a\u00f1os de gobierno, con detenciones, juicios y estigmatizaci\u00f3n. \u00bfC\u00f3mo analiza que ahora muchos sugieren que el movimiento ind\u00edgena debe dar el apoyo a la Revoluci\u00f3n Ciudadana?<\/p>\n<p class=\"\"><b>P.\u00a0<\/b>El movimiento ind\u00edgena no ha sido comprendido en los 200 a\u00f1os de vida republicana ni en los 500 a\u00f1os de la colonia. As\u00ed que el movimiento ind\u00edgena no ha sido maltratado solo por el corre\u00edsmo, sino por todos los gobiernos de turno. Ahora mismo se intenta posicionar que la agresi\u00f3n que hemos recibido ha sido \u00fanicamente por parte de Correa, pero desde la primera Constituci\u00f3n de la Rep\u00fablica de 1830, en el art\u00edculo 63, manifestaba que nosotros no \u00e9ramos considerados ni siquiera personas, sino tutelados de curas y p\u00e1rrocos. Si as\u00ed naci\u00f3 la Rep\u00fablica, sabemos lo dif\u00edcil que es cambiarlo ahora.<\/p>\n<p class=\"\"><b>P.\u00a0<\/b>Rafael Correa, el expresidente de izquierdas, les ha pedido que no equivoquen el apoyo. Eso ha generado debate en redes sociales.<\/p>\n<p class=\"\"><b>R.<\/b>\u00a0Soy un hombre de debate. Les voy a demostrar que ellos no son de izquierda, son socialdem\u00f3cratas. Nosotros tenemos una identidad m\u00e1s consecuente de izquierda, que defendemos la ecolog\u00eda y los territorios para la vida, para el consumo interno del pa\u00eds. Pero esto no se va a definir en el escenario del corre\u00edsmo y anticorre\u00edsmo, sino entre la socialdemocracia con la se\u00f1ora Gonz\u00e1lez y la derecha rayando el fascismo de Daniel Noboa.<\/p>\n<p class=\"\"><b>P.\u00a0<\/b>Entonces \u00bfest\u00e1 dispuesto a negociar con cualquiera de los dos candidatos?<\/p>\n<p class=\"\"><b>R.<\/b>\u00a0Lo que hay que analizar es por qu\u00e9 nuestra gente vot\u00f3 por Guillermo Lasso o Daniel Noboa. Lo hicieron para cambiar la forma de gobernar de Rafael Correa. Fue un gobierno prepotente, que menospreci\u00f3 a las organizaciones ind\u00edgenas. \u00bfY qu\u00e9 tuvimos con Guillermo Lasso? El doble de lo mal que nos trat\u00f3 Correa. Por intentar salir de ah\u00ed ahora votan por Noboa, que en un a\u00f1o en el poder ha demostrado que tiene el doble de car\u00e1cter dictatorial, con una visi\u00f3n mon\u00e1rquica y que no respeta los derechos territoriales.<\/p>\n<p class=\"\"><b>P.\u00a0<\/b>Entonces, \u00bfdescarta cualquier conversaci\u00f3n con el partido de Daniel Noboa?<\/p>\n<p class=\"\"><b>R.\u00a0<\/b>Vamos a hacer una valoraci\u00f3n. No voy a adelantar lo que piensan los dem\u00e1s. Pero a mi criterio personal no estoy de acuerdo en darle m\u00e1s poder a un Gobierno fascista. Ganaron por el odio. Ese ser\u00e1 mi punto de vista que expondr\u00e9 a todos.<\/p>\n<p>&nbsp;<\/p>\n<figure class=\"a_m a_m-h \">\n<p><div style=\"width: 424px\" class=\"wp-caption alignnone\"><img loading=\"lazy\" decoding=\"async\" class=\"_re lazyload a_m-h\" src=\"https:\/\/imagenes.elpais.com\/resizer\/v2\/4GJAUMZH75GGTB6WOCTBPTEA4Y.jpg?auth=8a5d9b07cc5008b9bc3a2a9e006e568348380de0f52fb735e1cdb1a007f5c24e&amp;width=414\" sizes=\"auto, (min-width:1199px) 1155px,(min-width:1001px) calc(100vw - 44px),(min-width:768px) 767px, 100vw\" srcset=\"https:\/\/imagenes.elpais.com\/resizer\/v2\/4GJAUMZH75GGTB6WOCTBPTEA4Y.jpg?auth=8a5d9b07cc5008b9bc3a2a9e006e568348380de0f52fb735e1cdb1a007f5c24e&amp;width=414 414w,https:\/\/imagenes.elpais.com\/resizer\/v2\/4GJAUMZH75GGTB6WOCTBPTEA4Y.jpg?auth=8a5d9b07cc5008b9bc3a2a9e006e568348380de0f52fb735e1cdb1a007f5c24e&amp;width=828 640w,https:\/\/imagenes.elpais.com\/resizer\/v2\/4GJAUMZH75GGTB6WOCTBPTEA4Y.jpg?auth=8a5d9b07cc5008b9bc3a2a9e006e568348380de0f52fb735e1cdb1a007f5c24e&amp;width=980 1000w,https:\/\/imagenes.elpais.com\/resizer\/v2\/4GJAUMZH75GGTB6WOCTBPTEA4Y.jpg?auth=8a5d9b07cc5008b9bc3a2a9e006e568348380de0f52fb735e1cdb1a007f5c24e&amp;width=1960 1960w\" alt=\"Un mural en la sede del Movimiento de Unidad Plurinacional Pachakutik, en Quito. \" width=\"414\" height=\"277\" \/><p class=\"wp-caption-text\">Un mural en la sede del Movimiento de Unidad Plurinacional Pachakutik, en Quito.KAREN TORO<\/p><\/div><figcaption class=\"a_m_p\"><\/figcaption><\/figure>\n<p>&nbsp;<\/p>\n<p class=\"\"><b>P.\u00a0<\/b>Pero si en<a href=\"https:\/\/elpais.com\/america\/2024-06-20\/noboa-elimina-el-subsidio-a-la-gasolina-una-medida-que-puso-contra-las-cuerdas-a-otros-gobiernos-de-ecuador.html\" target=\"_blank\" rel=\"noopener\" data-link-track-dtm=\"\" data-mrf-link=\"https:\/\/elpais.com\/america\/2024-06-20\/noboa-elimina-el-subsidio-a-la-gasolina-una-medida-que-puso-contra-las-cuerdas-a-otros-gobiernos-de-ecuador.html\">\u00a0el actual Gobierno se elimin\u00f3 el subsidio al combustible<\/a>, se dieron nuevas concesiones mineras, no se ha respetado la voluntad popular de cerrar el campo petrolero de Yasun\u00ed, \u00bfpor qu\u00e9 todo esto no ha incentivado la manifestaci\u00f3n de los movimientos ind\u00edgenas como ocurri\u00f3 en otros gobiernos?<\/p>\n<p class=\"\"><b>R.\u00a0<\/b>Por dos temas centrales. El primero, la inseguridad, que creo que lo han hecho planificadamente por los grupos de poder establecido en Ecuador, encabezado por el Gobierno.\u00a0<a href=\"https:\/\/elpais.com\/america\/2024-06-04\/la-violencia-desborda-una-pequena-ciudad-de-ecuador-y-noboa-envia-al-grueso-de-la-fuerza-publica.html\" target=\"_blank\" rel=\"noopener\" data-link-track-dtm=\"\" data-mrf-link=\"https:\/\/elpais.com\/america\/2024-06-04\/la-violencia-desborda-una-pequena-ciudad-de-ecuador-y-noboa-envia-al-grueso-de-la-fuerza-publica.html\">El crimen organizado est\u00e1 siendo utilizado por el poder actual.<\/a>\u00a0\u00bfC\u00f3mo se entiende que mientras la inseguridad para los ecuatorianos es una realidad, los beneficiarios en en el tr\u00e1fico de armas y droga siguen saliendo por los puertos y los aeropuerto? Las empresas bananeras por donde sale la droga no han dicho al pa\u00eds: \u2018se\u00f1ores, aqu\u00ed tenemos las c\u00e1maras de control, los esc\u00e1neres antidrogas para demostrar que cada caja que est\u00e1 pasando no tiene ninguna contaminaci\u00f3n.\u2019 No lo han hecho porque son los beneficiarios.<\/p>\n<p class=\"\"><b>P.\u00a0<\/b>\u00bfLos territorios ind\u00edgenas est\u00e1n siendo tambi\u00e9n extorsionados por el crimen organizado?<\/p>\n<p class=\"\">Claro, est\u00e1n permeado todos lados. Y si esas estructuras delictivas no han avanzado es gracias a las comunidades ind\u00edgenas. Nuestros territorios tambi\u00e9n han sido \u201cvacunados\u201d (extorsionados), y hemos tenido que ir m\u00e1s all\u00e1 de la justicia ind\u00edgena, que tiene un l\u00edmite, y en algunos territorios la gente ha tenido que enfrentarse con la justicia de la muchedumbre, porque est\u00e1n siendo vacunadas.<\/p>\n<p class=\"\"><b>P.\u00a0<\/b>\u00bfQu\u00e9 va a negociar el movimiento ind\u00edgena para dar a cambio su apoyo en la segunda vuelta?<\/p>\n<p class=\"\">No vamos a negociar nada. Vamos a dejar claro los puntos que venimos luchando toda la vida. En 1994, en el Gobierno de Sixto Dur\u00e1n Ball\u00e9n se apertur\u00f3 el proceso minero y desde ah\u00ed hasta ahora se ha convertido en pol\u00edtica de Estado. Para nosotros eso es un problema estructural, porque nosotros tenemos una mirada para la defensa de la vida, de los territorios, de los colchones de agua para la producci\u00f3n nacional. Y al respecto, la socialdemocracia ha tomado una postura, en este caso, de arrasar con nuestros territorios. Este es un punto que se vuelve innegociable con cualquier Gobierno.<\/p>\n<p class=\"\"><b>P. \u00bf<\/b>Y qu\u00e9 ser\u00e1 prioritario, lo ideol\u00f3gico o las promesas de los acuerdos que se puedan concretar con las fuerzas pol\u00edticas en competencia?<\/p>\n<p class=\"\"><b>R.\u00a0<\/b>Vamos a elegir a quien apoyar y vamos a elegir contra qui\u00e9n luchar. Veremos cu\u00e1nto est\u00e1 dispuesta\u00a0<a href=\"https:\/\/elpais.com\/america\/2025-02-09\/luisa-gonzalez-de-la-mano-de-dios-y-correa.html\" target=\"_blank\" rel=\"noopener\" data-link-track-dtm=\"\" data-mrf-link=\"https:\/\/elpais.com\/america\/2025-02-09\/luisa-gonzalez-de-la-mano-de-dios-y-correa.html\">la se\u00f1ora Gonz\u00e1lez\u00a0<\/a>a retroceder si es que fuera gobierno.<\/p>\n<p class=\"\"><b>P.\u00a0<\/b>\u00bfNo cree que esa postura puede tener un impacto en las bases y en los dirigentes que fueron perseguidos y enjuiciados por sabotaje y terrorismo durante el Gobierno de Correa?<\/p>\n<p class=\"\"><b>R.\u00a0<\/b>Nos persiguieron m\u00e1s en el gobierno de Moreno y Lasso. No voy a adelantar sobre los criterios que cada persona tiene. La gente que deb\u00eda tomar una postura por Pachakutik votaron por Daniel Noboa. Esa gente no va a ser tomada en cuenta en nuestra discusi\u00f3n. Ya decidieron por el Gobierno de Noboa. Los que vamos a tomar la decisi\u00f3n son los que votamos por las propuestas de nuestro movimiento pol\u00edtico. Los 536.000 votantes.<\/p>\n","protected":false},"excerpt":{"rendered":"<p>&nbsp; &#8211; El candidato ind\u00edgena tiene en su mano sumar sus apoyos al actual presidente o a la candidata progresista. Su decisi\u00f3n puede ser clave&hellip;<\/p>\n","protected":false},"author":99,"featured_media":0,"comment_status":"open","ping_status":"open","sticky":false,"template":"","format":"standard","meta":{"footnotes":""},"categories":[23],"tags":[],"class_list":["post-528617","post","type-post","status-publish","format-standard","hentry","category-latinoamerica"],"_links":{"self":[{"href":"https:\/\/diarioelpopular.com\/index.php\/wp-json\/wp\/v2\/posts\/528617","targetHints":{"allow":["GET"]}}],"collection":[{"href":"https:\/\/diarioelpopular.com\/index.php\/wp-json\/wp\/v2\/posts"}],"about":[{"href":"https:\/\/diarioelpopular.com\/index.php\/wp-json\/wp\/v2\/types\/post"}],"author":[{"embeddable":true,"href":"https:\/\/diarioelpopular.com\/index.php\/wp-json\/wp\/v2\/users\/99"}],"replies":[{"embeddable":true,"href":"https:\/\/diarioelpopular.com\/index.php\/wp-json\/wp\/v2\/comments?post=528617"}],"version-history":[{"count":2,"href":"https:\/\/diarioelpopular.com\/index.php\/wp-json\/wp\/v2\/posts\/528617\/revisions"}],"predecessor-version":[{"id":528620,"href":"https:\/\/diarioelpopular.com\/index.php\/wp-json\/wp\/v2\/posts\/528617\/revisions\/528620"}],"wp:attachment":[{"href":"https:\/\/diarioelpopular.com\/index.php\/wp-json\/wp\/v2\/media?parent=528617"}],"wp:term":[{"taxonomy":"category","embeddable":true,"href":"https:\/\/diarioelpopular.com\/index.php\/wp-json\/wp\/v2\/categories?post=528617"},{"taxonomy":"post_tag","embeddable":true,"href":"https:\/\/diarioelpopular.com\/index.php\/wp-json\/wp\/v2\/tags?post=528617"}],"curies":[{"name":"wp","href":"https:\/\/api.w.org\/{rel}","templated":true}]}}