{"id":528632,"date":"2025-02-17T17:04:31","date_gmt":"2025-02-17T21:04:31","guid":{"rendered":"https:\/\/diarioelpopular.com\/?p=528632"},"modified":"2025-02-17T17:04:31","modified_gmt":"2025-02-17T21:04:31","slug":"al-menos-ocho-personas-resultaron-heridas-en-un-accidente-aereo-en-el-aeropuerto-internacional-toronto-pearson","status":"publish","type":"post","link":"https:\/\/diarioelpopular.com\/index.php\/2025\/02\/17\/al-menos-ocho-personas-resultaron-heridas-en-un-accidente-aereo-en-el-aeropuerto-internacional-toronto-pearson\/","title":{"rendered":"Al menos ocho personas resultaron heridas, en un accidente a\u00e9reo en el Aeropuerto Internacional Toronto Pearson"},"content":{"rendered":"<p><img loading=\"lazy\" decoding=\"async\" class=\"alignnone size-custom-full-size wp-image-528633\" src=\"https:\/\/diarioelpopular.com\/wp-content\/uploads\/2025\/02\/Screen-Shot-2025-02-17-at-4.01.28-PM-636x262.png\" alt=\"\" width=\"636\" height=\"262\" srcset=\"https:\/\/diarioelpopular.com\/wp-content\/uploads\/2025\/02\/Screen-Shot-2025-02-17-at-4.01.28-PM-636x262.png 636w, https:\/\/diarioelpopular.com\/wp-content\/uploads\/2025\/02\/Screen-Shot-2025-02-17-at-4.01.28-PM-300x124.png 300w, https:\/\/diarioelpopular.com\/wp-content\/uploads\/2025\/02\/Screen-Shot-2025-02-17-at-4.01.28-PM-768x316.png 768w, https:\/\/diarioelpopular.com\/wp-content\/uploads\/2025\/02\/Screen-Shot-2025-02-17-at-4.01.28-PM-1200x494.png 1200w, https:\/\/diarioelpopular.com\/wp-content\/uploads\/2025\/02\/Screen-Shot-2025-02-17-at-4.01.28-PM-146x60.png 146w, https:\/\/diarioelpopular.com\/wp-content\/uploads\/2025\/02\/Screen-Shot-2025-02-17-at-4.01.28-PM.png 1024w\" sizes=\"auto, (max-width: 636px) 100vw, 636px\" \/><\/p>\n<p>&nbsp;<\/p>\n<p>&nbsp;<\/p>\n<ul>\n<li><em><strong>Al menos ocho personas resultaron heridas, pero no se han reportado muertes tras un accidente a\u00e9reo en el Aeropuerto Internacional Toronto Pearson.<\/strong><\/em><\/li>\n<\/ul>\n<p>&nbsp;<\/p>\n<p>Toronto Pearson dijo que el incidente ocurri\u00f3 al aterrizar y que estaba involucrado un avi\u00f3n de Delta Airlines que llegaba de Minneapolis.<\/p>\n<p>Ornge dijo que actualmente est\u00e1n transportando a un paciente pedi\u00e1trico a Sick Kids, un paciente masculino de unos 60 a\u00f1os al Hospital St. Michael y un tercer paciente est\u00e1 siendo trasladado en helic\u00f3ptero al Centro de Ciencias de la Salud Sunnybrook en Toronto. Los tres sufrieron heridas graves en el accidente.<\/p>\n<p>Se enviaron tres helic\u00f3pteros ambulancia a\u00e9rea y dos ambulancias terrestres de cuidados intensivos para responder al accidente.<\/p>\n<p>Los param\u00e9dicos de Peel confirman que ocho personas resultaron heridas en el accidente.<\/p>\n<p>La ministra de Transporte, Anita Anand, confirm\u00f3 que 80 personas estaban a bordo del vuelo.<\/p>\n<p>Una fuente dijo que los vuelos entrantes se est\u00e1n desviando a Montreal y que la aduana estar\u00e1 cerrada por el resto del d\u00eda.<\/p>\n<p>Doug Ford respondi\u00f3 al accidente y dijo que estaba aliviado de que no hubiera v\u00edctimas. \u201cLos funcionarios provinciales est\u00e1n en contacto con el aeropuerto y las autoridades locales y brindar\u00e1n cualquier ayuda que sea necesaria\u201d.<\/p>\n","protected":false},"excerpt":{"rendered":"<p>&nbsp; &nbsp; Al menos ocho personas resultaron heridas, pero no se han reportado muertes tras un accidente a\u00e9reo en el Aeropuerto Internacional Toronto Pearson. &nbsp;&hellip;<\/p>\n","protected":false},"author":99,"featured_media":528633,"comment_status":"open","ping_status":"open","sticky":false,"template":"","format":"standard","meta":{"footnotes":""},"categories":[11191,11364],"tags":[],"class_list":["post-528632","post","type-post","status-publish","format-standard","has-post-thumbnail","hentry","category-top-news","category-toronto-gta"],"_links":{"self":[{"href":"https:\/\/diarioelpopular.com\/index.php\/wp-json\/wp\/v2\/posts\/528632","targetHints":{"allow":["GET"]}}],"collection":[{"href":"https:\/\/diarioelpopular.com\/index.php\/wp-json\/wp\/v2\/posts"}],"about":[{"href":"https:\/\/diarioelpopular.com\/index.php\/wp-json\/wp\/v2\/types\/post"}],"author":[{"embeddable":true,"href":"https:\/\/diarioelpopular.com\/index.php\/wp-json\/wp\/v2\/users\/99"}],"replies":[{"embeddable":true,"href":"https:\/\/diarioelpopular.com\/index.php\/wp-json\/wp\/v2\/comments?post=528632"}],"version-history":[{"count":1,"href":"https:\/\/diarioelpopular.com\/index.php\/wp-json\/wp\/v2\/posts\/528632\/revisions"}],"predecessor-version":[{"id":528634,"href":"https:\/\/diarioelpopular.com\/index.php\/wp-json\/wp\/v2\/posts\/528632\/revisions\/528634"}],"wp:featuredmedia":[{"embeddable":true,"href":"https:\/\/diarioelpopular.com\/index.php\/wp-json\/wp\/v2\/media\/528633"}],"wp:attachment":[{"href":"https:\/\/diarioelpopular.com\/index.php\/wp-json\/wp\/v2\/media?parent=528632"}],"wp:term":[{"taxonomy":"category","embeddable":true,"href":"https:\/\/diarioelpopular.com\/index.php\/wp-json\/wp\/v2\/categories?post=528632"},{"taxonomy":"post_tag","embeddable":true,"href":"https:\/\/diarioelpopular.com\/index.php\/wp-json\/wp\/v2\/tags?post=528632"}],"curies":[{"name":"wp","href":"https:\/\/api.w.org\/{rel}","templated":true}]}}