{"id":528649,"date":"2025-02-18T10:14:43","date_gmt":"2025-02-18T14:14:43","guid":{"rendered":"https:\/\/diarioelpopular.com\/?p=528649"},"modified":"2025-02-18T10:14:43","modified_gmt":"2025-02-18T14:14:43","slug":"colombia-los-problemas-de-mal-a-peor-se-le-acumulan-a-petro","status":"publish","type":"post","link":"https:\/\/diarioelpopular.com\/index.php\/2025\/02\/18\/colombia-los-problemas-de-mal-a-peor-se-le-acumulan-a-petro\/","title":{"rendered":"Colombia: Los problemas de mal a peor, se le acumulan a Petro"},"content":{"rendered":"<div id=\"attachment_528650\" style=\"width: 646px\" class=\"wp-caption alignnone\"><img loading=\"lazy\" decoding=\"async\" aria-describedby=\"caption-attachment-528650\" class=\"wp-image-528650 size-custom-full-size\" src=\"https:\/\/diarioelpopular.com\/wp-content\/uploads\/2025\/02\/Screen-Shot-2025-02-18-at-9.13.33-AM-636x436.png\" alt=\"\" width=\"636\" height=\"436\" srcset=\"https:\/\/diarioelpopular.com\/wp-content\/uploads\/2025\/02\/Screen-Shot-2025-02-18-at-9.13.33-AM-636x436.png 636w, https:\/\/diarioelpopular.com\/wp-content\/uploads\/2025\/02\/Screen-Shot-2025-02-18-at-9.13.33-AM-300x206.png 300w, https:\/\/diarioelpopular.com\/wp-content\/uploads\/2025\/02\/Screen-Shot-2025-02-18-at-9.13.33-AM-768x526.png 768w, https:\/\/diarioelpopular.com\/wp-content\/uploads\/2025\/02\/Screen-Shot-2025-02-18-at-9.13.33-AM-1200x822.png 1200w, https:\/\/diarioelpopular.com\/wp-content\/uploads\/2025\/02\/Screen-Shot-2025-02-18-at-9.13.33-AM-80x55.png 80w, https:\/\/diarioelpopular.com\/wp-content\/uploads\/2025\/02\/Screen-Shot-2025-02-18-at-9.13.33-AM-107x73.png 107w, https:\/\/diarioelpopular.com\/wp-content\/uploads\/2025\/02\/Screen-Shot-2025-02-18-at-9.13.33-AM.png 1024w\" sizes=\"auto, (max-width: 636px) 100vw, 636px\" \/><p id=\"caption-attachment-528650\" class=\"wp-caption-text\">El presidente de Colombia, Gustavo Petro, durante una entrevista en Bogot\u00e1, el 31 de enero de 2025. Ovidio Gonzalez S (gobierno de la rep\u00fablica)<\/p><\/div>\n<p>&nbsp;<\/p>\n<p>&nbsp;<\/p>\n<h4 class=\"a_st\"><em>&#8211; Luego que se descubriera, el presidente admiti\u00f3 que utiliz\u00f3 &#8220;sin saberlo&#8221; el avi\u00f3n de un conocido contrabandista durante la campa\u00f1a y uno de sus ministros asegura que un embajador, un asesor importante, lo amenaz\u00f3. Contin\u00faa la descomposici\u00f3n dentro del propio Gobierno izquierdista<\/em><\/h4>\n<p>&nbsp;<\/p>\n<p class=\"\">Una asesora que estuvo muy cerca de la primera dama, Ver\u00f3nica Alcocer, y de Gustavo Petro asegura por tel\u00e9fono que el presidente estaba obsesionado durante la campa\u00f1a con evitar infiltraciones criminales. \u201cSe lo escuch\u00e9 m\u00e1s de 10 veces\u201d, relata. Sin embargo, ese celo no fue suficiente. El presidente, luego que se descubriera el incidente, ha reconocido que vol\u00f3 en el avi\u00f3n de Diego Mar\u00edn Buitrago, un contrabandista conocido como\u00a0<i>Pap\u00e1 Pitufo<\/i>, uno de esos apodos c\u00f3micos que, para desgracia del Gobierno, no se olvidan. Pap\u00e1 Pitufo incluso pudo acabar con su Presidencia si hubiera logrado,<a href=\"https:\/\/elpais.com\/america-colombia\/2025-02-13\/petro-y-xavier-vendrell-un-catalan-independentista-en-el-centro-de-las-conspiraciones-del-gobierno-de-colombia.html\" data-link-track-dtm=\"\" data-mrf-link=\"https:\/\/elpais.com\/america-colombia\/2025-02-13\/petro-y-xavier-vendrell-un-catalan-independentista-en-el-centro-de-las-conspiraciones-del-gobierno-de-colombia.html\">\u00a0a trav\u00e9s del espa\u00f1ol Xavier Vendrell<\/a>, donar a su campa\u00f1a m\u00e1s de 100.000 d\u00f3lares. Petro ser\u00eda ahora mismo un cad\u00e1ver pol\u00edtico y un presidente para el olvido.<\/p>\n<p class=\"\">Ese dinero que llev\u00f3 Vendrell<a href=\"https:\/\/elpais.com\/america-colombia\/2025-02-16\/los-dias-felices-de-petro-en-lemporda-con-sus-amigos-catalanes-que-ahora-le-ponen-en-problemas.html\" data-link-track-dtm=\"\" data-mrf-link=\"https:\/\/elpais.com\/america-colombia\/2025-02-16\/los-dias-felices-de-petro-en-lemporda-con-sus-amigos-catalanes-que-ahora-le-ponen-en-problemas.html\">, un consultor pol\u00edtico catal\u00e1n<\/a>, era el primero de otros cinco pagos. Los gerentes de la campa\u00f1a detectaron que era un dinero sucio y pidieron devolverlo. Por ahora, resulta confuso d\u00f3nde acab\u00f3 ese dinero. Lo que se sabe es que Vendrell cay\u00f3 en desgracia y estuvo un tiempo apartado. Eso en el\u00a0<i>petrismo<\/i>\u00a0se escenifica de una forma: te dejan en visto los mensajes. (Lo que se conoce tambi\u00e9n como\u00a0<i>ghosting)<\/i>. Ahora que ha salido este affaire a la luz, sin embargo, Petro no ha dejado caer a Vendrell y conf\u00eda en que actu\u00f3 de buena fe, seg\u00fan dicen fuentes presidenciales.<\/p>\n<p class=\"\">El espa\u00f1ol ha sido visto con reticencia por otros c\u00edrculos pr\u00f3ximos al presidente. Le han insistido que se aleje de \u00e9l. Sus actividades empresariales se cruzan con proyectos p\u00fablicos. Alguien que ha trabajado estrechamente con Vendrell sale en su defensa: \u201cNadie le tiene en cuenta la labor que ha hecho por Petro y su campa\u00f1a. Es un experto en movilizaci\u00f3n de masas y en organizaci\u00f3n pol\u00edtica. Cometi\u00f3 el error de recibir el dinero de alguien que no conoc\u00eda\u201d. Esa movilizaci\u00f3n tambi\u00e9n la consigui\u00f3 Vendrell el 1-O, el d\u00eda de la votaci\u00f3n ilegal para una virtual independencia de Catalu\u00f1a que no era tal.<\/p>\n<p class=\"\">El presidente lleva en pol\u00edtica m\u00e1s de 30 a\u00f1os y conoce d\u00f3nde se encuentran los peligros que arruinan reputaciones para siempre. Por eso, ha tenido que salir \u00e9l mismo a confesar que vol\u00f3 en una avioneta de Pap\u00e1 Pitufo, lo que desactiva un esc\u00e1ndalo period\u00edstico. \u201cEl primer contacto lo estableci\u00f3 \u00e9l, poni\u00e9ndome una trampa en un viaje a Cali. Estaba en la ciudad y ten\u00eda una reuni\u00f3n de campa\u00f1a en Buenaventura, pero ca\u00eda una lluvia torrencial. Alguien dijo que pod\u00eda ayudarme con una avioneta en cuanto escampara, y un compa\u00f1ero del Valle asegur\u00f3 que pod\u00eda conseguir una\u201d, esta es la versi\u00f3n preparada del propio presidente en una entrevista en el peri\u00f3dico\u00a0<i>Vida<\/i>.<\/p>\n<p class=\"\">Su gente, supuestamente, verific\u00f3 la matr\u00edcula y no encontr\u00f3 nada raro, as\u00ed que abordaron la avioneta. Sin embargo, se dio cuenta de que alguien ten\u00eda un comportamiento extra\u00f1o. \u201c\u00c9ramos muy pocos en la avioneta. Uno de nuestros propios acompa\u00f1antes tom\u00f3 fotos de nosotros subiendo y en el interior, para entreg\u00e1rselas a Pap\u00e1 Pitufo con el fin de extorsionarnos. Un chantaje que no se atrevi\u00f3 a hacer. Las fotos las van a entregar, eso s\u00ed s\u00e9, pero \u00e9l se dio cuenta de que yo no era comprable\u201d, ha a\u00f1adido.<\/p>\n<p class=\"\">No contento con esto, el criminal, encarcelado en Portugal, trat\u00f3 de introducirse en el entorno de Alcocer: \u201c\u00c9l intent\u00f3 acercarse a mi esposa a trav\u00e9s de un se\u00f1or Valencia, diciendo que iban a hacer obras para la Iglesia Cat\u00f3lica. Ella se dio cuenta de que era una trampa y nunca cay\u00f3\u201d. Para Vendrell ha tenido palabras muy duras: \u201cTambi\u00e9n intent\u00f3 infiltrar la campa\u00f1a a trav\u00e9s de Vendrell, quien acababa de llegar a Colombia y no conoc\u00eda bien las din\u00e1micas pol\u00edticas del pa\u00eds. Fue ingenuo, yo se lo advert\u00ed, pero indudablemente fue muy ignorante\u201d.<\/p>\n<p class=\"\">El presidente quiere pedir la extradici\u00f3n de Pap\u00e1 Pitufo para aclarar todo. \u201cSiempre respond\u00ed lo mismo: que se entregue a la Fiscal\u00eda, le garantizo su vida y, si quiere, lo recogemos en un avi\u00f3n. Que cuente toda la verdad. No me interesa cu\u00e1ntos a\u00f1os de prisi\u00f3n tenga, me interesa la verdad. Pero parec\u00eda que lo que quer\u00eda era sobornarme o chantajearme con la famosa foto de la avioneta y amenazas veladas. Y yo, a estas alturas de mi vida, no me dejo chantajear\u201d, ha dicho en su propia defensa como para quedar de v\u00edctima.<\/p>\n<p class=\"\">Este no es el \u00fanico problema que le ronda al presidente. Su ministro de Comercio, Luis Carlos Reyes,<a href=\"https:\/\/x.com\/JohaFuentes\/status\/1891481077417488627\" target=\"_blank\" rel=\"noopener\" data-link-track-dtm=\"\" data-mrf-link=\"https:\/\/x.com\/JohaFuentes\/status\/1891481077417488627\">\u00a0ha acusado al embajador ante el Reino Unido, Roy Barreras, de exigirle una direcci\u00f3n de aduanas<\/a>\u00a0en Buenaventura, el principal puerto del pa\u00eds. Reyes asegura que recibi\u00f3 una amenaza velada de Barreras, conocido por rondar siempre el poder y haber colocado a familiares en la administraci\u00f3n p\u00fablica. \u201cMe hizo un comentario curioso, me dijo: \u2018Mira, Luis Carlos, eres un tipo prometedor,\u00a0<a href=\"https:\/\/elpais.com\/america-colombia\/2025-02-17\/un-nuevo-fuego-cruzado-entre-altos-cargos-del-gobierno-de-petro-agrava-la-crisis.html\" data-link-track-dtm=\"\" data-mrf-link=\"https:\/\/elpais.com\/america-colombia\/2025-02-17\/un-nuevo-fuego-cruzado-entre-altos-cargos-del-gobierno-de-petro-agrava-la-crisis.html\">eres como un futbolista estrella<\/a>, imag\u00ednate lo feo que ser\u00eda que a Messi le rompieran las piernas\u2019. Entonces me entreg\u00f3 hojas de vida\u201d. Reyes le cont\u00f3 en su d\u00eda a la fiscal general lo que consideraba una intimidaci\u00f3n. Barreras, como era de esperar, lo ha negado. El embajador fue un activo importante en la campa\u00f1a presidencial y se le tiene por un operador pol\u00edtico con contactos a izquierda y derecha. Despu\u00e9s de apoyar a Uribe, a Santos y a Petro, busca su lugar con el pr\u00f3ximo presidente.<\/p>\n<p class=\"\">Llueve sobre mojado alrededor de Petro. La charca amenaza m\u00e1s con convertirse en una laguna. El famoso Consejo de Ministros revel\u00f3 todas las fracturas de su Gobierno. Personas muy cercanas a \u00e9l desde hace d\u00e9cadas pusieron sobre la mesa este tema de Pap\u00e1 Pitufo que, echado a rodar, nadie sabe d\u00f3nde acabar\u00e1 y cu\u00e1les ser\u00e1n las consecuencias. Los problemas se le acumulan a Petro.<\/p>\n","protected":false},"excerpt":{"rendered":"<p>&nbsp; &nbsp; &#8211; Luego que se descubriera, el presidente admiti\u00f3 que utiliz\u00f3 &#8220;sin saberlo&#8221; el avi\u00f3n de un conocido contrabandista durante la campa\u00f1a y uno&hellip;<\/p>\n","protected":false},"author":99,"featured_media":528650,"comment_status":"open","ping_status":"open","sticky":false,"template":"","format":"standard","meta":{"footnotes":""},"categories":[23],"tags":[],"class_list":["post-528649","post","type-post","status-publish","format-standard","has-post-thumbnail","hentry","category-latinoamerica"],"_links":{"self":[{"href":"https:\/\/diarioelpopular.com\/index.php\/wp-json\/wp\/v2\/posts\/528649","targetHints":{"allow":["GET"]}}],"collection":[{"href":"https:\/\/diarioelpopular.com\/index.php\/wp-json\/wp\/v2\/posts"}],"about":[{"href":"https:\/\/diarioelpopular.com\/index.php\/wp-json\/wp\/v2\/types\/post"}],"author":[{"embeddable":true,"href":"https:\/\/diarioelpopular.com\/index.php\/wp-json\/wp\/v2\/users\/99"}],"replies":[{"embeddable":true,"href":"https:\/\/diarioelpopular.com\/index.php\/wp-json\/wp\/v2\/comments?post=528649"}],"version-history":[{"count":1,"href":"https:\/\/diarioelpopular.com\/index.php\/wp-json\/wp\/v2\/posts\/528649\/revisions"}],"predecessor-version":[{"id":528651,"href":"https:\/\/diarioelpopular.com\/index.php\/wp-json\/wp\/v2\/posts\/528649\/revisions\/528651"}],"wp:featuredmedia":[{"embeddable":true,"href":"https:\/\/diarioelpopular.com\/index.php\/wp-json\/wp\/v2\/media\/528650"}],"wp:attachment":[{"href":"https:\/\/diarioelpopular.com\/index.php\/wp-json\/wp\/v2\/media?parent=528649"}],"wp:term":[{"taxonomy":"category","embeddable":true,"href":"https:\/\/diarioelpopular.com\/index.php\/wp-json\/wp\/v2\/categories?post=528649"},{"taxonomy":"post_tag","embeddable":true,"href":"https:\/\/diarioelpopular.com\/index.php\/wp-json\/wp\/v2\/tags?post=528649"}],"curies":[{"name":"wp","href":"https:\/\/api.w.org\/{rel}","templated":true}]}}