{"id":528661,"date":"2025-02-18T10:56:45","date_gmt":"2025-02-18T14:56:45","guid":{"rendered":"https:\/\/diarioelpopular.com\/?p=528661"},"modified":"2025-02-18T10:56:45","modified_gmt":"2025-02-18T14:56:45","slug":"expresidente-alberto-fernandez-ira-a-juicio-por-violencia-de-genero-contra-su-expareja-fabiola-yanez","status":"publish","type":"post","link":"https:\/\/diarioelpopular.com\/index.php\/2025\/02\/18\/expresidente-alberto-fernandez-ira-a-juicio-por-violencia-de-genero-contra-su-expareja-fabiola-yanez\/","title":{"rendered":"Expresidente Alberto Fern\u00e1ndez ir\u00e1 a juicio por violencia de g\u00e9nero contra su expareja Fabiola Y\u00e1\u00f1ez"},"content":{"rendered":"<p><img loading=\"lazy\" decoding=\"async\" class=\"alignnone size-custom-full-size wp-image-528662\" src=\"https:\/\/diarioelpopular.com\/wp-content\/uploads\/2025\/02\/Screen-Shot-2025-02-18-at-9.53.25-AM-636x460.png\" alt=\"\" width=\"636\" height=\"460\" srcset=\"https:\/\/diarioelpopular.com\/wp-content\/uploads\/2025\/02\/Screen-Shot-2025-02-18-at-9.53.25-AM-636x460.png 636w, https:\/\/diarioelpopular.com\/wp-content\/uploads\/2025\/02\/Screen-Shot-2025-02-18-at-9.53.25-AM-300x217.png 300w, https:\/\/diarioelpopular.com\/wp-content\/uploads\/2025\/02\/Screen-Shot-2025-02-18-at-9.53.25-AM-768x555.png 768w, https:\/\/diarioelpopular.com\/wp-content\/uploads\/2025\/02\/Screen-Shot-2025-02-18-at-9.53.25-AM-1200x868.png 1200w, https:\/\/diarioelpopular.com\/wp-content\/uploads\/2025\/02\/Screen-Shot-2025-02-18-at-9.53.25-AM-101x73.png 101w, https:\/\/diarioelpopular.com\/wp-content\/uploads\/2025\/02\/Screen-Shot-2025-02-18-at-9.53.25-AM.png 1024w\" sizes=\"auto, (max-width: 636px) 100vw, 636px\" \/><\/p>\n<p>&nbsp;<\/p>\n<p>&nbsp;<\/p>\n<ul>\n<li><em><strong>Tras la investigaci\u00f3n de las autoridades, el exmandatario es se\u00f1alado de cometer lesiones graves, agravadas y amenazas contra Fabiola Ya\u00f1ez cuando ejerci\u00f3 su presidencia entre 2019 y 2023.<\/strong><\/em><\/li>\n<\/ul>\n<p>&nbsp;<\/p>\n<p>La justicia argentina orden\u00f3 el procesamiento del expresidente Alberto Fern\u00e1ndez para que responda en un juicio oral por \u201clesiones graves, agravadas por haberse cometido en un contexto de violencia de g\u00e9nero contra su pareja y amenazas coactivas\u201d, cuando ejerc\u00eda la presidencia (2019-23).<\/p>\n<p>El exmandatario, de 65 a\u00f1os, rechaz\u00f3 todos los cargos durante la etapa de instrucci\u00f3n al calificar la acusaci\u00f3n como \u201cuna estafa procesal sin precedentes\u201d, seg\u00fan prolog\u00f3 el escrito de 200 p\u00e1ginas que present\u00f3 a la justicia para pedir su sobreseimiento, el cual, ante las evidencias presentadas, fue denegado.<\/p>\n<p>\u201cJam\u00e1s ejerc\u00ed violencia f\u00edsica, psicol\u00f3gica o econ\u00f3mica\u201d contra Fabiola Y\u00e1\u00f1ez, sostuvo Fern\u00e1ndez en ese escrito en el que denunci\u00f3 que tanto el fiscal como el juez limitaron su derecho de defensa.<\/p>\n<p>El 6 de agosto pasado, la ex primera dama, una periodista de 43 a\u00f1os que reside en Madrid, hab\u00eda denunciado por violencia f\u00edsica y psicol\u00f3gica al expresidente, con quien tiene un hijo de dos a\u00f1os.<\/p>\n<p>Fern\u00e1ndez, a\u00fan \u201cpuede apelar el procesamiento\u201d, aclar\u00f3 a la AFP Mariana Gallego, abogada defensora de Y\u00e1\u00f1ez. \u201cUna vez firme (la causa) se eleva a juicio oral\u201d, explic\u00f3 la abogada.<\/p>\n<p>En su fallo, el juez Juli\u00e1n Ercolini lo consider\u00f3 \u201cprima facie autor penalmente responsable de los delitos de lesiones leves, agravadas por haberse cometido en un contexto de violencia de g\u00e9nero y contra su pareja, reiteradas en 2 oportunidades; lesiones graves, agravadas por haberse cometido en un contexto de violencia de g\u00e9nero y contra su pareja; y amenazas coactivas\u201d.<\/p>\n<p>Tambi\u00e9n le impuso un embargo sobre sus bienes de 10 millones de pesos (unos 8.400 d\u00f3lares) y debe informar cualquier viaje que implique ausentarse por m\u00e1s de 72 horas de su domicilio en Buenos Aires.<\/p>\n<p>&nbsp;<\/p>\n","protected":false},"excerpt":{"rendered":"<p>&nbsp; &nbsp; Tras la investigaci\u00f3n de las autoridades, el exmandatario es se\u00f1alado de cometer lesiones graves, agravadas y amenazas contra Fabiola Ya\u00f1ez cuando ejerci\u00f3 su&hellip;<\/p>\n","protected":false},"author":99,"featured_media":528662,"comment_status":"open","ping_status":"open","sticky":false,"template":"","format":"standard","meta":{"footnotes":""},"categories":[23],"tags":[],"class_list":["post-528661","post","type-post","status-publish","format-standard","has-post-thumbnail","hentry","category-latinoamerica"],"_links":{"self":[{"href":"https:\/\/diarioelpopular.com\/index.php\/wp-json\/wp\/v2\/posts\/528661","targetHints":{"allow":["GET"]}}],"collection":[{"href":"https:\/\/diarioelpopular.com\/index.php\/wp-json\/wp\/v2\/posts"}],"about":[{"href":"https:\/\/diarioelpopular.com\/index.php\/wp-json\/wp\/v2\/types\/post"}],"author":[{"embeddable":true,"href":"https:\/\/diarioelpopular.com\/index.php\/wp-json\/wp\/v2\/users\/99"}],"replies":[{"embeddable":true,"href":"https:\/\/diarioelpopular.com\/index.php\/wp-json\/wp\/v2\/comments?post=528661"}],"version-history":[{"count":1,"href":"https:\/\/diarioelpopular.com\/index.php\/wp-json\/wp\/v2\/posts\/528661\/revisions"}],"predecessor-version":[{"id":528663,"href":"https:\/\/diarioelpopular.com\/index.php\/wp-json\/wp\/v2\/posts\/528661\/revisions\/528663"}],"wp:featuredmedia":[{"embeddable":true,"href":"https:\/\/diarioelpopular.com\/index.php\/wp-json\/wp\/v2\/media\/528662"}],"wp:attachment":[{"href":"https:\/\/diarioelpopular.com\/index.php\/wp-json\/wp\/v2\/media?parent=528661"}],"wp:term":[{"taxonomy":"category","embeddable":true,"href":"https:\/\/diarioelpopular.com\/index.php\/wp-json\/wp\/v2\/categories?post=528661"},{"taxonomy":"post_tag","embeddable":true,"href":"https:\/\/diarioelpopular.com\/index.php\/wp-json\/wp\/v2\/tags?post=528661"}],"curies":[{"name":"wp","href":"https:\/\/api.w.org\/{rel}","templated":true}]}}