{"id":528685,"date":"2025-02-19T10:11:15","date_gmt":"2025-02-19T14:11:15","guid":{"rendered":"https:\/\/diarioelpopular.com\/?p=528685"},"modified":"2025-02-19T10:11:15","modified_gmt":"2025-02-19T14:11:15","slug":"la-tasa-de-inflacion-anual-de-canada-volvio-a-subir-al-1-9-en-enero","status":"publish","type":"post","link":"https:\/\/diarioelpopular.com\/index.php\/2025\/02\/19\/la-tasa-de-inflacion-anual-de-canada-volvio-a-subir-al-1-9-en-enero\/","title":{"rendered":"La tasa de inflaci\u00f3n anual de Canad\u00e1 volvi\u00f3 a subir al 1,9% en enero"},"content":{"rendered":"<p><img loading=\"lazy\" decoding=\"async\" class=\"alignnone size-custom-full-size wp-image-528686\" src=\"https:\/\/diarioelpopular.com\/wp-content\/uploads\/2025\/02\/Screen-Shot-2025-02-19-at-9.10.45-AM-636x449.png\" alt=\"\" width=\"636\" height=\"449\" srcset=\"https:\/\/diarioelpopular.com\/wp-content\/uploads\/2025\/02\/Screen-Shot-2025-02-19-at-9.10.45-AM-636x449.png 636w, https:\/\/diarioelpopular.com\/wp-content\/uploads\/2025\/02\/Screen-Shot-2025-02-19-at-9.10.45-AM-300x212.png 300w, https:\/\/diarioelpopular.com\/wp-content\/uploads\/2025\/02\/Screen-Shot-2025-02-19-at-9.10.45-AM-768x542.png 768w, https:\/\/diarioelpopular.com\/wp-content\/uploads\/2025\/02\/Screen-Shot-2025-02-19-at-9.10.45-AM-80x55.png 80w, https:\/\/diarioelpopular.com\/wp-content\/uploads\/2025\/02\/Screen-Shot-2025-02-19-at-9.10.45-AM-103x73.png 103w, https:\/\/diarioelpopular.com\/wp-content\/uploads\/2025\/02\/Screen-Shot-2025-02-19-at-9.10.45-AM.png 878w\" sizes=\"auto, (max-width: 636px) 100vw, 636px\" \/><\/p>\n<p>&nbsp;<\/p>\n<p>&nbsp;<\/p>\n<ul>\n<li><em><strong>Los economistas tienen m\u00e1s confianza en que el Banco de Canad\u00e1 podr\u00eda pausar sus recortes de tasas de inter\u00e9s el pr\u00f3ximo mes, a pesar de los aranceles, ya que la tasa de inflaci\u00f3n anual de Canad\u00e1 volvi\u00f3 a subir en enero.<\/strong><\/em><\/li>\n<\/ul>\n<p>&nbsp;<\/p>\n<p><em><strong>OTTAWA.-<\/strong><\/em> El \u00edndice de precios al consumidor de Statistics Canada inform\u00f3 el martes que la tasa de inflaci\u00f3n anual subi\u00f3 al 1,9% el mes pasado, frente al 1,8% de diciembre, ya que los efectos de un mes completo de exenci\u00f3n del GST del gobierno federal se vieron compensados \u200b\u200bpor mayores costos de combustible.<\/p>\n<p>&#8220;Creo que lo que realmente es clave aqu\u00ed es que algunas de las medidas b\u00e1sicas de inflaci\u00f3n, nuevamente, fueron un poco m\u00e1s altas de lo que tal vez le gustar\u00eda ver al Banco de Canad\u00e1&#8221;, dijo el economista senior de CIBC Andrew Grantham en una entrevista.<\/p>\n<p>&#8220;Hay muchas piezas m\u00f3viles aqu\u00ed, pero en general tal vez un poco m\u00e1s fuertes de lo que esper\u00e1bamos en t\u00e9rminos de las tendencias de inflaci\u00f3n subyacentes&#8221;.<\/p>\n<p>La agencia inform\u00f3 que los precios en las gasolineras aumentaron un 8,6 por ciento interanual, en gran parte debido a un aumento del 25,9 por ciento en Manitoba, donde la provincia reintrodujo su impuesto provincial a la gasolina despu\u00e9s de una suspensi\u00f3n temporal hasta 2024.<\/p>\n<p>Mientras tanto, los precios del gas natural aumentaron un 4,8 por ciento anual en enero, con un aumento en la demanda que impuls\u00f3 los precios al alza en Ontario y Quebec en comparaci\u00f3n con un exceso de oferta hace un a\u00f1o, dijo Statistics Canada.<\/p>\n<p>Los precios de los alimentos de los restaurantes disminuyeron un r\u00e9cord del 5,1 por ciento con respecto al a\u00f1o anterior, lo que ayud\u00f3 a controlar la cifra de inflaci\u00f3n general.<\/p>\n<p>Statistics Canada dijo que sin la exenci\u00f3n fiscal federal, la inflaci\u00f3n general habr\u00eda aumentado al 2,7 por ciento, frente al 2,3 por ciento en diciembre.<\/p>\n<p>La exenci\u00f3n fiscal del GST termin\u00f3 el fin de semana despu\u00e9s de dos meses.<\/p>\n<p>&#8220;Es un poco preocupante&#8221;, dijo Grantham sobre la cifra del 2,7 por ciento, pero agreg\u00f3 que gran parte de ella se debe al aumento de los precios de la gasolina.<\/p>\n<p>Grantham dijo que el CIBC espera que la inflaci\u00f3n sea &#8220;un poco&#8221; superior al dos por ciento en marzo, a medida que se desvanezca el impacto de la reducci\u00f3n del GST, junto con el efecto de los precios del gas.<\/p>\n<p>&#8220;Estos precios y niveles en los que nos encontramos en este momento converger\u00e1n un poco y se acelerar\u00e1n. Pero no tanto como sugerir\u00eda ese 2,7 por ciento excluyendo el impacto del GST&#8221;, dijo Grantham.<\/p>\n<p>Dijo que si no fuera por la amenaza de aranceles de los Estados Unidos, el Banco de Canad\u00e1 podr\u00eda intentar mantener su tasa de inter\u00e9s de pol\u00edtica el 12 de marzo.<\/p>\n<p>El banco central redujo su tasa de referencia al tres por ciento en enero, su sexto recorte de tasas consecutivo.<\/p>\n<p>&#8220;Seguimos inclin\u00e1ndonos por la opini\u00f3n de que (el Banco de Canad\u00e1) har\u00e1 una pausa en su pr\u00f3xima decisi\u00f3n, aunque los acontecimientos en el frente arancelario a\u00fan pueden tener una gran influencia en esa decisi\u00f3n&#8221;, escribi\u00f3 el economista jefe de BMO, Doug Porter, en una nota a los clientes.<\/p>\n<p>El Banco de Canad\u00e1 mantuvo una larga discusi\u00f3n sobre la posibilidad de aranceles antes de su decisi\u00f3n de recortar las tasas el mes pasado. Cabe destacar que, incluso en ausencia de aranceles, la amenaza en s\u00ed misma pesaba sobre la econom\u00eda canadiense.<\/p>\n<p>El consejo acord\u00f3 que una reducci\u00f3n de un cuarto de punto porcentual en la tasa de referencia ser\u00eda \u00fatil para apoyar el crecimiento y equilibrar mejor los riesgos de inflaci\u00f3n.<\/p>\n<p>Stephen Brown, economista jefe adjunto para Am\u00e9rica del Norte en Capital Economics, dijo en una nota a los clientes que hab\u00eda &#8220;evidencia clara&#8221; en el informe del martes de que las presiones inflacionarias subyacentes estaban aumentando.<\/p>\n<p>&#8220;Eso sugiere que el Banco de Canad\u00e1 se est\u00e1 acercando al final de su ciclo de flexibilizaci\u00f3n, aunque las perspectivas para la pol\u00edtica monetaria dependen en \u00faltima instancia de si el presidente (Donald) Trump pronto impone aranceles severos a las importaciones de Canad\u00e1&#8221;, dijo Brown.<\/p>\n<p>La tasa de inflaci\u00f3n anual sigue enfrent\u00e1ndose a la presi\u00f3n alcista de los costos de los intereses hipotecarios, que aumentaron a una tasa del 10,2 por ciento con respecto al a\u00f1o anterior, aunque este es el decimos\u00e9ptimo mes consecutivo de desaceleraci\u00f3n despu\u00e9s de un pico del 30,9 por ciento en agosto de 2023.<\/p>\n<p>Con una proporci\u00f3n cada vez mayor de componentes de la inflaci\u00f3n que aumentaron m\u00e1s r\u00e1pido que el tres por ciento en enero, Royce Mendes, director gerente y jefe de estrategia macro en Desjardins, dijo que se mantiene firme en su creencia de que el banco central mantendr\u00e1 las tasas estables cuando se re\u00fana nuevamente en marzo, &#8220;pero esa decisi\u00f3n a\u00fan depende de la cooperaci\u00f3n de las noticias sobre tarifas y las pr\u00f3ximas publicaciones de datos&#8221;.<\/p>\n<p>The Canadian Press<\/p>\n","protected":false},"excerpt":{"rendered":"<p>&nbsp; &nbsp; Los economistas tienen m\u00e1s confianza en que el Banco de Canad\u00e1 podr\u00eda pausar sus recortes de tasas de inter\u00e9s el pr\u00f3ximo mes, a&hellip;<\/p>\n","protected":false},"author":99,"featured_media":528686,"comment_status":"open","ping_status":"open","sticky":false,"template":"","format":"standard","meta":{"footnotes":""},"categories":[21,11191],"tags":[],"class_list":["post-528685","post","type-post","status-publish","format-standard","has-post-thumbnail","hentry","category-canada","category-top-news"],"_links":{"self":[{"href":"https:\/\/diarioelpopular.com\/index.php\/wp-json\/wp\/v2\/posts\/528685","targetHints":{"allow":["GET"]}}],"collection":[{"href":"https:\/\/diarioelpopular.com\/index.php\/wp-json\/wp\/v2\/posts"}],"about":[{"href":"https:\/\/diarioelpopular.com\/index.php\/wp-json\/wp\/v2\/types\/post"}],"author":[{"embeddable":true,"href":"https:\/\/diarioelpopular.com\/index.php\/wp-json\/wp\/v2\/users\/99"}],"replies":[{"embeddable":true,"href":"https:\/\/diarioelpopular.com\/index.php\/wp-json\/wp\/v2\/comments?post=528685"}],"version-history":[{"count":1,"href":"https:\/\/diarioelpopular.com\/index.php\/wp-json\/wp\/v2\/posts\/528685\/revisions"}],"predecessor-version":[{"id":528687,"href":"https:\/\/diarioelpopular.com\/index.php\/wp-json\/wp\/v2\/posts\/528685\/revisions\/528687"}],"wp:featuredmedia":[{"embeddable":true,"href":"https:\/\/diarioelpopular.com\/index.php\/wp-json\/wp\/v2\/media\/528686"}],"wp:attachment":[{"href":"https:\/\/diarioelpopular.com\/index.php\/wp-json\/wp\/v2\/media?parent=528685"}],"wp:term":[{"taxonomy":"category","embeddable":true,"href":"https:\/\/diarioelpopular.com\/index.php\/wp-json\/wp\/v2\/categories?post=528685"},{"taxonomy":"post_tag","embeddable":true,"href":"https:\/\/diarioelpopular.com\/index.php\/wp-json\/wp\/v2\/tags?post=528685"}],"curies":[{"name":"wp","href":"https:\/\/api.w.org\/{rel}","templated":true}]}}