{"id":528689,"date":"2025-02-19T10:36:48","date_gmt":"2025-02-19T14:36:48","guid":{"rendered":"https:\/\/diarioelpopular.com\/?p=528689"},"modified":"2025-02-19T10:36:48","modified_gmt":"2025-02-19T14:36:48","slug":"los-migrantes-deportados-por-ee-uu-que-estan-aislados-en-un-hotel-de-panama-y-piden-ayuda-a-traves-de-las-ventanas","status":"publish","type":"post","link":"https:\/\/diarioelpopular.com\/index.php\/2025\/02\/19\/los-migrantes-deportados-por-ee-uu-que-estan-aislados-en-un-hotel-de-panama-y-piden-ayuda-a-traves-de-las-ventanas\/","title":{"rendered":"Los migrantes deportados por EE.UU. que est\u00e1n aislados en un hotel de Panam\u00e1 y piden ayuda a trav\u00e9s de las ventanas"},"content":{"rendered":"<div id=\"attachment_528690\" style=\"width: 646px\" class=\"wp-caption alignnone\"><img loading=\"lazy\" decoding=\"async\" aria-describedby=\"caption-attachment-528690\" class=\"wp-image-528690 size-custom-full-size\" src=\"https:\/\/diarioelpopular.com\/wp-content\/uploads\/2025\/02\/Screen-Shot-2025-02-19-at-9.36.09-AM-636x356.png\" alt=\"\" width=\"636\" height=\"356\" srcset=\"https:\/\/diarioelpopular.com\/wp-content\/uploads\/2025\/02\/Screen-Shot-2025-02-19-at-9.36.09-AM-636x356.png 636w, https:\/\/diarioelpopular.com\/wp-content\/uploads\/2025\/02\/Screen-Shot-2025-02-19-at-9.36.09-AM-300x168.png 300w, https:\/\/diarioelpopular.com\/wp-content\/uploads\/2025\/02\/Screen-Shot-2025-02-19-at-9.36.09-AM-768x430.png 768w, https:\/\/diarioelpopular.com\/wp-content\/uploads\/2025\/02\/Screen-Shot-2025-02-19-at-9.36.09-AM-130x73.png 130w, https:\/\/diarioelpopular.com\/wp-content\/uploads\/2025\/02\/Screen-Shot-2025-02-19-at-9.36.09-AM.png 1024w\" sizes=\"auto, (max-width: 636px) 100vw, 636px\" \/><p id=\"caption-attachment-528690\" class=\"wp-caption-text\">Dos ni\u00f1as migrantes deportadas desde EE.UU. piden ayuda desde un hotel en Ciudad de Panam\u00e1.<\/p><\/div>\n<p>&nbsp;<\/p>\n<p>&nbsp;<\/p>\n<div class=\"bbc-19j92fr ebmt73l0\" dir=\"ltr\">\n<ul>\n<li class=\"bbc-hhl7in e17g058b0\" dir=\"ltr\"><em><b>&#8220;Por favor, ay\u00fadennos&#8221;, dice el mensaje escrito en un trozo de papel que dos ni\u00f1as muestran a trav\u00e9s de la ventana de una habitaci\u00f3n del hotel Dec\u00e1polis, en Ciudad de Panam\u00e1.<\/b><\/em><\/li>\n<\/ul>\n<\/div>\n<div class=\"bbc-19j92fr ebmt73l0\" dir=\"ltr\">\n<p dir=\"ltr\">\n<p class=\"bbc-hhl7in e17g058b0\" dir=\"ltr\">Un hotel que ofrece a sus clientes habitaciones con vistas al mar, dos exclusivos restaurantes, piscina, spa, transporte privado, pero que de pronto se transform\u00f3 en un centro de &#8220;custodia temporal&#8221; que alberga a 299 migrantes deportados desde EE.UU., seg\u00fan inform\u00f3 el martes el gobierno de Panam\u00e1.<\/p>\n<\/div>\n<div class=\"bbc-19j92fr ebmt73l0\" dir=\"ltr\">\n<p class=\"bbc-hhl7in e17g058b0\" dir=\"ltr\">Algunos migrantes levantan los brazos y los cruzan a la altura de las mu\u00f1ecas como tratando de decir que se encuentran privados de libertad. Otros cuelgan peque\u00f1os carteles con mensajes como &#8220;no estamos seguros en nuestro pa\u00eds&#8221;.<\/p>\n<\/div>\n<div class=\"bbc-19j92fr ebmt73l0\" dir=\"ltr\">\n<p class=\"bbc-hhl7in e17g058b0\" dir=\"ltr\">En un d\u00eda normal, los turistas podr\u00edan entrar y salir del hotel sin ning\u00fan inconveniente, pero bajo las actuales circunstancias, con miembros del Servicio Nacional Aeronaval de Panam\u00e1 fuertemente armados custodiando el exterior y estrictas medidas de seguridad en el interior, el edificio parece m\u00e1s un improvisado b\u00fanker que un centro vacacional.<\/p>\n<\/div>\n<div class=\"bbc-19j92fr ebmt73l0\" dir=\"ltr\">\n<p class=\"bbc-hhl7in e17g058b0\" dir=\"ltr\">Desde la calle, se ven perchas con ropa lavada colgadas en la ventana. Una de las prendas es una camiseta amarilla de basketball con el n\u00famero 24 de los Lakers, la que vest\u00eda el legendario jugador Kobe Bryant.<\/p>\n<\/div>\n<div class=\"bbc-19j92fr ebmt73l0\" dir=\"ltr\">\n<p class=\"bbc-hhl7in e17g058b0\" dir=\"ltr\">En otra, un grupo de adultos y tres ni\u00f1os levantan un brazo con el dedo pulgar metido en la palma, haciendo un gesto de auxilio internacional utilizado por quienes se sienten amenazados. En el vidrio est\u00e1 escrito con letras rojas la frase\u00a0<i class=\"bbc-h1y5j7 eih42320\">help us<\/i>\u00a0(&#8220;ay\u00fadennos&#8221;).<\/p>\n<\/div>\n<div class=\"bbc-19j92fr ebmt73l0\" dir=\"ltr\">\n<p class=\"bbc-hhl7in e17g058b0\" dir=\"ltr\">Y un poco m\u00e1s all\u00e1, dos menores de edad con el rostro cubierto sostienen contra el vidrio unas hojas con el mensaje: &#8220;Por favor, salva a las ni\u00f1as afganas&#8221;.<\/p>\n<p dir=\"ltr\">\n<\/div>\n<figure class=\"bbc-1qn0xuy\">\n<div class=\"bbc-18ywsw9\">\n<div style=\"width: 938px\" class=\"wp-caption alignnone\"><img loading=\"lazy\" decoding=\"async\" class=\"bbc-139onq\" src=\"https:\/\/ichef.bbci.co.uk\/ace\/ws\/640\/cpsprodpb\/6bdf\/live\/06f51730-ee73-11ef-93f8-9f010c574ba7.jpg.webp\" alt=\"Migrantes deportados desde EE.UU. en un hotel en Ciudad de Panam\u00e1. En la ventana escribieron &quot;ay\u00fadennos&quot;.\" width=\"928\" height=\"522\" \/><p class=\"wp-caption-text\">Fuente de la imagen,Getty Images.\u00a0\u00a0Algunos migrantes piden ayuda con una se\u00f1al en la mano.<\/p><\/div>\n<\/div>\n<\/figure>\n<div class=\"bbc-19j92fr ebmt73l0\" dir=\"ltr\">\n<p dir=\"ltr\">\n<p class=\"bbc-hhl7in e17g058b0\" dir=\"ltr\">Estos migrantes, enviados por el gobierno de Donald Trump como parte de su pol\u00edtica de deportaci\u00f3n de personas indocumentadas, llegaron a Panam\u00e1 en tres vuelos la semana pasada, luego de que el gobierno del presidente Jos\u00e9 Ra\u00fal Mulino aceptara convertirse en un pa\u00eds &#8220;puente&#8221; para los deportados en tr\u00e1nsito hacia otros pa\u00edses.<\/p>\n<\/div>\n<div class=\"bbc-19j92fr ebmt73l0\" dir=\"ltr\">\n<p class=\"bbc-hhl7in e17g058b0\" dir=\"ltr\">Sin embargo, de los 299 migrantes -entre los cuales hay ciudadanos provenientes de India, China, Uzbekist\u00e1n, Ir\u00e1n, Vietnam, Turqu\u00eda, Nepal, Pakist\u00e1n, Afganist\u00e1n y Sri Lanka que viajaron en el primero de los tres vuelos-, solo 171 aceptaron regresar a sus naciones.<\/p>\n<\/div>\n<div class=\"bbc-19j92fr ebmt73l0\" dir=\"ltr\">\n<p class=\"bbc-hhl7in e17g058b0\" dir=\"ltr\">Los otros 128 migrantes que no desean ser enviados de regreso a su pa\u00eds de origen enfrentan, al menos hasta ahora, un destino incierto.<\/p>\n<\/div>\n<div class=\"bbc-19j92fr ebmt73l0\" dir=\"ltr\">\n<p class=\"bbc-hhl7in e17g058b0\" dir=\"ltr\">Seg\u00fan informaron las autoridades paname\u00f1as, este grupo ser\u00e1 trasladado a un campamento en la provincia del Dari\u00e9n, que ha servido hasta el momento para recibir temporalmente a los migrantes irregulares que cruzaban la selva con destino a EE.UU.<\/p>\n<p dir=\"ltr\">\n<\/div>\n<figure class=\"bbc-1qn0xuy\">\n<div class=\"bbc-18ywsw9\">\n<div style=\"width: 1023px\" class=\"wp-caption alignnone\"><img loading=\"lazy\" decoding=\"async\" class=\"bbc-139onq\" src=\"https:\/\/ichef.bbci.co.uk\/ace\/ws\/640\/cpsprodpb\/ee6d\/live\/52a05130-ee74-11ef-be36-673bd66e54ef.jpg.webp\" alt=\"Ropa colgada en hotel de Panam\u00e1.\" width=\"1013\" height=\"570\" \/><p class=\"wp-caption-text\">Fuente de la imagen,Getty Images.\u00a0\u00a0De los 299 migrantes deportados a Panam\u00e1, 128 no desean ser enviados de regreso a su pa\u00eds de origen.<\/p><\/div>\n<\/div>\n<\/figure>\n<div class=\"bbc-19j92fr ebmt73l0\" dir=\"ltr\">\n<h2 tabindex=\"-1\"><\/h2>\n<h2 id=\"Estamos-aterrados\" class=\"bbc-1lgzob2 eglt09e0\" tabindex=\"-1\">&#8220;Estamos aterrados&#8221;<\/h2>\n<\/div>\n<div class=\"bbc-19j92fr ebmt73l0\" dir=\"ltr\">\n<p class=\"bbc-hhl7in e17g058b0\" dir=\"ltr\">Una mujer iran\u00ed que vive en Panam\u00e1 hace a\u00f1os le dijo a BBC Mundo que estuvo en contacto con uno de los migrantes dentro del hotel Dec\u00e1polis y describi\u00f3 que est\u00e1n &#8220;aterrados&#8221; por la posibilidad de que los lleven a Ir\u00e1n.<\/p>\n<p dir=\"ltr\">\n<\/div>\n<figure class=\"bbc-1qn0xuy\">\n<div class=\"bbc-18ywsw9\">\n<div style=\"width: 2559px\" class=\"wp-caption alignnone\"><img loading=\"lazy\" decoding=\"async\" class=\"bbc-139onq\" src=\"https:\/\/ichef.bbci.co.uk\/ace\/ws\/640\/cpsprodpb\/6052\/live\/481e4010-ee6e-11ef-ad2f-cbc943b73b00.jpg.webp\" alt=\"Foto desde la ventana del Hotel Dec\u00e1polis, Panam\u00e1\" width=\"2549\" height=\"1434\" \/><p class=\"wp-caption-text\">Esta foto fue tomada por uno de los migrantes deportados desde el interior del hotel donde permanecen aislados en Ciudad de Panam\u00e1.<\/p><\/div>\n<\/div><figcaption class=\"bbc-15f1ujd\" dir=\"ltr\"><\/figcaption><\/figure>\n<div class=\"bbc-19j92fr ebmt73l0\" dir=\"ltr\">\n<p dir=\"ltr\">\n<p class=\"bbc-hhl7in e17g058b0\" dir=\"ltr\">A trav\u00e9s de un celular escondido, dado que no les permiten tener ning\u00fan contacto con el exterior del hotel, el migrante le cont\u00f3 a la mujer que hay &#8220;varios menores atrapados&#8221; all\u00ed, que les han negado tener un abogado y que no les dejan salir del cuarto ni siquiera para comer.<\/p>\n<\/div>\n<div class=\"bbc-19j92fr ebmt73l0\" dir=\"ltr\">\n<p class=\"bbc-hhl7in e17g058b0\" dir=\"ltr\">La mujer fue hasta el hotel para ofrecer su ayuda como traductora de farsi a espa\u00f1ol, pero le dijeron que ya ten\u00edan uno, algo que seg\u00fan su conversaci\u00f3n con el migrante dentro del hotel no era cierto.<\/p>\n<\/div>\n<div class=\"bbc-19j92fr ebmt73l0\" dir=\"ltr\">\n<p class=\"bbc-hhl7in e17g058b0\" dir=\"ltr\">Se puso en contacto con el hotel Dec\u00e1polis para indagar sobre las condiciones en las que se encuentran los migrantes, pero no accedieron a responder preguntas.<\/p>\n<\/div>\n<div class=\"bbc-19j92fr ebmt73l0\" dir=\"ltr\">\n<p class=\"bbc-hhl7in e17g058b0\" dir=\"ltr\">Despu\u00e9s de que la historia de los deportados fuera dada a conocer el martes en la prensa, se extremaron las medidas de seguridad bajo las que permanecen los migrantes y les cortaron el acceso a internet, dijo la mujer iran\u00ed.<\/p>\n<\/div>\n<div class=\"bbc-19j92fr ebmt73l0\" dir=\"ltr\">\n<p class=\"bbc-hhl7in e17g058b0\" dir=\"ltr\">Un video que circula en redes sociales desde el fin de semana muestra a una de las migrantes relatando en farsi que fueron detenidos luego de cruzar la frontera hacia Estados Unidos y que les informaron que ser\u00edan trasladados a Texas, pero terminaron en Panam\u00e1.<\/p>\n<\/div>\n<div class=\"bbc-19j92fr ebmt73l0\" dir=\"ltr\">\n<p class=\"bbc-hhl7in e17g058b0\" dir=\"ltr\">La mujer en el video insist\u00eda que sus vidas corren peligro en caso de regresar a Ir\u00e1n por las posibles represalias que podr\u00eda tomar el gobierno de ese pa\u00eds.<\/p>\n<\/div>\n<div class=\"bbc-19j92fr ebmt73l0\" dir=\"ltr\">\n<p class=\"bbc-hhl7in e17g058b0\" dir=\"ltr\">Su intenci\u00f3n, dice, es pedir asilo pol\u00edtico.<\/p>\n<\/div>\n<div class=\"bbc-19j92fr ebmt73l0\" dir=\"ltr\">\n<p class=\"bbc-hhl7in e17g058b0\" dir=\"ltr\">Un asilo pol\u00edtico dif\u00edcil de obtener sin acceso a un abogado. M\u00e1s dif\u00edcil a\u00fan cuando el gobierno paname\u00f1o anunci\u00f3 que no ha ofrecido ni ofrecer\u00e1 esa protecci\u00f3n a los deportados.<\/p>\n<p dir=\"ltr\">\n<\/div>\n<figure class=\"bbc-1qn0xuy\">\n<div class=\"bbc-18ywsw9\">\n<div style=\"width: 2279px\" class=\"wp-caption alignnone\"><img loading=\"lazy\" decoding=\"async\" class=\"bbc-139onq\" src=\"https:\/\/ichef.bbci.co.uk\/ace\/ws\/640\/cpsprodpb\/94b4\/live\/3e13f2d0-ee6f-11ef-a56c-1d64507fca1e.jpg.webp\" alt=\"Miembros del Servicio Nacional Aeronaval de Panam\u00e1 fuertemente armados custodiando el exterior del hotel.\" width=\"2269\" height=\"1276\" \/><p class=\"wp-caption-text\">Fuente de la imagen,Reuters.\u00a0\u00a0Miembros del Servicio Nacional Aeronaval de Panam\u00e1 custodian el hotel donde permanecen los migrantes deportados.<\/p><\/div>\n<\/div>\n<\/figure>\n<div class=\"bbc-19j92fr ebmt73l0\" dir=\"ltr\">\n<h2 tabindex=\"-1\"><\/h2>\n<h2 id=\"Custodia-temporal\" class=\"bbc-1lgzob2 eglt09e0\" tabindex=\"-1\">&#8220;Custodia temporal&#8221;<\/h2>\n<\/div>\n<div class=\"bbc-19j92fr ebmt73l0\" dir=\"ltr\">\n<p class=\"bbc-hhl7in e17g058b0\" dir=\"ltr\">El ministro de Seguridad P\u00fablica de Panam\u00e1, Frank \u00c1brego, inform\u00f3 este martes que los migrantes est\u00e1n de manera transitoria en ese pa\u00eds. El funcionario rechaz\u00f3 que los extranjeros est\u00e9n en condici\u00f3n de detenci\u00f3n y a\u00f1adi\u00f3 que est\u00e1n bajo protecci\u00f3n de las autoridades paname\u00f1as.<\/p>\n<\/div>\n<div class=\"bbc-19j92fr ebmt73l0\" dir=\"ltr\">\n<p class=\"bbc-hhl7in e17g058b0\" dir=\"ltr\">&#8220;Lo que acordamos con el gobierno de EE.UU. es que ellos quedan y est\u00e1n bajo la custodia temporal nuestra para su protecci\u00f3n&#8221;.<\/p>\n<\/div>\n<div class=\"bbc-19j92fr ebmt73l0\" dir=\"ltr\">\n<p class=\"bbc-hhl7in e17g058b0\" dir=\"ltr\">Preguntado sobre la imposibilidad de salir del hotel, \u00c1brego respondi\u00f3 que se trata de una medida de prevenci\u00f3n y a\u00f1adi\u00f3 que su gobierno debe garantizar la seguridad y la paz de los paname\u00f1os.<\/p>\n<p dir=\"ltr\">\n<\/div>\n<figure class=\"bbc-1qn0xuy\">\n<div class=\"bbc-18ywsw9\">\n<div style=\"width: 3638px\" class=\"wp-caption alignnone\"><img loading=\"lazy\" decoding=\"async\" class=\"bbc-139onq\" src=\"https:\/\/ichef.bbci.co.uk\/ace\/ws\/640\/cpsprodpb\/95cc\/live\/ac101e20-ee70-11ef-8282-5f77c20ef416.jpg.webp\" alt=\"Ministro de Seguridad P\u00fablica de Panam\u00e1, Frank \u00c1brego.\" width=\"3628\" height=\"2041\" \/><p class=\"wp-caption-text\">Fuente de la imagen,EPA.\u00a0\u00a0&#8220;Est\u00e1n bajo la custodia temporal nuestra para su protecci\u00f3n&#8221;, dijo el ministro de Seguridad P\u00fablica de Panam\u00e1, sinmbargo los tienen incomunicados y sin ning\u00fan tipo de movimiento. Frank \u00c1brego.<\/p><\/div>\n<\/div>\n<\/figure>\n<div class=\"bbc-19j92fr ebmt73l0\" dir=\"ltr\">\n<p dir=\"ltr\">\n<p class=\"bbc-hhl7in e17g058b0\" dir=\"ltr\">Y advirti\u00f3 que aquellos migrantes que no desean regresar a su naci\u00f3n de origen, deber\u00e1n elegir un tercer pa\u00eds.<\/p>\n<\/div>\n<div class=\"bbc-19j92fr ebmt73l0\" dir=\"ltr\">\n<p class=\"bbc-hhl7in e17g058b0\" dir=\"ltr\">En ese caso, relat\u00f3, la Organizaci\u00f3n Internacional de Migraciones (OIM) y el Alto Comisionado de Naciones Unidas para los Refugiados (Acnur) ser\u00e1n los responsables de su repatriaci\u00f3n.<\/p>\n<\/div>\n<div class=\"bbc-19j92fr ebmt73l0\" dir=\"ltr\">\n<p class=\"bbc-hhl7in e17g058b0\" dir=\"ltr\">Panam\u00e1, dijo \u00c1brego, &#8220;recibi\u00f3 a estos se\u00f1ores migrantes, les dimos la acogida en un hotel de la localidad, en el hotel Dec\u00e1polis, pues es el que tiene en este momento la capacidad de recibirlos&#8221;.<\/p>\n<\/div>\n<div class=\"bbc-19j92fr ebmt73l0\" dir=\"ltr\">\n<p class=\"bbc-hhl7in e17g058b0\" dir=\"ltr\">El jefe de la Seguridad P\u00fablica tambi\u00e9n inform\u00f3 que &#8220;no se espera la llegada de m\u00e1s migrantes&#8221; porque no se han acordado m\u00e1s vuelos de este tipo.<\/p>\n<p dir=\"ltr\">\n<\/div>\n<figure class=\"bbc-1qn0xuy\">\n<div class=\"bbc-18ywsw9\">\n<div style=\"width: 1981px\" class=\"wp-caption alignnone\"><img loading=\"lazy\" decoding=\"async\" class=\"bbc-139onq\" src=\"https:\/\/ichef.bbci.co.uk\/ace\/ws\/640\/cpsprodpb\/15c3\/live\/0765e1c0-ee70-11ef-8282-5f77c20ef416.jpg.webp\" alt=\"Dos ni\u00f1as deportadas con el mensaje &quot;Por favor salva a las ni\u00f1as afganas&quot; desde una habitaci\u00f3n del hotel donde permanecen en Ciudad de Panam\u00e1.\" width=\"1971\" height=\"1108\" \/><p class=\"wp-caption-text\">Fuente de la imagen,EPA.\u00a0\u00a0Dos ni\u00f1as deportadas con el mensaje &#8220;Por favor, salva a las ni\u00f1as afganas&#8221; desde una habitaci\u00f3n del hotel.<\/p><\/div>\n<p class=\"bbc-by8ykd\" role=\"text\">\n<\/div>\n<\/figure>\n<div class=\"bbc-19j92fr ebmt73l0\" dir=\"ltr\">\n<p class=\"bbc-hhl7in e17g058b0\" dir=\"ltr\">Panam\u00e1 acept\u00f3 ser un pa\u00eds &#8220;puente&#8221; para las deportaciones despu\u00e9s de la visita del secretario de Estado de EE.UU., Marco Rubio, al pa\u00eds centroamericano en medio de las tensiones por las amenazas de Trump para &#8220;recuperar&#8221; la soberan\u00eda del Canal de Panam\u00e1.<\/p>\n<\/div>\n<div class=\"bbc-19j92fr ebmt73l0\" dir=\"ltr\">\n<p class=\"bbc-hhl7in e17g058b0\" dir=\"ltr\">Seg\u00fan han informado las autoridades paname\u00f1as, parte del acuerdo consiste en que Panam\u00e1 facilitar\u00e1 la pista de aterrizaje y los albergues de las zonas urbanas de la provincia de Dari\u00e9n, donde est\u00e1 la peligrosa selva que atraviesan los migrantes rumbo a EE.UU., para que los migrantes deportados transiten hacia su destino final.<\/p>\n<\/div>\n<div class=\"bbc-19j92fr ebmt73l0\" dir=\"ltr\">\n<p class=\"bbc-hhl7in e17g058b0\" dir=\"ltr\">Un portavoz de la OIM dijo que la organizaci\u00f3n est\u00e1 encargada de &#8220;brindar apoyo esencial&#8221; a las personas deportadas desde EE.UU.<\/p>\n<\/div>\n<div class=\"bbc-19j92fr ebmt73l0\" dir=\"ltr\">\n<p class=\"bbc-hhl7in e17g058b0\" dir=\"ltr\">&#8220;Estamos trabajando con funcionarios locales para ayudar a los afectados, apoyando el retorno voluntario de quienes lo solicitan e identificando alternativas seguras para otros&#8221;, apunt\u00f3.<\/p>\n<\/div>\n<div class=\"bbc-19j92fr ebmt73l0\" dir=\"ltr\">\n<p class=\"bbc-hhl7in e17g058b0\" dir=\"ltr\">&#8220;Si bien no tenemos una participaci\u00f3n directa en la detenci\u00f3n o restricci\u00f3n de movimiento de personas, estamos comprometidos a garantizar que todos los migrantes sean tratados con dignidad y de acuerdo con las normas internacionales&#8221;.<\/p>\n<p dir=\"ltr\">\n<\/div>\n<figure class=\"bbc-1qn0xuy\">\n<div class=\"bbc-18ywsw9\">\n<div style=\"width: 752px\" class=\"wp-caption alignnone\"><img loading=\"lazy\" decoding=\"async\" class=\"bbc-139onq\" src=\"https:\/\/ichef.bbci.co.uk\/ace\/ws\/640\/cpsprodpb\/1b15\/live\/e2b11d90-ee74-11ef-be36-673bd66e54ef.jpg.webp\" alt=\"Mujer mira por la ventana de hotel en Panam\u00e1.\" width=\"742\" height=\"418\" \/><p class=\"wp-caption-text\">Fuente de la imagen,Getty Images.\u00a0\u00a0Panam\u00e1 acept\u00f3 ser un pa\u00eds &#8220;puente&#8221; para las deportaciones desde EE.UU.<\/p><\/div>\n<p class=\"bbc-by8ykd\" role=\"text\">\n<\/div>\n<\/figure>\n<div class=\"bbc-19j92fr ebmt73l0\" dir=\"ltr\">\n<p class=\"bbc-hhl7in e17g058b0\" dir=\"ltr\">Muzaffar Chishti, investigador principal del centro de estudios Instituto de Pol\u00edtica Migratoria en Estados Unidos, coment\u00f3 que muchos de los deportados provienen de naciones conocidas como pa\u00edses &#8220;recalcitrantes&#8221;; es decir, pa\u00edses que no colaboran o no est\u00e1n abiertos a aceptar el regreso de nacionales deportados de EE.UU.<\/p>\n<\/div>\n<div class=\"bbc-19j92fr ebmt73l0\" dir=\"ltr\">\n<p class=\"bbc-hhl7in e17g058b0\" dir=\"ltr\">&#8220;Eso implica constantes negociaciones diplom\u00e1ticas con esos gobiernos&#8221;, dijo.<\/p>\n<\/div>\n<div class=\"bbc-19j92fr ebmt73l0\" dir=\"ltr\">\n<p class=\"bbc-hhl7in e17g058b0\" dir=\"ltr\">&#8220;Al enviarlos a Panam\u00e1, Estados Unidos sale de la foto&#8221;, agreg\u00f3. &#8220;Es un dolor de cabeza para Panam\u00e1 hacerse cargo de esas negociaciones y ver c\u00f3mo hacer para que esos pa\u00edses acepten recibirlos de nuevo&#8221;.<\/p>\n<\/div>\n<div class=\"bbc-19j92fr ebmt73l0\" dir=\"ltr\">\n<p class=\"bbc-hhl7in e17g058b0\" dir=\"ltr\">Una de las grandes preguntas en este momento se refiere a cu\u00e1l ser\u00e1 el futuro de los 128 migrantes que no desean volver a su pa\u00eds de origen porque temen represalias.<\/p>\n<\/div>\n<div class=\"bbc-19j92fr ebmt73l0\" dir=\"ltr\">\n<p class=\"bbc-hhl7in e17g058b0\" dir=\"ltr\">Esta semana se espera que llegue un vuelo con deportados desde EE.UU. a Costa Rica, otro pa\u00eds centroamericano que ha hecho un acuerdo con la Casa Blanca para convertirse en &#8220;puente&#8221; en el camino de los migrantes hacia un destino incierto.<\/p>\n<\/div>\n<div class=\"bbc-19j92fr ebmt73l0\" dir=\"ltr\"><\/div>\n","protected":false},"excerpt":{"rendered":"<p>&nbsp; &nbsp; &#8220;Por favor, ay\u00fadennos&#8221;, dice el mensaje escrito en un trozo de papel que dos ni\u00f1as muestran a trav\u00e9s de la ventana de una&hellip;<\/p>\n","protected":false},"author":99,"featured_media":528690,"comment_status":"open","ping_status":"open","sticky":false,"template":"","format":"standard","meta":{"footnotes":""},"categories":[23],"tags":[],"class_list":["post-528689","post","type-post","status-publish","format-standard","has-post-thumbnail","hentry","category-latinoamerica"],"_links":{"self":[{"href":"https:\/\/diarioelpopular.com\/index.php\/wp-json\/wp\/v2\/posts\/528689","targetHints":{"allow":["GET"]}}],"collection":[{"href":"https:\/\/diarioelpopular.com\/index.php\/wp-json\/wp\/v2\/posts"}],"about":[{"href":"https:\/\/diarioelpopular.com\/index.php\/wp-json\/wp\/v2\/types\/post"}],"author":[{"embeddable":true,"href":"https:\/\/diarioelpopular.com\/index.php\/wp-json\/wp\/v2\/users\/99"}],"replies":[{"embeddable":true,"href":"https:\/\/diarioelpopular.com\/index.php\/wp-json\/wp\/v2\/comments?post=528689"}],"version-history":[{"count":1,"href":"https:\/\/diarioelpopular.com\/index.php\/wp-json\/wp\/v2\/posts\/528689\/revisions"}],"predecessor-version":[{"id":528691,"href":"https:\/\/diarioelpopular.com\/index.php\/wp-json\/wp\/v2\/posts\/528689\/revisions\/528691"}],"wp:featuredmedia":[{"embeddable":true,"href":"https:\/\/diarioelpopular.com\/index.php\/wp-json\/wp\/v2\/media\/528690"}],"wp:attachment":[{"href":"https:\/\/diarioelpopular.com\/index.php\/wp-json\/wp\/v2\/media?parent=528689"}],"wp:term":[{"taxonomy":"category","embeddable":true,"href":"https:\/\/diarioelpopular.com\/index.php\/wp-json\/wp\/v2\/categories?post=528689"},{"taxonomy":"post_tag","embeddable":true,"href":"https:\/\/diarioelpopular.com\/index.php\/wp-json\/wp\/v2\/tags?post=528689"}],"curies":[{"name":"wp","href":"https:\/\/api.w.org\/{rel}","templated":true}]}}