{"id":528701,"date":"2025-02-19T11:12:08","date_gmt":"2025-02-19T15:12:08","guid":{"rendered":"https:\/\/diarioelpopular.com\/?p=528701"},"modified":"2025-02-19T11:12:08","modified_gmt":"2025-02-19T15:12:08","slug":"mexico-ante-una-gran-incautacion-de-metanfetamina-en-sinaloa-poco-antes-de-que-trump-designe-a-los-carteles-como-terroristas","status":"publish","type":"post","link":"https:\/\/diarioelpopular.com\/index.php\/2025\/02\/19\/mexico-ante-una-gran-incautacion-de-metanfetamina-en-sinaloa-poco-antes-de-que-trump-designe-a-los-carteles-como-terroristas\/","title":{"rendered":"M\u00e9xico ante una gran incautaci\u00f3n de metanfetamina en Sinaloa poco antes de que Trump designe a los c\u00e1rteles como terroristas"},"content":{"rendered":"<div id=\"attachment_528702\" style=\"width: 1210px\" class=\"wp-caption alignnone\"><img loading=\"lazy\" decoding=\"async\" aria-describedby=\"caption-attachment-528702\" class=\"wp-image-528702 size-custom-big-size\" src=\"https:\/\/diarioelpopular.com\/wp-content\/uploads\/2025\/02\/Screen-Shot-2025-02-19-at-10.11.28-AM-1200x804.png\" alt=\"\" width=\"1200\" height=\"804\" srcset=\"https:\/\/diarioelpopular.com\/wp-content\/uploads\/2025\/02\/Screen-Shot-2025-02-19-at-10.11.28-AM-1200x804.png 1200w, https:\/\/diarioelpopular.com\/wp-content\/uploads\/2025\/02\/Screen-Shot-2025-02-19-at-10.11.28-AM-300x201.png 300w, https:\/\/diarioelpopular.com\/wp-content\/uploads\/2025\/02\/Screen-Shot-2025-02-19-at-10.11.28-AM-768x515.png 768w, https:\/\/diarioelpopular.com\/wp-content\/uploads\/2025\/02\/Screen-Shot-2025-02-19-at-10.11.28-AM-636x426.png 636w, https:\/\/diarioelpopular.com\/wp-content\/uploads\/2025\/02\/Screen-Shot-2025-02-19-at-10.11.28-AM-80x55.png 80w, https:\/\/diarioelpopular.com\/wp-content\/uploads\/2025\/02\/Screen-Shot-2025-02-19-at-10.11.28-AM-109x73.png 109w, https:\/\/diarioelpopular.com\/wp-content\/uploads\/2025\/02\/Screen-Shot-2025-02-19-at-10.11.28-AM.png 1024w\" sizes=\"auto, (max-width: 1200px) 100vw, 1200px\" \/><p id=\"caption-attachment-528702\" class=\"wp-caption-text\">Omar Garc\u00eda Harfuch y elementos del ej\u00e9rcito en un operativo en Sinaloa, en febrero de 2025. GOBIERNO DE M\u00c9XICO<\/p><\/div>\n<p>&nbsp;<\/p>\n<h4 class=\"a_st\"><em>&#8211; Las autoridades decomisan 269 kilos de droga y otros 4.700 litros de precursores qu\u00edmicos en medio de la guerra entre facciones del Cartel de Sinaloa, uno de los objetivos prioritarios en la embestida del magnate republicano<\/em><\/h4>\n<p>&nbsp;<\/p>\n<p class=\"\">En la antesala de que Donald Trump siga apretando con otro giro de tuerca la relaci\u00f3n con M\u00e9xico, esta vez incluyendo formalmente en la lista negra de organizaciones terroristas a los grupos del crimen organizado, el Gobierno ha anunciado una gran incautaci\u00f3n.<\/p>\n<p class=\"\">Son 269 kilos de metanfetamina y otros 4.700 litros de precursores qu\u00edmicos para cocinar la droga. Adem\u00e1s, el operativo ha sido en un pueblo cerca de Culiac\u00e1n, la capital de\u00a0<a href=\"https:\/\/elpais.com\/mexico\/2025-02-16\/noticias-de-una-guerra-estancada-en-sinaloa.html\" data-link-track-dtm=\"\" data-mrf-link=\"https:\/\/elpais.com\/mexico\/2025-02-16\/noticias-de-una-guerra-estancada-en-sinaloa.html\">Sinaloa, el estado del Pac\u00edfico que se desangra desde hace cinco meses<\/a>\u00a0en una guerra intestina entre facciones del crimen organizado. El anuncio, cargado de simbolismo, es otro mensaje dirigido al otro lado de la frontera.<\/p>\n<p class=\"\">La estrategia del Gobierno de Claudia Sheinbaum ante las embestidas de Trump, que llegan por distintos frentes, est\u00e1 combinando un discurso p\u00fablico de firmeza con una minuciosa pol\u00edtica de comunicaci\u00f3n que subraye cada golpe al crimen. En los \u00faltimos meses, se han sucedido casi a diario los anuncios sobre el desmantelamiento de laboratorios clandestinos de droga, detenciones de todo tipo e incautaci\u00f3n de armas. En total,<a href=\"https:\/\/elpais.com\/mexico\/2025-01-28\/mexico-suma-mas-de-10000-detenciones-y-90-toneladas-de-drogas-incautadas-en-los-ultimos-cuatro-meses.html\" data-link-track-dtm=\"\" data-mrf-link=\"https:\/\/elpais.com\/mexico\/2025-01-28\/mexico-suma-mas-de-10000-detenciones-y-90-toneladas-de-drogas-incautadas-en-los-ultimos-cuatro-meses.html\">\u00a0van m\u00e1s de 90 toneladas de drogas incautadas,<\/a>\u00a0casi 5.000 armas decomisadas y 10.148 personas detenidas desde la llegada al poder de Sheinbaum, seg\u00fan cifras oficiales de finales de enero.<\/p>\n<p class=\"\"><a href=\"https:\/\/elpais.com\/mexico\/2025-01-26\/de-narcos-a-terroristas-trump-impone-a-mexico-un-nuevo-paradigma-en-la-guerra-contra-las-drogas.html\" data-link-track-dtm=\"\" data-mrf-link=\"https:\/\/elpais.com\/mexico\/2025-01-26\/de-narcos-a-terroristas-trump-impone-a-mexico-un-nuevo-paradigma-en-la-guerra-contra-las-drogas.html\">La calificaci\u00f3n de terroristas a las organizaciones de crimen organizado mexicanas<\/a>, prevista formalmente para este mi\u00e9rcoles, es uno de los cap\u00edtulos m\u00e1s delicados de la crisis bilateral iniciada por las pol\u00edticas ultranacionalistas del magnate republicano, incluida una latente guerra comercial y una agresiva pol\u00edtica antiinmigraci\u00f3n. Tratar a los grupos del narcotr\u00e1fico como terroristas abre la puerta a una gran discrecionalidad por parte de las autoridades estadounidenses. Tanto en labores militares, de inteligencia y hasta, llegado el caso, intervenciones incluso en territorio mexicano.<\/p>\n<p class=\"\">De momento, la Agencia de inteligencia,<a href=\"https:\/\/elpais.com\/mexico\/2025-02-18\/la-cia-incrementa-los-vuelos-de-drones-espia-dentro-de-mexico-para-vigilar-a-los-carteles.html\" data-link-track-dtm=\"\" data-mrf-link=\"https:\/\/elpais.com\/mexico\/2025-02-18\/la-cia-incrementa-los-vuelos-de-drones-espia-dentro-de-mexico-para-vigilar-a-los-carteles.html\">\u00a0la CIA, ha pisado el acelerador con los vuelos de drones no tripulados\u00a0<\/a>para espiar las actividades de las mafias del narcotr\u00e1fico. Los vuelos no se limitan a la frontera entre los dos pa\u00edses, sino que se desarrollan muy dentro de M\u00e9xico, seg\u00fan ha se\u00f1alado un funcionario de la Administraci\u00f3n Trump a\u00a0<i>The New York Times.\u00a0<\/i>Otros medios estadounidenses afirman, citando fuentes militares, que hubo al menos 18 vuelos de ese tipo durante las dos primeras semanas de la presidencia de Trump.<\/p>\n<p class=\"\">Una aeronave del Pent\u00e1gono fue identificada el 3 de febrero frente a las costas de Sinaloa, en pleno corredor del Pac\u00edfico, una de las mayores zonas de producci\u00f3n de drogas sint\u00e9ticas, como la metanfetamina y, sobre todo, el fentanilo. El potente opioide ha provocado una crisis de salud p\u00fablica en Estados Unidos, responsable de m\u00e1s de 70.000 muertes al a\u00f1o. Es una de las mayores obsesiones de la Administraci\u00f3n Trump y se\u00f1ala a M\u00e9xico como el gran culpable.<\/p>\n<p class=\"\">Las Fuerzas Armadas reconocieron una semana despu\u00e9s de aquel primer vuelo que efectivamente fue ordenado por la Casa Blanca. Poco m\u00e1s. \u201c<a href=\"https:\/\/elpais.com\/mexico\/2025-02-12\/la-polemica-de-los-aviones-espia-de-estados-unidos-aterriza-en-mexico-no-sabemos-que-hicieron.html\" data-link-track-dtm=\"\" data-mrf-link=\"https:\/\/elpais.com\/mexico\/2025-02-12\/la-polemica-de-los-aviones-espia-de-estados-unidos-aterriza-en-mexico-no-sabemos-que-hicieron.html\">No sabemos lo que hicieron<\/a>\u201d, admiti\u00f3 Ricardo Trevilla, el secretario de Defensa. Por su parte, la presidente Sheinbaum suele insistir en mensaje con tono de advertencia: \u201cque nadie se atreva a violar nuestra soberan\u00eda\u201d. Mientras que a la vez tiende la mano a la negociaci\u00f3n en los diferentes frentes abiertos. Trump decidi\u00f3 a principios de mes poner en suspenso la amenaza de imponer duros aranceles a M\u00e9xico. A cambio, ambas partes empezaron a trabajar en unas mesas en la que todo se negocia a la vez, al estilo Trump. Los aranceles son, por ejemplo, el arma de presi\u00f3n para lograr concesiones en el combate al narcotr\u00e1fico o la migraci\u00f3n irregular.<\/p>\n<p class=\"\">En el flanco de la seguridad, la canciller\u00eda estadounidense tiene en sus manos los nombres de los grupos de narcotr\u00e1fico que entraran la lista antiterrorista. En los \u00faltimos d\u00edas, se han filtrado que ser\u00e1n seis mexicanos: el de Sinaloa, Jalisco Nueva Generaci\u00f3n, el del Noreste, la Familia Michoacana, C\u00e1rteles Unidos y el del Golfo.<\/p>\n","protected":false},"excerpt":{"rendered":"<p>&nbsp; &#8211; Las autoridades decomisan 269 kilos de droga y otros 4.700 litros de precursores qu\u00edmicos en medio de la guerra entre facciones del Cartel&hellip;<\/p>\n","protected":false},"author":99,"featured_media":528702,"comment_status":"open","ping_status":"open","sticky":false,"template":"","format":"standard","meta":{"footnotes":""},"categories":[23],"tags":[],"class_list":["post-528701","post","type-post","status-publish","format-standard","has-post-thumbnail","hentry","category-latinoamerica"],"_links":{"self":[{"href":"https:\/\/diarioelpopular.com\/index.php\/wp-json\/wp\/v2\/posts\/528701","targetHints":{"allow":["GET"]}}],"collection":[{"href":"https:\/\/diarioelpopular.com\/index.php\/wp-json\/wp\/v2\/posts"}],"about":[{"href":"https:\/\/diarioelpopular.com\/index.php\/wp-json\/wp\/v2\/types\/post"}],"author":[{"embeddable":true,"href":"https:\/\/diarioelpopular.com\/index.php\/wp-json\/wp\/v2\/users\/99"}],"replies":[{"embeddable":true,"href":"https:\/\/diarioelpopular.com\/index.php\/wp-json\/wp\/v2\/comments?post=528701"}],"version-history":[{"count":1,"href":"https:\/\/diarioelpopular.com\/index.php\/wp-json\/wp\/v2\/posts\/528701\/revisions"}],"predecessor-version":[{"id":528703,"href":"https:\/\/diarioelpopular.com\/index.php\/wp-json\/wp\/v2\/posts\/528701\/revisions\/528703"}],"wp:featuredmedia":[{"embeddable":true,"href":"https:\/\/diarioelpopular.com\/index.php\/wp-json\/wp\/v2\/media\/528702"}],"wp:attachment":[{"href":"https:\/\/diarioelpopular.com\/index.php\/wp-json\/wp\/v2\/media?parent=528701"}],"wp:term":[{"taxonomy":"category","embeddable":true,"href":"https:\/\/diarioelpopular.com\/index.php\/wp-json\/wp\/v2\/categories?post=528701"},{"taxonomy":"post_tag","embeddable":true,"href":"https:\/\/diarioelpopular.com\/index.php\/wp-json\/wp\/v2\/tags?post=528701"}],"curies":[{"name":"wp","href":"https:\/\/api.w.org\/{rel}","templated":true}]}}