{"id":528705,"date":"2025-02-19T11:23:07","date_gmt":"2025-02-19T15:23:07","guid":{"rendered":"https:\/\/diarioelpopular.com\/?p=528705"},"modified":"2025-02-19T11:23:48","modified_gmt":"2025-02-19T15:23:48","slug":"omar-garcia-harfuch-y-elementos-del-ejercito-en-un-operativo-en-sinaloa-en-febrero-de-2025-gobierno-de-mexico","status":"publish","type":"post","link":"https:\/\/diarioelpopular.com\/index.php\/2025\/02\/19\/omar-garcia-harfuch-y-elementos-del-ejercito-en-un-operativo-en-sinaloa-en-febrero-de-2025-gobierno-de-mexico\/","title":{"rendered":"Acuerdo entre Argentina e Italia para extradici\u00f3n de terroristas"},"content":{"rendered":"<div id=\"attachment_528706\" style=\"width: 1210px\" class=\"wp-caption alignnone\"><img loading=\"lazy\" decoding=\"async\" aria-describedby=\"caption-attachment-528706\" class=\"wp-image-528706 size-custom-big-size\" src=\"https:\/\/diarioelpopular.com\/wp-content\/uploads\/2025\/02\/Screen-Shot-2025-02-19-at-10.22.19-AM-1200x799.png\" alt=\"\" width=\"1200\" height=\"799\" srcset=\"https:\/\/diarioelpopular.com\/wp-content\/uploads\/2025\/02\/Screen-Shot-2025-02-19-at-10.22.19-AM-1200x799.png 1200w, https:\/\/diarioelpopular.com\/wp-content\/uploads\/2025\/02\/Screen-Shot-2025-02-19-at-10.22.19-AM-300x200.png 300w, https:\/\/diarioelpopular.com\/wp-content\/uploads\/2025\/02\/Screen-Shot-2025-02-19-at-10.22.19-AM-768x511.png 768w, https:\/\/diarioelpopular.com\/wp-content\/uploads\/2025\/02\/Screen-Shot-2025-02-19-at-10.22.19-AM-636x424.png 636w, https:\/\/diarioelpopular.com\/wp-content\/uploads\/2025\/02\/Screen-Shot-2025-02-19-at-10.22.19-AM-110x73.png 110w, https:\/\/diarioelpopular.com\/wp-content\/uploads\/2025\/02\/Screen-Shot-2025-02-19-at-10.22.19-AM.png 1024w\" sizes=\"auto, (max-width: 1200px) 100vw, 1200px\" \/><p id=\"caption-attachment-528706\" class=\"wp-caption-text\">Ministro de Justicia italiano; Carlo Nordio<\/p><\/div>\n<p>&nbsp;<\/p>\n<h4><em>&#8211; Entre ellos miembros de las ex Brigadas Rojas. Encuentro entre Nordio y C\u00faneo Libarona<\/em><\/h4>\n<p>&nbsp;<\/p>\n<p>La caza de pr\u00f3fugos destacados de los A\u00f1os de Plomo sigue siendo uno de los objetivos del Gobierno italiano, que por estas horas marca pasos adelante sobre la posibilidad de extradici\u00f3n de terroristas y ex Brigadas Rojas en Argentina Otros casos similares al de Cesare Battisti, luego capturado en Bolivia y trasladado a Italia en 2019, est\u00e1n sobre la mesa: es un tema que el ministro de Justicia italiano, Carlo Nordio, abord\u00f3 hoy en via Arenula, durante la reuni\u00f3n con su par argentino, Mariano Cuneo Libarona.<\/p>\n<p>El objetivo com\u00fan es actualizar los acuerdos entre ambos pa\u00edses para la asistencia judicial en materia de extradici\u00f3n, que datan de 1987, eliminando los obst\u00e1culos que a\u00fan subsisten para las transferencias.<br \/>\nEntre los terroristas italianos huidos al extranjero, unos 50 en total, muchos se encuentran en varios estados de Am\u00e9rica del Sur.<\/p>\n<p>Entre ellos se encuentra el romano Alessio Casimirri, quien ya tiene m\u00e1s de 70 a\u00f1os y que particip\u00f3 en la emboscada al presidente de la Democracia Cristiana (DC) Aldo Moro en Via Fani en 1978: ahora es ciudadano nicarag\u00fcense, goza de la protecci\u00f3n del gobierno sandinista.<\/p>\n<p>Otro miembro de la banda que mat\u00f3 a los polic\u00edas y secuestr\u00f3 a Moro, en v\u00eda Fani, fue Alvaro Lojacono, de 64 a\u00f1os, tambi\u00e9n romano, el cual es ciudadano suizo tras huir a Argelia y luego a Brasil: debe cumplir condenas relacionadas con asesinatos y robos.<\/p>\n<p>Otros son Giorgio Pietrostefani, condenado a 22 a\u00f1os por el asesinato del comisario Luigi Calabresi, en libertad condicional (el Tribunal de Apelaci\u00f3n de Par\u00eds deneg\u00f3 su extradici\u00f3n, decisi\u00f3n confirmada tambi\u00e9n por el Tribunal Supremo de Casaci\u00f3n en Francia), y Enrico Villimburgo, otro miembro de las Brigadas Rojas condenado a cadena perpetua en el proceso Moro-ter: ambos se encuentran en Francia, al igual que Simonetta Giorgieri, l\u00edder de las Brigadas Rojas de Toscana, condenada a cadena perpetua por el asesinato de Moro.<\/p>\n<p>Entre los terroristas de derecha sueltos en el extranjero, esta vez en Jap\u00f3n, est\u00e1 Delfo Zorzi, de Vicenza, de 72 a\u00f1os, miembro de Ordine Nuovo: organiz\u00f3 atentados en trenes en el verano de 1969 que no causaron muertos sino s\u00f3lo heridos.<\/p>\n<p>La cuesti\u00f3n de las extradiciones no fue el \u00fanico tema de la reuni\u00f3n en Via Arenula.<br \/>\nOtros temas de discusi\u00f3n fueron los delitos cibern\u00e9ticos y financieros, la lucha contra el narcotr\u00e1fico y el tr\u00e1fico de migrantes.<br \/>\n&#8220;La delincuencia avanza y cambia dependiendo de los delitos que considera m\u00e1s productivos&#8221;, explic\u00f3 Nordio.<br \/>\nDesde este punto de vista &#8220;hay que aspirar a una legislaci\u00f3n com\u00fan, tanto sustantiva como procesal, y donde \u00e9sta no exista, sobre todo a una colaboraci\u00f3n muy estrecha&#8221;.<br \/>\nPor su parte, C\u00faneo Libarona tambi\u00e9n se refiri\u00f3 a la lucha contra la inmigraci\u00f3n irregular, un fen\u00f3meno que tambi\u00e9n se volvi\u00f3 problem\u00e1tico para Buenos Aires.<br \/>\n&#8220;En ese tema -dijo el ministro argentino- tenemos muy en cuenta la legislaci\u00f3n italiana&#8221;.<\/p>\n","protected":false},"excerpt":{"rendered":"<p>&nbsp; &#8211; Entre ellos miembros de las ex Brigadas Rojas. Encuentro entre Nordio y C\u00faneo Libarona &nbsp; La caza de pr\u00f3fugos destacados de los A\u00f1os&hellip;<\/p>\n","protected":false},"author":99,"featured_media":528706,"comment_status":"open","ping_status":"open","sticky":false,"template":"","format":"standard","meta":{"footnotes":""},"categories":[23],"tags":[],"class_list":["post-528705","post","type-post","status-publish","format-standard","has-post-thumbnail","hentry","category-latinoamerica"],"_links":{"self":[{"href":"https:\/\/diarioelpopular.com\/index.php\/wp-json\/wp\/v2\/posts\/528705","targetHints":{"allow":["GET"]}}],"collection":[{"href":"https:\/\/diarioelpopular.com\/index.php\/wp-json\/wp\/v2\/posts"}],"about":[{"href":"https:\/\/diarioelpopular.com\/index.php\/wp-json\/wp\/v2\/types\/post"}],"author":[{"embeddable":true,"href":"https:\/\/diarioelpopular.com\/index.php\/wp-json\/wp\/v2\/users\/99"}],"replies":[{"embeddable":true,"href":"https:\/\/diarioelpopular.com\/index.php\/wp-json\/wp\/v2\/comments?post=528705"}],"version-history":[{"count":2,"href":"https:\/\/diarioelpopular.com\/index.php\/wp-json\/wp\/v2\/posts\/528705\/revisions"}],"predecessor-version":[{"id":528708,"href":"https:\/\/diarioelpopular.com\/index.php\/wp-json\/wp\/v2\/posts\/528705\/revisions\/528708"}],"wp:featuredmedia":[{"embeddable":true,"href":"https:\/\/diarioelpopular.com\/index.php\/wp-json\/wp\/v2\/media\/528706"}],"wp:attachment":[{"href":"https:\/\/diarioelpopular.com\/index.php\/wp-json\/wp\/v2\/media?parent=528705"}],"wp:term":[{"taxonomy":"category","embeddable":true,"href":"https:\/\/diarioelpopular.com\/index.php\/wp-json\/wp\/v2\/categories?post=528705"},{"taxonomy":"post_tag","embeddable":true,"href":"https:\/\/diarioelpopular.com\/index.php\/wp-json\/wp\/v2\/tags?post=528705"}],"curies":[{"name":"wp","href":"https:\/\/api.w.org\/{rel}","templated":true}]}}