{"id":528759,"date":"2025-02-20T11:47:46","date_gmt":"2025-02-20T15:47:46","guid":{"rendered":"https:\/\/diarioelpopular.com\/?p=528759"},"modified":"2025-02-20T11:47:46","modified_gmt":"2025-02-20T15:47:46","slug":"la-historia-de-la-familia-bibas-los-israelies-con-raices-argentinas-y-peruanas-cuyos-cuerpos-entrego-hamas","status":"publish","type":"post","link":"https:\/\/diarioelpopular.com\/index.php\/2025\/02\/20\/la-historia-de-la-familia-bibas-los-israelies-con-raices-argentinas-y-peruanas-cuyos-cuerpos-entrego-hamas\/","title":{"rendered":"La historia de la familia Bibas, los israel\u00edes con ra\u00edces argentinas y peruanas cuyos cuerpos entreg\u00f3 Ham\u00e1s"},"content":{"rendered":"<div id=\"attachment_528760\" style=\"width: 646px\" class=\"wp-caption alignnone\"><img loading=\"lazy\" decoding=\"async\" aria-describedby=\"caption-attachment-528760\" class=\"wp-image-528760 size-custom-full-size\" src=\"https:\/\/diarioelpopular.com\/wp-content\/uploads\/2025\/02\/Screen-Shot-2025-02-20-at-10.47.07-AM-636x356.png\" alt=\"\" width=\"636\" height=\"356\" srcset=\"https:\/\/diarioelpopular.com\/wp-content\/uploads\/2025\/02\/Screen-Shot-2025-02-20-at-10.47.07-AM-636x356.png 636w, https:\/\/diarioelpopular.com\/wp-content\/uploads\/2025\/02\/Screen-Shot-2025-02-20-at-10.47.07-AM-300x168.png 300w, https:\/\/diarioelpopular.com\/wp-content\/uploads\/2025\/02\/Screen-Shot-2025-02-20-at-10.47.07-AM-768x430.png 768w, https:\/\/diarioelpopular.com\/wp-content\/uploads\/2025\/02\/Screen-Shot-2025-02-20-at-10.47.07-AM-130x73.png 130w, https:\/\/diarioelpopular.com\/wp-content\/uploads\/2025\/02\/Screen-Shot-2025-02-20-at-10.47.07-AM.png 1024w\" sizes=\"auto, (max-width: 636px) 100vw, 636px\" \/><p id=\"caption-attachment-528760\" class=\"wp-caption-text\">La familia Bibas fue secuestrada por Ham\u00e1s en los ataques del 7 del octubre de 2023.<\/p><\/div>\n<p>&nbsp;<\/p>\n<p>&nbsp;<\/p>\n<div class=\"bbc-19j92fr ebmt73l0\" dir=\"ltr\">\n<ul>\n<li class=\"bbc-hhl7in e17g058b0\" dir=\"ltr\"><em><b>El destino de esta familia israel\u00ed con ra\u00edces argentinas y peruanas se convirti\u00f3 en s\u00edmbolo de la incertidumbre por los rehenes en manos del grupo militante isl\u00e1mico Ham\u00e1s.<\/b><\/em><\/li>\n<\/ul>\n<\/div>\n<div class=\"bbc-19j92fr ebmt73l0\" dir=\"ltr\">\n<p dir=\"ltr\">\n<p class=\"bbc-hhl7in e17g058b0\" dir=\"ltr\">Los cuerpos de tres miembros de la familia Bibas, Shiri y sus dos hijos, Ariel y Kfir, fueron entregados este jueves a la Cruz Roja por Ham\u00e1s, que los retuvo durante el ataque del 7 de octubre de 2023 en el sur de Israel, que dej\u00f3 cerca de 1.200 muertos y 251 rehenes.<\/p>\n<\/div>\n<div class=\"bbc-19j92fr ebmt73l0\" dir=\"ltr\">\n<p class=\"bbc-hhl7in e17g058b0\" dir=\"ltr\">La entrega de los cuerpos de Shiri y sus dos hijos fue confirmada por el gobierno de Israel, que tambi\u00e9n se\u00f1al\u00f3 que Ham\u00e1s liberar\u00e1 a seis rehenes el s\u00e1bado.<\/p>\n<\/div>\n<div class=\"bbc-19j92fr ebmt73l0\" dir=\"ltr\">\n<p class=\"bbc-hhl7in e17g058b0\" dir=\"ltr\">Shiri, la madre, y su hijos Ariel, de 4 a\u00f1os en el momento del secuestro y Kfir, entonces de 9 meses (los dos m\u00e1s j\u00f3venes en el grupo de secuestrados), se erigieron en un s\u00edmbolo de la lucha por la liberaci\u00f3n de los rehenes de Ham\u00e1s.<\/p>\n<\/div>\n<div class=\"bbc-19j92fr ebmt73l0\" dir=\"ltr\">\n<p class=\"bbc-hhl7in e17g058b0\" dir=\"ltr\">Distintos videos de la madre y los dos peque\u00f1os, difundidos tras el momento del secuestro en el kibutz de Nir Oz donde viv\u00eda la familia, fueron divulgados ampliamente por los medios a nivel local e internacional.<\/p>\n<\/div>\n<div class=\"bbc-19j92fr ebmt73l0\" dir=\"ltr\">\n<p class=\"bbc-hhl7in e17g058b0\" dir=\"ltr\">Y la conmoci\u00f3n por su secuestro tom\u00f3 m\u00e1s fuerza despu\u00e9s de que Ham\u00e1s informara que los tres hab\u00edan muerto durante un ataque del ej\u00e9rcito israel\u00ed en Gaza, en noviembre de 2023.<\/p>\n<\/div>\n<div class=\"bbc-19j92fr ebmt73l0\" dir=\"ltr\">\n<p class=\"bbc-hhl7in e17g058b0\" dir=\"ltr\">El padre de los ni\u00f1os, Yarden Bibas, tambi\u00e9n fue retenido en aquella incursi\u00f3n, pero fue liberado con vida el pasado 1 de febrero, como parte de los acuerdos de cese al fuego entre Israel y Ham\u00e1s.<\/p>\n<\/div>\n<div class=\"bbc-19j92fr ebmt73l0\" dir=\"ltr\">\n<p class=\"bbc-hhl7in e17g058b0\" dir=\"ltr\">El m\u00e1s reciente conflicto en esta regi\u00f3n ha dejado m\u00e1s de 60.000 muertos y decenas de rehenes que todav\u00eda permanecen secuestrados por Ham\u00e1s.<\/p>\n<p dir=\"ltr\">\n<\/div>\n<figure class=\"bbc-1qn0xuy\">\n<div class=\"bbc-18ywsw9\">\n<div style=\"width: 1660px\" class=\"wp-caption alignnone\"><img loading=\"lazy\" decoding=\"async\" class=\"bbc-139onq\" src=\"https:\/\/ichef.bbci.co.uk\/ace\/ws\/640\/cpsprodpb\/2863\/live\/6f3a3ca0-eedf-11ef-a319-fb4e7360c4ec.jpg.webp\" alt=\"Carteles con las fotos de la familia Bibas\" width=\"1650\" height=\"1101\" \/><p class=\"wp-caption-text\">Fuente de la imagen,Reuters.\u00a0\u00a0Ham\u00e1s inform\u00f3 de la muerte de Shiri y sus dos hijos en noviembre de 2023.<\/p><\/div>\n<p class=\"bbc-by8ykd\" role=\"text\">\n<\/div>\n<\/figure>\n<div class=\"bbc-19j92fr ebmt73l0\" dir=\"ltr\">\n<p class=\"bbc-hhl7in e17g058b0\" dir=\"ltr\">Bibas se\u00f1al\u00f3 el d\u00eda de su liberaci\u00f3n que esperaba reencontrarse pronto con el resto de su familia.<\/p>\n<\/div>\n<div class=\"bbc-19j92fr ebmt73l0\" dir=\"ltr\">\n<p class=\"bbc-hhl7in e17g058b0\" dir=\"ltr\">&#8220;Todav\u00eda est\u00e1n all\u00ed. Mi luz sigue all\u00ed y, mientras ellos sigan all\u00ed, todo aqu\u00ed seguir\u00e1 siendo oscuro, ay\u00fadenme a traer de vuelta la luz a mi vida&#8221;, se\u00f1al\u00f3.<\/p>\n<\/div>\n<div class=\"bbc-19j92fr ebmt73l0\" dir=\"ltr\">\n<p class=\"bbc-hhl7in e17g058b0\" dir=\"ltr\">Por su parte, la familia Bibas emiti\u00f3 un comunicado esta semana cuando se conoci\u00f3 la noticia sobre la posible entrega de los cuerpos, en el que se\u00f1alaban que hasta que no los tuvieran con ellos &#8220;su viaje no hab\u00eda terminado&#8221;.<\/p>\n<\/div>\n<div class=\"bbc-19j92fr ebmt73l0\" dir=\"ltr\">\n<h2 id=\"Argentina-y-Per\u00fa\" class=\"bbc-1lgzob2 eglt09e0\" tabindex=\"-1\">Argentina y Per\u00fa<\/h2>\n<\/div>\n<div class=\"bbc-19j92fr ebmt73l0\" dir=\"ltr\">\n<p class=\"bbc-hhl7in e17g058b0\" dir=\"ltr\">Ariel y Kfir eran los dos rehenes m\u00e1s j\u00f3venes y, desde el mismo momento de su captura, decenas de organizaciones y gobiernos comenzaron a pedir por su inmediata liberaci\u00f3n.<\/p>\n<\/div>\n<div class=\"bbc-19j92fr ebmt73l0\" dir=\"ltr\">\n<p class=\"bbc-hhl7in e17g058b0\" dir=\"ltr\">&#8220;Mi coraz\u00f3n ya no puede seguir con cada d\u00eda que no sabemos qu\u00e9 va a pasar&#8221;, le dijo al diario argentino La Naci\u00f3n Yifat Zailer, una prima hermana de Shiri.<\/p>\n<\/div>\n<div class=\"bbc-19j92fr ebmt73l0\" dir=\"ltr\">\n<p class=\"bbc-hhl7in e17g058b0\" dir=\"ltr\">Una vez se supo del secuestro de la familia, el gobierno argentino confirm\u00f3 la doble nacionalidad de sus integrantes.<\/p>\n<\/div>\n<div class=\"bbc-19j92fr ebmt73l0\" dir=\"ltr\">\n<p class=\"bbc-hhl7in e17g058b0\" dir=\"ltr\">La relaci\u00f3n de los Bibas con Argentina se debe a que el padre de Shiri, Jos\u00e9 Luis Silberman, una de las v\u00edctimas fatales del ataque del 7 de octubre, era argentino.<\/p>\n<p dir=\"ltr\">\n<\/div>\n<figure class=\"bbc-1qn0xuy\">\n<div class=\"bbc-18ywsw9\">\n<div style=\"width: 2149px\" class=\"wp-caption alignnone\"><img loading=\"lazy\" decoding=\"async\" class=\"bbc-139onq\" src=\"https:\/\/ichef.bbci.co.uk\/ace\/ws\/640\/cpsprodpb\/6af1\/live\/99681e70-eedf-11ef-a819-277e390a7a08.jpg.webp\" alt=\"Yarden Bibas \" width=\"2139\" height=\"1426\" \/><p class=\"wp-caption-text\">Fuente de la imagen,Reuters.\u00a0\u00a0Yarden Bibas fue liberado el pasado 1 de febrero.<\/p><\/div>\n<\/div>\n<\/figure>\n<div class=\"bbc-19j92fr ebmt73l0\" dir=\"ltr\">\n<p dir=\"ltr\">\n<p class=\"bbc-hhl7in e17g058b0\" dir=\"ltr\">Silberman hab\u00eda sido una de las primeras personas en asentarse en el kibutz de Nir Oz, hace unos 40 a\u00f1os. All\u00ed conoci\u00f3 a Margit Shnaider, de origen peruano, y tuvo a sus dos hijas, Shiri y Dana.<\/p>\n<\/div>\n<div class=\"bbc-19j92fr ebmt73l0\" dir=\"ltr\">\n<p class=\"bbc-hhl7in e17g058b0\" dir=\"ltr\">Con el tiempo, Shiri conoci\u00f3 a Yarden, quien viv\u00eda tambi\u00e9n cerca del kibutz y trabajaba como soldador.<\/p>\n<\/div>\n<div class=\"bbc-19j92fr ebmt73l0\" dir=\"ltr\">\n<p class=\"bbc-hhl7in e17g058b0\" dir=\"ltr\">El 7 de octubre de 2023 la familia se encontraba en su vivienda cuando se produjo el ataque de Ham\u00e1s.<\/p>\n<\/div>\n<div class=\"bbc-19j92fr ebmt73l0\" dir=\"ltr\">\n<p class=\"bbc-hhl7in e17g058b0\" dir=\"ltr\">De acuerdo con el relato que hizo Yarden a otros rehenes, \u00e9l sali\u00f3 al encuentro de los milicianos con el fin de evitar que se llevaran a su mujer y sus dos hijos.<\/p>\n<\/div>\n<div class=\"bbc-19j92fr ebmt73l0\" dir=\"ltr\">\n<p class=\"bbc-hhl7in e17g058b0\" dir=\"ltr\">Sin embargo, Yarden fue secuestrado y a los pocos minutos, otro grupo de atacantes ingres\u00f3 en la vivienda y se llev\u00f3 al resto de la familia.<\/p>\n<\/div>\n<div class=\"bbc-19j92fr ebmt73l0\" dir=\"ltr\">\n<p class=\"bbc-hhl7in e17g058b0\" dir=\"ltr\">En videos dados a conocer en redes sociales y por el propio Ministerio de Defensa de Israel, se muestra a Shiri con sus dos hijos en brazos con una expresi\u00f3n de angustia por la amenaza de los integrantes de Ham\u00e1s.<\/p>\n<\/div>\n<div class=\"bbc-19j92fr ebmt73l0\" dir=\"ltr\">\n<h2 id=\"S\u00edmbolo-de-los-rehenes\" class=\"bbc-1lgzob2 eglt09e0\" tabindex=\"-1\">S\u00edmbolo de los rehenes<\/h2>\n<\/div>\n<div class=\"bbc-19j92fr ebmt73l0\" dir=\"ltr\">\n<p class=\"bbc-hhl7in e17g058b0\" dir=\"ltr\">Las im\u00e1genes de angustia de Shiri y sus dos hijos conmovieron a organizaciones de derechos humanos, gobiernos e instituciones tanto en Israel como alrededor del mundo.<\/p>\n<\/div>\n<div class=\"bbc-19j92fr ebmt73l0\" dir=\"ltr\">\n<p class=\"bbc-hhl7in e17g058b0\" dir=\"ltr\">Los retratos de Ariel y Kfir se usaron con frecuencia en las campa\u00f1as de quienes ped\u00edan al gobierno de Israel que detuviera los operativos en Gaza para permitir su liberaci\u00f3n.<\/p>\n<\/div>\n<div class=\"bbc-19j92fr ebmt73l0\" dir=\"ltr\">\n<p class=\"bbc-hhl7in e17g058b0\" dir=\"ltr\">Organismos como Human Rights Watch criticaron la medida de Ham\u00e1s de tomar y mantener rehenes como herramienta de negociaci\u00f3n para presionar por la liberaci\u00f3n de presos palestinos en Israel.<\/p>\n<p dir=\"ltr\">\n<\/div>\n<figure class=\"bbc-1qn0xuy\">\n<div class=\"bbc-18ywsw9\">\n<div style=\"width: 1960px\" class=\"wp-caption alignnone\"><img loading=\"lazy\" decoding=\"async\" class=\"bbc-139onq\" src=\"https:\/\/ichef.bbci.co.uk\/ace\/ws\/640\/cpsprodpb\/d4aa\/live\/d7c11e10-eedf-11ef-bd1b-d536627785f2.jpg.webp\" alt=\"Foto de uno de los ni\u00f1os de la familia Bibas\" width=\"1950\" height=\"1350\" \/><p class=\"wp-caption-text\">Fuente de la imagen,Reuters.\u00a0\u00a0Las fotos de los Bibas se convirtieron en uno de los s\u00edmbolos de los secuestrados por Ham\u00e1s.<\/p><\/div>\n<p class=\"bbc-by8ykd\" role=\"text\">\n<\/div>\n<\/figure>\n<div class=\"bbc-19j92fr ebmt73l0\" dir=\"ltr\">\n<p class=\"bbc-hhl7in e17g058b0\" dir=\"ltr\">&#8220;Ning\u00fan civil, mucho menos ni\u00f1os, debe ser tratado como moneda de cambio&#8221;, se\u00f1alaron.<\/p>\n<\/div>\n<div class=\"bbc-19j92fr ebmt73l0\" dir=\"ltr\">\n<p class=\"bbc-hhl7in e17g058b0\" dir=\"ltr\">En noviembre de 2023, Ham\u00e1s inform\u00f3 que tanto Shiri como sus dos hijos hab\u00edan muerto debido a los ataques llevados adelante por el ej\u00e9rcito israel\u00ed en Gaza.<\/p>\n<\/div>\n<div class=\"bbc-19j92fr ebmt73l0\" dir=\"ltr\">\n<p class=\"bbc-hhl7in e17g058b0\" dir=\"ltr\">Israel nunca confirm\u00f3 la noticia. Solo se\u00f1al\u00f3 que la situaci\u00f3n de los Bibas era &#8220;muy grave&#8221; y que la informaci\u00f3n compartida por Ham\u00e1s era parte de su &#8220;guerra psicol\u00f3gica&#8221;.<\/p>\n<\/div>\n<div class=\"bbc-19j92fr ebmt73l0\" dir=\"ltr\">\n<p class=\"bbc-hhl7in e17g058b0\" dir=\"ltr\">En los meses siguientes, familiares de los menores incrementaron sus esfuerzos para lograr la reunificaci\u00f3n de la familia.<\/p>\n<\/div>\n<div class=\"bbc-19j92fr ebmt73l0\" dir=\"ltr\">\n<p class=\"bbc-hhl7in e17g058b0\" dir=\"ltr\">Pidieron el apoyo de los gobiernos de EE.UU, Egipto y Qatar, que estaban mediando para llegar a un acuerdo de cese al fuego que permitiera su liberaci\u00f3n.<\/p>\n<\/div>\n<div class=\"bbc-19j92fr ebmt73l0\" dir=\"ltr\">\n<p class=\"bbc-hhl7in e17g058b0\" dir=\"ltr\">El gobierno argentino, primero encabezado por Alberto Fern\u00e1ndez, que poco o nada hizo y despu\u00e9s por Javier Milei, hizo fuertes llamados para que Ham\u00e1s liberara de toda la familia.<\/p>\n<\/div>\n<div class=\"bbc-19j92fr ebmt73l0\" dir=\"ltr\">\n<p class=\"bbc-hhl7in e17g058b0\" dir=\"ltr\">Sin embargo, durante los distintos intercambios de prisioneros y rehenes que se dieron a lo largo de los \u00faltimos 18 meses, nunca se entregaron los cuerpos ni se dieron noticias sobre el estado de la familia Bibas.<\/p>\n<\/div>\n<div class=\"bbc-19j92fr ebmt73l0\" dir=\"ltr\">\n<p class=\"bbc-hhl7in e17g058b0\" dir=\"ltr\">Medios locales informaron que el gobierno argentino le hab\u00eda concedido la nacionalidad argentina por motivos humanitarios a Yarden Bibas, con el objetivo de obtener prioridad en su salida de cautiverio.<\/p>\n<\/div>\n<div class=\"bbc-19j92fr ebmt73l0\" dir=\"ltr\">\n<p class=\"bbc-hhl7in e17g058b0\" dir=\"ltr\">Tambi\u00e9n durante ese tiempo se dio a conocer el video de Yarden donde, totalmente conmocionado por la noticia de la muerte de su esposa y sus hijos, responsabilizaba al primer ministro israel\u00ed Benjamin Netanyahu del hecho.<\/p>\n<\/div>\n<div class=\"bbc-19j92fr ebmt73l0\" dir=\"ltr\">\n<p class=\"bbc-hhl7in e17g058b0\" dir=\"ltr\">Tras la entrega de los cuerpos, se conoci\u00f3 que ser\u00e1n llevados a Israel para ser enterrados cerca del lugar donde viv\u00edan.<\/p>\n<\/div>\n<p>&nbsp;<\/p>\n","protected":false},"excerpt":{"rendered":"<p>&nbsp; &nbsp; El destino de esta familia israel\u00ed con ra\u00edces argentinas y peruanas se convirti\u00f3 en s\u00edmbolo de la incertidumbre por los rehenes en manos&hellip;<\/p>\n","protected":false},"author":99,"featured_media":528760,"comment_status":"open","ping_status":"open","sticky":false,"template":"","format":"standard","meta":{"footnotes":""},"categories":[24],"tags":[],"class_list":["post-528759","post","type-post","status-publish","format-standard","has-post-thumbnail","hentry","category-mundo"],"_links":{"self":[{"href":"https:\/\/diarioelpopular.com\/index.php\/wp-json\/wp\/v2\/posts\/528759","targetHints":{"allow":["GET"]}}],"collection":[{"href":"https:\/\/diarioelpopular.com\/index.php\/wp-json\/wp\/v2\/posts"}],"about":[{"href":"https:\/\/diarioelpopular.com\/index.php\/wp-json\/wp\/v2\/types\/post"}],"author":[{"embeddable":true,"href":"https:\/\/diarioelpopular.com\/index.php\/wp-json\/wp\/v2\/users\/99"}],"replies":[{"embeddable":true,"href":"https:\/\/diarioelpopular.com\/index.php\/wp-json\/wp\/v2\/comments?post=528759"}],"version-history":[{"count":1,"href":"https:\/\/diarioelpopular.com\/index.php\/wp-json\/wp\/v2\/posts\/528759\/revisions"}],"predecessor-version":[{"id":528761,"href":"https:\/\/diarioelpopular.com\/index.php\/wp-json\/wp\/v2\/posts\/528759\/revisions\/528761"}],"wp:featuredmedia":[{"embeddable":true,"href":"https:\/\/diarioelpopular.com\/index.php\/wp-json\/wp\/v2\/media\/528760"}],"wp:attachment":[{"href":"https:\/\/diarioelpopular.com\/index.php\/wp-json\/wp\/v2\/media?parent=528759"}],"wp:term":[{"taxonomy":"category","embeddable":true,"href":"https:\/\/diarioelpopular.com\/index.php\/wp-json\/wp\/v2\/categories?post=528759"},{"taxonomy":"post_tag","embeddable":true,"href":"https:\/\/diarioelpopular.com\/index.php\/wp-json\/wp\/v2\/tags?post=528759"}],"curies":[{"name":"wp","href":"https:\/\/api.w.org\/{rel}","templated":true}]}}