{"id":528767,"date":"2025-02-20T12:04:56","date_gmt":"2025-02-20T16:04:56","guid":{"rendered":"https:\/\/diarioelpopular.com\/?p=528767"},"modified":"2025-02-20T12:04:56","modified_gmt":"2025-02-20T16:04:56","slug":"los-comandos-de-la-frontera-controlan-el-narcotrafico-desde-peru-a-metros-de-la-armada-colombiana-los-tengo-aca-al-frente-pasando-el-rio","status":"publish","type":"post","link":"https:\/\/diarioelpopular.com\/index.php\/2025\/02\/20\/los-comandos-de-la-frontera-controlan-el-narcotrafico-desde-peru-a-metros-de-la-armada-colombiana-los-tengo-aca-al-frente-pasando-el-rio\/","title":{"rendered":"Los Comandos de la Frontera controlan el narcotr\u00e1fico desde Per\u00fa, a metros de la Armada colombiana: \u201cLos tengo ac\u00e1 al frente, pasando el r\u00edo\u201d"},"content":{"rendered":"<div id=\"attachment_528768\" style=\"width: 1210px\" class=\"wp-caption alignnone\"><img loading=\"lazy\" decoding=\"async\" aria-describedby=\"caption-attachment-528768\" class=\"wp-image-528768 size-custom-big-size\" src=\"https:\/\/diarioelpopular.com\/wp-content\/uploads\/2025\/02\/Screen-Shot-2025-02-20-at-11.04.11-AM-1200x799.png\" alt=\"\" width=\"1200\" height=\"799\" srcset=\"https:\/\/diarioelpopular.com\/wp-content\/uploads\/2025\/02\/Screen-Shot-2025-02-20-at-11.04.11-AM-1200x799.png 1200w, https:\/\/diarioelpopular.com\/wp-content\/uploads\/2025\/02\/Screen-Shot-2025-02-20-at-11.04.11-AM-300x200.png 300w, https:\/\/diarioelpopular.com\/wp-content\/uploads\/2025\/02\/Screen-Shot-2025-02-20-at-11.04.11-AM-768x511.png 768w, https:\/\/diarioelpopular.com\/wp-content\/uploads\/2025\/02\/Screen-Shot-2025-02-20-at-11.04.11-AM-636x424.png 636w, https:\/\/diarioelpopular.com\/wp-content\/uploads\/2025\/02\/Screen-Shot-2025-02-20-at-11.04.11-AM-110x73.png 110w, https:\/\/diarioelpopular.com\/wp-content\/uploads\/2025\/02\/Screen-Shot-2025-02-20-at-11.04.11-AM.png 1024w\" sizes=\"auto, (max-width: 1200px) 100vw, 1200px\" \/><p id=\"caption-attachment-528768\" class=\"wp-caption-text\">El vicealmirante Javier Alfonso Jaimes mira hacia el otro lado de la frontera en Puerto Legu\u00edzamo, Putumayo (Colombia), el 7 de febrero de 2025. Diego Cuevas<\/p><\/div>\n<p>&nbsp;<\/p>\n<p>&nbsp;<\/p>\n<h4 class=\"a_st\"><em>&#8211; El grupo armado regula la vida en Puerto Legu\u00edzamo, sobre el r\u00edo Putumayo y en la triple frontera con Ecuador y Per\u00fa<\/em><\/h4>\n<p>&nbsp;<\/p>\n<p class=\"\">El vicealmirante Javier Alfonso Jaimes, comandante de la Fuerza Naval de la Amazon\u00eda de Colombia, ve la selva peruana desde la ventana de su oficina. A cinco minutos en lancha de la base naval, al otro lado de las aguas caf\u00e9s del r\u00edo Putumayo, viven hombres del grupo armado conocido como\u00a0<a href=\"https:\/\/elpais.com\/america-colombia\/2025-02-13\/la-fiscalia-captura-al-lider-de-los-comandos-de-la-frontera-en-la-reunion-final-de-un-ciclo-de-dialogos-con-el-gobierno-petro.html\" data-link-track-dtm=\"\" data-mrf-link=\"https:\/\/elpais.com\/america-colombia\/2025-02-13\/la-fiscalia-captura-al-lider-de-los-comandos-de-la-frontera-en-la-reunion-final-de-un-ciclo-de-dialogos-con-el-gobierno-petro.html\">Comandos de la Frontera<\/a>. \u201cYo los tengo ac\u00e1 al frente pasando el r\u00edo. En una zona que se llama La Lupita. Yo lo s\u00e9. Los peruanos lo saben. Aqu\u00ed est\u00e1n\u201d, dice Jaimes, sentado en una poltrona de cuero negra. \u201cA veces veo humito y me pregunto si estar\u00e1n haciendo un asado\u201d. Qui\u00e9n sabe si lo hacen, pero la tranquilidad con la que los Comandos se mueven por esa zona de la Amazon\u00eda peruana da para pensar que s\u00ed.<\/p>\n<p>&nbsp;<\/p>\n<figure class=\"a_m a_m-h \">\n<p><div style=\"width: 424px\" class=\"wp-caption alignnone\"><img loading=\"lazy\" decoding=\"async\" class=\"_re lazyload a_m-h\" src=\"https:\/\/imagenes.elpais.com\/resizer\/v2\/OXFHAV2UNBDCVND6F6RLWQMERY.JPG?auth=fbc3d98d0f907486c355033c1d236df3a78661e7a9aa59cf73e345ee410cdd85&amp;width=414\" sizes=\"auto, (min-width:1199px) 1155px,(min-width:1001px) calc(100vw - 44px),(min-width:768px) 767px, 100vw\" srcset=\"https:\/\/imagenes.elpais.com\/resizer\/v2\/OXFHAV2UNBDCVND6F6RLWQMERY.JPG?auth=fbc3d98d0f907486c355033c1d236df3a78661e7a9aa59cf73e345ee410cdd85&amp;width=414 414w,https:\/\/imagenes.elpais.com\/resizer\/v2\/OXFHAV2UNBDCVND6F6RLWQMERY.JPG?auth=fbc3d98d0f907486c355033c1d236df3a78661e7a9aa59cf73e345ee410cdd85&amp;width=828 640w,https:\/\/imagenes.elpais.com\/resizer\/v2\/OXFHAV2UNBDCVND6F6RLWQMERY.JPG?auth=fbc3d98d0f907486c355033c1d236df3a78661e7a9aa59cf73e345ee410cdd85&amp;width=980 1000w,https:\/\/imagenes.elpais.com\/resizer\/v2\/OXFHAV2UNBDCVND6F6RLWQMERY.JPG?auth=fbc3d98d0f907486c355033c1d236df3a78661e7a9aa59cf73e345ee410cdd85&amp;width=1960 1960w\" alt=\"R\u00edo Putumayo en Puerto Legu\u00edzamo, el 8 de febrero de 2025. \" width=\"414\" height=\"276\" \/><p class=\"wp-caption-text\">R\u00edo Putumayo en Puerto Legu\u00edzamo, el 8 de febrero de 2025. Diego Cuevas<\/p><\/div><figcaption class=\"a_m_p\"><\/figcaption><\/figure>\n<p>&nbsp;<\/p>\n<p class=\"\">Es viernes 7 de febrero. Amanece lloviendo en Puerto Legu\u00edzamo, el municipio m\u00e1s extenso del departamento colombiano del Putumayo,<a href=\"https:\/\/elpais.com\/america\/amazonia-sin-fronteras\/2024-11-29\/los-grupos-narcotraficantes-de-colombia-y-ecuador-se-enfrentan-en-la-frontera-amazonica-por-el-negocio-de-la-coca.html\" data-link-track-dtm=\"\" data-mrf-link=\"https:\/\/elpais.com\/america\/amazonia-sin-fronteras\/2024-11-29\/los-grupos-narcotraficantes-de-colombia-y-ecuador-se-enfrentan-en-la-frontera-amazonica-por-el-negocio-de-la-coca.html\">\u00a0en la triple frontera<\/a>\u00a0con Ecuador y Per\u00fa. Jaimes, acompa\u00f1ado de su jefe de operaciones y una capit\u00e1n, muestran lo que llaman \u201cel otro Legu\u00edzamo\u201d: una ciudadela blanca, con 155 casas para oficiales y suboficiales, en la que viven 1.191 militares y 131 civiles. Hay minimercado, cancha de tenis, planta el\u00e9ctrica, iglesia y, desde junio pasado, un \u201ccentro de fusi\u00f3n\u201d de inteligencia. Se trata de una oficina que comparten un oficial de la marina colombiana, otro peruano, otro ecuatoriano y otro brasilero para \u201cayudarnos a entender los cuatro pa\u00edses y pensar acciones simult\u00e1neas\u201d, explica el comandante. \u201cLe presento al alcalde\u201d, dice en son de chiste cuando se topa con el encargado de que la base funcione como un reloj.<\/p>\n<p class=\"\">Afuera de estas rejas, en las calles, las cosas tambi\u00e9n funcionan como un reloj. Pero no por los hombres de esta ciudadela blanca, por la alcald\u00eda, por los soldados de la Brigada 27 del Ej\u00e9rcito o por los 19 polic\u00edas que hacen rondas en moto. Es por Comandos, un grupo con m\u00e1s de 600 hombres en armas,<a href=\"https:\/\/elpais.com\/america\/amazonia-sin-fronteras\/2024-12-29\/narcos-mineros-ilegales-y-disidencias-la-triple-alianza-que-devasta-a-la-amazonia.html\" data-link-track-dtm=\"\" data-mrf-link=\"https:\/\/elpais.com\/america\/amazonia-sin-fronteras\/2024-12-29\/narcos-mineros-ilegales-y-disidencias-la-triple-alianza-que-devasta-a-la-amazonia.html\">\u00a0dinero de sobra y alianzas con narcos peruanos,<\/a>\u00a0el Comando Vermelho de Brasil y bandas ecuatorianas. Paga cumplidamente salarios de 2 a 3 millones de pesos (unos 500 a 750 d\u00f3lares) mensuales a sus combatientes rasos e incluso les da vacaciones. Adem\u00e1s, paga insumos a campesinos para que siembren coca. A punta de fusil, impone una autoridad de la que nadie duda.<\/p>\n<p class=\"\">Una autoridad que seguramente se har\u00e1 sentir con m\u00e1s fuerza luego de\u00a0<a href=\"https:\/\/elpais.com\/america-colombia\/2025-02-14\/la-detencion-de-arana-en-plena-negociacion-suma-otra-incertidumbre-a-la-paz-total-de-petro.html\" data-link-track-dtm=\"\" data-mrf-link=\"https:\/\/elpais.com\/america-colombia\/2025-02-14\/la-detencion-de-arana-en-plena-negociacion-suma-otra-incertidumbre-a-la-paz-total-de-petro.html\">la captura de su comandante, alias\u00a0<i>Ara\u00f1a<\/i><\/a>, en una sesi\u00f3n de la mesa de negociaciones que tienen con el Gobierno de Gustavo Petro. Estados Unidos lo ha pedido en extradici\u00f3n por tr\u00e1fico de estupefacientes, y la Fiscal\u00eda colombiana ha ejecutado la circular roja de Interpol hace una semana. Pese a ello, el Gobierno espera avanzar este a\u00f1o con un piloto de sustituci\u00f3n de hoja de coca en zonas bajo influencia de Comandos. Por ahora, est\u00e1n definiendo las \u00e1reas concretas, pero la idea es arrancar primero en Nari\u00f1o y luego con 1.000 hect\u00e1reas en Putumayo. Sin embargo, el jefe negociador del lado del Gobierno, Armando Novoa, dice que, sobre dejar las armas, \u201ccon los de Putumayo el tema es como si no existiera. Todav\u00eda no hemos llegado a esa discusi\u00f3n para saber si hay una voluntad de paz real o si perdemos el tiempo\u201d.<\/p>\n<p>&nbsp;<\/p>\n<figure class=\"a_m a_m-h \">\n<p><div style=\"width: 424px\" class=\"wp-caption alignnone\"><img loading=\"lazy\" decoding=\"async\" class=\"_re lazyload a_m-h\" src=\"https:\/\/imagenes.elpais.com\/resizer\/v2\/FHSAGFJU7NE53CZVIEFCFCYLFA.JPG?auth=871751b96bc370e3a8e8e5ae48746350e1cd297c0603478ab542ef77fa75e263&amp;width=414\" sizes=\"auto, (min-width:1199px) 1155px,(min-width:1001px) calc(100vw - 44px),(min-width:768px) 767px, 100vw\" srcset=\"https:\/\/imagenes.elpais.com\/resizer\/v2\/FHSAGFJU7NE53CZVIEFCFCYLFA.JPG?auth=871751b96bc370e3a8e8e5ae48746350e1cd297c0603478ab542ef77fa75e263&amp;width=414 414w,https:\/\/imagenes.elpais.com\/resizer\/v2\/FHSAGFJU7NE53CZVIEFCFCYLFA.JPG?auth=871751b96bc370e3a8e8e5ae48746350e1cd297c0603478ab542ef77fa75e263&amp;width=828 640w,https:\/\/imagenes.elpais.com\/resizer\/v2\/FHSAGFJU7NE53CZVIEFCFCYLFA.JPG?auth=871751b96bc370e3a8e8e5ae48746350e1cd297c0603478ab542ef77fa75e263&amp;width=980 1000w,https:\/\/imagenes.elpais.com\/resizer\/v2\/FHSAGFJU7NE53CZVIEFCFCYLFA.JPG?auth=871751b96bc370e3a8e8e5ae48746350e1cd297c0603478ab542ef77fa75e263&amp;width=1960 1960w\" alt=\"Minimercado en la Fuerza Naval del Sur en Puerto Legu\u00edzamo, Putumayo, el 7 de febrero de 2025. \" width=\"414\" height=\"276\" \/><p class=\"wp-caption-text\">Minimercado en la Fuerza Naval del Sur en Puerto Legu\u00edzamo, Putumayo, el 7 de febrero de 2025.Diego Cuevas<\/p><\/div><figcaption class=\"a_m_p\"><\/figcaption><\/figure>\n<p>&nbsp;<\/p>\n<p class=\"\">Ante esa realidad, y con el impacto de la captura, en el territorio hay incertidumbre. \u201cPueden ejercer acciones para presionar al Gobierno, acciones que repercuten en las comunidades\u201d escribe por WhatsApp una fuente de Legu\u00edzamo que prefiere no ser citada por seguridad.<\/p>\n<p class=\"\">Nada de eso se nota en el pueblo, o no a primera vista. \u201cAqu\u00ed, en teor\u00eda, no pasa nada\u201d, dice el vicealmirante Jaimes. En teor\u00eda.<\/p>\n<h3 class=\"\">La pr\u00e1ctica<\/h3>\n<p class=\"\">\u201cUsted aqu\u00ed vive tranquilo\u201d, dice un mototaxista mientras el viento choca con su cara. \u201cClaro, si no la embarra. A la tercera vez&#8230;\u201d, dice. Inmediatamente calla, y hace con su mano una se\u00f1al de pistola. Va solo. Antes pod\u00eda llevar a su esposa o a alg\u00fan familiar. Ya no. \u201cLos motocarros a partir del momento no pueden llevar pasajeros adelante, ni esposa, ni hijos, ni mosa\u201d, dice un comunicado que sac\u00f3 Comandos en octubre pasado, despu\u00e9s de citar a todos los mototaxistas del pueblo de unos 7.000 habitantes. El lugar: Puerto Lupita, una vereda del departamento de Loreto, Per\u00fa, a cinco minutos en lancha y all\u00ed donde Jaimes a veces ve humo.<\/p>\n<p>&nbsp;<\/p>\n<figure class=\"a_m a_m-h \">\n<p><div style=\"width: 424px\" class=\"wp-caption alignnone\"><img loading=\"lazy\" decoding=\"async\" class=\"_re lazyload a_m-h\" src=\"https:\/\/imagenes.elpais.com\/resizer\/v2\/LBEPOXXUMBHQRCE7B26A3JUGDU.JPG?auth=f0d8f9f29da694c0fa913d5ff1d17edd1001eb92f94044e93c1612865e0b8fda&amp;width=414\" sizes=\"auto, (min-width:1199px) 1155px,(min-width:1001px) calc(100vw - 44px),(min-width:768px) 767px, 100vw\" srcset=\"https:\/\/imagenes.elpais.com\/resizer\/v2\/LBEPOXXUMBHQRCE7B26A3JUGDU.JPG?auth=f0d8f9f29da694c0fa913d5ff1d17edd1001eb92f94044e93c1612865e0b8fda&amp;width=414 414w,https:\/\/imagenes.elpais.com\/resizer\/v2\/LBEPOXXUMBHQRCE7B26A3JUGDU.JPG?auth=f0d8f9f29da694c0fa913d5ff1d17edd1001eb92f94044e93c1612865e0b8fda&amp;width=828 640w,https:\/\/imagenes.elpais.com\/resizer\/v2\/LBEPOXXUMBHQRCE7B26A3JUGDU.JPG?auth=f0d8f9f29da694c0fa913d5ff1d17edd1001eb92f94044e93c1612865e0b8fda&amp;width=980 1000w,https:\/\/imagenes.elpais.com\/resizer\/v2\/LBEPOXXUMBHQRCE7B26A3JUGDU.JPG?auth=f0d8f9f29da694c0fa913d5ff1d17edd1001eb92f94044e93c1612865e0b8fda&amp;width=1960 1960w\" alt=\"Muelle de Puerto Legu\u00edzamo, Putumayo, el pasado 9 de febrero. \" width=\"414\" height=\"276\" \/><p class=\"wp-caption-text\">Muelle de Puerto Legu\u00edzamo, Putumayo, el pasado 9 de febrero. Diego Cuevas<\/p><\/div><figcaption class=\"a_m_p\"><\/figcaption><\/figure>\n<p>&nbsp;<\/p>\n<p class=\"\">El d\u00eda de la reuni\u00f3n, los mototaxistas cruzaron el r\u00edo desde un muelle ubicado a una cuadra de la estaci\u00f3n de polic\u00eda. Unos iban en lanchas enviadas por Comandos. Ya en Per\u00fa, les prohibieron tomar alcohol en bares, discotecas o billares. Dejaron por escrito que, de incumplir, enfrentan \u201c15 d\u00edas de castigo m\u00e1s la multa de un mill\u00f3n de pesos, si contin\u00faa incumpliendo, ser\u00e1 suspendido y no podr\u00e1 realizar m\u00e1s ese trabajo\u201d. Hace tres semanas, un mototaxista apareci\u00f3 muerto en un muelle.<\/p>\n<p class=\"\">Estos d\u00edas, previos a las elecciones a la Gobernaci\u00f3n del 23 de febrero, los mototaxis van sin copiloto, cumpliendo la \u201cley\u201d a rajatabla. Casi todos llevan publicidad de alg\u00fan candidato: Jhony Fernando Portilla (Partido Liberal y Fuerza de La Paz) dice que Putumayo es \u201cnuestro compromiso\u201d; Miguel \u00c1ngel Rubio (Pacto Hist\u00f3rico) llama a que \u201ccaminemos juntos\u201d; Jhon Fredy Pe\u00f1a (La U y ASI) invita a \u201cseguir adelante\u201d; John Molina (Mais, Conservador y Aico) promete \u201cun futuro mejor\u201d. Las paredes de casas, tiendas y bares est\u00e1n llenas de sus letreros, pegados encima de otros que, descascarados por el sol y la lluvia, lucen las promesas de cambio de candidatos de todos los colores de las \u00faltimas d\u00e9cadas.<\/p>\n<p>&nbsp;<\/p>\n<figure class=\"a_m a_m-h \">\n<p><div style=\"width: 424px\" class=\"wp-caption alignnone\"><img loading=\"lazy\" decoding=\"async\" class=\"_re lazyload a_m-h\" src=\"https:\/\/imagenes.elpais.com\/resizer\/v2\/IV2C36N2QZDMRAM4HZXVMOQBZM.JPG?auth=cd06b253ed011962f0a3c429828acd4a3f09c17b89e12795c3dbb4ec5cff8498&amp;width=414\" sizes=\"auto, (min-width:1199px) 1155px,(min-width:1001px) calc(100vw - 44px),(min-width:768px) 767px, 100vw\" srcset=\"https:\/\/imagenes.elpais.com\/resizer\/v2\/IV2C36N2QZDMRAM4HZXVMOQBZM.JPG?auth=cd06b253ed011962f0a3c429828acd4a3f09c17b89e12795c3dbb4ec5cff8498&amp;width=414 414w,https:\/\/imagenes.elpais.com\/resizer\/v2\/IV2C36N2QZDMRAM4HZXVMOQBZM.JPG?auth=cd06b253ed011962f0a3c429828acd4a3f09c17b89e12795c3dbb4ec5cff8498&amp;width=828 640w,https:\/\/imagenes.elpais.com\/resizer\/v2\/IV2C36N2QZDMRAM4HZXVMOQBZM.JPG?auth=cd06b253ed011962f0a3c429828acd4a3f09c17b89e12795c3dbb4ec5cff8498&amp;width=980 1000w,https:\/\/imagenes.elpais.com\/resizer\/v2\/IV2C36N2QZDMRAM4HZXVMOQBZM.JPG?auth=cd06b253ed011962f0a3c429828acd4a3f09c17b89e12795c3dbb4ec5cff8498&amp;width=1960 1960w\" alt=\"Orillas del R\u00edo Putumayo en Puerto Legu\u00edzamo, Putumayo, este 8 de febrero.\" width=\"414\" height=\"276\" \/><p class=\"wp-caption-text\">Orillas del R\u00edo Putumayo en Puerto Legu\u00edzamo, Putumayo, este 8 de febrero. Diego Cuevas<\/p><\/div><figcaption class=\"a_m_p\"><\/figcaption><\/figure>\n<p>&nbsp;<\/p>\n<p class=\"\">Promesas incumplidas o no, un cambio neto es la creciente fuerza de la gobernanza armada. La Defensor\u00eda del Pueblo tiene informaci\u00f3n sobre \u201cpresuntos constre\u00f1imientos de Comandos de la Frontera respecto a los municipios de Puerto As\u00eds, Valle del Guamuez, entre otros\u201d. Dicen que esa presi\u00f3n se est\u00e1 \u201cextendiendo a concejales y diputados electos en el 2023, llegando incluso a las sedes de los movimientos y partidos pol\u00edticos\u201d. Tambi\u00e9n hay denuncias de que Comandos impide poner vallas de algunos candidatos y restringe la movilidad de sus campa\u00f1as.<\/p>\n<p class=\"\">Los lancheros tambi\u00e9n saben que no pueden navegar por el r\u00edo despu\u00e9s de las seis de la tarde. Si lo hacen, hay un castigo seguro. La regla no perdona a nadie. Ni siquiera a un enfermo que necesite ir hasta Puerto As\u00eds, una peque\u00f1a ciudad siete horas r\u00edo arriba. Desde hace tiempo es costumbre que los pacientes que remontan el Putumayo salgan por tarde a la 1 pm. Las comunidades ind\u00edgenas tampoco han podido volver a reunirse en las noches, cuando sol\u00edan mambear juntos en un trabajo espiritual. Ellos y las juntas de acci\u00f3n comunal campesinas, han recibido la orden de hacer carnets que identifiquen a sus miembros, junto a la vereda o resguardo al que pertenecen. Es com\u00fan que los Comandos hagan retenes sobre el r\u00edo, en los que les piden ese documento y les revisan los celulares.<\/p>\n<p>&nbsp;<\/p>\n<figure class=\"a_m a_m-h \">\n<p><div style=\"width: 424px\" class=\"wp-caption alignnone\"><img loading=\"lazy\" decoding=\"async\" class=\"_re lazyload a_m-h\" src=\"https:\/\/imagenes.elpais.com\/resizer\/v2\/773D2VDDOVE55JSVL5KXEHWLAM.JPG?auth=29ad3d54178abf493d08ac386c6cc219befb1dc395ff26a06836aa56601e737c&amp;width=414\" sizes=\"auto, (min-width:1199px) 1155px,(min-width:1001px) calc(100vw - 44px),(min-width:768px) 767px, 100vw\" srcset=\"https:\/\/imagenes.elpais.com\/resizer\/v2\/773D2VDDOVE55JSVL5KXEHWLAM.JPG?auth=29ad3d54178abf493d08ac386c6cc219befb1dc395ff26a06836aa56601e737c&amp;width=414 414w,https:\/\/imagenes.elpais.com\/resizer\/v2\/773D2VDDOVE55JSVL5KXEHWLAM.JPG?auth=29ad3d54178abf493d08ac386c6cc219befb1dc395ff26a06836aa56601e737c&amp;width=828 640w,https:\/\/imagenes.elpais.com\/resizer\/v2\/773D2VDDOVE55JSVL5KXEHWLAM.JPG?auth=29ad3d54178abf493d08ac386c6cc219befb1dc395ff26a06836aa56601e737c&amp;width=980 1000w,https:\/\/imagenes.elpais.com\/resizer\/v2\/773D2VDDOVE55JSVL5KXEHWLAM.JPG?auth=29ad3d54178abf493d08ac386c6cc219befb1dc395ff26a06836aa56601e737c&amp;width=1960 1960w\" alt=\"Un grupo de habitantes de Puerto Legu\u00edzamo se traslada en panga por el r\u00edo Putumayo, Colombia.\" width=\"414\" height=\"276\" \/><p class=\"wp-caption-text\">Un grupo de habitantes de Puerto Legu\u00edzamo se traslada en panga por el r\u00edo Putumayo, Colombia. Diego Cuevas<\/p><\/div><figcaption class=\"a_m_p\"><\/figcaption><\/figure>\n<p>&nbsp;<\/p>\n<p class=\"\">Abundan las an\u00e9cdotas sobre ese control. Cuentan que en septiembre de 2024 impusieron un paro armado en el Bajo Putumayo, con el que paralizaron el comercio, y los comerciantes reclamaron a la Fuerza P\u00fablica que en Puerto Legu\u00edzamo, lleno de militares, pasara algo as\u00ed. Dicen que el a\u00f1o pasado pillaron a un muchacho robando, y lo obligaron a caminar por el pueblo con un letrero en la espalda: \u201cas\u00ed me tienen por andar robando pollos\u201d. \u201cSi usted ve a dos o tres muchachos limpiando el camino hacia al aeropuerto, por lo general son \u201ccastigados\u201d, explican. Recuerdan que a inicios de 2024 varios trabajadores de supermercados se quejaron con el grupo por sus extensos horarios, y la orden fue cerrar esos comercios los domingos a las 2 de la tarde. Explican que ya no se ven \u201cdrogadictos\u201d y desapareci\u00f3 el temor a los robos de lanchas. Cuentan que un billar funciona como \u201coficina de quejas y reclamos\u201d. Los mensajes llegan a o\u00eddos de \u2018Gavil\u00e1n\u2019, un hombre que anda de civil, pocas veces se deja ver en el pueblo y que carga una pistola y un cuaderno, en el que anota los nombres y las \u201cquejas\u201d.<\/p>\n<p class=\"\">Muchas veces los \u201ccastigos\u201d, sin mediar discusi\u00f3n, son la tortura y el asesinato. De ello solo se sabe porque aparecen los cuerpos, tirados a las orillas del r\u00edo. \u201cAnoche no muy tarde sacaron a un expendedor de carne, se lo llevaron para el otro lado del r\u00edo (Per\u00fa), lo torturaron, le hicieron oprobios en sus partes genitales, la boca, la piel toda tasajeada y despu\u00e9s lo dejaron en las bocas del r\u00edo Caucaya. No s\u00e9 si ya habr\u00e1n entregado el cad\u00e1ver\u201d escribe por chat una fuente que pide la reserva de su identidad, como todos, por seguridad. \u201cTodo lo relativo a prensa aqu\u00ed huele a formol\u201d. Pueden pasar semanas sin que se sepa qu\u00e9 pas\u00f3 con alguien, que con cierta suerte vuelve para salir r\u00e1pidamente rumbo al destierro.<\/p>\n<p>&nbsp;<\/p>\n<figure class=\"a_m a_m-h \">\n<p><div style=\"width: 424px\" class=\"wp-caption alignnone\"><img loading=\"lazy\" decoding=\"async\" class=\"_re lazyload a_m-h\" src=\"https:\/\/imagenes.elpais.com\/resizer\/v2\/6IDEYVGADNEX3FDEWXNNUOVYRI.JPG?auth=2bd63293255f724a8b47fccc58b05cb1855a08706c4790af6cc94ebd19a5b56a&amp;width=414\" sizes=\"auto, (min-width:1199px) 1155px,(min-width:1001px) calc(100vw - 44px),(min-width:768px) 767px, 100vw\" srcset=\"https:\/\/imagenes.elpais.com\/resizer\/v2\/6IDEYVGADNEX3FDEWXNNUOVYRI.JPG?auth=2bd63293255f724a8b47fccc58b05cb1855a08706c4790af6cc94ebd19a5b56a&amp;width=414 414w,https:\/\/imagenes.elpais.com\/resizer\/v2\/6IDEYVGADNEX3FDEWXNNUOVYRI.JPG?auth=2bd63293255f724a8b47fccc58b05cb1855a08706c4790af6cc94ebd19a5b56a&amp;width=828 640w,https:\/\/imagenes.elpais.com\/resizer\/v2\/6IDEYVGADNEX3FDEWXNNUOVYRI.JPG?auth=2bd63293255f724a8b47fccc58b05cb1855a08706c4790af6cc94ebd19a5b56a&amp;width=980 1000w,https:\/\/imagenes.elpais.com\/resizer\/v2\/6IDEYVGADNEX3FDEWXNNUOVYRI.JPG?auth=2bd63293255f724a8b47fccc58b05cb1855a08706c4790af6cc94ebd19a5b56a&amp;width=1960 1960w\" alt=\"Interior de la base de la Fuerza Naval del Sur en Puerto Legu\u00edzamo, Putumayo.\" width=\"414\" height=\"276\" \/><p class=\"wp-caption-text\">Interior de la base de la Fuerza Naval del Sur en Puerto Legu\u00edzamo, Putumayo. Diego Cuevas<\/p><\/div><figcaption class=\"a_m_p\"><\/figcaption><\/figure>\n<p>&nbsp;<\/p>\n<p class=\"\">Se supo que en lo que va de 2025 han tenido que salir 18 personas de Puerto Legu\u00edzamo, sin contar las personas que se van sin reportar su caso. El panorama es tan grave que el municipio ha pedido a la aerol\u00ednea estatal Satena -la \u00fanica que vuela hasta all\u00ed- que rebaje el precio de los tiquetes para ayudar a quienes deben huir.<\/p>\n<p class=\"\">Jaimes acepta su capacidad limitada para enfrentar a los Comandos y el papel de la frontera en ello. \u201cMi problema es que estoy solo del lado colombiano. Cuando me ven, seguramente se pasan al lado ecuatoriano (unos 40 kil\u00f3metros r\u00edo arriba) o al peruano. Claro, puedo encontrar algunos laboratorios de pasta base, o algunos insumos, pero puedo apostar a que no voy a capturar a nadie. Encontrar\u00e9 lo que abandonan\u201d admite. \u201cSabemos que est\u00e1n al frente. Su forma de estar presentes en ambos lados de la frontera les permite tener el control de todo\u201d. Casi como una resignaci\u00f3n, a\u00f1ade, \u201cyo s\u00e9 quienes son pero no puedo hacer nada. Si no tienen una orden de captura y no est\u00e1n en flagrancia, no puedo hacer nada\u2026 los saludo, y ya.&#8221;<\/p>\n<p class=\"\">Recuerda que, adem\u00e1s, su trabajo depende de los niveles de los r\u00edos. \u201cNo puedo navegar todo el a\u00f1o. Aunque hemos construido elementos de bajo calado, requieren cierta profundidad. Ellos, en cambio, van en canoas artesanales de madera que calan poquito y se pueden mover en esas temporadas\u201d. Explica tambi\u00e9n que los Comandos utilizan el r\u00edo de forma transversal. \u201cComo tienen control sobre las dos orillas, van viendo donde est\u00e1n los controles. Mueven sus cargas un tramo por r\u00edo, otro por tierra y por los esteros, a los que no alcanzamos a entrar con nuestros botes\u201d.<\/p>\n<p class=\"\">Cinco fuentes dijeron que Comandos soborna a algunos militares para evitar problemas. El vicealmirante Jaimes dice que no ha recibido denuncias de corrupci\u00f3n en la Armada.<\/p>\n<h3 class=\"\">El enclave en Per\u00fa<\/h3>\n<p class=\"\">\u201cSi van para Lupita, es mejor tener permiso de ellos [Comandos]\u201d, fue el comentario repetido por varias fuentes sobre entrar al caser\u00edo peruano ubicado al otro lado del Putumayo. Esa orilla del r\u00edo, en el departamento de Loreto, es uno de los 21 enclaves de producci\u00f3n de hoja de coca del pa\u00eds, seg\u00fan los datos del\u00a0<a href=\"https:\/\/sinia.minam.gob.pe\/sites\/default\/files\/archivos\/public\/docs\/20240813%20O.C.%20011-DV-GG%20Remite%20publicaciones%20Per%C3%BA%20-Monitoreo%20de%20cultivos%20de%20coca%202023.pdf\" target=\"_blank\" rel=\"noopener\" data-link-track-dtm=\"\" data-mrf-link=\"https:\/\/sinia.minam.gob.pe\/sites\/default\/files\/archivos\/public\/docs\/20240813%20O.C.%20011-DV-GG%20Remite%20publicaciones%20Per%C3%BA%20-Monitoreo%20de%20cultivos%20de%20coca%202023.pdf\"><u>informe de monitoreo de esos cultivos de julio de 2024<\/u><\/a>,. El distrito Teniente Manuel Clavero, al que pertenece Puerto Lupita, sumaba 1.891 hect\u00e1reas, el 2% de las de todo el pa\u00eds. Esto coincide con un auge nacional de esos cultivos desde 2019, seg\u00fan explica un\u00a0<a href=\"https:\/\/www.unodc.org\/rocol\/uploads\/documents\/2024\/Descargas\/junio\/10\/1.3_UNODC_-_Dinamica_de_la_Cocaina_en_el_Peru_FINAL.pdf\" target=\"_blank\" rel=\"noopener\" data-link-track-dtm=\"\" data-mrf-link=\"https:\/\/www.unodc.org\/rocol\/uploads\/documents\/2024\/Descargas\/junio\/10\/1.3_UNODC_-_Dinamica_de_la_Cocaina_en_el_Peru_FINAL.pdf\"><u>estudio<\/u><\/a>\u00a0de 2023 de la Oficina de las Naciones Unidas contra la Droga y el Delito, la Polic\u00eda Nacional del Per\u00fa y la Comisi\u00f3n Nacional para el Desarrollo y Vida sin Drogas.<\/p>\n<p>&nbsp;<\/p>\n<figure class=\"a_m a_m-h \">\n<p><div style=\"width: 424px\" class=\"wp-caption alignnone\"><img loading=\"lazy\" decoding=\"async\" class=\"_re lazyload a_m-h\" src=\"https:\/\/imagenes.elpais.com\/resizer\/v2\/6BUGZCIONZGNPNLIKWE766TN5Y.JPG?auth=3987c3fb08ddca7e809c532504d68a14987cb3c54c6c7db998aec57d09b23e23&amp;width=414\" sizes=\"auto, (min-width:1199px) 1155px,(min-width:1001px) calc(100vw - 44px),(min-width:768px) 767px, 100vw\" srcset=\"https:\/\/imagenes.elpais.com\/resizer\/v2\/6BUGZCIONZGNPNLIKWE766TN5Y.JPG?auth=3987c3fb08ddca7e809c532504d68a14987cb3c54c6c7db998aec57d09b23e23&amp;width=414 414w,https:\/\/imagenes.elpais.com\/resizer\/v2\/6BUGZCIONZGNPNLIKWE766TN5Y.JPG?auth=3987c3fb08ddca7e809c532504d68a14987cb3c54c6c7db998aec57d09b23e23&amp;width=828 640w,https:\/\/imagenes.elpais.com\/resizer\/v2\/6BUGZCIONZGNPNLIKWE766TN5Y.JPG?auth=3987c3fb08ddca7e809c532504d68a14987cb3c54c6c7db998aec57d09b23e23&amp;width=980 1000w,https:\/\/imagenes.elpais.com\/resizer\/v2\/6BUGZCIONZGNPNLIKWE766TN5Y.JPG?auth=3987c3fb08ddca7e809c532504d68a14987cb3c54c6c7db998aec57d09b23e23&amp;width=1960 1960w\" alt=\"Habitantes de una comunidad ind\u00edgena en zona rural de Puerto Legu\u00edzamo hacen minga para trabajo comunitario, el 8 de febrero en Putumayo.\" width=\"414\" height=\"276\" \/><p class=\"wp-caption-text\">Habitantes de una comunidad ind\u00edgena en zona rural de Puerto Legu\u00edzamo hacen minga para trabajo comunitario, el 8 de febrero en Putumayo. Diego Cuevas<\/p><\/div><figcaption class=\"a_m_p\"><\/figcaption><\/figure>\n<p>&nbsp;<\/p>\n<p class=\"\">Por cuenta de esa econom\u00eda il\u00edcita, en 2019 hubo una guerra local. Puerto Lupita se estremeci\u00f3 con los\u00a0<a href=\"https:\/\/www.eltiempo.com\/justicia\/conflicto-y-narcotrafico\/masacre-en-la-frontera-colombo-peruana-deja-seis-personas-muertas-462122\" target=\"_blank\" rel=\"noopener\" data-link-track-dtm=\"\" data-mrf-link=\"https:\/\/www.eltiempo.com\/justicia\/conflicto-y-narcotrafico\/masacre-en-la-frontera-colombo-peruana-deja-seis-personas-muertas-462122\"><u>cuerpos de seis personas, que murieron<\/u><\/a>\u00a0en enfrentamientos entre Comandos y narcos peruanos. El grupo colombiano gan\u00f3, y desde entonces usan el poblado como una suerte de centro de poder. No solo citan all\u00ed a las reuniones para imponer sus reglas o dirimir disputas, sino que es donde obligan a la gente a trabajar como \u201ccastigo\u201d en \u201ccastigaderos\u201d, unas hect\u00e1reas que solo utilizan para que la gente vaya a \u201cechar pala\u201d.<\/p>\n<p class=\"\">El Per\u00fa amaz\u00f3nico juega un rol importante en la operaci\u00f3n de Comandos. Durante el segundo semestre de 2023, ante unos\u00a0<a href=\"https:\/\/miputumayo.com.co\/2023\/10\/03\/el-abandono-estatal-un-fertilizante-para-la-coca-en-la-amazonia-peruana\/\" target=\"_blank\" rel=\"noopener\" data-link-track-dtm=\"\" data-mrf-link=\"https:\/\/miputumayo.com.co\/2023\/10\/03\/el-abandono-estatal-un-fertilizante-para-la-coca-en-la-amazonia-peruana\/\"><u>operativos de erradicaci\u00f3n liderados por la Marina de Guerra del Per\u00fa<\/u><\/a>\u00a0en la frontera, el grupo exigi\u00f3 a los comerciantes de Legu\u00edzamo un pago de 400.000 pesos (unos 100 d\u00f3lares) cada uno para \u201clos damnificados por la redada peruana\u201d. Incluso exigieron v\u00edveres, en una especie de \u201cayuda humanitaria\u201d.<\/p>\n<p class=\"\">Puerto Lupita suma m\u00e1s de quince casas, todas al lado izquierdo de un camino extenso que de repente desemboca en la selva. Tiene una peque\u00f1a cancha de f\u00fatbol y una caseta comunal. Pese a estar en suelo peruano, est\u00e1 adornada con la publicidad de uno de los candidatos para las elecciones at\u00edpicas para la Gobernaci\u00f3n de Putumayo, en Colombia, John Molina. Tres fuentes le dijeron a El PA\u00cdS que Comandos estar\u00eda invitando a votar por \u00e9l,\u00a0<a href=\"https:\/\/www.lasillavacia.com\/silla-amazonia\/estos-son-los-cuatro-candidatos-a-la-gobernacion-de-putumayo\/\" target=\"_blank\" rel=\"noopener\" data-link-track-dtm=\"\" data-mrf-link=\"https:\/\/www.lasillavacia.com\/silla-amazonia\/estos-son-los-cuatro-candidatos-a-la-gobernacion-de-putumayo\/\"><u>se\u00f1alamiento que tambi\u00e9n fue documentado por\u00a0<\/u><i><u>La Silla Vac\u00eda<\/u><\/i><\/a>. Molina no respondi\u00f3 llamadas ni mensajes. Un asesor de su campa\u00f1a dijo que \u201csolo son rumores sin fundamentos. Los contrarios pol\u00edticos inventan todo eso cuando saben que hay una ventaja notable en las encuestas.\u201d<\/p>\n<p>&nbsp;<\/p>\n<figure class=\"a_m a_m-h \">\n<p><div style=\"width: 424px\" class=\"wp-caption alignnone\"><img loading=\"lazy\" decoding=\"async\" class=\"_re lazyload a_m-h\" src=\"https:\/\/imagenes.elpais.com\/resizer\/v2\/UZYD5PK6IVEEJFVJ6EP7EOTSG4.JPG?auth=4e8fc0ee0e0d22235de25cafe4146e3a9b2c71a9454bef0c12f6da6405bfa1fb&amp;width=414\" sizes=\"auto, (min-width:1199px) 1155px,(min-width:1001px) calc(100vw - 44px),(min-width:768px) 767px, 100vw\" srcset=\"https:\/\/imagenes.elpais.com\/resizer\/v2\/UZYD5PK6IVEEJFVJ6EP7EOTSG4.JPG?auth=4e8fc0ee0e0d22235de25cafe4146e3a9b2c71a9454bef0c12f6da6405bfa1fb&amp;width=414 414w,https:\/\/imagenes.elpais.com\/resizer\/v2\/UZYD5PK6IVEEJFVJ6EP7EOTSG4.JPG?auth=4e8fc0ee0e0d22235de25cafe4146e3a9b2c71a9454bef0c12f6da6405bfa1fb&amp;width=828 640w,https:\/\/imagenes.elpais.com\/resizer\/v2\/UZYD5PK6IVEEJFVJ6EP7EOTSG4.JPG?auth=4e8fc0ee0e0d22235de25cafe4146e3a9b2c71a9454bef0c12f6da6405bfa1fb&amp;width=980 1000w,https:\/\/imagenes.elpais.com\/resizer\/v2\/UZYD5PK6IVEEJFVJ6EP7EOTSG4.JPG?auth=4e8fc0ee0e0d22235de25cafe4146e3a9b2c71a9454bef0c12f6da6405bfa1fb&amp;width=1960 1960w\" alt=\"Habitante de Puerto Legu\u00edzamo posa para una foto sin mostrar su identidad por seguridad en Puerto Legu\u00edzamo.\" width=\"414\" height=\"276\" \/><p class=\"wp-caption-text\">Habitante de Puerto Legu\u00edzamo posa para una foto sin mostrar su identidad por seguridad en Puerto Legu\u00edzamo. Diego Cuevas<\/p><\/div><figcaption class=\"a_m_p\"><\/figcaption><\/figure>\n<p>&nbsp;<\/p>\n<p class=\"\">En Puerto Lupita funcion\u00f3 un puesto militar peruano. \u201cLo quitaron porque los soldados manten\u00edan en Legu\u00edzamo por las chicas. Ten\u00eda diez soldados y un teniente\u201d, explica un poblador. La maleza se trag\u00f3 lo que quedaba del puesto, una imagen de la inexistente presencia estatal. Los pobladores cuentan que llevan a\u00f1os pidiendo que les pongan un tanque de agua. \u201cEn la pandemia ni nos lleg\u00f3 ayuda\u201d, dice el mismo hombre, quien refiere que a una hora de camino hay cultivos de coca. \u201cM\u00e1s adentro, que es la siembra il\u00edcita, han tumbado mucho bosque\u201d dice. \u201cEllos [Comandos] est\u00e1n pendientes de que la comunidad se organice, pero que hayan hecho algo malo, no. Si nos atropellaran no estar\u00edamos aqu\u00ed\u201d.<\/p>\n","protected":false},"excerpt":{"rendered":"<p>&nbsp; &nbsp; &#8211; El grupo armado regula la vida en Puerto Legu\u00edzamo, sobre el r\u00edo Putumayo y en la triple frontera con Ecuador y Per\u00fa&hellip;<\/p>\n","protected":false},"author":99,"featured_media":528768,"comment_status":"open","ping_status":"open","sticky":false,"template":"","format":"standard","meta":{"footnotes":""},"categories":[23],"tags":[],"class_list":["post-528767","post","type-post","status-publish","format-standard","has-post-thumbnail","hentry","category-latinoamerica"],"_links":{"self":[{"href":"https:\/\/diarioelpopular.com\/index.php\/wp-json\/wp\/v2\/posts\/528767","targetHints":{"allow":["GET"]}}],"collection":[{"href":"https:\/\/diarioelpopular.com\/index.php\/wp-json\/wp\/v2\/posts"}],"about":[{"href":"https:\/\/diarioelpopular.com\/index.php\/wp-json\/wp\/v2\/types\/post"}],"author":[{"embeddable":true,"href":"https:\/\/diarioelpopular.com\/index.php\/wp-json\/wp\/v2\/users\/99"}],"replies":[{"embeddable":true,"href":"https:\/\/diarioelpopular.com\/index.php\/wp-json\/wp\/v2\/comments?post=528767"}],"version-history":[{"count":1,"href":"https:\/\/diarioelpopular.com\/index.php\/wp-json\/wp\/v2\/posts\/528767\/revisions"}],"predecessor-version":[{"id":528769,"href":"https:\/\/diarioelpopular.com\/index.php\/wp-json\/wp\/v2\/posts\/528767\/revisions\/528769"}],"wp:featuredmedia":[{"embeddable":true,"href":"https:\/\/diarioelpopular.com\/index.php\/wp-json\/wp\/v2\/media\/528768"}],"wp:attachment":[{"href":"https:\/\/diarioelpopular.com\/index.php\/wp-json\/wp\/v2\/media?parent=528767"}],"wp:term":[{"taxonomy":"category","embeddable":true,"href":"https:\/\/diarioelpopular.com\/index.php\/wp-json\/wp\/v2\/categories?post=528767"},{"taxonomy":"post_tag","embeddable":true,"href":"https:\/\/diarioelpopular.com\/index.php\/wp-json\/wp\/v2\/tags?post=528767"}],"curies":[{"name":"wp","href":"https:\/\/api.w.org\/{rel}","templated":true}]}}