{"id":528787,"date":"2025-02-21T10:23:18","date_gmt":"2025-02-21T14:23:18","guid":{"rendered":"https:\/\/diarioelpopular.com\/?p=528787"},"modified":"2025-02-21T10:23:18","modified_gmt":"2025-02-21T14:23:18","slug":"interpol-investiga-a-10-altos-cargos-del-regimen-de-ortega-y-murillo-procesados-por-argentina-por-crimenes-de-lesa-humanidad","status":"publish","type":"post","link":"https:\/\/diarioelpopular.com\/index.php\/2025\/02\/21\/interpol-investiga-a-10-altos-cargos-del-regimen-de-ortega-y-murillo-procesados-por-argentina-por-crimenes-de-lesa-humanidad\/","title":{"rendered":"Interpol investiga a 10 altos cargos del r\u00e9gimen de Ortega y Murillo procesados por Argentina por cr\u00edmenes de lesa humanidad"},"content":{"rendered":"<div id=\"attachment_528788\" style=\"width: 646px\" class=\"wp-caption alignnone\"><img loading=\"lazy\" decoding=\"async\" aria-describedby=\"caption-attachment-528788\" class=\"wp-image-528788 size-custom-full-size\" src=\"https:\/\/diarioelpopular.com\/wp-content\/uploads\/2025\/02\/Screen-Shot-2025-02-21-at-9.22.39-AM-636x471.png\" alt=\"\" width=\"636\" height=\"471\" srcset=\"https:\/\/diarioelpopular.com\/wp-content\/uploads\/2025\/02\/Screen-Shot-2025-02-21-at-9.22.39-AM-636x471.png 636w, https:\/\/diarioelpopular.com\/wp-content\/uploads\/2025\/02\/Screen-Shot-2025-02-21-at-9.22.39-AM-300x222.png 300w, https:\/\/diarioelpopular.com\/wp-content\/uploads\/2025\/02\/Screen-Shot-2025-02-21-at-9.22.39-AM-768x569.png 768w, https:\/\/diarioelpopular.com\/wp-content\/uploads\/2025\/02\/Screen-Shot-2025-02-21-at-9.22.39-AM-1200x889.png 1200w, https:\/\/diarioelpopular.com\/wp-content\/uploads\/2025\/02\/Screen-Shot-2025-02-21-at-9.22.39-AM-99x73.png 99w, https:\/\/diarioelpopular.com\/wp-content\/uploads\/2025\/02\/Screen-Shot-2025-02-21-at-9.22.39-AM.png 1024w\" sizes=\"auto, (max-width: 636px) 100vw, 636px\" \/><p id=\"caption-attachment-528788\" class=\"wp-caption-text\">Daniel Ortega y Rosario Murillo, en una foto de archivo. Alfredo Zuniga (AP)<\/p><\/div>\n<p>&nbsp;<\/p>\n<p>&nbsp;<\/p>\n<h4 class=\"a_st\"><em>&#8211; La organizaci\u00f3n prepara la activaci\u00f3n de alertas rojas de arresto internacional mientras avanza un juicio contra la pareja presidencial de Nicaragua y una docena de funcionarios sandinistas<\/em><\/h4>\n<p>&nbsp;<\/p>\n<p class=\"\">Casi mes y medio despu\u00e9s que la justicia de Argentina abriera un juicio por la comisi\u00f3n de cr\u00edmenes de lesa humanidad en el \u00e1mbito de la justicia universal contra\u00a0<a href=\"https:\/\/elpais.com\/america\/2025-02-06\/ortega-ordena-el-cierre-inmediato-de-la-fao-en-nicaragua-por-publicar-informacion-falsa.html\" data-link-track-dtm=\"\" data-mrf-link=\"https:\/\/elpais.com\/america\/2025-02-06\/ortega-ordena-el-cierre-inmediato-de-la-fao-en-nicaragua-por-publicar-informacion-falsa.html\">Daniel Ortega, Rosario Murillo y una docena de altos funcionarios sandinistas,<\/a>\u00a0la Organizaci\u00f3n Internacional de Polic\u00eda Criminal (Interpol) ha fichado a 10 de ellos y remitido la informaci\u00f3n a la Fiscal\u00eda de Buenos Aires para proceder a activar alertas rojas internacionales de arresto.<\/p>\n<p class=\"\">A finales de diciembre de 2024, el togado Ariel Lijo, del Juzgado Federal n\u00famero cuatro de Argentina, encontr\u00f3 m\u00e9ritos para abrir una causa en contra de la pareja presidencial en Nicaragua por<a href=\"https:\/\/elpais.com\/especiales\/2019\/represion-nicaragua\/\" data-link-track-dtm=\"\" data-mrf-link=\"https:\/\/elpais.com\/especiales\/2019\/represion-nicaragua\/\">\u00a0la violenta represi\u00f3n que sostienen desde las protestas sociales de 2018,\u00a0<\/a>y a la vez gir\u00f3 \u00f3rdenes de captura para poder juzgarlos de manera presencial. De modo que Eduardo Taiano, el fiscal a cargo de la acusaci\u00f3n, procedi\u00f3 a solicitar a Interpol la activaci\u00f3n de las alertas rojas de detenci\u00f3n.<\/p>\n<p class=\"\">El caso contra los Ortega-Murillo y sus secuaces, que por ahora se perfila como m\u00e1s simb\u00f3lico que efectivo dado las particularidades de la justicia universal, avanza en el juzgado argentino, ya que Interpol ya fich\u00f3 a 10 acusados y remiti\u00f3 la informaci\u00f3n a Buenos Aires. Un proceso que es la antesala para emitir la alerta roja y poder detener a los implicados. Pero un arresto, sobre todo de Ortega y Murillo, es algo complicado, reconoce<a href=\"https:\/\/elpais.com\/argentina\/2025-01-11\/el-fiscal-nisman-fue-asesinado-la-justicia-argentina-se-ratifica-en-sus-conclusiones-pero-no-resuelve-quien-lo-mato.html\" data-link-track-dtm=\"\" data-mrf-link=\"https:\/\/elpais.com\/argentina\/2025-01-11\/el-fiscal-nisman-fue-asesinado-la-justicia-argentina-se-ratifica-en-sus-conclusiones-pero-no-resuelve-quien-lo-mato.html\">\u00a0el mismo fiscal Taiano.<\/a><\/p>\n<p class=\"\">En San Jos\u00e9, Costa Rica, donde lleg\u00f3 a participar en un evento sobre justicia universal para Nicaragua organizado por la Unidad de Defensa Jur\u00eddica (UDJ), Taiano asegura que lograr la extradici\u00f3n de los indiciados es \u201cmuy dif\u00edcil\u201d, ya que la pareja presidencial no suele viajar fuera de Nicaragua. A lo sumo, Ortega \u2013el otrora guerrillero sandinista devenido en aut\u00f3crata\u2013 viaja pocas veces a Venezuela o Cuba \u00fanicamente, dos pa\u00edses en los que no corre el riesgo de ser detenido dado las simpat\u00edas ideol\u00f3gicas con esos reg\u00edmenes.<\/p>\n<p class=\"\">\u201cEs imposible detenerlos si no viajan a otros pa\u00edses, que no sean Cuba y Venezuela\u201d, lamenta Taiano, pero no se desalienta, porque asegura que lo importante \u201ces acotar la posibilidad\u201d de Ortega y los acusados \u201cde poder moverse en el resto del mundo\u201d.<\/p>\n<p class=\"\">\u201cEso es importante para nosotros, m\u00e1s all\u00e1 de que sea una causa para la memoria hist\u00f3rica; de que sea una justicia que impida que se traslade a otros lugares. Pero como dije, si no viajan ,va a ser muy imposible detenerlos y extraditarlos a Argentina. Muy complicado\u201d, dijo Taiano, una de las figuras m\u00e1s experimentadas del Ministerio P\u00fablico Fiscal de Argentina, con m\u00e1s de 30 a\u00f1os de trayectoria en la justicia federal. A lo largo de su carrera, ha encabezado investigaciones de alto perfil, incluyendo casos de derechos humanos y cr\u00edmenes de lesa humanidad. Fue uno de los fiscales clave en el juicio por\u00a0<a href=\"https:\/\/elpais.com\/argentina\/2023-09-23\/el-mayor-centro-de-torturas-de-la-dictadura-argentina-mira-al-futuro.html\" data-link-track-dtm=\"\" data-mrf-link=\"https:\/\/elpais.com\/argentina\/2023-09-23\/el-mayor-centro-de-torturas-de-la-dictadura-argentina-mira-al-futuro.html\">los cr\u00edmenes cometidos en la Escuela de Mec\u00e1nica de la Armada (ESMA)<\/a>, uno de los centros de detenci\u00f3n y tortura m\u00e1s emblem\u00e1ticos de la dictadura militar argentina.<\/p>\n<h2 class=\"\">Los acusados, la nomenclatura del r\u00e9gimen<\/h2>\n<p class=\"\">El fiscal argentino no especific\u00f3 el nombre o cargo de los 10 funcionarios, o si entre ellos estaban Ortega o Murillo, los \u201ccopresidentes\u201d de Nicaragua, de acuerdo con una reforma constitucional publicada este martes en el diario oficial\u00a0<i>La Gaceta.<\/i>\u00a0Entre los altos funcionarios sandinistas figuran el comandante en jefe del Ej\u00e9rcito de Nicaragua, general Julio C\u00e9sar Avil\u00e9s Castillo, se\u00f1alado de proveer a los grupos paramilitares armamentos. El primer comisionado, Francisco D\u00edaz Madriz, quien es el y director de la Polic\u00eda Nacional y consuegro de Ortega y Murillo. La polic\u00eda fue la instituci\u00f3n que ejecut\u00f3 las detenciones y violaciones a derechos humanos.<\/p>\n<p class=\"\">Tambi\u00e9n N\u00e9stor Moncada Lau, asesor presidencial para las pol\u00edticas de seguridad y responsable de la inteligencia y contrainteligencia de identificar a disidentes. El presidente de la Asamblea Nacional, Gustavo Porras Cort\u00e9s, se\u00f1alado de intervenir en la represi\u00f3n de las protestas de abril de 2018. Adem\u00e1s de ministros y m\u00e1s militares.<\/p>\n<p class=\"\">Los cr\u00edmenes de los que est\u00e1 acusado el r\u00e9gimen incluyen \u201casesinato, privaci\u00f3n grave de la libertad, desaparici\u00f3n forzada de personas, tortura, deportaci\u00f3n o traslado forzoso de poblaci\u00f3n y persecuci\u00f3n de un grupo o colectividad\u201d. Desde que se abri\u00f3 la causa, la querella ha presentado tanto evidencias como el testimonio de v\u00edctimas que han declarado bajo reserva de identidad.<\/p>\n<p class=\"\">Taiano dijo que se ha concluido que la pareja presidencial, junto a las fuerzas de seguridad desde 2018, \u201cllevaron a cabo un plan sistem\u00e1tico y generalizado de violenta represi\u00f3n contra la poblaci\u00f3n civil de la rep\u00fablica de Nicaragua, cuyo objeto era la disuasi\u00f3n de manifestaciones sociales y la persecuci\u00f3n a sectores pol\u00edticos disidentes\u201d.<\/p>\n","protected":false},"excerpt":{"rendered":"<p>&nbsp; &nbsp; &#8211; La organizaci\u00f3n prepara la activaci\u00f3n de alertas rojas de arresto internacional mientras avanza un juicio contra la pareja presidencial de Nicaragua y&hellip;<\/p>\n","protected":false},"author":99,"featured_media":528788,"comment_status":"open","ping_status":"open","sticky":false,"template":"","format":"standard","meta":{"footnotes":""},"categories":[23],"tags":[],"class_list":["post-528787","post","type-post","status-publish","format-standard","has-post-thumbnail","hentry","category-latinoamerica"],"_links":{"self":[{"href":"https:\/\/diarioelpopular.com\/index.php\/wp-json\/wp\/v2\/posts\/528787","targetHints":{"allow":["GET"]}}],"collection":[{"href":"https:\/\/diarioelpopular.com\/index.php\/wp-json\/wp\/v2\/posts"}],"about":[{"href":"https:\/\/diarioelpopular.com\/index.php\/wp-json\/wp\/v2\/types\/post"}],"author":[{"embeddable":true,"href":"https:\/\/diarioelpopular.com\/index.php\/wp-json\/wp\/v2\/users\/99"}],"replies":[{"embeddable":true,"href":"https:\/\/diarioelpopular.com\/index.php\/wp-json\/wp\/v2\/comments?post=528787"}],"version-history":[{"count":1,"href":"https:\/\/diarioelpopular.com\/index.php\/wp-json\/wp\/v2\/posts\/528787\/revisions"}],"predecessor-version":[{"id":528789,"href":"https:\/\/diarioelpopular.com\/index.php\/wp-json\/wp\/v2\/posts\/528787\/revisions\/528789"}],"wp:featuredmedia":[{"embeddable":true,"href":"https:\/\/diarioelpopular.com\/index.php\/wp-json\/wp\/v2\/media\/528788"}],"wp:attachment":[{"href":"https:\/\/diarioelpopular.com\/index.php\/wp-json\/wp\/v2\/media?parent=528787"}],"wp:term":[{"taxonomy":"category","embeddable":true,"href":"https:\/\/diarioelpopular.com\/index.php\/wp-json\/wp\/v2\/categories?post=528787"},{"taxonomy":"post_tag","embeddable":true,"href":"https:\/\/diarioelpopular.com\/index.php\/wp-json\/wp\/v2\/tags?post=528787"}],"curies":[{"name":"wp","href":"https:\/\/api.w.org\/{rel}","templated":true}]}}