{"id":528838,"date":"2025-02-22T13:32:22","date_gmt":"2025-02-22T17:32:22","guid":{"rendered":"https:\/\/diarioelpopular.com\/?p=528838"},"modified":"2025-02-22T13:32:22","modified_gmt":"2025-02-22T17:32:22","slug":"dos-personas-resultaron-heridas-en-un-accidente-de-trafico-en-el-que-un-camion-se-dio-a-la-fuga","status":"publish","type":"post","link":"https:\/\/diarioelpopular.com\/index.php\/2025\/02\/22\/dos-personas-resultaron-heridas-en-un-accidente-de-trafico-en-el-que-un-camion-se-dio-a-la-fuga\/","title":{"rendered":"Dos personas resultaron heridas en un accidente de tr\u00e1fico en el que un cami\u00f3n se dio a la fuga"},"content":{"rendered":"<div id=\"attachment_528839\" style=\"width: 646px\" class=\"wp-caption alignnone\"><img loading=\"lazy\" decoding=\"async\" aria-describedby=\"caption-attachment-528839\" class=\"wp-image-528839 size-custom-full-size\" src=\"https:\/\/diarioelpopular.com\/wp-content\/uploads\/2025\/02\/Screen-Shot-2025-02-22-at-12.31.48-PM-636x363.png\" alt=\"\" width=\"636\" height=\"363\" srcset=\"https:\/\/diarioelpopular.com\/wp-content\/uploads\/2025\/02\/Screen-Shot-2025-02-22-at-12.31.48-PM-636x363.png 636w, https:\/\/diarioelpopular.com\/wp-content\/uploads\/2025\/02\/Screen-Shot-2025-02-22-at-12.31.48-PM-300x171.png 300w, https:\/\/diarioelpopular.com\/wp-content\/uploads\/2025\/02\/Screen-Shot-2025-02-22-at-12.31.48-PM-768x439.png 768w, https:\/\/diarioelpopular.com\/wp-content\/uploads\/2025\/02\/Screen-Shot-2025-02-22-at-12.31.48-PM-128x73.png 128w, https:\/\/diarioelpopular.com\/wp-content\/uploads\/2025\/02\/Screen-Shot-2025-02-22-at-12.31.48-PM.png 854w\" sizes=\"auto, (max-width: 636px) 100vw, 636px\" \/><p id=\"caption-attachment-528839\" class=\"wp-caption-text\">Dos personas resultaron heridas despu\u00e9s de que su veh\u00edculo se viera involucrado en un choque con un cami\u00f3n con remolque en la autopista 401 el 22 de febrero de 2025. X\/OPP<\/p><\/div>\n<p>&nbsp;<\/p>\n<p>&nbsp;<\/p>\n<ul>\n<li><em><strong>Dos personas resultaron heridas tras un accidente de tr\u00e1fico en la autopista 401 la madrugada del s\u00e1bado.<\/strong><\/em><\/li>\n<\/ul>\n<p>&nbsp;<\/p>\n<p>La polic\u00eda provincial dijo que un cami\u00f3n con remolque blanco choc\u00f3 contra otro veh\u00edculo en los carriles en direcci\u00f3n oeste de la autopista entre James Snow Parkway y la autopista 25 poco despu\u00e9s de las 5 a.m.<\/p>\n<p>Los investigadores dijeron que el conductor del transporte no permaneci\u00f3 en el lugar.<\/p>\n<p>El conductor del veh\u00edculo sufri\u00f3 heridas leves mientras que el pasajero fue trasladado al hospital con heridas graves pero que no ponen en peligro su vida, seg\u00fan la polic\u00eda.<\/p>\n<p>Se solicita a cualquier persona que haya presenciado el accidente o que tenga im\u00e1genes de la c\u00e1mara del tablero que se comunique con la polic\u00eda.<\/p>\n<p>&nbsp;<\/p>\n","protected":false},"excerpt":{"rendered":"<p>&nbsp; &nbsp; Dos personas resultaron heridas tras un accidente de tr\u00e1fico en la autopista 401 la madrugada del s\u00e1bado. &nbsp; La polic\u00eda provincial dijo que&hellip;<\/p>\n","protected":false},"author":99,"featured_media":528839,"comment_status":"open","ping_status":"open","sticky":false,"template":"","format":"standard","meta":{"footnotes":""},"categories":[11364],"tags":[],"class_list":["post-528838","post","type-post","status-publish","format-standard","has-post-thumbnail","hentry","category-toronto-gta"],"_links":{"self":[{"href":"https:\/\/diarioelpopular.com\/index.php\/wp-json\/wp\/v2\/posts\/528838","targetHints":{"allow":["GET"]}}],"collection":[{"href":"https:\/\/diarioelpopular.com\/index.php\/wp-json\/wp\/v2\/posts"}],"about":[{"href":"https:\/\/diarioelpopular.com\/index.php\/wp-json\/wp\/v2\/types\/post"}],"author":[{"embeddable":true,"href":"https:\/\/diarioelpopular.com\/index.php\/wp-json\/wp\/v2\/users\/99"}],"replies":[{"embeddable":true,"href":"https:\/\/diarioelpopular.com\/index.php\/wp-json\/wp\/v2\/comments?post=528838"}],"version-history":[{"count":1,"href":"https:\/\/diarioelpopular.com\/index.php\/wp-json\/wp\/v2\/posts\/528838\/revisions"}],"predecessor-version":[{"id":528840,"href":"https:\/\/diarioelpopular.com\/index.php\/wp-json\/wp\/v2\/posts\/528838\/revisions\/528840"}],"wp:featuredmedia":[{"embeddable":true,"href":"https:\/\/diarioelpopular.com\/index.php\/wp-json\/wp\/v2\/media\/528839"}],"wp:attachment":[{"href":"https:\/\/diarioelpopular.com\/index.php\/wp-json\/wp\/v2\/media?parent=528838"}],"wp:term":[{"taxonomy":"category","embeddable":true,"href":"https:\/\/diarioelpopular.com\/index.php\/wp-json\/wp\/v2\/categories?post=528838"},{"taxonomy":"post_tag","embeddable":true,"href":"https:\/\/diarioelpopular.com\/index.php\/wp-json\/wp\/v2\/tags?post=528838"}],"curies":[{"name":"wp","href":"https:\/\/api.w.org\/{rel}","templated":true}]}}