{"id":528871,"date":"2025-02-23T13:38:47","date_gmt":"2025-02-23T17:38:47","guid":{"rendered":"https:\/\/diarioelpopular.com\/?p=528871"},"modified":"2025-02-23T13:38:47","modified_gmt":"2025-02-23T17:38:47","slug":"7-veces-en-las-que-las-grandes-potencias-negociaron-el-futuro-de-paises-y-territorios-sin-contar-con-las-poblaciones-afectadas","status":"publish","type":"post","link":"https:\/\/diarioelpopular.com\/index.php\/2025\/02\/23\/7-veces-en-las-que-las-grandes-potencias-negociaron-el-futuro-de-paises-y-territorios-sin-contar-con-las-poblaciones-afectadas\/","title":{"rendered":"7 veces en las que las grandes potencias negociaron el futuro de pa\u00edses y territorios sin contar con las poblaciones afectadas"},"content":{"rendered":"<p><img loading=\"lazy\" decoding=\"async\" class=\"alignnone size-custom-full-size wp-image-528873\" src=\"https:\/\/diarioelpopular.com\/wp-content\/uploads\/2025\/02\/Screen-Shot-2025-02-23-at-12.38.20-PM-636x359.png\" alt=\"\" width=\"636\" height=\"359\" srcset=\"https:\/\/diarioelpopular.com\/wp-content\/uploads\/2025\/02\/Screen-Shot-2025-02-23-at-12.38.20-PM-636x359.png 636w, https:\/\/diarioelpopular.com\/wp-content\/uploads\/2025\/02\/Screen-Shot-2025-02-23-at-12.38.20-PM-300x169.png 300w, https:\/\/diarioelpopular.com\/wp-content\/uploads\/2025\/02\/Screen-Shot-2025-02-23-at-12.38.20-PM-768x433.png 768w, https:\/\/diarioelpopular.com\/wp-content\/uploads\/2025\/02\/Screen-Shot-2025-02-23-at-12.38.20-PM-129x73.png 129w, https:\/\/diarioelpopular.com\/wp-content\/uploads\/2025\/02\/Screen-Shot-2025-02-23-at-12.38.20-PM.png 1024w\" sizes=\"auto, (max-width: 636px) 100vw, 636px\" \/><\/p>\n<p>&nbsp;<\/p>\n<p>&nbsp;<\/p>\n<div class=\"bbc-19j92fr ebmt73l0\" dir=\"ltr\">\n<ul>\n<li class=\"bbc-hhl7in e17g058b0\" dir=\"ltr\"><em><b>Ucrania no fue invitada a la reuni\u00f3n clave entre funcionarios estadounidenses y rusos en Arabia Saudita esta semana para decidir c\u00f3mo podr\u00eda ser la paz en el pa\u00eds.<\/b><\/em><\/li>\n<\/ul>\n<\/div>\n<div class=\"bbc-19j92fr ebmt73l0\" dir=\"ltr\">\n<p dir=\"ltr\">\n<p class=\"bbc-hhl7in e17g058b0\" dir=\"ltr\">El presidente ucraniano, Volodymyr Zelensky, dijo que Ucrania &#8220;nunca aceptar\u00e1&#8221; ninguna decisi\u00f3n sin su participaci\u00f3n en las negociaciones para poner fin a la guerra con Rusia.<\/p>\n<\/div>\n<div class=\"bbc-19j92fr ebmt73l0\" dir=\"ltr\">\n<p class=\"bbc-hhl7in e17g058b0\" dir=\"ltr\">La decisi\u00f3n de negociar la soberan\u00eda de los ucranianos sin ellos \u2013as\u00ed como el intento descaradamente desmesurado del presidente estadounidense Donald Trump de reclamar la mitad de la riqueza de minerales raros de Ucrania como precio por el continuo apoyo estadounidense\u2013 revela mucho sobre c\u00f3mo Trump ve a Ucrania y Europa.<\/p>\n<\/div>\n<div class=\"bbc-19j92fr ebmt73l0\" dir=\"ltr\">\n<p class=\"bbc-hhl7in e17g058b0\" dir=\"ltr\">Pero esta no es la primera vez que las grandes potencias se han coludido para negociar nuevas fronteras o esferas de influencia sin la participaci\u00f3n de la gente que vive en esos territorios.<\/p>\n<\/div>\n<div class=\"bbc-19j92fr ebmt73l0\" dir=\"ltr\">\n<p class=\"bbc-hhl7in e17g058b0\" dir=\"ltr\">Esa pol\u00edtica de poder autoritaria rara vez termina bien para los afectados, como muestran estos siete ejemplos hist\u00f3ricos.<\/p>\n<p dir=\"ltr\">\n<\/div>\n<figure class=\"bbc-1qn0xuy\">\n<div class=\"bbc-j1srjl\">\n<div style=\"width: 994px\" class=\"wp-caption alignnone\"><img loading=\"lazy\" decoding=\"async\" class=\"bbc-139onq\" src=\"https:\/\/ichef.bbci.co.uk\/ace\/ws\/640\/cpsprodpb\/36f9\/live\/6159fe90-ef98-11ef-87b4-1d3847943481.jpg.webp\" alt=\"Steve Witkoff, Marco Rubio, Mike Waltz, el pr\u00edncipe Faisal bin Farhan al-Saud, Mosaad bin Mohammad al-Aiban, Yuri Ushakov y Sergei Lavrov en la reuni\u00f3n sobre Ucrania en Riad el 18 de febrero.\" width=\"984\" height=\"554\" \/><p class=\"wp-caption-text\">Fuente de la imagen,Getty Images.\u00a0\u00a0Representantes de EE.UU. y Rusia se reunieron el 18 de febrero en Arabia Saudita.<\/p><\/div>\n<p class=\"bbc-by8ykd\" role=\"text\">\n<\/div>\n<\/figure>\n<div class=\"bbc-19j92fr ebmt73l0\" dir=\"ltr\">\n<h2 id=\"1-El-reparto-de-\u00c1frica\" class=\"bbc-1lgzob2 eglt09e0\" tabindex=\"-1\">1. El reparto de \u00c1frica<\/h2>\n<\/div>\n<div class=\"bbc-19j92fr ebmt73l0\" dir=\"ltr\">\n<p class=\"bbc-hhl7in e17g058b0\" dir=\"ltr\">En el invierno de 1884-1885, el l\u00edder alem\u00e1n Otto von Bismarck invit\u00f3 a las potencias de Europa a Berl\u00edn para una conferencia en la que se formalizar\u00eda el reparto entre ellas de todo el continente africano.<\/p>\n<\/div>\n<div class=\"bbc-19j92fr ebmt73l0\" dir=\"ltr\">\n<p class=\"bbc-hhl7in e17g058b0\" dir=\"ltr\">Ni un solo africano estuvo presente en la conferencia que llegar\u00eda a conocerse como &#8220;El reparto de \u00c1frica&#8221;.<\/p>\n<\/div>\n<div class=\"bbc-19j92fr ebmt73l0\" dir=\"ltr\">\n<p class=\"bbc-hhl7in e17g058b0\" dir=\"ltr\">Entre otras cosas, la conferencia condujo a la creaci\u00f3n del Estado Libre del Congo bajo control belga, el lugar donde se produjeron terribles atrocidades coloniales y donde murieron millones de personas.<\/p>\n<\/div>\n<div class=\"bbc-19j92fr ebmt73l0\" dir=\"ltr\">\n<p class=\"bbc-hhl7in e17g058b0\" dir=\"ltr\">Alemania tambi\u00e9n estableci\u00f3 la colonia del \u00c1frica Sudoccidental Alemana (actual Namibia), donde m\u00e1s tarde se perpetr\u00f3 el primer genocidio del siglo XX contra los pueblos colonizados.<\/p>\n<p dir=\"ltr\">\n<\/div>\n<figure class=\"bbc-1qn0xuy\">\n<div class=\"bbc-18ywsw9\">\n<div style=\"width: 1034px\" class=\"wp-caption alignnone\"><img loading=\"lazy\" decoding=\"async\" class=\"bbc-139onq\" src=\"https:\/\/ichef.bbci.co.uk\/ace\/ws\/640\/cpsprodpb\/a0bb\/live\/56834980-efad-11ef-a819-277e390a7a08.jpg.webp\" alt=\"Ni un solo africano estuvo presente en la conferencia que llegar\u00eda a conocerse como &quot;El reparto de \u00c1frica&quot;.\" width=\"1024\" height=\"683\" \/><p class=\"wp-caption-text\">Fuente de la imagen,Getty Images.\u00a0\u00a0Ni un solo africano estuvo presente en la conferencia que llegar\u00eda a conocerse como &#8220;El reparto de \u00c1frica&#8221;.<\/p><\/div>\n<p class=\"bbc-by8ykd\" role=\"text\">\n<\/div>\n<\/figure>\n<div class=\"bbc-19j92fr ebmt73l0\" dir=\"ltr\">\n<h2 id=\"2-La-Convenci\u00f3n-Tripartita\" class=\"bbc-1lgzob2 eglt09e0\" tabindex=\"-1\">2. La Convenci\u00f3n Tripartita<\/h2>\n<\/div>\n<div class=\"bbc-19j92fr ebmt73l0\" dir=\"ltr\">\n<p class=\"bbc-hhl7in e17g058b0\" dir=\"ltr\">No fue s\u00f3lo \u00c1frica la que se dividi\u00f3 de esta manera. En 1899, Alemania y Estados Unidos celebraron una conferencia y forzaron a los samoanos a un acuerdo para dividir sus islas entre las dos potencias.<\/p>\n<\/div>\n<div class=\"bbc-19j92fr ebmt73l0\" dir=\"ltr\">\n<p class=\"bbc-hhl7in e17g058b0\" dir=\"ltr\">Esto se produjo a pesar de que los samoanos expresaron su deseo de autogobierno o de una confederaci\u00f3n de Estados del Pac\u00edfico con Haw\u00e1i.<\/p>\n<\/div>\n<div class=\"bbc-19j92fr ebmt73l0\" dir=\"ltr\">\n<p class=\"bbc-hhl7in e17g058b0\" dir=\"ltr\">Como &#8220;compensaci\u00f3n&#8221; por no haber obtenido Samoa, Reino Unido recibi\u00f3 el control de Tonga.<\/p>\n<\/div>\n<div class=\"bbc-19j92fr ebmt73l0\" dir=\"ltr\">\n<p class=\"bbc-hhl7in e17g058b0\" dir=\"ltr\">La Samoa Alemana qued\u00f3 bajo el dominio de Nueva Zelanda despu\u00e9s de la Primera Guerra Mundial y sigui\u00f3 as\u00ed hasta 1962. La Samoa Estadounidense (adem\u00e1s de varias otras islas del Pac\u00edfico) sigue siendo territorio de Estados Unidos hasta el d\u00eda de hoy.<\/p>\n<p dir=\"ltr\">\n<\/div>\n<figure class=\"bbc-1qn0xuy\">\n<div class=\"bbc-18ywsw9\">\n<div style=\"width: 1034px\" class=\"wp-caption alignnone\"><img loading=\"lazy\" decoding=\"async\" class=\"bbc-139onq\" src=\"https:\/\/ichef.bbci.co.uk\/ace\/ws\/640\/cpsprodpb\/fc89\/live\/9202c350-efad-11ef-bd1b-d536627785f2.jpg.webp\" alt=\"Soldados de Nueva Zelanda tras capturar la Samoa Alemana.\" width=\"1024\" height=\"658\" \/><p class=\"wp-caption-text\">Fuente de la imagen,Getty Images.\u00a0\u00a0Soldados de Nueva Zelanda tras capturar la Samoa Alemana.<\/p><\/div>\n<p class=\"bbc-by8ykd\" role=\"text\">\n<\/div>\n<\/figure>\n<div class=\"bbc-19j92fr ebmt73l0\" dir=\"ltr\">\n<h2 id=\"3-El-Acuerdo-SykesPicot\" class=\"bbc-1lgzob2 eglt09e0\" tabindex=\"-1\">3. El Acuerdo Sykes-Picot<\/h2>\n<\/div>\n<div class=\"bbc-19j92fr ebmt73l0\" dir=\"ltr\">\n<p class=\"bbc-hhl7in e17g058b0\" dir=\"ltr\">Cuando la Primera Guerra Mundial estaba en pleno apogeo, los representantes brit\u00e1nicos y franceses se sentaron para acordar c\u00f3mo dividir\u00edan el Imperio Otomano una vez que terminara el conflicto.<\/p>\n<\/div>\n<div class=\"bbc-19j92fr ebmt73l0\" dir=\"ltr\">\n<p class=\"bbc-hhl7in e17g058b0\" dir=\"ltr\">Como potencia enemiga, los otomanos no fueron invitados a las conversaciones.<\/p>\n<\/div>\n<div class=\"bbc-19j92fr ebmt73l0\" dir=\"ltr\">\n<p class=\"bbc-hhl7in e17g058b0\" dir=\"ltr\">Juntos, el ingl\u00e9s Mark Sykes y el franc\u00e9s Fran\u00e7ois Georges-Picot redise\u00f1aron las fronteras de Medio Oriente en funci\u00f3n de los intereses de sus respectivas naciones.<\/p>\n<\/div>\n<div class=\"bbc-19j92fr ebmt73l0\" dir=\"ltr\">\n<p class=\"bbc-hhl7in e17g058b0\" dir=\"ltr\">El Acuerdo Sykes-Picot contradec\u00eda los compromisos asumidos en una serie de cartas conocidas como la correspondencia Hussein-McMahon. En estas cartas Reino Unido promet\u00eda apoyar la independencia \u00e1rabe del dominio turco.<\/p>\n<\/div>\n<div class=\"bbc-19j92fr ebmt73l0\" dir=\"ltr\">\n<p class=\"bbc-hhl7in e17g058b0\" dir=\"ltr\">El Acuerdo Sykes-Picot tambi\u00e9n contradec\u00eda las promesas que hizo Reino Unido en la Declaraci\u00f3n de Balfour de respaldar a los sionistas que quer\u00edan construir una nueva patria jud\u00eda en la Palestina otomana.<\/p>\n<\/div>\n<div class=\"bbc-19j92fr ebmt73l0\" dir=\"ltr\">\n<p class=\"bbc-hhl7in e17g058b0\" dir=\"ltr\">El acuerdo se convirti\u00f3 en la fuente de d\u00e9cadas de conflicto y mala gesti\u00f3n colonial en Medio Oriente, cuyas consecuencias siguen sinti\u00e9ndose hoy.<\/p>\n<p dir=\"ltr\">\n<\/div>\n<figure class=\"bbc-1qn0xuy\">\n<div class=\"bbc-18ywsw9\">\n<div style=\"width: 1034px\" class=\"wp-caption alignnone\"><img loading=\"lazy\" decoding=\"async\" class=\"bbc-139onq\" src=\"https:\/\/ichef.bbci.co.uk\/ace\/ws\/640\/cpsprodpb\/3c6c\/live\/78bd03f0-ef9a-11ef-bd1b-d536627785f2.jpg.webp\" alt=\"Mapa que muestra las \u00e1reas de control e influencia en Medio Oriente acordadas entre los brit\u00e1nicos y los franceses.\" width=\"1024\" height=\"937\" \/><p class=\"wp-caption-text\">Fuente de la imagen,Getty Images.\u00a0\u00a0El ingl\u00e9s Mark Sykes y el franc\u00e9s Fran\u00e7ois Georges-Picot redise\u00f1aron las fronteras de Medio Oriente en funci\u00f3n de los intereses de sus respectivas naciones.<\/p><\/div>\n<\/div>\n<\/figure>\n<div class=\"bbc-19j92fr ebmt73l0\" dir=\"ltr\">\n<h2 tabindex=\"-1\"><\/h2>\n<h2 id=\"4-El-Acuerdo-de-M\u00fanich\" class=\"bbc-1lgzob2 eglt09e0\" tabindex=\"-1\">4. El Acuerdo de M\u00fanich<\/h2>\n<\/div>\n<div class=\"bbc-19j92fr ebmt73l0\" dir=\"ltr\">\n<p class=\"bbc-hhl7in e17g058b0\" dir=\"ltr\">En septiembre de 1938, el primer ministro brit\u00e1nico, Neville Chamberlain, y el primer ministro franc\u00e9s, \u00c9douard Daladier, se reunieron con el dictador fascista italiano Benito Mussolini y con el alem\u00e1n Adolf Hitler para firmar lo que se conocer\u00eda como el Acuerdo de M\u00fanich.<\/p>\n<\/div>\n<div class=\"bbc-19j92fr ebmt73l0\" dir=\"ltr\">\n<p class=\"bbc-hhl7in e17g058b0\" dir=\"ltr\">Los l\u00edderes intentaron evitar la propagaci\u00f3n de la guerra por toda Europa despu\u00e9s de que los nazis de Hitler fomentaran un levantamiento y comenzaran a atacar las zonas de habla alemana de Checoslovaquia conocidas como los Sudetes. Lo hicieron con el pretexto de proteger a las minor\u00edas alemanas. Ning\u00fan checoslovaco fue invitado a la reuni\u00f3n.<\/p>\n<\/div>\n<div class=\"bbc-19j92fr ebmt73l0\" dir=\"ltr\">\n<p class=\"bbc-hhl7in e17g058b0\" dir=\"ltr\">Muchos todav\u00eda consideran la reuni\u00f3n como la &#8220;traici\u00f3n de M\u00fanich&#8221;, un ejemplo cl\u00e1sico de un intento fallido de apaciguar a una potencia beligerante con la falsa esperanza de evitar la guerra.<\/p>\n<\/div>\n<div class=\"bbc-19j92fr ebmt73l0\" dir=\"ltr\">\n<h2 id=\"5-La-Conferencia-de-\u00c9vian\" class=\"bbc-1lgzob2 eglt09e0\" tabindex=\"-1\">5. La Conferencia de \u00c9vian<\/h2>\n<\/div>\n<div class=\"bbc-19j92fr ebmt73l0\" dir=\"ltr\">\n<p class=\"bbc-hhl7in e17g058b0\" dir=\"ltr\">En 1938, 32 pa\u00edses se reunieron en \u00c9vian-les-Bains, Francia, para decidir qu\u00e9 hacer con los refugiados jud\u00edos que hu\u00edan de la persecuci\u00f3n en la Alemania nazi.<\/p>\n<\/div>\n<div class=\"bbc-19j92fr ebmt73l0\" dir=\"ltr\">\n<p class=\"bbc-hhl7in e17g058b0\" dir=\"ltr\">Antes de que comenzara la conferencia, Reino Unido y Estados Unidos hab\u00edan acordado no presionarse mutuamente para elevar la cuota de jud\u00edos que aceptar\u00edan en suelo estadounidense o en la Palestina brit\u00e1nica.<\/p>\n<\/div>\n<div class=\"bbc-19j92fr ebmt73l0\" dir=\"ltr\">\n<p class=\"bbc-hhl7in e17g058b0\" dir=\"ltr\">Si bien Golda Meir (la futura l\u00edder israel\u00ed) asisti\u00f3 a la conferencia como observadora, ni a ella ni a ning\u00fan otro representante del pueblo jud\u00edo se les permiti\u00f3 participar en las negociaciones.<\/p>\n<\/div>\n<div class=\"bbc-19j92fr ebmt73l0\" dir=\"ltr\">\n<p class=\"bbc-hhl7in e17g058b0\" dir=\"ltr\">Los asistentes en gran medida no lograron llegar a un acuerdo sobre la aceptaci\u00f3n de refugiados jud\u00edos, con la excepci\u00f3n de Rep\u00fablica Dominicana. Y la mayor\u00eda de los jud\u00edos en Alemania no pudieron irse antes de que el nazismo empezara con el Holocausto.<\/p>\n<p dir=\"ltr\">\n<\/div>\n<figure class=\"bbc-1qn0xuy\">\n<div class=\"bbc-18ywsw9\">\n<div style=\"width: 1034px\" class=\"wp-caption alignnone\"><img loading=\"lazy\" decoding=\"async\" class=\"bbc-139onq\" src=\"https:\/\/ichef.bbci.co.uk\/ace\/ws\/640\/cpsprodpb\/6151\/live\/12f1f710-efae-11ef-a319-fb4e7360c4ec.jpg.webp\" alt=\"En 1938, 32 pa\u00edses se reunieron en \u00c9vian-les-Bains, Francia, para decidir qu\u00e9 hacer con los refugiados jud\u00edos que hu\u00edan de la persecuci\u00f3n en la Alemania nazi.\" width=\"1024\" height=\"716\" \/><p class=\"wp-caption-text\">Fuente de la imagen,Getty Images.\u00a0\u00a0En 1938, 32 pa\u00edses se reunieron en \u00c9vian-les-Bains, Francia, para decidir qu\u00e9 hacer con los refugiados jud\u00edos que hu\u00edan de la persecuci\u00f3n en la Alemania nazi.<\/p><\/div>\n<p class=\"bbc-by8ykd\" role=\"text\">\n<\/div>\n<\/figure>\n<div class=\"bbc-19j92fr ebmt73l0\" dir=\"ltr\">\n<h2 tabindex=\"-1\"><\/h2>\n<h2 id=\"6-El-Pacto-MolotovRibbentrop\" class=\"bbc-1lgzob2 eglt09e0\" tabindex=\"-1\">6. El Pacto Molotov-Ribbentrop<\/h2>\n<\/div>\n<div class=\"bbc-19j92fr ebmt73l0\" dir=\"ltr\">\n<p class=\"bbc-hhl7in e17g058b0\" dir=\"ltr\">Mientras Hitler planeaba su invasi\u00f3n de Europa del Este, qued\u00f3 claro que su principal obst\u00e1culo era la Uni\u00f3n Sovi\u00e9tica. Su respuesta fue firmar un tratado inveros\u00edmil de no agresi\u00f3n con la URSS.<\/p>\n<\/div>\n<div class=\"bbc-19j92fr ebmt73l0\" dir=\"ltr\">\n<p class=\"bbc-hhl7in e17g058b0\" dir=\"ltr\">El tratado, que lleva el nombre de Vyacheslav Molotov y Joachim von Ribbentrop (los ministros de Asuntos Exteriores sovi\u00e9tico y alem\u00e1n), garantizaba que la Uni\u00f3n Sovi\u00e9tica no responder\u00eda cuando Hitler invadiera Polonia.<\/p>\n<\/div>\n<div class=\"bbc-19j92fr ebmt73l0\" dir=\"ltr\">\n<p class=\"bbc-hhl7in e17g058b0\" dir=\"ltr\">Tambi\u00e9n dividi\u00f3 Europa en esferas nazi y sovi\u00e9tica. Esto permiti\u00f3 a los sovi\u00e9ticos expandirse a Rumania y los estados b\u00e1lticos, atacar Finlandia y tomar su propia parte del territorio polaco.<\/p>\n<\/div>\n<div class=\"bbc-19j92fr ebmt73l0\" dir=\"ltr\">\n<p class=\"bbc-hhl7in e17g058b0\" dir=\"ltr\">No es de extra\u00f1ar que algunos en Europa del Este vean las actuales conversaciones entre Estados Unidos y Rusia sobre el futuro de Ucrania como el renacimiento de este tipo de diplomacia secreta que dividi\u00f3 a las naciones m\u00e1s peque\u00f1as de Europa entre las grandes potencias en la Segunda Guerra Mundial.<\/p>\n<p dir=\"ltr\">\n<\/div>\n<figure class=\"bbc-1qn0xuy\">\n<div class=\"bbc-18ywsw9\">\n<div style=\"width: 823px\" class=\"wp-caption alignnone\"><img loading=\"lazy\" decoding=\"async\" class=\"bbc-139onq\" src=\"https:\/\/ichef.bbci.co.uk\/ace\/ws\/640\/cpsprodpb\/c716\/live\/0ee7db20-ef9b-11ef-a319-fb4e7360c4ec.jpg.webp\" alt=\"El Pacto M\u00f3lotov-Ribbentrop, un acuerdo conocido como el Tratado de No Agresi\u00f3n entre Alemania y la Uni\u00f3n Sovi\u00e9tica, se firm\u00f3 en Mosc\u00fa el 23 de agosto de 1939.\" width=\"813\" height=\"1024\" \/><p class=\"wp-caption-text\">Fuente de la imagen,Getty Images.\u00a0\u00a0El Pacto M\u00f3lotov-Ribbentrop, un acuerdo conocido como el Tratado de No Agresi\u00f3n entre Alemania y la Uni\u00f3n Sovi\u00e9tica, se firm\u00f3 en Mosc\u00fa el 23 de agosto de 1939.<\/p><\/div>\n<p class=\"bbc-by8ykd\" role=\"text\">\n<\/div>\n<\/figure>\n<div class=\"bbc-19j92fr ebmt73l0\" dir=\"ltr\">\n<h2 tabindex=\"-1\"><\/h2>\n<h2 id=\"7-La-Conferencia-de-Yalta\" class=\"bbc-1lgzob2 eglt09e0\" tabindex=\"-1\">7. La Conferencia de Yalta<\/h2>\n<\/div>\n<div class=\"bbc-19j92fr ebmt73l0\" dir=\"ltr\">\n<p class=\"bbc-hhl7in e17g058b0\" dir=\"ltr\">Con la inminente derrota de la Alemania nazi, el primer ministro brit\u00e1nico Winston Churchill, el dictador sovi\u00e9tico Josef Stalin y el presidente estadounidense Franklin D. Roosevelt se reunieron en 1945 para decidir el destino de la Europa de posguerra.<\/p>\n<\/div>\n<div class=\"bbc-19j92fr ebmt73l0\" dir=\"ltr\">\n<p class=\"bbc-hhl7in e17g058b0\" dir=\"ltr\">Esta reuni\u00f3n lleg\u00f3 a conocerse como la Conferencia de Yalta.<\/p>\n<\/div>\n<div class=\"bbc-19j92fr ebmt73l0\" dir=\"ltr\">\n<p class=\"bbc-hhl7in e17g058b0\" dir=\"ltr\">Junto con la Conferencia de Potsdam varios meses despu\u00e9s, Yalta cre\u00f3 la arquitectura pol\u00edtica que conducir\u00eda a la divisi\u00f3n de la Europa de la Guerra Fr\u00eda.<\/p>\n<\/div>\n<div class=\"bbc-19j92fr ebmt73l0\" dir=\"ltr\">\n<p class=\"bbc-hhl7in e17g058b0\" dir=\"ltr\">En Yalta, los &#8220;tres grandes&#8221; decidieron la divisi\u00f3n de Alemania, mientras que a Stalin tambi\u00e9n se le ofreci\u00f3 una esfera de inter\u00e9s en Europa del Este.<\/p>\n<\/div>\n<div class=\"bbc-19j92fr ebmt73l0\" dir=\"ltr\">\n<p class=\"bbc-hhl7in e17g058b0\" dir=\"ltr\">Esto adopt\u00f3 la forma de una serie de Estados amortiguadores controlados pol\u00edticamente en Europa del Este, un modelo que algunos creen que Putin pretende emular hoy.<\/p>\n<p dir=\"ltr\">\n<\/div>\n<figure class=\"bbc-1qn0xuy\">\n<div class=\"bbc-18ywsw9\"><img loading=\"lazy\" decoding=\"async\" class=\"bbc-139onq\" src=\"https:\/\/ichef.bbci.co.uk\/ace\/ws\/640\/cpsprodpb\/ffcf\/live\/4257e820-efae-11ef-bd1b-d536627785f2.jpg.webp\" sizes=\"auto, (min-width: 1008px) 760px, 100vw\" srcset=\"https:\/\/ichef.bbci.co.uk\/ace\/ws\/240\/cpsprodpb\/ffcf\/live\/4257e820-efae-11ef-bd1b-d536627785f2.jpg.webp 240w, https:\/\/ichef.bbci.co.uk\/ace\/ws\/320\/cpsprodpb\/ffcf\/live\/4257e820-efae-11ef-bd1b-d536627785f2.jpg.webp 320w, https:\/\/ichef.bbci.co.uk\/ace\/ws\/480\/cpsprodpb\/ffcf\/live\/4257e820-efae-11ef-bd1b-d536627785f2.jpg.webp 480w, https:\/\/ichef.bbci.co.uk\/ace\/ws\/624\/cpsprodpb\/ffcf\/live\/4257e820-efae-11ef-bd1b-d536627785f2.jpg.webp 624w, https:\/\/ichef.bbci.co.uk\/ace\/ws\/800\/cpsprodpb\/ffcf\/live\/4257e820-efae-11ef-bd1b-d536627785f2.jpg.webp 800w\" alt=\"Con la inminente derrota de la Alemania nazi, el primer ministro brit\u00e1nico Winston Churchill, el dictador sovi\u00e9tico Josef Stalin y el presidente estadounidense Franklin D. Roosevelt se reunieron en 1945 para decidir el destino de la Europa de posguerra.\" width=\"1024\" height=\"746\" \/><\/p>\n<p class=\"bbc-by8ykd\" role=\"text\"><span class=\"bbc-m04vo2\">Fuente de la imagen,<\/span><span lang=\"en-GB\">Getty Images.\u00a0\u00a0<\/span>Con la inminente derrota de la Alemania nazi, el primer ministro brit\u00e1nico Winston Churchill, el dictador sovi\u00e9tico Josef Stalin y el presidente estadounidense Franklin D. Roosevelt se reunieron en 1945 para decidir el destino de la Europa de posguerra.<\/p>\n<\/div>\n<\/figure>\n","protected":false},"excerpt":{"rendered":"<p>&nbsp; &nbsp; Ucrania no fue invitada a la reuni\u00f3n clave entre funcionarios estadounidenses y rusos en Arabia Saudita esta semana para decidir c\u00f3mo podr\u00eda ser&hellip;<\/p>\n","protected":false},"author":99,"featured_media":528873,"comment_status":"open","ping_status":"open","sticky":false,"template":"","format":"standard","meta":{"footnotes":""},"categories":[24],"tags":[],"class_list":["post-528871","post","type-post","status-publish","format-standard","has-post-thumbnail","hentry","category-mundo"],"_links":{"self":[{"href":"https:\/\/diarioelpopular.com\/index.php\/wp-json\/wp\/v2\/posts\/528871","targetHints":{"allow":["GET"]}}],"collection":[{"href":"https:\/\/diarioelpopular.com\/index.php\/wp-json\/wp\/v2\/posts"}],"about":[{"href":"https:\/\/diarioelpopular.com\/index.php\/wp-json\/wp\/v2\/types\/post"}],"author":[{"embeddable":true,"href":"https:\/\/diarioelpopular.com\/index.php\/wp-json\/wp\/v2\/users\/99"}],"replies":[{"embeddable":true,"href":"https:\/\/diarioelpopular.com\/index.php\/wp-json\/wp\/v2\/comments?post=528871"}],"version-history":[{"count":1,"href":"https:\/\/diarioelpopular.com\/index.php\/wp-json\/wp\/v2\/posts\/528871\/revisions"}],"predecessor-version":[{"id":528874,"href":"https:\/\/diarioelpopular.com\/index.php\/wp-json\/wp\/v2\/posts\/528871\/revisions\/528874"}],"wp:featuredmedia":[{"embeddable":true,"href":"https:\/\/diarioelpopular.com\/index.php\/wp-json\/wp\/v2\/media\/528873"}],"wp:attachment":[{"href":"https:\/\/diarioelpopular.com\/index.php\/wp-json\/wp\/v2\/media?parent=528871"}],"wp:term":[{"taxonomy":"category","embeddable":true,"href":"https:\/\/diarioelpopular.com\/index.php\/wp-json\/wp\/v2\/categories?post=528871"},{"taxonomy":"post_tag","embeddable":true,"href":"https:\/\/diarioelpopular.com\/index.php\/wp-json\/wp\/v2\/tags?post=528871"}],"curies":[{"name":"wp","href":"https:\/\/api.w.org\/{rel}","templated":true}]}}