{"id":528876,"date":"2025-02-23T13:45:50","date_gmt":"2025-02-23T17:45:50","guid":{"rendered":"https:\/\/diarioelpopular.com\/?p=528876"},"modified":"2025-02-23T13:45:50","modified_gmt":"2025-02-23T17:45:50","slug":"jocelynn-se-suicido-tras-ser-acosada-en-el-colegio-por-el-estatus-migratorio-de-su-familia-por-que-me-quede-sin-mi-princesa","status":"publish","type":"post","link":"https:\/\/diarioelpopular.com\/index.php\/2025\/02\/23\/jocelynn-se-suicido-tras-ser-acosada-en-el-colegio-por-el-estatus-migratorio-de-su-familia-por-que-me-quede-sin-mi-princesa\/","title":{"rendered":"Jocelynn se suicid\u00f3 tras ser acosada en el colegio por el estatus migratorio de su familia: \u201c\u00bfPor qu\u00e9 me qued\u00e9 sin mi princesa?\u201d"},"content":{"rendered":"<div id=\"attachment_528877\" style=\"width: 1210px\" class=\"wp-caption alignnone\"><img loading=\"lazy\" decoding=\"async\" aria-describedby=\"caption-attachment-528877\" class=\"wp-image-528877 size-custom-big-size\" src=\"https:\/\/diarioelpopular.com\/wp-content\/uploads\/2025\/02\/Screen-Shot-2025-02-23-at-12.45.09-PM-1200x836.png\" alt=\"\" width=\"1200\" height=\"836\" srcset=\"https:\/\/diarioelpopular.com\/wp-content\/uploads\/2025\/02\/Screen-Shot-2025-02-23-at-12.45.09-PM-1200x836.png 1200w, https:\/\/diarioelpopular.com\/wp-content\/uploads\/2025\/02\/Screen-Shot-2025-02-23-at-12.45.09-PM-300x209.png 300w, https:\/\/diarioelpopular.com\/wp-content\/uploads\/2025\/02\/Screen-Shot-2025-02-23-at-12.45.09-PM-768x535.png 768w, https:\/\/diarioelpopular.com\/wp-content\/uploads\/2025\/02\/Screen-Shot-2025-02-23-at-12.45.09-PM-636x443.png 636w, https:\/\/diarioelpopular.com\/wp-content\/uploads\/2025\/02\/Screen-Shot-2025-02-23-at-12.45.09-PM-80x55.png 80w, https:\/\/diarioelpopular.com\/wp-content\/uploads\/2025\/02\/Screen-Shot-2025-02-23-at-12.45.09-PM-105x73.png 105w, https:\/\/diarioelpopular.com\/wp-content\/uploads\/2025\/02\/Screen-Shot-2025-02-23-at-12.45.09-PM.png 1024w\" sizes=\"auto, (max-width: 1200px) 100vw, 1200px\" \/><p id=\"caption-attachment-528877\" class=\"wp-caption-text\">Una manifestaci\u00f3n contra el Gobierno de Trump en Austin, Texas, el 17 de febrero de 2025. Nuri Vallbona (REUTERS)<\/p><\/div>\n<p>&nbsp;<\/p>\n<p>&nbsp;<\/p>\n<h4 class=\"a_st\"><em>&#8211; Los padres de la menor supieron despu\u00e9s de su muerte que sus compa\u00f1eros de clase la amenazaron m\u00e1s de una vez con llamar a las autoridades para que deportaran a sus familiares<\/em><\/h4>\n<p>&nbsp;<\/p>\n<p class=\"\">A las diez y media de la ma\u00f1ana del pasado mi\u00e9rcoles, la Iglesia cat\u00f3lica de Santa Mar\u00eda, en Gainesville, Texas, acogi\u00f3 en un funeral a decenas de familiares y amigos que vest\u00edan sudaderas con capuchas blancas y en el centro, a modo de estampa, el rostro enmarcado de una ni\u00f1a feliz. Seguidamente se trasladaron al cementerio de Fairview, cargando un peque\u00f1o ata\u00fad con flores encima. Luego miraron todos al cielo gris y fr\u00edo de Texas y lanzaron un pu\u00f1ado de globos con mensajes y dedicatorias. As\u00ed desped\u00edan a Jocelynn Rojo Carranza, una ni\u00f1a de 11 a\u00f1os que se suicid\u00f3 a principios de este mes. Sus padres supieron despu\u00e9s de su muerte que la menor hab\u00eda sido acosada en su escuela\u00a0<a href=\"https:\/\/elpais.com\/us\/migracion\/2025-02-09\/el-racismo-en-la-era-trump-no-hables-ese-espanol-de-mierda-en-mi-pais.html\" data-link-track-dtm=\"\" data-mrf-link=\"https:\/\/elpais.com\/us\/migracion\/2025-02-09\/el-racismo-en-la-era-trump-no-hables-ese-espanol-de-mierda-en-mi-pais.html\">por el estatus migratorio<\/a>\u00a0de su familia.<\/p>\n<p class=\"\">Han pasado casi dos semanas desde que los m\u00e9dicos certificaran la muerte de Jocelynn en la sala de cuidados intensivos del Medical City de Dallas, el pasado 8 de febrero. Cinco d\u00edas antes, su familia la encontr\u00f3 en un estado inconsciente en el patio trasero de la casa. Su padre, el mexicano Antonio Rojas, a\u00fan hoy no se explica c\u00f3mo pudo ser posible, menos trat\u00e1ndose de alguien como su hija, que \u201cfue puro amor y dulzura\u201d, amante de los instrumentos de viento \u2014tocaba la trompa francesa\u2014 y el baile. Es por eso que Rojas busca respuestas a sus m\u00faltiples preguntas.<\/p>\n<p class=\"\">\u201cQueremos [saber] m\u00e1s cosas que no est\u00e1n aclaradas con el investigador, para poder entender un poco m\u00e1s por qu\u00e9 fue que me qued\u00e9 sin mi princesa Jocelynn\u201d, manifest\u00f3 el padre. \u201cElla nunca en su cabecita hubiera tenido esa idea\u201d. Rojas asegur\u00f3 estar \u201cdestrozado\u201d, y que su \u201cenorme dolor\u201d solo puede entenderlo quien haya perdido a un hijo. Por tanto, quiso enviar un mensaje de alerta a todos los padres: \u201cCuiden a sus hijos de\u00a0<a href=\"https:\/\/elpais.com\/us\/migracion\/2025-02-21\/trump-da-marcha-atras-en-la-prohibicion-que-dejaba-a-los-migrantes-menores-no-acompanados-sin-representacion-legal.html\" data-link-track-dtm=\"\" data-mrf-link=\"https:\/\/elpais.com\/us\/migracion\/2025-02-21\/trump-da-marcha-atras-en-la-prohibicion-que-dejaba-a-los-migrantes-menores-no-acompanados-sin-representacion-legal.html\">cualquier mal o situaci\u00f3n en la que se encuentren<\/a>\u00a0y los ponga en peligro\u201d, advirti\u00f3.<\/p>\n<p class=\"\">La muerte de Jocelynn ha acaparado titulares y estremecido al pa\u00eds luego de que se supiera que la ni\u00f1a, la mayor de cuatro hermanos, estaba enfrentando una situaci\u00f3n de\u00a0<i>bullying<\/i>\u00a0en la Escuela Intermedia de Gainesville, donde cursaba el sexto grado. Fue la propia madre, Marbella Carranza, quien dijo a la prensa que solo despu\u00e9s de la muerte supo a trav\u00e9s del investigador que su hija estaba siendo acosada por compa\u00f1eros de clase, quienes la amenazaron m\u00e1s de una vez con llamar a los agentes del Servicio de Control de Inmigraci\u00f3n y Aduanas (ICE)\u00a0<a href=\"https:\/\/elpais.com\/us\/migracion\/2025-02-21\/el-gobierno-de-trump-no-supera-el-promedio-de-deportaciones-de-biden-en-su-primer-mes-de-su-presidencia.html\" data-link-track-dtm=\"\" data-mrf-link=\"https:\/\/elpais.com\/us\/migracion\/2025-02-21\/el-gobierno-de-trump-no-supera-el-promedio-de-deportaciones-de-biden-en-su-primer-mes-de-su-presidencia.html\">para que deportara a su familia<\/a>.<\/p>\n<p class=\"\">Aunque las autoridades de la escuela insisten en que no estaban al tanto de las intimidaciones, los responsables de la investigaci\u00f3n sostienen que Jocelynn hab\u00eda informado a sus maestros y que incluso recibi\u00f3 asesoramiento en el centro, algo de lo que nunca avisaron a su familia. Carranza cont\u00f3 en declaraciones a Telemundo que Jocelynn le pregunt\u00f3 en una ocasi\u00f3n si pensaba enviarla a la escuela, a pesar del clima de incertidumbre que se hab\u00eda instalado en la comunidad sobre la posible irrupci\u00f3n de los agentes federales a las aulas.<\/p>\n<p>&nbsp;<\/p>\n<figure class=\"a_m a_m-h \">\n<p><div style=\"width: 424px\" class=\"wp-caption alignnone\"><img loading=\"lazy\" decoding=\"async\" class=\"_re lazyload a_m-h\" src=\"https:\/\/imagenes.elpais.com\/resizer\/v2\/TK2CZD6FE5CWXPTJULHITPDM74.jpeg?auth=0a821bee591649d79a336a7557e881066832b86d5d201a8357f3a548ad90a0fe&amp;width=414\" sizes=\"auto, (min-width:1199px) 1155px,(min-width:1001px) calc(100vw - 44px),(min-width:768px) 767px, 100vw\" srcset=\"https:\/\/imagenes.elpais.com\/resizer\/v2\/TK2CZD6FE5CWXPTJULHITPDM74.jpeg?auth=0a821bee591649d79a336a7557e881066832b86d5d201a8357f3a548ad90a0fe&amp;width=414 414w,https:\/\/imagenes.elpais.com\/resizer\/v2\/TK2CZD6FE5CWXPTJULHITPDM74.jpeg?auth=0a821bee591649d79a336a7557e881066832b86d5d201a8357f3a548ad90a0fe&amp;width=828 640w,https:\/\/imagenes.elpais.com\/resizer\/v2\/TK2CZD6FE5CWXPTJULHITPDM74.jpeg?auth=0a821bee591649d79a336a7557e881066832b86d5d201a8357f3a548ad90a0fe&amp;width=980 1000w,https:\/\/imagenes.elpais.com\/resizer\/v2\/TK2CZD6FE5CWXPTJULHITPDM74.jpeg?auth=0a821bee591649d79a336a7557e881066832b86d5d201a8357f3a548ad90a0fe&amp;width=1960 1960w\" alt=\"Jocelynn en una imagen compartida en redes sociales.\" width=\"414\" height=\"234\" \/><p class=\"wp-caption-text\">Jocelynn en una imagen compartida en redes sociales.<\/p><\/div><figcaption class=\"a_m_p\"><\/figcaption><\/figure>\n<p>&nbsp;<\/p>\n<p class=\"\">Se trata de\u00a0<a href=\"https:\/\/elpais.com\/us\/migracion\/2025-02-01\/miles-de-ninos-temen-ir-a-la-escuela-por-las-deportaciones-si-un-dia-no-llego-al-bus-a-recogerte-no-llores.html\" data-link-track-dtm=\"\" data-mrf-link=\"https:\/\/elpais.com\/us\/migracion\/2025-02-01\/miles-de-ninos-temen-ir-a-la-escuela-por-las-deportaciones-si-un-dia-no-llego-al-bus-a-recogerte-no-llores.html\">un miedo extendido entre padres e hijos inmigrantes<\/a>, acentuado en el \u00faltimo mes luego de que se conociera que el Gobierno de Donald Trump permitir\u00eda a los agentes de ICE y del Servicio de Aduanas y Protecci\u00f3n de Fronteras (CBP) ingresar y aplicar las leyes de migraci\u00f3n en las llamadas \u201czonas sensibles\u201d, es decir, en lugares\u00a0<a href=\"https:\/\/elpais.com\/us\/migracion\/2025-01-22\/donald-trump-autoriza-las-redadas-migratorias-en-iglesias-escuelas-y-hospitales.html\" data-link-track-dtm=\"\" data-mrf-link=\"https:\/\/elpais.com\/us\/migracion\/2025-01-22\/donald-trump-autoriza-las-redadas-migratorias-en-iglesias-escuelas-y-hospitales.html\">como las iglesias, hospitales o escuelas<\/a>, que hasta el momento funcionaban como espacios \u201csantuario\u201d. M\u00e1s de una familia ha reportado el temor de los menores no solo por la idea de ser atrapados en las aulas, sino ante el terror de regresar a casa y enterarse de que los padres fueron detenidos o deportados.<\/p>\n<h3 class=\"\">Un no al \u2018bullying\u2019, el racismo o la discriminaci\u00f3n<\/h3>\n<p class=\"\">El pasado 29 de enero, d\u00edas antes de que Jocelynn se suicidara, los padres recibieron un correo del distrito escolar de Gainesville en el que se refer\u00edan a\u00a0<a href=\"https:\/\/elpais.com\/us\/migracion\/2024-12-02\/universidades-y-escuelas-se-preparan-para-proteger-a-sus-alumnos-indocumentados-de-donald-trump.html\" data-link-track-dtm=\"\" data-mrf-link=\"https:\/\/elpais.com\/us\/migracion\/2024-12-02\/universidades-y-escuelas-se-preparan-para-proteger-a-sus-alumnos-indocumentados-de-donald-trump.html\">las pol\u00edticas de la Administraci\u00f3n republicana en las escuelas<\/a>. Las autoridades educativas aseguraban que entend\u00edan que estas pod\u00edan traer \u201csentimientos de ansiedad, preocupaci\u00f3n y miedo\u201d a muchas de las familias, los estudiantes y el personal. Tambi\u00e9n insistieron en que el distrito seguir\u00eda siendo \u201cun lugar donde cada ni\u00f1o y familia es valorado, respetado y cuidado\u201d y se mostraron dispuestos a ofrecer el apoyo necesario.<\/p>\n<p class=\"\">Aunque los responsables del centro aseguraron que no estaban al tanto de lo que suced\u00eda entre los alumnos, otros padres han declarado que conoc\u00edan las burlas y las amenazas que se produc\u00edan en la escuela. Jessi Noble, madre de una compa\u00f1era de Jocelynn, cont\u00f3 a la CNN que su hija de tambi\u00e9n 11 a\u00f1os hab\u00eda llegado a casa llorando semanas antes. \u201cLa gente hab\u00eda estado diciendo a sus amigos hispanos que iban a ser deportados, que el ICE ven\u00eda por ellos\u201d, dijo Noble. \u201cSe hablaba de: \u2018Voy a llamar al ICE sobre tu familia. Te van a deportar\u2019. Hab\u00eda mucho miedo, muchos insultos\u201d, sostuvo.<\/p>\n<p class=\"\">Carranza ha afirmado que los investigadores ya han cerrado el caso y que no les han comunicado \u201cnada concreto\u201d de la pesquisa, pero las autoridades policiales sostienen que a\u00fan no han acabado su trabajo. La escuela, por su parte, tambi\u00e9n lleva a cabo sus propias investigaciones internas.<\/p>\n<p class=\"\">No obstante, muchos activistas y organizaciones, como la Liga de Ciudadanos Latinoamericanos Unidos (<a href=\"https:\/\/lulac.org\/\" target=\"_blank\" rel=\"noopener\" data-link-track-dtm=\"\" data-mrf-link=\"https:\/\/lulac.org\/\">LULAC<\/a>), exigen al Distrito Escolar y a la polic\u00eda local que investiguen a fondo \u201clo que condujo a esta tragedia, incluidas las acusaciones de acoso escolar, y que responsabilicen a los adultos que no actuaron\u201d. \u201cLos funcionarios escolares ten\u00edan el deber de proteger a Jocelynn, y si no hicieron nada deber\u00edan enfrentarse a cargos penales\u201d, sostuvo en un comunicado Roman Palomares, presidente nacional de LULAC.<\/p>\n<p>&nbsp;<\/p>\n<figure class=\"a_m a_m-h \">\n<p><div style=\"width: 424px\" class=\"wp-caption alignnone\"><img loading=\"lazy\" decoding=\"async\" class=\"_re lazyload a_m-h\" src=\"https:\/\/imagenes.elpais.com\/resizer\/v2\/WBL4TGT6SFGUHEBD6MWVQNAZWI?auth=3b7919e1d98d920908306725f81ee3544c1f6eb7230474b0625944223ae2a5b2&amp;width=414\" sizes=\"auto, (min-width:1199px) 1155px,(min-width:1001px) calc(100vw - 44px),(min-width:768px) 767px, 100vw\" srcset=\"https:\/\/imagenes.elpais.com\/resizer\/v2\/WBL4TGT6SFGUHEBD6MWVQNAZWI?auth=3b7919e1d98d920908306725f81ee3544c1f6eb7230474b0625944223ae2a5b2&amp;width=414 414w,https:\/\/imagenes.elpais.com\/resizer\/v2\/WBL4TGT6SFGUHEBD6MWVQNAZWI?auth=3b7919e1d98d920908306725f81ee3544c1f6eb7230474b0625944223ae2a5b2&amp;width=828 640w,https:\/\/imagenes.elpais.com\/resizer\/v2\/WBL4TGT6SFGUHEBD6MWVQNAZWI?auth=3b7919e1d98d920908306725f81ee3544c1f6eb7230474b0625944223ae2a5b2&amp;width=980 1000w,https:\/\/imagenes.elpais.com\/resizer\/v2\/WBL4TGT6SFGUHEBD6MWVQNAZWI?auth=3b7919e1d98d920908306725f81ee3544c1f6eb7230474b0625944223ae2a5b2&amp;width=1960 1960w\" alt=\"Ni\u00f1os migrantes juegan cerca del muro mientras esperan a ser transportados por la Patrulla Fronteriza, en Jacumba Hot Springs, California (EE UU) este 4 de junio.\" width=\"414\" height=\"233\" \/><p class=\"wp-caption-text\">Ni\u00f1os migrantes despu\u00e9s de cruzar la frontera de M\u00e9xico a Estados Unidos, en California, el 4 de junio de 2024.\u00a0 \u00a0 \u00a0 \u00a0 \u00a0 \u00a0 \u00a0 \u00a0 \u00a0 \u00a0 \u00a0 \u00a0 \u00a0 \u00a0 \u00a0 \u00a0 \u00a0 \u00a0 \u00a0Go Nakamura (REUTERS)<\/p><\/div><figcaption class=\"a_m_p\"><\/figcaption><\/figure>\n<p>&nbsp;<\/p>\n<p class=\"\">La muerte de Jocelyn ha avivado la angustia que ya siente la comunidad hispana, constantemente asediada y atrapada en la narrativa del Gobierno trumpista y su insistencia en deportar a millones de indocumentados. Por las consecuencias que desde ya est\u00e1 cosechando esta pol\u00edtica, la familia exige justicia por el caso. Antonio, el padre de Jocelynn, ha hecho un llamado de rechazo al\u00a0<i>bullying<\/i>, el racismo o la discriminaci\u00f3n. Su abuela Ang\u00e9lica Carranza tambi\u00e9n subray\u00f3 en declaraciones a Telemundo que el incidente \u201cno se puede quedar as\u00ed\u201d y tampoco quiere \u201cque a otros ni\u00f1os les afecte\u201d.<\/p>\n","protected":false},"excerpt":{"rendered":"<p>&nbsp; &nbsp; &#8211; Los padres de la menor supieron despu\u00e9s de su muerte que sus compa\u00f1eros de clase la amenazaron m\u00e1s de una vez con&hellip;<\/p>\n","protected":false},"author":99,"featured_media":528877,"comment_status":"open","ping_status":"open","sticky":false,"template":"","format":"standard","meta":{"footnotes":""},"categories":[24],"tags":[],"class_list":["post-528876","post","type-post","status-publish","format-standard","has-post-thumbnail","hentry","category-mundo"],"_links":{"self":[{"href":"https:\/\/diarioelpopular.com\/index.php\/wp-json\/wp\/v2\/posts\/528876","targetHints":{"allow":["GET"]}}],"collection":[{"href":"https:\/\/diarioelpopular.com\/index.php\/wp-json\/wp\/v2\/posts"}],"about":[{"href":"https:\/\/diarioelpopular.com\/index.php\/wp-json\/wp\/v2\/types\/post"}],"author":[{"embeddable":true,"href":"https:\/\/diarioelpopular.com\/index.php\/wp-json\/wp\/v2\/users\/99"}],"replies":[{"embeddable":true,"href":"https:\/\/diarioelpopular.com\/index.php\/wp-json\/wp\/v2\/comments?post=528876"}],"version-history":[{"count":1,"href":"https:\/\/diarioelpopular.com\/index.php\/wp-json\/wp\/v2\/posts\/528876\/revisions"}],"predecessor-version":[{"id":528878,"href":"https:\/\/diarioelpopular.com\/index.php\/wp-json\/wp\/v2\/posts\/528876\/revisions\/528878"}],"wp:featuredmedia":[{"embeddable":true,"href":"https:\/\/diarioelpopular.com\/index.php\/wp-json\/wp\/v2\/media\/528877"}],"wp:attachment":[{"href":"https:\/\/diarioelpopular.com\/index.php\/wp-json\/wp\/v2\/media?parent=528876"}],"wp:term":[{"taxonomy":"category","embeddable":true,"href":"https:\/\/diarioelpopular.com\/index.php\/wp-json\/wp\/v2\/categories?post=528876"},{"taxonomy":"post_tag","embeddable":true,"href":"https:\/\/diarioelpopular.com\/index.php\/wp-json\/wp\/v2\/tags?post=528876"}],"curies":[{"name":"wp","href":"https:\/\/api.w.org\/{rel}","templated":true}]}}