{"id":528880,"date":"2025-02-23T13:49:42","date_gmt":"2025-02-23T17:49:42","guid":{"rendered":"https:\/\/diarioelpopular.com\/?p=528880"},"modified":"2025-02-23T13:49:42","modified_gmt":"2025-02-23T17:49:42","slug":"las-abejas-que-domesticaron-los-mayas-claves-para-fortalecer-los-ecosistemas-de-guatemala","status":"publish","type":"post","link":"https:\/\/diarioelpopular.com\/index.php\/2025\/02\/23\/las-abejas-que-domesticaron-los-mayas-claves-para-fortalecer-los-ecosistemas-de-guatemala\/","title":{"rendered":"Las abejas que domesticaron los mayas, claves para fortalecer los ecosistemas de Guatemala"},"content":{"rendered":"<div id=\"attachment_528881\" style=\"width: 1210px\" class=\"wp-caption alignnone\"><img loading=\"lazy\" decoding=\"async\" aria-describedby=\"caption-attachment-528881\" class=\"wp-image-528881 size-custom-big-size\" src=\"https:\/\/diarioelpopular.com\/wp-content\/uploads\/2025\/02\/Screen-Shot-2025-02-23-at-12.48.54-PM-1200x852.png\" alt=\"\" width=\"1200\" height=\"852\" srcset=\"https:\/\/diarioelpopular.com\/wp-content\/uploads\/2025\/02\/Screen-Shot-2025-02-23-at-12.48.54-PM-1200x852.png 1200w, https:\/\/diarioelpopular.com\/wp-content\/uploads\/2025\/02\/Screen-Shot-2025-02-23-at-12.48.54-PM-300x213.png 300w, https:\/\/diarioelpopular.com\/wp-content\/uploads\/2025\/02\/Screen-Shot-2025-02-23-at-12.48.54-PM-768x545.png 768w, https:\/\/diarioelpopular.com\/wp-content\/uploads\/2025\/02\/Screen-Shot-2025-02-23-at-12.48.54-PM-636x451.png 636w, https:\/\/diarioelpopular.com\/wp-content\/uploads\/2025\/02\/Screen-Shot-2025-02-23-at-12.48.54-PM-103x73.png 103w, https:\/\/diarioelpopular.com\/wp-content\/uploads\/2025\/02\/Screen-Shot-2025-02-23-at-12.48.54-PM.png 1024w\" sizes=\"auto, (max-width: 1200px) 100vw, 1200px\" \/><p id=\"caption-attachment-528881\" class=\"wp-caption-text\">Meliponicultores han identificado 14 de las 33 especies de estas abejas que existen en Guatemala. Mielinaria<\/p><\/div>\n<p>&nbsp;<\/p>\n<p>&nbsp;<\/p>\n<h4 class=\"a_st\">&#8211; Apicultores, conservacionistas e investigadores se han unido para visibilizar el aporte de las abejas nativas sin aguij\u00f3n a los ecosistemas, la cultura y la econom\u00eda<\/h4>\n<p>&nbsp;<\/p>\n<p class=\"\">Cuando en noviembre de 2020, los devastadores huracanes\u00a0<a href=\"https:\/\/elpais.com\/planeta-futuro\/2021-11-05\/un-ano-despues-de-los-ciclones-eta-y-iota-se-olvidaron-de-nosotros.html\" target=\"_self\" data-link-track-dtm=\"\" data-mrf-link=\"https:\/\/elpais.com\/planeta-futuro\/2021-11-05\/un-ano-despues-de-los-ciclones-eta-y-iota-se-olvidaron-de-nosotros.html\">Eta e Iota<\/a>\u00a0golpearon el departamento guatemalteco de Alta Verapaz, los vecinos de Campur, una aldea que pas\u00f3 meses inundada tras las tormentas, pusieron como prioridad salvar las colmenas de\u00a0<a href=\"https:\/\/elpais.com\/america-futura\/2024-12-15\/ysabel-calderon-la-peruana-que-se-alio-con-las-abejas-para-reforestar-el-bosque.html\" target=\"_self\" data-link-track-dtm=\"\" data-mrf-link=\"https:\/\/elpais.com\/america-futura\/2024-12-15\/ysabel-calderon-la-peruana-que-se-alio-con-las-abejas-para-reforestar-el-bosque.html\">abejas nativas sin aguij\u00f3n<\/a>, las meliponinas. Las familias se refugiaron en las monta\u00f1as y la miel de estos insectos fue parte de su sustento econ\u00f3mico mientras sus casas y pertenencias estaban bajo el agua.<\/p>\n<p class=\"\">Los meliponicultores del pueblo, quienes se dedican a la crianza de estas abejas, suelen contar esta an\u00e9cdota para ejemplificar lo importantes que son estos insectos para la cosmovisi\u00f3n maya, donde se las ve como un elemento de la naturaleza que deben proteger. Y as\u00ed lo hacen desde tiempos ancestrales, como reflejan las \u00faltimas 10 p\u00e1ginas del\u00a0<a href=\"https:\/\/elpais.com\/internacional\/2018\/10\/04\/la_serpiente_emplumada\/1538604480_034404.html\" target=\"_self\" data-link-track-dtm=\"\" data-mrf-link=\"https:\/\/elpais.com\/internacional\/2018\/10\/04\/la_serpiente_emplumada\/1538604480_034404.html\">C\u00f3dice Maya<\/a>, que contiene la gu\u00eda de domesticaci\u00f3n de las meliponas. Se trata de un manual que es aplicado hasta hoy en los cultivos, que ense\u00f1a a hacer\u00a0<i>corcho<\/i>: un tronco, tapado en ambos extremos, con un peque\u00f1o y \u00fanico agujero por el cual entran y salen las abejas.<\/p>\n<p class=\"\">Sobre estas ideas y pr\u00e1cticas se fund\u00f3 en 2019 la iniciativa Mielenaria, una organizaci\u00f3n que naci\u00f3 para comercializar la miel que producen las abejas meliponas a un precio m\u00e1s justo. Casi seis a\u00f1os despu\u00e9s de su fundaci\u00f3n, la iniciativa ha crecido y se ha transformado en el lugar donde convergen los esfuerzos de alrededor 60 meliponicultores, como los de Campur, adem\u00e1s de conservacionistas e investigadores de la Universidad de San Carlos de Guatemala. Juntos buscan visibilizar el aporte de las abejas nativas sin aguij\u00f3n a los ecosistemas, la cultura y la econom\u00eda familiar de Guatemala.<\/p>\n<h3 class=\"\">Un santuario de abejas nativas sin aguij\u00f3n<\/h3>\n<p class=\"\">Klaus Lambour, fundador de Mielinaria, cuenta que los meliponicultores vend\u00edan el litro de miel a 200 quetzales, unos 28,5 d\u00f3lares, hasta que su organizaci\u00f3n empez\u00f3 a pagarles 450 quetzales por litro (unos 60 d\u00f3lares), m\u00e1s del doble. \u00c9l, por su parte, aprendi\u00f3 de los cultivadores de abejas nativas sin aguij\u00f3n y decidi\u00f3 transformar la finca de su familia en un santuario para la conservaci\u00f3n de la especie.<\/p>\n<p class=\"\">Actualmente, en ese espacio han identificado 14 de las 33 especies de estas abejas que existen en Guatemala. El santuario se ubica en Santa Rosa, en el sur del pa\u00eds, una zona de bosque seco espinoso, en medio de monta\u00f1as. Ah\u00ed vive Paulino Ch\u00e1vez, de 55 a\u00f1os, el guardi\u00e1n del santuario, un hombre que desde peque\u00f1o vio a su padre cuidar a las abejas nativas. Ahora \u00e9l no solo las cuida, sino que tambi\u00e9n las cultiva para el sustento de su familia.<\/p>\n<p>&nbsp;<\/p>\n<figure class=\"a_m a_m-h \">\n<p><div style=\"width: 424px\" class=\"wp-caption alignnone\"><img loading=\"lazy\" decoding=\"async\" class=\"_re lazyload a_m-h\" src=\"https:\/\/imagenes.elpais.com\/resizer\/v2\/B2RWEXGOENBMVBMRMTN36O4HJU.jpg?auth=4e1804aad6e6464989f4c2f7380596c129769001d604be51fb4eb029c02c7351&amp;width=414\" sizes=\"auto, (min-width:1199px) 1155px,(min-width:1001px) calc(100vw - 44px),(min-width:768px) 767px, 100vw\" srcset=\"https:\/\/imagenes.elpais.com\/resizer\/v2\/B2RWEXGOENBMVBMRMTN36O4HJU.jpg?auth=4e1804aad6e6464989f4c2f7380596c129769001d604be51fb4eb029c02c7351&amp;width=414 414w,https:\/\/imagenes.elpais.com\/resizer\/v2\/B2RWEXGOENBMVBMRMTN36O4HJU.jpg?auth=4e1804aad6e6464989f4c2f7380596c129769001d604be51fb4eb029c02c7351&amp;width=828 640w,https:\/\/imagenes.elpais.com\/resizer\/v2\/B2RWEXGOENBMVBMRMTN36O4HJU.jpg?auth=4e1804aad6e6464989f4c2f7380596c129769001d604be51fb4eb029c02c7351&amp;width=980 1000w,https:\/\/imagenes.elpais.com\/resizer\/v2\/B2RWEXGOENBMVBMRMTN36O4HJU.jpg?auth=4e1804aad6e6464989f4c2f7380596c129769001d604be51fb4eb029c02c7351&amp;width=1960 1960w\" alt=\"Miembros de la familia Morales extraen miel 'melipona beecheii', en Guatemala.\" width=\"414\" height=\"251\" \/><p class=\"wp-caption-text\">Miembros de la familia Morales extraen miel &#8216;melipona beecheii&#8217;, en Guatemala.Mielinaria<\/p><\/div><figcaption class=\"a_m_p\"><\/figcaption><\/figure>\n<p>&nbsp;<\/p>\n<p class=\"\">Paulino es uno de los beneficiarios del incremento del costo del litro de miel de las meliponas. Dice que ha sido bueno para \u00e9l y el resto de apicultores, que ahora tienen m\u00e1s incentivos para cuidar a las abejas. \u201cAntes la gente solo las ten\u00eda de adorno en su casa porque no pican y se ven muy bonitas en el corcho en medio de las plantas. Pero ahora que los precios han aumentado, hay m\u00e1s gente que quiere tenerlas y cuidarlas. As\u00ed como tienen valor para la polinizaci\u00f3n de las plantas, tambi\u00e9n tienen valor para nuestra vida\u201d, explica Paulino desde su casa, a unos metros del santuario.<\/p>\n<p class=\"\">Paulino es uno de los meliponicultores que se han organizado en cooperativas para el aprovechamiento sustentable de la abeja nativa sin aguij\u00f3n. Seg\u00fan explica, este se hace con un enfoque de cuidado y no de explotaci\u00f3n, por lo que si la abeja es peque\u00f1a y produce muy poca miel, esta se deja en el corcho y solo se usa con fines medicinales para la familia. La miel de las meliponas sirve para desinflamar heridas, porque acelera su cicatrizaci\u00f3n, se\u00f1ala el cuidador.<\/p>\n<p class=\"\">Este santuario tambi\u00e9n sirve para impartir talleres a los meliponicultores. A pesar de que Paulino creci\u00f3 rodeado de abejas nativas sin aguij\u00f3n, dice que ha aprendido mucho con la iniciativa Mielenaria porque ha desarrollado nuevas t\u00e9cnicas para el cuidado y cultivo de las meliponas. \u201cHa sido un aprendizaje en dos v\u00edas, ya que ellos tambi\u00e9n han conocido m\u00e1s de las abejitas con nosotros\u201d, reconoce.<\/p>\n<h3 class=\"\">Una conservaci\u00f3n integral<\/h3>\n<p class=\"\">De las 14 especies de abejas nativas sin aguij\u00f3n que se han identificado en el santuario, dos de ellas se encuentran en peligro de extinci\u00f3n. Para evitar que desaparezcan, los meliponicultores hicieron una alianza con el Centro de Estudios Conservacionistas (Cecon) de la Universidad de San Carlos con el objetivo de generar mejor ambiente para su reproducci\u00f3n.<\/p>\n<p class=\"\">\u201cNuestra propuesta es que se le d\u00e9 la importancia a la especie completa y en Guatemala la abeja nativa sin aguij\u00f3n es la que poliniza la mayor\u00eda de las plantas y flores que nacen y crecen en nuestro ecosistema\u201d, sostiene Klaus Lambour. \u201cCon la conservaci\u00f3n de la abeja melipona, aportamos m\u00e1s biodiversidad de abejas y, si esto sucede, habr\u00e1 m\u00e1s y mejor polinizaci\u00f3n para nuestros ecosistemas y esto es clave para nuestro medio ambiente ante el cambio clim\u00e1tico\u201d, a\u00f1ade.<\/p>\n<p class=\"\">Natalia Escobedo Kenefic, investigadora del Centro de Estudios Conservacionistas (Cecon), trabaja en el laboratorio de estudios de las abejas nativas fundado hace 20 a\u00f1os por la doctora Eunice Enr\u00edquez y visita a menudo el santuario. Seg\u00fan explica, las meliponas solo se encuentran en pa\u00edses tropicales como Guatemala y son sociales, es decir, que viven en colmenas con reina y obreras.<\/p>\n<p>&nbsp;<\/p>\n<figure class=\"a_m a_m-h \">\n<p><div style=\"width: 424px\" class=\"wp-caption alignnone\"><img loading=\"lazy\" decoding=\"async\" class=\"_re lazyload a_m-h\" src=\"https:\/\/imagenes.elpais.com\/resizer\/v2\/4OLFYFRFIJC2JON2I65B27K5E4.jpg?auth=a2fdb64f02d1086f006669f1d8a7ae3712fb68b763c0b494c8d659d3d38770ea&amp;width=414\" sizes=\"auto, (min-width:1199px) 1155px,(min-width:1001px) calc(100vw - 44px),(min-width:768px) 767px, 100vw\" srcset=\"https:\/\/imagenes.elpais.com\/resizer\/v2\/4OLFYFRFIJC2JON2I65B27K5E4.jpg?auth=a2fdb64f02d1086f006669f1d8a7ae3712fb68b763c0b494c8d659d3d38770ea&amp;width=414 414w,https:\/\/imagenes.elpais.com\/resizer\/v2\/4OLFYFRFIJC2JON2I65B27K5E4.jpg?auth=a2fdb64f02d1086f006669f1d8a7ae3712fb68b763c0b494c8d659d3d38770ea&amp;width=828 640w,https:\/\/imagenes.elpais.com\/resizer\/v2\/4OLFYFRFIJC2JON2I65B27K5E4.jpg?auth=a2fdb64f02d1086f006669f1d8a7ae3712fb68b763c0b494c8d659d3d38770ea&amp;width=980 1000w,https:\/\/imagenes.elpais.com\/resizer\/v2\/4OLFYFRFIJC2JON2I65B27K5E4.jpg?auth=a2fdb64f02d1086f006669f1d8a7ae3712fb68b763c0b494c8d659d3d38770ea&amp;width=1960 1960w\" alt=\"Abejas de la especie 'oxytrigona mediorufa', en Guatemala.\" width=\"414\" height=\"233\" \/><p class=\"wp-caption-text\">Abejas de la especie &#8216;oxytrigona mediorufa&#8217;, en Guatemala.Mielinaria<\/p><\/div><figcaption class=\"a_m_p\"><\/figcaption><\/figure>\n<p>&nbsp;<\/p>\n<p class=\"\">Estas abejas son numerosas y visitan una gran cantidad y diversidad de plantas silvestres y cultivadas. Esta es la raz\u00f3n por la que, seg\u00fan Kenefic, son claves como polinizadoras. \u201cCuando nos preguntan qu\u00e9 plantas sembrar para las meliponas, siempre enfatizamos que, como son abejas nativas, que evolucionan con las plantas nativas, entonces es vital mantener los espacios naturales\u201d, describe la investigadora.<\/p>\n<p class=\"\">Para Mielenaria, es tan importante conservar la abeja nativa sin aguij\u00f3n como visibilizar la cultura ancestral de Guatemala. Por eso, cada mes donan miel a la Asociaci\u00f3n de Sacerdotes Mayas, para que las utilicen en sus ceremonias.<\/p>\n<p class=\"\">Estas abejas que fueron domesticadas por los mayas suelen estar presentes en los rituales ancestrales y tienen su propio nahual \u2014<i>Ajmaq\u2019<\/i>, una abeja una guardiana\u2014, que en la cosmovisi\u00f3n maya representa el d\u00eda para agradecer por el bienestar de las personas, la naturaleza y la comunidad, explica Klause.<\/p>\n<p class=\"\">El fundador de Mielenaria reconoce que a\u00fan queda mucho trabajo por hacer. En el pa\u00eds donde se domestic\u00f3 a las abejas, hoy no se reconoce como \u201cmiel\u201d la extra\u00edda de las colmenas de meliponas. Por eso, tienen una batalla abierta en las oficinas de Gobierno, lejos de los bosques secos que albergan las colmenas, donde han puesto en marcha la redacci\u00f3n de una normativa que caracterice como miel la extra\u00edda de las especies m\u00e1s productivas de las meliponas, y as\u00ed llevar este producto a otras partes del mundo.<\/p>\n","protected":false},"excerpt":{"rendered":"<p>&nbsp; &nbsp; &#8211; Apicultores, conservacionistas e investigadores se han unido para visibilizar el aporte de las abejas nativas sin aguij\u00f3n a los ecosistemas, la cultura&hellip;<\/p>\n","protected":false},"author":99,"featured_media":528881,"comment_status":"open","ping_status":"open","sticky":false,"template":"","format":"standard","meta":{"footnotes":""},"categories":[23],"tags":[],"class_list":["post-528880","post","type-post","status-publish","format-standard","has-post-thumbnail","hentry","category-latinoamerica"],"_links":{"self":[{"href":"https:\/\/diarioelpopular.com\/index.php\/wp-json\/wp\/v2\/posts\/528880","targetHints":{"allow":["GET"]}}],"collection":[{"href":"https:\/\/diarioelpopular.com\/index.php\/wp-json\/wp\/v2\/posts"}],"about":[{"href":"https:\/\/diarioelpopular.com\/index.php\/wp-json\/wp\/v2\/types\/post"}],"author":[{"embeddable":true,"href":"https:\/\/diarioelpopular.com\/index.php\/wp-json\/wp\/v2\/users\/99"}],"replies":[{"embeddable":true,"href":"https:\/\/diarioelpopular.com\/index.php\/wp-json\/wp\/v2\/comments?post=528880"}],"version-history":[{"count":1,"href":"https:\/\/diarioelpopular.com\/index.php\/wp-json\/wp\/v2\/posts\/528880\/revisions"}],"predecessor-version":[{"id":528882,"href":"https:\/\/diarioelpopular.com\/index.php\/wp-json\/wp\/v2\/posts\/528880\/revisions\/528882"}],"wp:featuredmedia":[{"embeddable":true,"href":"https:\/\/diarioelpopular.com\/index.php\/wp-json\/wp\/v2\/media\/528881"}],"wp:attachment":[{"href":"https:\/\/diarioelpopular.com\/index.php\/wp-json\/wp\/v2\/media?parent=528880"}],"wp:term":[{"taxonomy":"category","embeddable":true,"href":"https:\/\/diarioelpopular.com\/index.php\/wp-json\/wp\/v2\/categories?post=528880"},{"taxonomy":"post_tag","embeddable":true,"href":"https:\/\/diarioelpopular.com\/index.php\/wp-json\/wp\/v2\/tags?post=528880"}],"curies":[{"name":"wp","href":"https:\/\/api.w.org\/{rel}","templated":true}]}}