{"id":528899,"date":"2025-02-24T09:08:22","date_gmt":"2025-02-24T13:08:22","guid":{"rendered":"https:\/\/diarioelpopular.com\/?p=528899"},"modified":"2025-02-24T09:08:22","modified_gmt":"2025-02-24T13:08:22","slug":"los-datos-contradicen-a-trump-las-detenciones-y-deportaciones-de-migrantes-no-se-limitan-a-los-delincuentes","status":"publish","type":"post","link":"https:\/\/diarioelpopular.com\/index.php\/2025\/02\/24\/los-datos-contradicen-a-trump-las-detenciones-y-deportaciones-de-migrantes-no-se-limitan-a-los-delincuentes\/","title":{"rendered":"Los datos contradicen a Trump: las detenciones y deportaciones de migrantes no se limitan a los delincuentes"},"content":{"rendered":"<div id=\"attachment_528900\" style=\"width: 1210px\" class=\"wp-caption alignnone\"><img loading=\"lazy\" decoding=\"async\" aria-describedby=\"caption-attachment-528900\" class=\"wp-image-528900 size-custom-big-size\" src=\"https:\/\/diarioelpopular.com\/wp-content\/uploads\/2025\/02\/Screen-Shot-2025-02-24-at-8.07.46-AM-1200x745.png\" alt=\"\" width=\"1200\" height=\"745\" srcset=\"https:\/\/diarioelpopular.com\/wp-content\/uploads\/2025\/02\/Screen-Shot-2025-02-24-at-8.07.46-AM-1200x745.png 1200w, https:\/\/diarioelpopular.com\/wp-content\/uploads\/2025\/02\/Screen-Shot-2025-02-24-at-8.07.46-AM-300x185.png 300w, https:\/\/diarioelpopular.com\/wp-content\/uploads\/2025\/02\/Screen-Shot-2025-02-24-at-8.07.46-AM-768x477.png 768w, https:\/\/diarioelpopular.com\/wp-content\/uploads\/2025\/02\/Screen-Shot-2025-02-24-at-8.07.46-AM-636x395.png 636w, https:\/\/diarioelpopular.com\/wp-content\/uploads\/2025\/02\/Screen-Shot-2025-02-24-at-8.07.46-AM-118x73.png 118w, https:\/\/diarioelpopular.com\/wp-content\/uploads\/2025\/02\/Screen-Shot-2025-02-24-at-8.07.46-AM.png 1024w\" sizes=\"auto, (max-width: 1200px) 100vw, 1200px\" \/><p id=\"caption-attachment-528900\" class=\"wp-caption-text\">Migrantes guatemaltecos deportados de Estados Unidos llegan al Aeropuerto Internacional La Aurora. Moises Castillo (AP)<\/p><\/div>\n<p>&nbsp;<\/p>\n<p>&nbsp;<\/p>\n<h4 class=\"a_st\"><em>&#8211; M\u00e1s de un 40% de los expulsados hasta mediados de febrero carec\u00edan de antecedentes penales. Las organizaciones de derechos civiles denuncian que la gran mayor\u00eda son detenidos por su raza y\/o color de piel<\/em><\/h4>\n<p>&nbsp;<\/p>\n<div class=\"a_c clearfix\" data-dtm-region=\"articulo_cuerpo\">\n<p class=\"\">La seguridad nacional ha sido el argumento favorito de Donald Trump para justificar su anhelada deportaci\u00f3n masiva de migrantes indocumentados. Como candidato, el republicano asegur\u00f3 que su campa\u00f1a de detenciones y expulsiones\u00a0<a href=\"https:\/\/elpais.com\/us\/migracion\/2024-12-14\/de-quien-habla-trump-cuando-dice-de-deportara-en-primer-lugar-a-los-migrantes-delincuentes.html\" data-link-track-dtm=\"\" data-mrf-link=\"https:\/\/elpais.com\/us\/migracion\/2024-12-14\/de-quien-habla-trump-cuando-dice-de-deportara-en-primer-lugar-a-los-migrantes-delincuentes.html\">se dirigir\u00eda a los delincuentes<\/a>, lo que le vali\u00f3 el apoyo de la mayor parte de la poblaci\u00f3n en las elecciones del pasado oto\u00f1o.<\/p>\n<p class=\"\">En las primeras semanas de su mandato, sin embargo, la realidad es otra. En\u00a0<a href=\"https:\/\/elpais.com\/us\/2025-02-18\/en-que-ciudades-se-estan-realizando-redadas-migratorias-del-ice.html\" data-link-track-dtm=\"\" data-mrf-link=\"https:\/\/elpais.com\/us\/2025-02-18\/en-que-ciudades-se-estan-realizando-redadas-migratorias-del-ice.html\">las redadas\u00a0<\/a>que est\u00e1 llevando a cabo el Servicio de Inmigraci\u00f3n y Control de Aduanas (ICE) se est\u00e1 arrestando y deportando un alto porcentaje de personas sin antecedentes penales.<\/p>\n<p class=\"\">Datos sobre las detenciones del ICE durante el primer mes del Gobierno republicano no son f\u00e1cilmente accesibles. El ICE hab\u00eda estado publicando los totales de aprehensiones diarias en su cuenta de X en los primeros d\u00edas del segundo mandato de Trump, pero dej\u00f3 de hacerlo a principios de febrero. No obstante,\u00a0<a href=\"https:\/\/www.nbcnews.com\/politics\/national-security\/new-ice-data-shows-administration-isnt-just-arresting-criminals-rcna192656\" target=\"_blank\" rel=\"noopener\" data-link-track-dtm=\"\" data-mrf-link=\"https:\/\/www.nbcnews.com\/politics\/national-security\/new-ice-data-shows-administration-isnt-just-arresting-criminals-rcna192656\">la cadena NBC<\/a>\u00a0obtuvo datos de los arrestos realizados hasta mediados de mes y encontr\u00f3 que de los 4.422 detenidos por el ICE en las primeras dos semanas de febrero, 1.800 (un 41%), no ten\u00edan ninguna condena penal ni cargos penales pendientes.<\/p>\n<p>&nbsp;<\/p>\n<figure class=\"a_m a_m-h \">\n<p><div style=\"width: 424px\" class=\"wp-caption alignnone\"><img loading=\"lazy\" decoding=\"async\" class=\"_re lazyload a_m-h\" src=\"https:\/\/imagenes.elpais.com\/resizer\/v2\/L5S6RFUST5DZ7EMT4G5ZXMCGUE.JPG?auth=1f9e11ad1a4a4d7b8d17814806bfa59e918b8f9f9fe5386e2f1ec38a04068875&amp;width=414\" sizes=\"auto, (min-width:1199px) 1155px,(min-width:1001px) calc(100vw - 44px),(min-width:768px) 767px, 100vw\" srcset=\"https:\/\/imagenes.elpais.com\/resizer\/v2\/L5S6RFUST5DZ7EMT4G5ZXMCGUE.JPG?auth=1f9e11ad1a4a4d7b8d17814806bfa59e918b8f9f9fe5386e2f1ec38a04068875&amp;width=414 414w,https:\/\/imagenes.elpais.com\/resizer\/v2\/L5S6RFUST5DZ7EMT4G5ZXMCGUE.JPG?auth=1f9e11ad1a4a4d7b8d17814806bfa59e918b8f9f9fe5386e2f1ec38a04068875&amp;width=828 640w,https:\/\/imagenes.elpais.com\/resizer\/v2\/L5S6RFUST5DZ7EMT4G5ZXMCGUE.JPG?auth=1f9e11ad1a4a4d7b8d17814806bfa59e918b8f9f9fe5386e2f1ec38a04068875&amp;width=980 1000w,https:\/\/imagenes.elpais.com\/resizer\/v2\/L5S6RFUST5DZ7EMT4G5ZXMCGUE.JPG?auth=1f9e11ad1a4a4d7b8d17814806bfa59e918b8f9f9fe5386e2f1ec38a04068875&amp;width=1960 1960w\" alt=\"Deportados de Estados Unidos ingresan a M\u00e9xico por el puente fronterizo internacional Paso del Norte.\" width=\"414\" height=\"277\" \/><p class=\"wp-caption-text\">Deportados de Estados Unidos ingresan a M\u00e9xico por el puente fronterizo internacional Paso del Norte.\u00a0 \u00a0 \u00a0 \u00a0 \u00a0 \u00a0 \u00a0 \u00a0 \u00a0 \u00a0 \u00a0 \u00a0 \u00a0 \u00a0 \u00a0 \u00a0 \u00a0 \u00a0 \u00a0 \u00a0 \u00a0 Jose Luis Gonzalez (REUTERS)<\/p><\/div><figcaption class=\"a_m_p\"><\/figcaption><\/figure>\n<p>&nbsp;<\/p>\n<p class=\"\">Estas cifras contradicen la narrativa impulsada por la Administraci\u00f3n, que ha hecho de las detenciones y deportaciones un gran despliegue medi\u00e1tico. A diario,\u00a0<a href=\"https:\/\/elpais.com\/us\/2025-02-22\/sonidos-relajantes-de-deportacion-o-agraviar-a-selena-gomez-la-casa-blanca-arrecia-al-trumpismo-en-redes.html\" data-link-track-dtm=\"\" data-mrf-link=\"https:\/\/elpais.com\/us\/2025-02-22\/sonidos-relajantes-de-deportacion-o-agraviar-a-selena-gomez-la-casa-blanca-arrecia-al-trumpismo-en-redes.html\">en sus redes sociales<\/a>\u00a0y en sus p\u00e1ginas web, el ICE y el Departamento de Seguridad Nacional (DHS) publica fotos y v\u00eddeos de las personas que han sido detenidas. En algunas de las im\u00e1genes se les ve esposados y escoltados por las autoridades. Otras parecen m\u00e1s bien fichas policiales, en las que aparece un retrato del detenido junto a una lista de los delitos que ha cometido. Estos van desde violaciones a atropellos y robos,\u00a0<a href=\"https:\/\/x.com\/ICEgov\/status\/1893094923366195413\" target=\"_blank\" rel=\"noopener\" data-link-track-dtm=\"\" data-mrf-link=\"https:\/\/x.com\/ICEgov\/status\/1893094923366195413\">seg\u00fan las fichas<\/a>.<\/p>\n<p class=\"\">Lo que no publicitan, sin embargo, son las detenciones de migrantes que carecen de antecedentes penales y que est\u00e1n en proceso de regularizar su situaci\u00f3n en el pa\u00eds. Algunos de estos arrestos se han producido incluso en controles de tr\u00e1fico. Es el caso de Ashley, que por uno de estos controles en Texas ahora vive con la angustia de que su marido, Jos\u00e9, tiene una orden de deportaci\u00f3n.<\/p>\n<p class=\"\">Ashley relat\u00f3 hace unos d\u00edas c\u00f3mo viajaba en su coche con su marido y sus tres hijos (de cuatro, un a\u00f1o y seis meses), cuando un agente de polic\u00eda les par\u00f3. Su marido, Jos\u00e9, que estaba al volante, no tiene documentos porque entr\u00f3 en el pa\u00eds de forma irregular, aunque por estar casado con una ciudadana estadounidense estaba en proceso de obtener una\u00a0<i>green card<\/i>, la tarjeta de residente.<\/p>\n<p class=\"\">Poco despu\u00e9s llegaron los agentes de inmigraci\u00f3n y se lo llevaron detenido, dejando a Ashley, que no puede conducir, con sus tres hijos, abandonada en medio de la carretera. Jos\u00e9 fue liberado al cabo de unas horas, pero ahora tiene una orden de deportaci\u00f3n. \u201cDonald Trump lo est\u00e1 haciendo de manera equivocada. Deber\u00eda atrapar a los que est\u00e1n cometiendo cr\u00edmenes como asesinar gente y cosas as\u00ed. Deber\u00eda sacar a los peligrosos\u201d, se\u00f1al\u00f3 Ashley. \u201cLo que est\u00e1n diciendo es que un ciudadano estadounidense no debe enamorarse de alguien que es ilegal. Lo entiendo, pero en mi opini\u00f3n, \u00e9l es un ser humano, como yo\u201d.<\/p>\n<p class=\"\">El temor a encontrarse con un agente del ICE se ha extendido como la p\u00f3lvora entre las familias de estatus mixto, en las que uno de los miembros es\u00a0<a href=\"https:\/\/elpais.com\/us\/migracion\/2025-02-17\/radiografia-de-los-14-millones-de-indocumentados-en-estados-unidos-mas-permisos-temporales-pero-menos-mexicanos.html\" data-link-track-dtm=\"\" data-mrf-link=\"https:\/\/elpais.com\/us\/migracion\/2025-02-17\/radiografia-de-los-14-millones-de-indocumentados-en-estados-unidos-mas-permisos-temporales-pero-menos-mexicanos.html\">indocumentado<\/a>. La experiencia de las \u00faltimas semanas ha dejado claro que no tener antecedentes penales no les protege de la deportaci\u00f3n.<\/p>\n<p class=\"\">\u201cEsta historia destaca el hecho de que el ICE no detiene solo a personas con antecedentes penales para ponerlas en procedimientos de deportaci\u00f3n,\u201d denunci\u00f3 Kate Lincoln-Goldfinch, abogada que lleva el caso. \u201cAshley y su esposo, Jos\u00e9, ya hab\u00edan contratado un bufete de abogados para conseguirle su tarjeta de residencia. Estaban pasando por el proceso. Estaban haciendo todo de la manera correcta y ahora, debido a este incidente, Jos\u00e9 ha sido puesto en proceso de deportaci\u00f3n. La familia ha quedado traumatizada y esta es una persona m\u00e1s en el ya atrasado sistema judicial de inmigraci\u00f3n\u201d, a\u00f1adi\u00f3 la letrada.<\/p>\n<h3 class=\"\">Identificados por tatuajes<\/h3>\n<p class=\"\">Incluso muchos de los inmigrantes deportados a<a href=\"https:\/\/elpais.com\/us\/migracion\/2025-02-21\/estados-unidos-vacia-guantanamo-deportando-a-177-venezolanos-a-honduras.html\" data-link-track-dtm=\"\" data-mrf-link=\"https:\/\/elpais.com\/us\/migracion\/2025-02-21\/estados-unidos-vacia-guantanamo-deportando-a-177-venezolanos-a-honduras.html\">\u00a0la prisi\u00f3n de Guant\u00e1namo,\u00a0<\/a>que fueron descritos por el zar de la frontera, Tom Homan, como \u201clo peor de lo peor\u201d, carecen de antecedentes. Los venezolanos enviados a la base naval ubicada en Cuba, que ya han sido trasladados a Caracas v\u00eda Honduras, han sido calificados como criminales violentos o vinculados a la pandilla Tren de Aragua. Algunos fueron identificados como tales por llevar ciertos tatuajes propios de ese grupo, considerado por Trump organizaci\u00f3n terrorista. Sin embargo, varios medios han desmentido que se trate de delincuentes.<\/p>\n<p class=\"\">A pesar de que las autoridades no dieron a conocer la identidad de los deportados,\u00a0<i>ProPublica<\/i>\u00a0y\u00a0<i>The Texas Tribune<\/i>\u00a0identificaron a casi una docena de los migrantes venezolanos enviados a Guant\u00e1namo y pudieron confirmar que al menos tres de ellos no cometieron ning\u00fan delito, m\u00e1s all\u00e1 de haber entrado de forma irregular en el pa\u00eds.<\/p>\n<p>&nbsp;<\/p>\n<figure class=\"a_m a_m-h \">\n<p><div style=\"width: 424px\" class=\"wp-caption alignnone\"><img loading=\"lazy\" decoding=\"async\" class=\"_re lazyload a_m-h\" src=\"https:\/\/imagenes.elpais.com\/resizer\/v2\/IB3GRVXNWFB3JECHUWZOSU3PIY.JPG?auth=75f72968f449325c554591d6d3cd18a3ac2d8dd4923d0be0eeedb0701c4fcfa7&amp;width=414\" sizes=\"auto, (min-width:1199px) 1155px,(min-width:1001px) calc(100vw - 44px),(min-width:768px) 767px, 100vw\" srcset=\"https:\/\/imagenes.elpais.com\/resizer\/v2\/IB3GRVXNWFB3JECHUWZOSU3PIY.JPG?auth=75f72968f449325c554591d6d3cd18a3ac2d8dd4923d0be0eeedb0701c4fcfa7&amp;width=414 414w,https:\/\/imagenes.elpais.com\/resizer\/v2\/IB3GRVXNWFB3JECHUWZOSU3PIY.JPG?auth=75f72968f449325c554591d6d3cd18a3ac2d8dd4923d0be0eeedb0701c4fcfa7&amp;width=828 640w,https:\/\/imagenes.elpais.com\/resizer\/v2\/IB3GRVXNWFB3JECHUWZOSU3PIY.JPG?auth=75f72968f449325c554591d6d3cd18a3ac2d8dd4923d0be0eeedb0701c4fcfa7&amp;width=980 1000w,https:\/\/imagenes.elpais.com\/resizer\/v2\/IB3GRVXNWFB3JECHUWZOSU3PIY.JPG?auth=75f72968f449325c554591d6d3cd18a3ac2d8dd4923d0be0eeedb0701c4fcfa7&amp;width=1960 1960w\" alt=\"Migrantes hondure\u00f1os hacen un gesto desde el interior de un autob\u00fas tras llegar en un vuelo de deportaci\u00f3n al Aeropuerto Internacional Ram\u00f3n Villeda Morales, en San Pedro Sula, el 31 de enero de 2025. \" width=\"414\" height=\"277\" \/><p class=\"wp-caption-text\">Migrantes hondure\u00f1os hacen un gesto desde el interior de un autob\u00fas tras llegar en un vuelo de deportaci\u00f3n al Aeropuerto Internacional Ram\u00f3n Villeda Morales, en San Pedro Sula, el 31 de enero de 2025. Yoseph Amaya (REUTERS)<\/p><\/div><figcaption class=\"a_m_p\"><\/figcaption><\/figure>\n<p>&nbsp;<\/p>\n<p class=\"\">Los identificados son Jos\u00e9 Daniel Simancas, un trabajador de la construcci\u00f3n de 30 a\u00f1os, Yoiker Sequera y Mayfreed Duran, que eran peluqueros en Venezuela. Los tres hab\u00edan sido detenidos por las autoridades de inmigraci\u00f3n poco despu\u00e9s de cruzar la frontera entre Estados Unidos y M\u00e9xico y estuvieron retenidos meses en espera de ser deportados. Sobre dos de ellos no consta ning\u00fan delito, excepto la entrada ilegal. El tercero hab\u00eda recibido un cargo adicional por patear a un oficial mientras estaba inmovilizado.<\/p>\n<p class=\"\">Los datos obtenidos por\u00a0<i>ProPublica<\/i>\u00a0y el\u00a0<i>Tribune<\/i>\u00a0muestran que desde el 20 de enero hasta los primeros d\u00edas de febrero, hubo unos 14.000 arrestos de migrantes, de los que solo el 44% ten\u00eda antecedentes penales; de ellos, cerca de la mitad fueron condenados por delitos menores.<\/p>\n<p class=\"\">Una nueva legislaci\u00f3n facilita estas expulsiones de forma r\u00e1pida. Recientemente firmada por Trump, la\u00a0<a href=\"https:\/\/elpais.com\/us\/migracion\/2025-01-08\/la-camara-de-representantes-aprueba-la-deportacion-de-migrantes-indocumentados-por-delitos-menores.html\" data-link-track-dtm=\"\" data-mrf-link=\"https:\/\/elpais.com\/us\/migracion\/2025-01-08\/la-camara-de-representantes-aprueba-la-deportacion-de-migrantes-indocumentados-por-delitos-menores.html\">Ley Laken Riley\u00a0<\/a>permite que los indocumentados sean deportados por delitos menores, como hurtos en una tienda, aunque no sean condenados por ellos.<\/p>\n<p class=\"\">La ret\u00f3rica ahora de la Administraci\u00f3n es que, aunque carezcan de antecedentes, los indocumentados s\u00ed son criminales porque han cruzado de forma ilegal la frontera. Tricia McLaughlin, portavoz del DHS, dijo que los inmigrantes sin antecedentes penales a menudo est\u00e1n \u201clejos de ser inocentes\u201d. Y en una entrevista reciente a\u00a0<i>ScrippNews<\/i>, Homan confirm\u00f3 que el hecho de ser indocumentados ya los equipara a los criminales. \u201cNo hay nada en la Ley de Inmigraci\u00f3n y Nacionalidad que diga que adem\u00e1s de la entrada ilegal hay que cometer otro delito. La entrada ilegal al pa\u00eds es un delito\u201d, justific\u00f3.<\/p>\n<p class=\"\">Las organizaciones de derechos civiles denuncian que muchos migrantes\u00a0<a href=\"https:\/\/elpais.com\/us\/migracion\/2025-02-09\/el-racismo-en-la-era-trump-no-hables-ese-espanol-de-mierda-en-mi-pais.html\" target=\"_blank\" rel=\"noopener\" data-link-track-dtm=\"\" data-mrf-link=\"https:\/\/elpais.com\/us\/migracion\/2025-02-09\/el-racismo-en-la-era-trump-no-hables-ese-espanol-de-mierda-en-mi-pais.html\">son detenidos por su raza o color de piel<\/a>, incluso siendo ciudadanos estadounidenses. Y no solo afecta a los latinos. El presidente Navajo, Buu Nygren, afirm\u00f3 en la estaci\u00f3n de radio tribal KTNN, que hab\u00eda recibido relatos de encuentros \u201cnegativos y a veces traumatizantes\u201d entre el ICE y ciudadanos de la Naci\u00f3n Navajo.<\/p>\n<p class=\"\">El conjunto de todas las \u00f3rdenes ejecutivas antiinmigrantes aprobadas por el Gobierno demuestra, seg\u00fan los cr\u00edticos, que la intenci\u00f3n de Trump no es la de priorizar la expulsi\u00f3n de los criminales como ha insistido.<\/p>\n<p class=\"\">\u201cSi es cierto que la Administraci\u00f3n est\u00e1 apuntando a criminales violentos, \u00bfpor qu\u00e9 ha habido \u00f3rdenes ejecutivas que\u00a0<a href=\"https:\/\/elpais.com\/us\/migracion\/2025-02-21\/trump-pone-fin-a-la-proteccion-del-tps-para-medio-millon-de-haitianos.html#?rel=lom\" data-link-track-dtm=\"\" data-mrf-link=\"https:\/\/elpais.com\/us\/migracion\/2025-02-21\/trump-pone-fin-a-la-proteccion-del-tps-para-medio-millon-de-haitianos.html\">rescinden el TPS\u00a0<\/a>[el Estatus de Protecci\u00f3n Temporal]? Esa gente est\u00e1 aqu\u00ed legalmente\u201d, critica Gabriel Salguero, presidente de la Coalici\u00f3n Nacional de Evang\u00e9licos Latinos (NALEC). \u201c\u00bfPor qu\u00e9 cancelar la aplicaci\u00f3n CBP One, que permit\u00eda a las personas llegar de forma legal desde sus pa\u00edses de origen? Si es cierto que su objetivo son criminales violentos, \u00bfPor qu\u00e9 entonces enviamos agentes a lugares sensibles? No conozco\u00a0<a href=\"https:\/\/elpais.com\/us\/migracion\/2025-02-16\/las-deportaciones-indiscriminadas-lastran-el-apoyo-de-los-evangelicos-a-trump.html\" data-link-track-dtm=\"\" data-mrf-link=\"https:\/\/elpais.com\/us\/migracion\/2025-02-16\/las-deportaciones-indiscriminadas-lastran-el-apoyo-de-los-evangelicos-a-trump.html\">a ning\u00fan pastor, obispo, rabino o l\u00edder religioso<\/a>\u00a0que est\u00e9 tratando de albergar a criminales violentos en sus lugares de culto\u201d.<\/p>\n<p class=\"\">La ampliaci\u00f3n del espectro de migrantes susceptibles de ser deportados permitir\u00eda a los agentes del ICE acercarse al objetivo de expulsiones marcado por Trump, despu\u00e9s de que se haya comprobado que mucho ha sido el ruido, pero no se han alcanzado los n\u00fameros deseados.<\/p>\n<p class=\"\"><a href=\"https:\/\/elpais.com\/us\/migracion\/2025-02-21\/el-gobierno-de-trump-no-supera-el-promedio-de-deportaciones-de-biden-en-su-primer-mes-de-su-presidencia.html\" data-link-track-dtm=\"\" data-mrf-link=\"https:\/\/elpais.com\/us\/migracion\/2025-02-21\/el-gobierno-de-trump-no-supera-el-promedio-de-deportaciones-de-biden-en-su-primer-mes-de-su-presidencia.html\">En su primer mes en la Casa Blanca,\u00a0<\/a>se han deportado 37.660 personas, seg\u00fan se dio a conocer el viernes pasado, un n\u00famero bastante inferior a las 57.000 expulsiones que el Gobierno de Joe Biden realiz\u00f3 mensualmente el a\u00f1o pasado. El dem\u00f3crata impuls\u00f3 las deportaciones, presionado por el caos fronterizo que supuso la llegada masiva de migrantes en su mandato.<\/p>\n<p class=\"\"><a href=\"https:\/\/elpais.com\/us\/migracion\/2025-02-11\/el-zar-de-la-frontera-de-trump-muestra-su-frustracion-porque-el-ritmo-de-arrestos-y-deportaciones-no-es-el-esperado.html#?rel=mas\" data-link-track-dtm=\"\" data-mrf-link=\"https:\/\/elpais.com\/us\/migracion\/2025-02-11\/el-zar-de-la-frontera-de-trump-muestra-su-frustracion-porque-el-ritmo-de-arrestos-y-deportaciones-no-es-el-esperado.html\">Homan ya ha mostrado su insatisfacci\u00f3n<\/a>\u00a0con el ritmo de las detenciones, y ha pedido m\u00e1s recursos para llevar a cabo la tarea asignada. Desde el DHS, sin embargo, hacen un balance positivo.\u00a0<a href=\"https:\/\/x.com\/DHSgov\/status\/1892702065585017305\" target=\"_blank\" rel=\"noopener\" data-link-track-dtm=\"\" data-mrf-link=\"https:\/\/x.com\/DHSgov\/status\/1892702065585017305\">En su cuenta de X<\/a>\u00a0se lee: \u201cEn el primer mes de la Administraci\u00f3n de Trump, el presidente y la secretaria del DHS, Kristi Noem, consiguieron resultados para hacer Am\u00e9rica segura de nuevo. Esto es solo el comienzo\u201d.<\/p>\n<\/div>\n<div id=\"me-dis\" class=\"me _pf\">\n<div class=\"me_bg\">\n<div class=\"me-dis _pa _df\">\n<div class=\"me-dis_c\">\n<h2 class=\"me-dis_t\"><\/h2>\n<div class=\"me-dis_l\"><\/div>\n<p><span id=\"capping-arrow\" class=\"arrow\"><\/span><\/div>\n<\/div>\n<\/div>\n<\/div>\n","protected":false},"excerpt":{"rendered":"<p>&nbsp; &nbsp; &#8211; M\u00e1s de un 40% de los expulsados hasta mediados de febrero carec\u00edan de antecedentes penales. Las organizaciones de derechos civiles denuncian que&hellip;<\/p>\n","protected":false},"author":99,"featured_media":528900,"comment_status":"open","ping_status":"open","sticky":false,"template":"","format":"standard","meta":{"footnotes":""},"categories":[24],"tags":[],"class_list":["post-528899","post","type-post","status-publish","format-standard","has-post-thumbnail","hentry","category-mundo"],"_links":{"self":[{"href":"https:\/\/diarioelpopular.com\/index.php\/wp-json\/wp\/v2\/posts\/528899","targetHints":{"allow":["GET"]}}],"collection":[{"href":"https:\/\/diarioelpopular.com\/index.php\/wp-json\/wp\/v2\/posts"}],"about":[{"href":"https:\/\/diarioelpopular.com\/index.php\/wp-json\/wp\/v2\/types\/post"}],"author":[{"embeddable":true,"href":"https:\/\/diarioelpopular.com\/index.php\/wp-json\/wp\/v2\/users\/99"}],"replies":[{"embeddable":true,"href":"https:\/\/diarioelpopular.com\/index.php\/wp-json\/wp\/v2\/comments?post=528899"}],"version-history":[{"count":1,"href":"https:\/\/diarioelpopular.com\/index.php\/wp-json\/wp\/v2\/posts\/528899\/revisions"}],"predecessor-version":[{"id":528901,"href":"https:\/\/diarioelpopular.com\/index.php\/wp-json\/wp\/v2\/posts\/528899\/revisions\/528901"}],"wp:featuredmedia":[{"embeddable":true,"href":"https:\/\/diarioelpopular.com\/index.php\/wp-json\/wp\/v2\/media\/528900"}],"wp:attachment":[{"href":"https:\/\/diarioelpopular.com\/index.php\/wp-json\/wp\/v2\/media?parent=528899"}],"wp:term":[{"taxonomy":"category","embeddable":true,"href":"https:\/\/diarioelpopular.com\/index.php\/wp-json\/wp\/v2\/categories?post=528899"},{"taxonomy":"post_tag","embeddable":true,"href":"https:\/\/diarioelpopular.com\/index.php\/wp-json\/wp\/v2\/tags?post=528899"}],"curies":[{"name":"wp","href":"https:\/\/api.w.org\/{rel}","templated":true}]}}