{"id":528923,"date":"2025-02-24T16:51:45","date_gmt":"2025-02-24T20:51:45","guid":{"rendered":"https:\/\/diarioelpopular.com\/?p=528923"},"modified":"2025-02-24T16:51:45","modified_gmt":"2025-02-24T20:51:45","slug":"aumenta-la-presion-publica-a-medida-que-gana-fuerza-una-peticion-para-despojar-a-elon-musk-de-su-ciudadania-canadiense","status":"publish","type":"post","link":"https:\/\/diarioelpopular.com\/index.php\/2025\/02\/24\/aumenta-la-presion-publica-a-medida-que-gana-fuerza-una-peticion-para-despojar-a-elon-musk-de-su-ciudadania-canadiense\/","title":{"rendered":"Aumenta la presi\u00f3n p\u00fablica a medida que gana fuerza una petici\u00f3n para despojar a Elon Musk de su ciudadan\u00eda canadiense"},"content":{"rendered":"<p><img loading=\"lazy\" decoding=\"async\" class=\"alignnone size-custom-full-size wp-image-528924\" src=\"https:\/\/diarioelpopular.com\/wp-content\/uploads\/2025\/02\/Screen-Shot-2025-02-24-at-3.42.19-PM-636x358.png\" alt=\"\" width=\"636\" height=\"358\" srcset=\"https:\/\/diarioelpopular.com\/wp-content\/uploads\/2025\/02\/Screen-Shot-2025-02-24-at-3.42.19-PM-636x358.png 636w, https:\/\/diarioelpopular.com\/wp-content\/uploads\/2025\/02\/Screen-Shot-2025-02-24-at-3.42.19-PM-300x169.png 300w, https:\/\/diarioelpopular.com\/wp-content\/uploads\/2025\/02\/Screen-Shot-2025-02-24-at-3.42.19-PM-768x432.png 768w, https:\/\/diarioelpopular.com\/wp-content\/uploads\/2025\/02\/Screen-Shot-2025-02-24-at-3.42.19-PM-1200x676.png 1200w, https:\/\/diarioelpopular.com\/wp-content\/uploads\/2025\/02\/Screen-Shot-2025-02-24-at-3.42.19-PM-130x73.png 130w, https:\/\/diarioelpopular.com\/wp-content\/uploads\/2025\/02\/Screen-Shot-2025-02-24-at-3.42.19-PM.png 1024w\" sizes=\"auto, (max-width: 636px) 100vw, 636px\" \/><\/p>\n<p>&nbsp;<\/p>\n<p>&nbsp;<\/p>\n<ul>\n<li><em><strong>Una petici\u00f3n que pide al gobierno canadiense que revoque la ciudadan\u00eda de Elon Musk est\u00e1 ganando fuerza, con m\u00e1s de 170.000 firmas contabilizadas hasta este lunes por la ma\u00f1ana.<\/strong><\/em><\/li>\n<\/ul>\n<p>&nbsp;<\/p>\n<p>La petici\u00f3n en l\u00ednea alojada en el sitio web de la C\u00e1mara de los Comunes fue lanzada por la autora Qualia Reed, con sede en British Columbia, y patrocinada por el diputado del NDP Charlie Angus, un abierto cr\u00edtico de Musk.<\/p>\n<p>La petici\u00f3n presentada el pasado jueves afirma que Elon Musk &#8220;ha estado participando en actividades que van en contra del inter\u00e9s nacional de Canad\u00e1&#8221;.<\/p>\n<p>Acusa al multimillonario tecnol\u00f3gico de apoyar pol\u00edticas estadounidenses que socavan la soberan\u00eda de Canad\u00e1, con \u00e9nfasis en su papel de asesor del presidente estadounidense Donald Trump.<\/p>\n<p>Musk, nacido en Sud\u00e1frica, tiene ciudadan\u00eda canadiense por parte de su madre, nacida Regina. Tambi\u00e9n tiene ciudadan\u00eda estadounidense y sudafricana. Musk es due\u00f1o del fabricante de veh\u00edculos el\u00e9ctricos Tesla, la empresa aeroespacial SpaceX y la plataforma de redes sociales X, anteriormente conocida como Twitter.<\/p>\n<p>Los canadienses que hasta ahora han firmado la petici\u00f3n piden al primer ministro Justin Trudeau que revoque la doble ciudadan\u00eda de Musk y su pasaporte canadiense.<\/p>\n<p><em><strong>Aumento de las tensiones pol\u00edticas<\/strong><\/em><\/p>\n<p>La petici\u00f3n surgi\u00f3 en medio de un aumento de las tensiones pol\u00edticas entre Canad\u00e1 y Estados Unidos.<\/p>\n<p>A principios de febrero, Trump anunci\u00f3 un arancel del 25 por ciento a las importaciones canadienses, citando preocupaciones de seguridad nacional.<\/p>\n<p>Tras las negociaciones, se acord\u00f3 una pausa de 30 d\u00edas en estos aranceles, supeditada a que Canad\u00e1 mejore la seguridad fronteriza y aborde cuestiones como el tr\u00e1fico de fentanilo.<\/p>\n<p>A pesar de la pr\u00f3rroga temporal, la amenaza de aranceles generalizados sigue acechando, ya que a principios de este mes se anunciaron derechos sobre el acero, el aluminio, los autom\u00f3viles y los chips semiconductores.<\/p>\n<p>Para agravar a\u00fan m\u00e1s estas tensiones, Trump ha hecho abusivos comentarios que sugieren la anexi\u00f3n de Canad\u00e1. Tambi\u00e9n se ha referido a Trudeau como el &#8220;Gobernador&#8221; de Canad\u00e1 en las redes sociales, otra referencia a que el pa\u00eds se convertir\u00e1 en el estado n\u00famero 51.<\/p>\n<p>Estos comentarios han sido recibidos con cr\u00edticas generalizadas y han intensificado los sentimientos nacionalistas entre los canadienses.<\/p>\n<p><em><strong>\u00bfQu\u00e9 suceder\u00e1 despu\u00e9s?<\/strong><\/em><\/p>\n<p>Seg\u00fan las normas parlamentarias canadienses, una petici\u00f3n electr\u00f3nica debe reunir al menos 500 firmas para ser presentada formalmente ante la C\u00e1mara de los Comunes.<\/p>\n<p>La petici\u00f3n permanece abierta para recibir firmas hasta el 20 de junio.<\/p>\n<p>Est\u00e1 previsto que la C\u00e1mara de los Comunes vuelva a sesionar el 24 de marzo, pero muchos esperan que se convoquen elecciones generales antes de que los parlamentarios regresen.<\/p>\n<p><em><strong>\u00bfPuede Canad\u00e1 incluso revocar la ciudadan\u00eda?<\/strong><\/em><\/p>\n<p>Seg\u00fan el Ministerio de Inmigraci\u00f3n y Ciudadan\u00eda, una ciudadan\u00eda canadiense puede revocarse en determinadas circunstancias, como si se comete fraude, si una persona se presenta de forma falsa o si oculta deliberadamente informaci\u00f3n en una solicitud de inmigraci\u00f3n o ciudadan\u00eda.<\/p>\n<p>Los canadienses pueden leer m\u00e1s en la Ley de Ciudadan\u00eda, incluidas las razones por las que una persona puede renunciar a su ciudadan\u00eda.<\/p>\n<p>El ministerio establece que si se revoca una ciudadan\u00eda, la persona debe esperar 10 a\u00f1os a partir de la fecha de revocaci\u00f3n para solicitar y obtener la ciudadan\u00eda nuevamente.<\/p>\n<p><em>Canadian Press<\/em><\/p>\n","protected":false},"excerpt":{"rendered":"<p>&nbsp; &nbsp; Una petici\u00f3n que pide al gobierno canadiense que revoque la ciudadan\u00eda de Elon Musk est\u00e1 ganando fuerza, con m\u00e1s de 170.000 firmas contabilizadas&hellip;<\/p>\n","protected":false},"author":99,"featured_media":528924,"comment_status":"open","ping_status":"open","sticky":false,"template":"","format":"standard","meta":{"footnotes":""},"categories":[21],"tags":[],"class_list":["post-528923","post","type-post","status-publish","format-standard","has-post-thumbnail","hentry","category-canada"],"_links":{"self":[{"href":"https:\/\/diarioelpopular.com\/index.php\/wp-json\/wp\/v2\/posts\/528923","targetHints":{"allow":["GET"]}}],"collection":[{"href":"https:\/\/diarioelpopular.com\/index.php\/wp-json\/wp\/v2\/posts"}],"about":[{"href":"https:\/\/diarioelpopular.com\/index.php\/wp-json\/wp\/v2\/types\/post"}],"author":[{"embeddable":true,"href":"https:\/\/diarioelpopular.com\/index.php\/wp-json\/wp\/v2\/users\/99"}],"replies":[{"embeddable":true,"href":"https:\/\/diarioelpopular.com\/index.php\/wp-json\/wp\/v2\/comments?post=528923"}],"version-history":[{"count":1,"href":"https:\/\/diarioelpopular.com\/index.php\/wp-json\/wp\/v2\/posts\/528923\/revisions"}],"predecessor-version":[{"id":528925,"href":"https:\/\/diarioelpopular.com\/index.php\/wp-json\/wp\/v2\/posts\/528923\/revisions\/528925"}],"wp:featuredmedia":[{"embeddable":true,"href":"https:\/\/diarioelpopular.com\/index.php\/wp-json\/wp\/v2\/media\/528924"}],"wp:attachment":[{"href":"https:\/\/diarioelpopular.com\/index.php\/wp-json\/wp\/v2\/media?parent=528923"}],"wp:term":[{"taxonomy":"category","embeddable":true,"href":"https:\/\/diarioelpopular.com\/index.php\/wp-json\/wp\/v2\/categories?post=528923"},{"taxonomy":"post_tag","embeddable":true,"href":"https:\/\/diarioelpopular.com\/index.php\/wp-json\/wp\/v2\/tags?post=528923"}],"curies":[{"name":"wp","href":"https:\/\/api.w.org\/{rel}","templated":true}]}}