{"id":528955,"date":"2025-02-25T09:56:32","date_gmt":"2025-02-25T13:56:32","guid":{"rendered":"https:\/\/diarioelpopular.com\/?p=528955"},"modified":"2025-02-25T09:56:32","modified_gmt":"2025-02-25T13:56:32","slug":"el-gobernador-de-buenos-aires-planta-cara-al-liderazgo-de-cristina-kirchner-para-enfrentar-a-milei","status":"publish","type":"post","link":"https:\/\/diarioelpopular.com\/index.php\/2025\/02\/25\/el-gobernador-de-buenos-aires-planta-cara-al-liderazgo-de-cristina-kirchner-para-enfrentar-a-milei\/","title":{"rendered":"El gobernador de Buenos Aires planta cara al liderazgo de Cristina Kirchner para enfrentar a Milei"},"content":{"rendered":"<div id=\"attachment_528956\" style=\"width: 1210px\" class=\"wp-caption alignnone\"><img loading=\"lazy\" decoding=\"async\" aria-describedby=\"caption-attachment-528956\" class=\"wp-image-528956 size-custom-big-size\" src=\"https:\/\/diarioelpopular.com\/wp-content\/uploads\/2025\/02\/Screen-Shot-2025-02-25-at-8.55.36-AM-1200x670.png\" alt=\"\" width=\"1200\" height=\"670\" srcset=\"https:\/\/diarioelpopular.com\/wp-content\/uploads\/2025\/02\/Screen-Shot-2025-02-25-at-8.55.36-AM-1200x670.png 1200w, https:\/\/diarioelpopular.com\/wp-content\/uploads\/2025\/02\/Screen-Shot-2025-02-25-at-8.55.36-AM-300x168.png 300w, https:\/\/diarioelpopular.com\/wp-content\/uploads\/2025\/02\/Screen-Shot-2025-02-25-at-8.55.36-AM-768x429.png 768w, https:\/\/diarioelpopular.com\/wp-content\/uploads\/2025\/02\/Screen-Shot-2025-02-25-at-8.55.36-AM-636x355.png 636w, https:\/\/diarioelpopular.com\/wp-content\/uploads\/2025\/02\/Screen-Shot-2025-02-25-at-8.55.36-AM-131x73.png 131w, https:\/\/diarioelpopular.com\/wp-content\/uploads\/2025\/02\/Screen-Shot-2025-02-25-at-8.55.36-AM.png 1024w\" sizes=\"auto, (max-width: 1200px) 100vw, 1200px\" \/><p id=\"caption-attachment-528956\" class=\"wp-caption-text\">Axel Kicillof y Cristina Fern\u00e1ndez de Kirchner en una composici\u00f3n fotogr\u00e1fica. Getty Images<\/p><\/div>\n<p>&nbsp;<\/p>\n<p>&nbsp;<\/p>\n<h4 class=\"a_st\"><em>&#8211; La corrupta y convicta expresidente guarda silencio sobre la decisi\u00f3n de su compinche Axel Kicillof de lanzar un espacio propio en el peronismo ante las elecciones legislativas de octubre<\/em><\/h4>\n<p>&nbsp;<\/p>\n<p class=\"\">Cristina Kirchner ha sido la l\u00edder del peronismo durante los \u00faltimos 15 a\u00f1os. La pol\u00edtica que fue dos veces presidente de Argentina retuvo el liderazgo del movimiento incluso durante el mandato de su t\u00edtere Alberto Fern\u00e1ndez (2019-2023), a quien\u00a0<a href=\"https:\/\/elpais.com\/internacional\/2019\/05\/18\/actualidad\/1558185248_475857.html\" data-link-track-dtm=\"\" data-mrf-link=\"https:\/\/elpais.com\/internacional\/2019\/05\/18\/actualidad\/1558185248_475857.html\">ella eligi\u00f3 como cabeza de una f\u00f3rmula que la ten\u00eda como vicepresidente.<\/a>\u00a0Pero desde la dura derrota sufrida por el peronismo en las elecciones presidenciales de 2023, su poder interno es disputado cada vez con m\u00e1s intensidad.<\/p>\n<p class=\"\">El \u00faltimo en plantarle cara es Axel Kicillof, el gobernador de la provincia de Buenos Aires, la m\u00e1s grande, poblada y rica de Argentina. Con los galones de haber sido reelegido en el cargo en la \u00faltima elecci\u00f3n y el apoyo de algunos pesos pesados del partido, Kicillof busca forzar una renovaci\u00f3n del peronismo que pueda hacer frente a Javier Milei.<\/p>\n<p class=\"\">El exdelf\u00edn de Kirchner lanz\u00f3 este fin de semana su espacio propio, Movimiento Derecho al Futuro. \u201cEl peronismo enfrenta un desaf\u00edo hist\u00f3rico: reconstruirse para liderar una alternativa al experimento de ajuste y crueldad que lleva adelante el Gobierno nacional de Javier Milei\u201d, arranca el documento con el que se dio a conocer el nuevo espacio, respaldado por 400 firmas, entre ellas de alcaldes, diputados, movimientos sociales y sindicatos.<\/p>\n<p class=\"\"><a href=\"https:\/\/elpais.com\/argentina\/2024-09-14\/axel-kicillof-gobernador-de-buenos-aires-milei-ni-ajusto-a-la-casta-ni-la-casta-esta-fuera-del-gobierno.html\" data-link-track-dtm=\"\" data-mrf-link=\"https:\/\/elpais.com\/argentina\/2024-09-14\/axel-kicillof-gobernador-de-buenos-aires-milei-ni-ajusto-a-la-casta-ni-la-casta-esta-fuera-del-gobierno.html\">Kicillof, de 53 a\u00f1os, tiene el cargo electivo con m\u00e1s poder de Argentina, despu\u00e9s del presidente<\/a>, y quiere hacerlo valer para las negociaciones de cara a las elecciones legislativas de octubre. Pide entender las razones de la derrota electoral de 2023, recuperar la agenda y traer ideas nuevas que representen a trabajadores, sectores productivos, la ciencia, la educaci\u00f3n y la cultura.<\/p>\n<p class=\"\">Los pol\u00edticos alineados por conveniencia con el gobernador bonaerense comienzan a expresar frente a los micr\u00f3fonos lo que muchos peronistas piensan desde hace tiempo en voz baja: el descontento con las \u00faltimas candidaturas propuestas por Kirchner y el rechazo a su hijo, M\u00e1ximo, en la conducci\u00f3n. Daniel Scioli, el hombre que la entonces presidente design\u00f3 como sucesor en 2015, integra hoy las filas mile\u00edstas como Secretario de Turismo, Deporte y Ambiente; Alberto Fern\u00e1ndez, su candidato en 2019, gan\u00f3 la Presidencia, pero dej\u00f3 el poder con la popularidad por los suelos y su imagen se ha deteriorado a\u00fan m\u00e1s desde que fue\u00a0<a href=\"https:\/\/elpais.com\/argentina\/2024-08-06\/el-expresidente-argentino-alberto-fernandez-denunciado-por-violencia-de-genero.html\" target=\"_blank\" rel=\"noopener\" data-link-track-dtm=\"\" data-mrf-link=\"https:\/\/elpais.com\/argentina\/2024-08-06\/el-expresidente-argentino-alberto-fernandez-denunciado-por-violencia-de-genero.html\">denunciado por presunta violencia de g\u00e9nero<\/a>\u00a0y por corrupci\u00f3n. Massa, otro corrupto, el gran rival interno al que finalmente acept\u00f3 como candidato en 2023, encabez\u00f3 la mayor derrota del peronismo de la historia reciente.<\/p>\n<p class=\"\">Referentes bonaerenses como Mario Secco, alcalde de Ensenada, aseguran que no quieren romper el espacio, sino tener voz y voto en la direcci\u00f3n del peronismo y en la conformaci\u00f3n de las listas electorales. \u201cSer verticalista es que me hayan puesto a Scioli y no me gustaba y lo acompa\u00f1\u00e9. Alberto no me gustaba, Massa tampoco, y los acompa\u00f1\u00e9. No somos rompedores\u201d,\u00a0<a href=\"https:\/\/x.com\/futurockOk\/status\/1894023072023249235\" target=\"_blank\" rel=\"noopener\" data-link-track-dtm=\"\" data-mrf-link=\"https:\/\/x.com\/futurockOk\/status\/1894023072023249235\">dijo este lunes en declaraciones radiales Secco<\/a>, uno de los pol\u00edticos que fueron fieles aliados de Kirchner, pero ahora han cambiado de bando. Los partidarios del gobernador lo reivindican como un escudo frente a la motosierra del l\u00edder ultra y como ejemplo de otra forma de gobernar.<\/p>\n<h3 class=\"\">Silencio de Kirchner<\/h3>\n<p class=\"\">La expresidente guarda silencio sobre el anuncio de Kicillof. Ha evitado pronunciarse en p\u00fablico hasta ahora y tampoco le dedic\u00f3 espacio este lunes en el Consejo del Partido Justicialista que presidi\u00f3 en Buenos Aires. Desde su entorno, admiten que cay\u00f3 como un jarro de agua fr\u00eda. Consideran que la jugada del gobernador divide al peronismo en los hechos. Critican, adem\u00e1s, que haya elegido disputar el liderazgo opositor justo cuando\u00a0<a href=\"https:\/\/elpais.com\/argentina\/2025-02-23\/el-triangulo-de-hierro-de-milei-cruje-por-el-escandalo-de-libra.html\" data-link-track-dtm=\"\" data-mrf-link=\"https:\/\/elpais.com\/argentina\/2025-02-23\/el-triangulo-de-hierro-de-milei-cruje-por-el-escandalo-de-libra.html\">el Gobierno de Milei atraviesa la peor crisis pol\u00edtica de su mandato<\/a>, desencadenada por la promoci\u00f3n de la criptomoneda $Libra a trav\u00e9s de las redes sociales.<\/p>\n<p class=\"\">La expresidente ya\u00a0<a href=\"https:\/\/elpais.com\/argentina\/2024-10-25\/ricardo-quintela-el-peronista-que-desafia-a-cristina-kirchner.html\" data-link-track-dtm=\"\" data-mrf-link=\"https:\/\/elpais.com\/argentina\/2024-10-25\/ricardo-quintela-el-peronista-que-desafia-a-cristina-kirchner.html\">vio su autoridad cuestionada meses atr\u00e1s por un gobernador menor, el riojano Ricardo Quintela<\/a>, pero sali\u00f3 airosa. La jugada de quien fue su \u00faltimo ministro de Econom\u00eda supone un desaf\u00edo mucho mayor. Los obligar\u00e1 a negociar o a pagar el precio de una ruptura en los resultados electorales.<\/p>\n<p class=\"\">El Congreso argentino ha eliminado las elecciones primarias, lo que fuerza a los partidos pol\u00edticos a adelantar sus definiciones. A ocho meses de los comicios, Kirchner no sabe a\u00fan si el Senado aprobar\u00e1 la Ley de ficha limpia que la dejar\u00eda fuera de la carrera electoral por<a href=\"https:\/\/elpais.com\/argentina\/2024-11-13\/un-tribunal-de-apelaciones-ratifica-la-condena-a-seis-anos-de-carcel-contra-cristina-kirchner-por-corrupcion.html\" data-link-track-dtm=\"\" data-mrf-link=\"https:\/\/elpais.com\/argentina\/2024-11-13\/un-tribunal-de-apelaciones-ratifica-la-condena-a-seis-anos-de-carcel-contra-cristina-kirchner-por-corrupcion.html\">\u00a0su condena por corrupci\u00f3n en segunda instancia<\/a>.<\/p>\n<p class=\"\">Las encuestas dan como favorito al partido de Milei, La Libertad Avanza, que apuesta a gobernar la segunda mitad de mandato reforzado en las dos c\u00e1maras legislativas. Cualquier divisi\u00f3n del peronismo en las urnas debilitar\u00eda a\u00fan m\u00e1s al gran partido opositor.<\/p>\n","protected":false},"excerpt":{"rendered":"<p>&nbsp; &nbsp; &#8211; La corrupta y convicta expresidente guarda silencio sobre la decisi\u00f3n de su compinche Axel Kicillof de lanzar un espacio propio en el&hellip;<\/p>\n","protected":false},"author":99,"featured_media":528956,"comment_status":"open","ping_status":"open","sticky":false,"template":"","format":"standard","meta":{"footnotes":""},"categories":[23],"tags":[],"class_list":["post-528955","post","type-post","status-publish","format-standard","has-post-thumbnail","hentry","category-latinoamerica"],"_links":{"self":[{"href":"https:\/\/diarioelpopular.com\/index.php\/wp-json\/wp\/v2\/posts\/528955","targetHints":{"allow":["GET"]}}],"collection":[{"href":"https:\/\/diarioelpopular.com\/index.php\/wp-json\/wp\/v2\/posts"}],"about":[{"href":"https:\/\/diarioelpopular.com\/index.php\/wp-json\/wp\/v2\/types\/post"}],"author":[{"embeddable":true,"href":"https:\/\/diarioelpopular.com\/index.php\/wp-json\/wp\/v2\/users\/99"}],"replies":[{"embeddable":true,"href":"https:\/\/diarioelpopular.com\/index.php\/wp-json\/wp\/v2\/comments?post=528955"}],"version-history":[{"count":1,"href":"https:\/\/diarioelpopular.com\/index.php\/wp-json\/wp\/v2\/posts\/528955\/revisions"}],"predecessor-version":[{"id":528957,"href":"https:\/\/diarioelpopular.com\/index.php\/wp-json\/wp\/v2\/posts\/528955\/revisions\/528957"}],"wp:featuredmedia":[{"embeddable":true,"href":"https:\/\/diarioelpopular.com\/index.php\/wp-json\/wp\/v2\/media\/528956"}],"wp:attachment":[{"href":"https:\/\/diarioelpopular.com\/index.php\/wp-json\/wp\/v2\/media?parent=528955"}],"wp:term":[{"taxonomy":"category","embeddable":true,"href":"https:\/\/diarioelpopular.com\/index.php\/wp-json\/wp\/v2\/categories?post=528955"},{"taxonomy":"post_tag","embeddable":true,"href":"https:\/\/diarioelpopular.com\/index.php\/wp-json\/wp\/v2\/tags?post=528955"}],"curies":[{"name":"wp","href":"https:\/\/api.w.org\/{rel}","templated":true}]}}