{"id":528959,"date":"2025-02-25T09:59:09","date_gmt":"2025-02-25T13:59:09","guid":{"rendered":"https:\/\/diarioelpopular.com\/?p=528959"},"modified":"2025-02-25T09:59:09","modified_gmt":"2025-02-25T13:59:09","slug":"la-administracion-trump-lanza-una-ofensiva-para-deportar-a-los-menores-indocumentados-que-entraron-solos","status":"publish","type":"post","link":"https:\/\/diarioelpopular.com\/index.php\/2025\/02\/25\/la-administracion-trump-lanza-una-ofensiva-para-deportar-a-los-menores-indocumentados-que-entraron-solos\/","title":{"rendered":"La Administraci\u00f3n Trump lanza una ofensiva para deportar a los menores indocumentados que entraron solos"},"content":{"rendered":"<div id=\"attachment_528960\" style=\"width: 1210px\" class=\"wp-caption alignnone\"><img loading=\"lazy\" decoding=\"async\" aria-describedby=\"caption-attachment-528960\" class=\"wp-image-528960 size-custom-big-size\" src=\"https:\/\/diarioelpopular.com\/wp-content\/uploads\/2025\/02\/Screen-Shot-2025-02-25-at-8.58.31-AM-1200x808.png\" alt=\"\" width=\"1200\" height=\"808\" srcset=\"https:\/\/diarioelpopular.com\/wp-content\/uploads\/2025\/02\/Screen-Shot-2025-02-25-at-8.58.31-AM-1200x808.png 1200w, https:\/\/diarioelpopular.com\/wp-content\/uploads\/2025\/02\/Screen-Shot-2025-02-25-at-8.58.31-AM-300x202.png 300w, https:\/\/diarioelpopular.com\/wp-content\/uploads\/2025\/02\/Screen-Shot-2025-02-25-at-8.58.31-AM-768x517.png 768w, https:\/\/diarioelpopular.com\/wp-content\/uploads\/2025\/02\/Screen-Shot-2025-02-25-at-8.58.31-AM-636x428.png 636w, https:\/\/diarioelpopular.com\/wp-content\/uploads\/2025\/02\/Screen-Shot-2025-02-25-at-8.58.31-AM-80x55.png 80w, https:\/\/diarioelpopular.com\/wp-content\/uploads\/2025\/02\/Screen-Shot-2025-02-25-at-8.58.31-AM-108x73.png 108w, https:\/\/diarioelpopular.com\/wp-content\/uploads\/2025\/02\/Screen-Shot-2025-02-25-at-8.58.31-AM.png 1024w\" sizes=\"auto, (max-width: 1200px) 100vw, 1200px\" \/><p id=\"caption-attachment-528960\" class=\"wp-caption-text\">Un agente de la Patrulla Fronteriza entrevista a un menor para trasladarlo a un centro de procesamiento de inmigrantes en Yuma, Arizona, el 9 de diciembre de 2021. John Moore (Getty Images)<\/p><\/div>\n<p>&nbsp;<\/p>\n<p>&nbsp;<\/p>\n<h4 class=\"a_st\"><em>&#8211; Los defensores de los migrantes denuncian la campa\u00f1a contra los ni\u00f1os y creen que el objetivo real podr\u00edan ser los familiares que los acogen<\/em><\/h4>\n<p>&nbsp;<\/p>\n<p class=\"\">La ofensiva de la Administraci\u00f3n Trump contra los migrantes indocumentados tambi\u00e9n incluye a los ni\u00f1os que llegaron solos al pa\u00eds como uno de sus objetivos de deportaci\u00f3n. Mientras desde el Gobierno se afirma que\u00a0<a href=\"https:\/\/elpais.com\/us\/migracion\/2025-02-24\/los-datos-contradicen-a-trump-las-detenciones-y-deportaciones-de-migrantes-no-se-limitan-a-los-delincuentes.html\" data-link-track-dtm=\"\" data-mrf-link=\"https:\/\/elpais.com\/us\/migracion\/2025-02-24\/los-datos-contradicen-a-trump-las-detenciones-y-deportaciones-de-migrantes-no-se-limitan-a-los-delincuentes.html\">la prioridad de su campa\u00f1a es expulsar a los delincuentes,<\/a>\u00a0las directrices que llegan desde el Ejecutivo contradicen su discurso. Seg\u00fan un memorando obtenido por la agencia Reuters, los agentes de ICE (Servicio de Inmigraci\u00f3n y Control de Aduanas) deber\u00e1n seguir el rastro de los menores no acompa\u00f1ados para determinar si se les cita en los tribunales o si se les deporta, en caso de que reciban una orden de expulsi\u00f3n.<\/p>\n<p class=\"\">Seg\u00fan datos oficiales, desde 2019 m\u00e1s de 600.000 ni\u00f1os han cruzado la frontera de Estados Unidos con M\u00e9xico sin la compa\u00f1\u00eda de sus progenitores en medio del aumento de cruces ilegales de los \u00faltimos a\u00f1os. Un informe del a\u00f1o pasado calcula que, de ellos,\u00a0<a href=\"https:\/\/elpais.com\/us\/2024-08-22\/estados-unidos-admite-haber-perdido-la-pista-de-32000-menores-migrantes-no-acompanados.html\" data-link-track-dtm=\"\" data-mrf-link=\"https:\/\/elpais.com\/us\/2024-08-22\/estados-unidos-admite-haber-perdido-la-pista-de-32000-menores-migrantes-no-acompanados.html\">unos 32.000 est\u00e1n en paradero desconocido<\/a>\u00a0porque no acudieron a sus citas con los tribunales, aunque se prev\u00e9 que el n\u00famero sea mucho mayor porque unos 290.000 no han recibido a\u00fan una cita de la corte.<\/p>\n<p class=\"\">\u201cMientras la Administraci\u00f3n anuncia un plan para acelerar los procedimientos de cientos de miles de ni\u00f1os, cuyos documentos parecen haber sido perdidos o extraviados por el Departamento de Seguridad Nacional en el pasado, no debe socavar el derecho de los menores a participar en sus procedimientos judiciales acelerando sus deportaciones o neg\u00e1ndoles asistencia legal. Privar a los ni\u00f1os de protecci\u00f3n legal y acelerar las deportaciones solo los hace m\u00e1s vulnerables a las amenazas como la explotaci\u00f3n o la trata y al mismo da\u00f1o del que se les quiere proteger\u201d, afirma Shaina Aber, directora ejecutiva del Centro para la Justicia Acacia, organizaci\u00f3n que representa a unos 26.000 ni\u00f1os no acompa\u00f1ados.<\/p>\n<p class=\"\">Prevenir el riesgo de que los menores caigan en manos de las redes de tr\u00e1fico de personas es una de las razones que el Gobierno ha dado para justificar la b\u00fasqueda de los ni\u00f1os. Desde las organizaciones de defensa de los migrantes, sin embargo, ven contradictorio que si se quiere proteger a los ni\u00f1os se adopten iniciativas como la de la semana pasada,\u00a0<a href=\"https:\/\/elpais.com\/us\/migracion\/2025-02-20\/trump-extiende-su-cruzada-antimigrante-a-los-ninos-el-gobierno-retira-la-representacion-legal-a-los-menores-no-acompanados.html\" data-link-track-dtm=\"\" data-mrf-link=\"https:\/\/elpais.com\/us\/migracion\/2025-02-20\/trump-extiende-su-cruzada-antimigrante-a-los-ninos-el-gobierno-retira-la-representacion-legal-a-los-menores-no-acompanados.html\">que retiraba la representaci\u00f3n legal de los ni\u00f1os en las cortes de inmigraci\u00f3n<\/a>. Una pol\u00e9mica medida que provoc\u00f3 duras cr\u00edticas de los defensores de los menores y desencaden\u00f3 un aluvi\u00f3n de cartas de protesta dirigidas al Congreso. Tres d\u00edas despu\u00e9s,\u00a0<a href=\"https:\/\/elpais.com\/us\/migracion\/2025-02-21\/trump-da-marcha-atras-en-la-prohibicion-que-dejaba-a-los-migrantes-menores-no-acompanados-sin-representacion-legal.html\" data-link-track-dtm=\"\" data-mrf-link=\"https:\/\/elpais.com\/us\/migracion\/2025-02-21\/trump-da-marcha-atras-en-la-prohibicion-que-dejaba-a-los-migrantes-menores-no-acompanados-sin-representacion-legal.html\">la Administraci\u00f3n dio marcha atr\u00e1s\u00a0<\/a>y la orden qued\u00f3 sin efecto.<\/p>\n<p class=\"\">Seg\u00fan el nuevo memorando, \u201clos agentes de ICE determinar\u00e1n c\u00f3mo localizar, establecer contacto y entregar los documentos de inmigraci\u00f3n seg\u00fan corresponda a los objetivos individuales, al realizar las operaciones de aplicaci\u00f3n de la ley\u201d, que involucren a ni\u00f1os no acompa\u00f1ados.<\/p>\n<p class=\"\">ICE afirma haber recopilado datos de varias fuentes y clasifica a los menores en tres grupos: \u201criesgo de fuga\u201d, \u201cseguridad p\u00fablica\u201d y \u201cseguridad fronteriza\u201d. La orden es que los agentes se centren en los ni\u00f1os considerados en \u201criesgo de fuga\u201d, incluidos los que se orden\u00f3 deportar por faltar a audiencias judiciales y los que fueron entregados a patrocinadores que no son parientes consangu\u00edneos.<\/p>\n<p class=\"\">Una vez que los menores son\u00a0<a href=\"https:\/\/elpais.com\/us\/migracion\/2024-12-04\/texas-alerta-del-aumento-de-ninos-solos-en-la-frontera.html\" data-link-track-dtm=\"\" data-mrf-link=\"https:\/\/elpais.com\/us\/migracion\/2024-12-04\/texas-alerta-del-aumento-de-ninos-solos-en-la-frontera.html\">localizados por la Patrulla Fronteriza,<\/a>\u00a0son entregados a la Oficina de Reasentamiento de Refugiados (ORR), dependiente del Departamento de Salud y Servicios Sociales.<\/p>\n<p class=\"\">Desde el ORR, son transferidos a los familiares o patrocinadores, si es que aceptan hacerse cargo de ellos. En muchos casos, quienes van a acogerlos son tambi\u00e9n migrantes indocumentados, en el centro de los planes de deportaci\u00f3n masiva de Trump.<\/p>\n<p class=\"\">\u201cA menudo, los ni\u00f1os no acompa\u00f1ados son entregados a hogares donde viven sus familiares u otras personas que no tienen estatus legal, son inmigrantes no autorizados. Decir que est\u00e1n tratando de encontrar a estos ni\u00f1os podr\u00eda ser en realidad un intento de localizar a otras personas en estos hogares\u201d, apunta Kathleen Bush-Joseph, abogada del Instituto de Pol\u00edticas Migratorias (MPI).<\/p>\n<p class=\"\">El 14 de febrero, la Administraci\u00f3n orden\u00f3 que se tomen las huellas digitales de todos los adultos que residan en los hogares de acogida de los menores y se comparta su estatus migratorio. Los expertos en inmigraci\u00f3n opinan que la medida va a perjudicar a los ni\u00f1os, porque desincentiva a los familiares a acogerlos. Adem\u00e1s, desalienta que acudan a sus citas de la corte, favoreciendo que se emita una orden de deportaci\u00f3n.<\/p>\n<p class=\"\">\u201cDurante la primera Administraci\u00f3n Trump, cuando hicieron lo mismo, los ni\u00f1os terminaron languideciendo en detenci\u00f3n porque sus patrocinadores ten\u00edan miedo de acercarse y recogerlos\u201d, explica Bush-Joseph.<\/p>\n<p class=\"\"><a href=\"https:\/\/acf.gov\/orr\/about\/ucs\/facts-and-data\" target=\"_blank\" rel=\"noopener\" data-link-track-dtm=\"\" data-mrf-link=\"https:\/\/acf.gov\/orr\/about\/ucs\/facts-and-data\">En 2024 se contabilizaron<\/a>\u00a098.536 ni\u00f1os bajo custodia del ORR, menos de los 118.938 de 2023 y 12.904 de 2022, pero muy superiores a la media anual del primer mandato de Trump, que solo en 2019 super\u00f3 los 50.000.<\/p>\n<p class=\"\">El 32% de los menores no acompa\u00f1ados llegados en 2024 proced\u00eda de Guatemala; un 20%, de M\u00e9xico; otro 20%, de Honduras, y un 8%, de El Salvador. Las familias env\u00edan a los ni\u00f1os solos a Estados Unidos huyendo de la situaci\u00f3n de pobreza y violencia de sus pa\u00edses con la esperanza de que tengan un futuro mejor.<\/p>\n<p class=\"\">Cada a\u00f1o se producen miles de \u00f3rdenes de expulsi\u00f3n de menores, pero su proceso de deportaci\u00f3n es m\u00e1s lento que el de los adultos porque antes de llegar a un juez de inmigraci\u00f3n debe pasar un procedimiento administrativo en USCIS (Servicio de Ciudadan\u00eda e Inmigraci\u00f3n de Estados Unidos). Debido al atasco de los tribunales, que tiene casi 4.000 casos pendientes, los sumarios de deportaci\u00f3n se demoran una media de 1.200 d\u00edas y muchos de los que entraron siendo menores de edad se convierten en adultos durante el proceso. Un tercio de los ni\u00f1os que cruzaron la frontera el a\u00f1o pasado era mayor de 17 a\u00f1os.<\/p>\n<p class=\"\">Si los menores no son recibidos por ning\u00fan familiar, permanecen en los centros de acogida p\u00fablicos. En cuanto cumplen 18 a\u00f1os, pueden ser transferidos a ICE, lo que aumenta las posibilidades de que sean detenidos y deportados.<\/p>\n","protected":false},"excerpt":{"rendered":"<p>&nbsp; &nbsp; &#8211; Los defensores de los migrantes denuncian la campa\u00f1a contra los ni\u00f1os y creen que el objetivo real podr\u00edan ser los familiares que&hellip;<\/p>\n","protected":false},"author":99,"featured_media":528960,"comment_status":"open","ping_status":"open","sticky":false,"template":"","format":"standard","meta":{"footnotes":""},"categories":[24],"tags":[],"class_list":["post-528959","post","type-post","status-publish","format-standard","has-post-thumbnail","hentry","category-mundo"],"_links":{"self":[{"href":"https:\/\/diarioelpopular.com\/index.php\/wp-json\/wp\/v2\/posts\/528959","targetHints":{"allow":["GET"]}}],"collection":[{"href":"https:\/\/diarioelpopular.com\/index.php\/wp-json\/wp\/v2\/posts"}],"about":[{"href":"https:\/\/diarioelpopular.com\/index.php\/wp-json\/wp\/v2\/types\/post"}],"author":[{"embeddable":true,"href":"https:\/\/diarioelpopular.com\/index.php\/wp-json\/wp\/v2\/users\/99"}],"replies":[{"embeddable":true,"href":"https:\/\/diarioelpopular.com\/index.php\/wp-json\/wp\/v2\/comments?post=528959"}],"version-history":[{"count":1,"href":"https:\/\/diarioelpopular.com\/index.php\/wp-json\/wp\/v2\/posts\/528959\/revisions"}],"predecessor-version":[{"id":528961,"href":"https:\/\/diarioelpopular.com\/index.php\/wp-json\/wp\/v2\/posts\/528959\/revisions\/528961"}],"wp:featuredmedia":[{"embeddable":true,"href":"https:\/\/diarioelpopular.com\/index.php\/wp-json\/wp\/v2\/media\/528960"}],"wp:attachment":[{"href":"https:\/\/diarioelpopular.com\/index.php\/wp-json\/wp\/v2\/media?parent=528959"}],"wp:term":[{"taxonomy":"category","embeddable":true,"href":"https:\/\/diarioelpopular.com\/index.php\/wp-json\/wp\/v2\/categories?post=528959"},{"taxonomy":"post_tag","embeddable":true,"href":"https:\/\/diarioelpopular.com\/index.php\/wp-json\/wp\/v2\/tags?post=528959"}],"curies":[{"name":"wp","href":"https:\/\/api.w.org\/{rel}","templated":true}]}}