{"id":528963,"date":"2025-02-25T10:50:03","date_gmt":"2025-02-25T14:50:03","guid":{"rendered":"https:\/\/diarioelpopular.com\/?p=528963"},"modified":"2025-02-25T10:50:03","modified_gmt":"2025-02-25T14:50:03","slug":"el-dilema-de-sheinbaum-tras-la-carta-del-mayo-intervenir-en-el-caso-o-contener-a-trump","status":"publish","type":"post","link":"https:\/\/diarioelpopular.com\/index.php\/2025\/02\/25\/el-dilema-de-sheinbaum-tras-la-carta-del-mayo-intervenir-en-el-caso-o-contener-a-trump\/","title":{"rendered":"El dilema de Sheinbaum tras la carta del Mayo: intervenir en el caso o contener a Trump"},"content":{"rendered":"<div id=\"attachment_528964\" style=\"width: 1210px\" class=\"wp-caption alignnone\"><img loading=\"lazy\" decoding=\"async\" aria-describedby=\"caption-attachment-528964\" class=\"wp-image-528964 size-custom-big-size\" src=\"https:\/\/diarioelpopular.com\/wp-content\/uploads\/2025\/02\/Screen-Shot-2025-02-25-at-9.49.23-AM-1200x817.png\" alt=\"\" width=\"1200\" height=\"817\" srcset=\"https:\/\/diarioelpopular.com\/wp-content\/uploads\/2025\/02\/Screen-Shot-2025-02-25-at-9.49.23-AM-1200x817.png 1200w, https:\/\/diarioelpopular.com\/wp-content\/uploads\/2025\/02\/Screen-Shot-2025-02-25-at-9.49.23-AM-300x204.png 300w, https:\/\/diarioelpopular.com\/wp-content\/uploads\/2025\/02\/Screen-Shot-2025-02-25-at-9.49.23-AM-768x523.png 768w, https:\/\/diarioelpopular.com\/wp-content\/uploads\/2025\/02\/Screen-Shot-2025-02-25-at-9.49.23-AM-636x433.png 636w, https:\/\/diarioelpopular.com\/wp-content\/uploads\/2025\/02\/Screen-Shot-2025-02-25-at-9.49.23-AM-80x55.png 80w, https:\/\/diarioelpopular.com\/wp-content\/uploads\/2025\/02\/Screen-Shot-2025-02-25-at-9.49.23-AM-107x73.png 107w, https:\/\/diarioelpopular.com\/wp-content\/uploads\/2025\/02\/Screen-Shot-2025-02-25-at-9.49.23-AM.png 1024w\" sizes=\"auto, (max-width: 1200px) 100vw, 1200px\" \/><p id=\"caption-attachment-528964\" class=\"wp-caption-text\">Claudia Sheinbaum este lunes en la conferencia matutina en Palacio Nacional. Jos\u00e9 M\u00e9ndez (EFE)<\/p><\/div>\n<p>&nbsp;<\/p>\n<p>&nbsp;<\/p>\n<h4 class=\"a_st\"><em>La presidente niega que el escrito del capo sea una amenaza contra su Gobierno y analiza el margen de maniobra para responder a la solicitud de repatriaci\u00f3n, argumentando la defensa de la soberan\u00eda y la protecci\u00f3n consular<\/em><\/h4>\n<p>&nbsp;<\/p>\n<p class=\"\">Intervenir en el caso o privilegiar la cautela en la relaci\u00f3n con Estados Unidos. Ese es el dilema que enfrenta la presidente de M\u00e9xico, Claudia Sheinbaum, en medio de la pol\u00e9mica por\u00a0<a href=\"https:\/\/elpais.com\/mexico\/2025-02-21\/el-mayo-zambada-exige-su-repatriacion-a-mexico-estados-unidos-carece-de-la-legitimidad-para-imponerme-la-pena-de-muerte.html\" data-link-track-dtm=\"\" data-mrf-link=\"https:\/\/elpais.com\/mexico\/2025-02-21\/el-mayo-zambada-exige-su-repatriacion-a-mexico-estados-unidos-carece-de-la-legitimidad-para-imponerme-la-pena-de-muerte.html\">la \u00faltima carta de Ismael\u00a0<i>El Mayo<\/i>\u00a0Zambada<\/a>. Este martes se cumple el plazo que pidi\u00f3 la mandataria para responder a la solicitud de repatriaci\u00f3n del antiguo l\u00edder y fundador del\u00a0<a href=\"https:\/\/elpais.com\/mexico\/2025-02-14\/mas-alla-de-los-narcos-de-sinaloa-y-jalisco-la-lista-negra-de-trump-incluye-a-seis-carteles-mexicanos-como-terroristas.html\" data-link-track-dtm=\"\" data-mrf-link=\"https:\/\/elpais.com\/mexico\/2025-02-14\/mas-alla-de-los-narcos-de-sinaloa-y-jalisco-la-lista-negra-de-trump-incluye-a-seis-carteles-mexicanos-como-terroristas.html\">Cartel de Sinaloa<\/a>, alegando\u00a0<a href=\"https:\/\/elpais.com\/mexico\/2025-02-22\/la-ultima-jugada-de-el-mayo-zambada-desde-la-carcel-pena-de-muerte-soberania-y-un-nuevo-golpe-mediatico.html\" data-link-track-dtm=\"\" data-mrf-link=\"https:\/\/elpais.com\/mexico\/2025-02-22\/la-ultima-jugada-de-el-mayo-zambada-desde-la-carcel-pena-de-muerte-soberania-y-un-nuevo-golpe-mediatico.html\">violaciones al debido proceso y que su detenci\u00f3n fue \u201cilegal\u201d<\/a>.<\/p>\n<p class=\"\">Sheinbaum ha declarado que Zambada tiene un punto de raz\u00f3n al reclamar que su captura supuso una violaci\u00f3n a la soberan\u00eda del pa\u00eds, pero a\u00fan analiza el margen de maniobra para tratar el asunto en medio de las presiones permanentes de\u00a0<a href=\"https:\/\/elpais.com\/mexico\/2025-02-19\/trump-justifica-las-operaciones-de-vigilancia-en-la-frontera-mexico-esta-gobernado-por-los-carteles.html\" data-link-track-dtm=\"\" data-mrf-link=\"https:\/\/elpais.com\/mexico\/2025-02-19\/trump-justifica-las-operaciones-de-vigilancia-en-la-frontera-mexico-esta-gobernado-por-los-carteles.html\">Donald Trump<\/a>\u00a0para endurecer el combate a la delincuencia organizada. El escrito del Mayo tambi\u00e9n ha abierto un frente interno, entre quienes leen la misiva como una \u201camenaza\u201d del capo, consideran inaceptable que el Gobierno mexicano d\u00e9 entrada a la petici\u00f3n y sectores que han visto una oportunidad pol\u00edtica para criticar la posici\u00f3n de las autoridades.<\/p>\n<p class=\"\">\u201cNo caemos en chantajes ni en amenazas\u201d, afirm\u00f3 Sheinbaum en su conferencia de prensa del lunes. Despu\u00e9s de que la carta saliera a la luz el pasado viernes, la presidente anticip\u00f3 los cuestionamientos y afirm\u00f3 que la posibilidad de que su Gobierno intervenga no debe interpretarse como una defensa del capo, sino como un caso de protecci\u00f3n consular. \u201cM\u00e1s all\u00e1 de esta persona y los delitos que haya cometido, el asunto es el derecho de un ciudadano mexicano frente a ser juzgado all\u00e1, sin haber seguido todo el procedimiento\u201d, asegur\u00f3 la presidente y pidi\u00f3 tiempo para consultar el asunto con la Fiscal\u00eda General de la Rep\u00fablica (FGR) antes de dar su respuesta final.<\/p>\n<p class=\"\">\u201cEl Estado mexicano tiene la obligaci\u00f3n ineludible, inmediata y categ\u00f3rica de intervenir de manera activa y contundente en la defensa de mis derechos humanos, de mi soberan\u00eda como ciudadano mexicano y de la soberan\u00eda de M\u00e9xico como Estado, en virtud de que mi traslado a Estados Unidos fue producto de un secuestro transfronterizo\u201d, afirm\u00f3 Zambada en su segunda carta. Tras su captura a finales de julio pasado, El Mayo asegur\u00f3 un par de semanas m\u00e1s tarde\u00a0<a href=\"https:\/\/elpais.com\/mexico\/2024-08-10\/el-mayo-afirma-en-una-carta-que-fue-secuestrado-cuando-iba-a-encontrarse-con-el-gobernador-de-sinaloa.html\" data-link-track-dtm=\"\" data-mrf-link=\"https:\/\/elpais.com\/mexico\/2024-08-10\/el-mayo-afirma-en-una-carta-que-fue-secuestrado-cuando-iba-a-encontrarse-con-el-gobernador-de-sinaloa.html\">en un primer escrito desde la c\u00e1rcel\u00a0<\/a>que fue traicionado por\u00a0<a href=\"https:\/\/elpais.com\/mexico\/2024-08-22\/la-fgr-acusa-a-joaquin-guzman-lopez-del-secuestro-de-el-mayo.html\" data-link-track-dtm=\"\" data-mrf-link=\"https:\/\/elpais.com\/mexico\/2024-08-22\/la-fgr-acusa-a-joaquin-guzman-lopez-del-secuestro-de-el-mayo.html\">Joaqu\u00edn Guzm\u00e1n L\u00f3pez, su ahijado e hijo del Chapo<\/a>, y entregado a las autoridades estadounidenses contra su voluntad.<\/p>\n<p class=\"\">Adem\u00e1s del secuestro, El Mayo y su equipo legal argumentan que si el Gobierno mexicano no act\u00faa y fija l\u00edmites a los operativos extraterritoriales de Estados Unidos en la guerra contra las drogas se puede sentar \u201cun precedente peligroso\u201d para que Washington tome acciones similares contra otros ciudadanos mexicanos, incluso \u201cpol\u00edticos y funcionarios\u201d. Tambi\u00e9n denuncian la posibilidad de que se aplique la pena de muerte en su caso, bajo el argumento de que la acusaci\u00f3n de tr\u00e1fico de fentanilo constituye un delito de lesa humanidad.<\/p>\n<p>&nbsp;<\/p>\n<figure class=\"a_m a_m-h \"><span class=\"_db a_m_w _pr lb_btn\"><img loading=\"lazy\" decoding=\"async\" class=\"_re lazyload a_m-h\" src=\"https:\/\/imagenes.elpais.com\/resizer\/v2\/MVR5C4ROE5LRP7RB2FFSCHCXSQ.jpg?auth=9b1acdfbacb61482074440e7162d965a0553e29172316e4b2de6ec78846d9baa&amp;width=414\" sizes=\"auto, (min-width:1199px) 1155px,(min-width:1001px) calc(100vw - 44px),(min-width:768px) 767px, 100vw\" srcset=\"https:\/\/imagenes.elpais.com\/resizer\/v2\/MVR5C4ROE5LRP7RB2FFSCHCXSQ.jpg?auth=9b1acdfbacb61482074440e7162d965a0553e29172316e4b2de6ec78846d9baa&amp;width=414 414w,https:\/\/imagenes.elpais.com\/resizer\/v2\/MVR5C4ROE5LRP7RB2FFSCHCXSQ.jpg?auth=9b1acdfbacb61482074440e7162d965a0553e29172316e4b2de6ec78846d9baa&amp;width=828 640w,https:\/\/imagenes.elpais.com\/resizer\/v2\/MVR5C4ROE5LRP7RB2FFSCHCXSQ.jpg?auth=9b1acdfbacb61482074440e7162d965a0553e29172316e4b2de6ec78846d9baa&amp;width=980 1000w,https:\/\/imagenes.elpais.com\/resizer\/v2\/MVR5C4ROE5LRP7RB2FFSCHCXSQ.jpg?auth=9b1acdfbacb61482074440e7162d965a0553e29172316e4b2de6ec78846d9baa&amp;width=1960 1960w\" alt=\"Miembros de la Guardia Nacional de Texas en el Aeropuerto Internacional de McAllen para ayudar en la seguridad a lo largo de la frontera con M\u00e9xico, en enero pasado.\" width=\"414\" height=\"269\" \/><\/span><figcaption class=\"a_m_p\">Miembros de la Guardia Nacional de Texas en el Aeropuerto Internacional de McAllen para ayudar en la seguridad a lo largo de la frontera con M\u00e9xico, en enero pasado.<span class=\"a_m_m\">Daniel Becerril (REUTERS)<\/span><\/figcaption><\/figure>\n<p>&nbsp;<\/p>\n<p class=\"\">\u201c[El Estado mexicano] debe intervenir a fin de que el presente asunto no resulte en un colapso en la relaci\u00f3n bilateral\u201d, se lee en una de las l\u00edneas m\u00e1s controvertidas de la misiva. Durante meses se ha hablado de la posibilidad de que El Mayo, con\u00a0<a href=\"https:\/\/elpais.com\/mexico\/2024-08-25\/la-caida-de-el-mayo-zambada-cronologia-del-escandalo-que-ha-cimbrado-a-mexico.html\" data-link-track-dtm=\"\" data-mrf-link=\"https:\/\/elpais.com\/mexico\/2024-08-25\/la-caida-de-el-mayo-zambada-cronologia-del-escandalo-que-ha-cimbrado-a-mexico.html\">una carrera criminal que se extiende por cinco d\u00e9cadas<\/a>, llegue a un acuerdo de colaboraci\u00f3n en Estados Unidos para revelar informaci\u00f3n sobre los v\u00ednculos entre muchos pol\u00edticos y el narco, las operaciones del Cartel de Sinaloa y detalles sobre sus rivales. Algunos comentaristas interpretan que Zambada amenaza con \u201ccolapsar\u201d la relaci\u00f3n de ambos pa\u00edses si dice todo lo que sabe.<\/p>\n<p class=\"\">Sin embargo, Juan Manuel Delgado Gonz\u00e1lez, su asesor legal en M\u00e9xico, asegura que el sentido de la carta se ha \u201ctergiversado\u201d. \u201cLa petici\u00f3n de repatriaci\u00f3n del se\u00f1or Zambada es un derecho leg\u00edtimo y no constituye, bajo ninguna circunstancia, una amenaza o chantaje hacia el Gobierno mexicano\u201d, se lee en una declaraci\u00f3n escrita. El equipo de Zambada reclama que Estados Unidos \u201ccarece de base legal v\u00e1lida para enjuiciarlo\u201d y exige que, en todo caso, su cliente deber\u00eda ser devuelto a territorio mexicano para que Washington tramite su extradici\u00f3n \u201cmediante los cauces legales correspondientes\u201d. Frank P\u00e9rez, el abogado del capo en Estados Unidos, dijo al periodista Ioan Grillo que su cliente a\u00fan no ha colaborado, pero que estar\u00eda dispuesto a declararse culpable porque no quiere ir a juicio.<\/p>\n<p class=\"\">En el escrito se menciona como antecedente el caso de\u00a0<a href=\"https:\/\/elpais.com\/diario\/1992\/12\/16\/internacional\/724460403_850215.html\" data-link-track-dtm=\"\" data-mrf-link=\"https:\/\/elpais.com\/diario\/1992\/12\/16\/internacional\/724460403_850215.html\">Humberto \u00c1lvarez Machain<\/a>, un m\u00e9dico acusado de la tortura y muerte del agente de la DEA Enrique\u00a0<i>Kiki<\/i>\u00a0Camarena. \u00c1lvarez Machain fue secuestrado en 1990, y juzgado y absuelto dos a\u00f1os m\u00e1s tarde en Estados Unidos por falta de pruebas. En 1993, el m\u00e9dico demand\u00f3 a las autoridades estadounidenses por las irregularidades en su detenci\u00f3n y el caso deton\u00f3 en la discusi\u00f3n entre ambos pa\u00edses de un tratado contra el secuestro trasfronterizo que, sin embargo, no fue ratificado por Washington. En 2003, el Supremo estadounidense emiti\u00f3 una opini\u00f3n adversa contra \u00c1lvarez Machain, argumentando que no hab\u00eda bases legales suficientes para que fuera indemnizado por las autoridades.<\/p>\n<p class=\"\">La carta fue entregada al consulado mexicano en Nueva York el pasado 20 de febrero, apenas un d\u00eda despu\u00e9s de que la Administraci\u00f3n de Trump designara a\u00a0<a href=\"https:\/\/elpais.com\/mexico\/2025-02-19\/estados-unidos-designa-como-organizaciones-terroristas-globales-a-seis-carteles-mexicanos-y-dos-pandillas.html\" data-link-track-dtm=\"\" data-mrf-link=\"https:\/\/elpais.com\/mexico\/2025-02-19\/estados-unidos-designa-como-organizaciones-terroristas-globales-a-seis-carteles-mexicanos-y-dos-pandillas.html\">seis carteles mexicanos, entre ellos el de Sinaloa, como organizaciones terroristas<\/a>. En medio de las preocupaciones por las implicaciones del decreto para la soberan\u00eda de M\u00e9xico,\u00a0<a href=\"https:\/\/elpais.com\/mexico\/2025-02-20\/sheinbaum-apela-a-la-soberania-tras-la-designacion-de-los-carteles-como-terroristas-con-mexico-es-colaboracion-no-injerencismo.html\" data-link-track-dtm=\"\" data-mrf-link=\"https:\/\/elpais.com\/mexico\/2025-02-20\/sheinbaum-apela-a-la-soberania-tras-la-designacion-de-los-carteles-como-terroristas-con-mexico-es-colaboracion-no-injerencismo.html\">Sheinbaum respondi\u00f3 con una iniciativa de reforma constitucional\u00a0<\/a>para imponer \u201cla pena m\u00e1s severa posible\u201d a agentes extranjeros que act\u00faen sin la autorizaciones de las autoridades. Entonces, como ahora con la carta del Mayo, uno de los riesgos pol\u00edticos es que la respuesta del Gobierno mexicano pueda interpretarse como una resistencia a la nueva campa\u00f1a de Trump contra las drogas o, en un extremo, como una defensa a los criminales.<\/p>\n<p class=\"\">A pesar de tener pocas probabilidades\u00a0<i>a priori<\/i>\u00a0en el \u00e1mbito legal, dado el propio viraje de mano dura de la Casa Blanca contra los carteles, la carta del Mayo es un asunto que se ha complicado para las autoridades mexicanas porque utiliza pr\u00e1cticamente los mismos argumentos que utiliz\u00f3 Sheinbaum para contestar a los embates y amenazas de Trump. Tambi\u00e9n ha sido un factor determinante que en el centro de la cuesti\u00f3n est\u00e9 uno de los narcotraficantes m\u00e1s conocidos del mundo y un objetivo prioritario para Washington durante d\u00e9cadas, y que todo el caso contra el capo haya estado marcado desde el principio por los esc\u00e1ndalos medi\u00e1ticos, la violencia en Sinaloa y las tensiones diplom\u00e1ticas.<\/p>\n<p class=\"\">En el \u00faltimo intento por politizar el caso, se ha intentado vincular a uno de los socios de Delgado Gonz\u00e1lez, Juan Pablo Penilla, con Morena, el partido en el Gobierno. \u201cNo lo conozco, hay una fotograf\u00eda ah\u00ed, pero ni siquiera s\u00e9 de d\u00f3nde es\u201d, asegur\u00f3 Sheinbaum, despu\u00e9s de que circulara una imagen de Penilla con ella, aparentemente en un acto de campa\u00f1a. El bloque gobernante ha respondido que el abogado tiene, en cambio, nexos con el opositor Partido Acci\u00f3n Nacional.<\/p>\n<p class=\"\">En ese contexto, la presidente intenta ver si puede encontrar un equilibrio que no comprometa los puentes que intenta construir con el Gobierno de Trump y, al mismo tiempo, le permita trazar l\u00edmites al nuevo cap\u00edtulo que el republicano quiere escribir en la guerra contra el narcotr\u00e1fico.<\/p>\n<p class=\"\">Tras semanas de estancamiento, el caso contra Zambada ha vuelto impactar de lleno en el p\u00fablico mexicano y se ha convertido en el \u00faltimo entuerto que enfrenta M\u00e9xico en su compleja relaci\u00f3n con Estados Unidos. La pr\u00f3xima audiencia del Mayo en la corte de Brooklyn, la misma que conden\u00f3 a\u00a0<a href=\"https:\/\/elpais.com\/mexico\/2024-10-28\/el-chapo-se-juega-sus-ultimas-cartas-desde-la-carcel-la-ineficiencia-de-mis-abogados-me-costo-mi-libertad.html\" data-link-track-dtm=\"\" data-mrf-link=\"https:\/\/elpais.com\/mexico\/2024-10-28\/el-chapo-se-juega-sus-ultimas-cartas-desde-la-carcel-la-ineficiencia-de-mis-abogados-me-costo-mi-libertad.html\">Joaqu\u00edn\u00a0<i>El Chapo<\/i>\u00a0Guzm\u00e1n<\/a>\u00a0a cadena perpetua en 2019, est\u00e1 prevista para el pr\u00f3ximo 22 de abril.<\/p>\n","protected":false},"excerpt":{"rendered":"<p>&nbsp; &nbsp; La presidente niega que el escrito del capo sea una amenaza contra su Gobierno y analiza el margen de maniobra para responder a&hellip;<\/p>\n","protected":false},"author":99,"featured_media":528964,"comment_status":"open","ping_status":"open","sticky":false,"template":"","format":"standard","meta":{"footnotes":""},"categories":[23],"tags":[],"class_list":["post-528963","post","type-post","status-publish","format-standard","has-post-thumbnail","hentry","category-latinoamerica"],"_links":{"self":[{"href":"https:\/\/diarioelpopular.com\/index.php\/wp-json\/wp\/v2\/posts\/528963","targetHints":{"allow":["GET"]}}],"collection":[{"href":"https:\/\/diarioelpopular.com\/index.php\/wp-json\/wp\/v2\/posts"}],"about":[{"href":"https:\/\/diarioelpopular.com\/index.php\/wp-json\/wp\/v2\/types\/post"}],"author":[{"embeddable":true,"href":"https:\/\/diarioelpopular.com\/index.php\/wp-json\/wp\/v2\/users\/99"}],"replies":[{"embeddable":true,"href":"https:\/\/diarioelpopular.com\/index.php\/wp-json\/wp\/v2\/comments?post=528963"}],"version-history":[{"count":1,"href":"https:\/\/diarioelpopular.com\/index.php\/wp-json\/wp\/v2\/posts\/528963\/revisions"}],"predecessor-version":[{"id":528965,"href":"https:\/\/diarioelpopular.com\/index.php\/wp-json\/wp\/v2\/posts\/528963\/revisions\/528965"}],"wp:featuredmedia":[{"embeddable":true,"href":"https:\/\/diarioelpopular.com\/index.php\/wp-json\/wp\/v2\/media\/528964"}],"wp:attachment":[{"href":"https:\/\/diarioelpopular.com\/index.php\/wp-json\/wp\/v2\/media?parent=528963"}],"wp:term":[{"taxonomy":"category","embeddable":true,"href":"https:\/\/diarioelpopular.com\/index.php\/wp-json\/wp\/v2\/categories?post=528963"},{"taxonomy":"post_tag","embeddable":true,"href":"https:\/\/diarioelpopular.com\/index.php\/wp-json\/wp\/v2\/tags?post=528963"}],"curies":[{"name":"wp","href":"https:\/\/api.w.org\/{rel}","templated":true}]}}