{"id":528968,"date":"2025-02-25T11:04:31","date_gmt":"2025-02-25T15:04:31","guid":{"rendered":"https:\/\/diarioelpopular.com\/?p=528968"},"modified":"2025-02-25T11:04:31","modified_gmt":"2025-02-25T15:04:31","slug":"bukele-abre-un-nuevo-ataque-contra-petro-se-toma-unos-tragos-y-provoca-una-crisis-geopolitica","status":"publish","type":"post","link":"https:\/\/diarioelpopular.com\/index.php\/2025\/02\/25\/bukele-abre-un-nuevo-ataque-contra-petro-se-toma-unos-tragos-y-provoca-una-crisis-geopolitica\/","title":{"rendered":"Bukele abre un nuevo ataque contra Petro: \u201cSe toma unos tragos y provoca una crisis geopol\u00edtica\u201d"},"content":{"rendered":"<div id=\"attachment_528969\" style=\"width: 1210px\" class=\"wp-caption alignnone\"><img loading=\"lazy\" decoding=\"async\" aria-describedby=\"caption-attachment-528969\" class=\"wp-image-528969 size-custom-big-size\" src=\"https:\/\/diarioelpopular.com\/wp-content\/uploads\/2025\/02\/Screen-Shot-2025-02-25-at-10.03.46-AM-1200x700.png\" alt=\"\" width=\"1200\" height=\"700\" srcset=\"https:\/\/diarioelpopular.com\/wp-content\/uploads\/2025\/02\/Screen-Shot-2025-02-25-at-10.03.46-AM-1200x700.png 1200w, https:\/\/diarioelpopular.com\/wp-content\/uploads\/2025\/02\/Screen-Shot-2025-02-25-at-10.03.46-AM-300x175.png 300w, https:\/\/diarioelpopular.com\/wp-content\/uploads\/2025\/02\/Screen-Shot-2025-02-25-at-10.03.46-AM-768x448.png 768w, https:\/\/diarioelpopular.com\/wp-content\/uploads\/2025\/02\/Screen-Shot-2025-02-25-at-10.03.46-AM-636x371.png 636w, https:\/\/diarioelpopular.com\/wp-content\/uploads\/2025\/02\/Screen-Shot-2025-02-25-at-10.03.46-AM-125x73.png 125w, https:\/\/diarioelpopular.com\/wp-content\/uploads\/2025\/02\/Screen-Shot-2025-02-25-at-10.03.46-AM.png 1024w\" sizes=\"auto, (max-width: 1200px) 100vw, 1200px\" \/><p id=\"caption-attachment-528969\" class=\"wp-caption-text\">Nayib Bukele durante la reuni\u00f3n con empresarios latinoamericanos, este domingo en San Salvador. Gobierno de El Salvador<\/p><\/div>\n<p>&nbsp;<\/p>\n<p>&nbsp;<\/p>\n<h4 class=\"a_st\"><em>&#8211; El presidente salvadore\u00f1o se reuni\u00f3 con empresarios latinoamericanos a los que invita a invertir en su pa\u00eds dada sus buenas relaciones con Donald Trump. El magnate mexicano Carlos Slim y el economista brasilero Ilan Goldfajn, presidente del Banco Interamericano de Desarrollo, estaban en el auditorio en el que critic\u00f3 al ex dirigente terrorista mandatario colombiano<\/em><\/h4>\n<p>&nbsp;<\/p>\n<p class=\"\">La pelea p\u00fablica entre\u00a0<a href=\"https:\/\/elpais.com\/america-colombia\/2023-03-09\/bukele-vuelve-a-atacar-a-petro-en-twitter-no-es-su-hijo-el-que-hace-pactos-bajo-la-mesa.html\" data-link-track-dtm=\"\" data-mrf-link=\"https:\/\/elpais.com\/america-colombia\/2023-03-09\/bukele-vuelve-a-atacar-a-petro-en-twitter-no-es-su-hijo-el-que-hace-pactos-bajo-la-mesa.html\">Nayib Bukele y el izquierdista Gustavo Petro viene desde el 2023<\/a>\u00a0y este fin de semana abri\u00f3 un nuevo frente. El presidente de El Salvador se reuni\u00f3 el domingo con varios empresarios de Am\u00e9rica Latina, donde los invitaba a invertir en su pa\u00eds, en parte por las buenas relaciones que mantiene con el mandatario de Estados Unidos, Donald Trump.<\/p>\n<p class=\"\">En ese contexto, el presidente de derechas hizo un contraste con quien ya ha abierto varias peleas con el norteamericano, el presidente de izquierdas colombiano, Gustavo Petro. \u201cLe dec\u00eda a unos amigos empresarios de Colombia que debe ser un poco dif\u00edcil, que un d\u00eda est\u00e1n bien y al otro d\u00eda el presidente se toma un par de tragos m\u00e1s, y hay una crisis geopol\u00edtica\u201d, dijo Bukele. \u201cGracias a Dios yo no tomo y pues aqu\u00ed no pasa eso, aqu\u00ed tenemos una buena relaci\u00f3n con el Gobierno de Estados Unidos, la mejor seg\u00fan muchos periodistas norteamericanos\u201d. Las ventajas, dijo, del \u201d<i>friendshoring\u201d\u00a0<\/i>\u2014el comercio entre amigos\u2015.<\/p>\n<p class=\"\">Bukele se refiere a la crisis diplom\u00e1tica\u00a0<a href=\"https:\/\/elpais.com\/america-colombia\/2025-01-26\/trump-anuncia-aranceles-del-25-a-colombia-por-rechazar-el-aterrizaje-de-dos-vuelos-con-migrantes-deportados.html\" data-link-track-dtm=\"\" data-mrf-link=\"https:\/\/elpais.com\/america-colombia\/2025-01-26\/trump-anuncia-aranceles-del-25-a-colombia-por-rechazar-el-aterrizaje-de-dos-vuelos-con-migrantes-deportados.html\">entre Colombia y Estados Unidos<\/a>\u00a0a finales de enero cuando, en la madrugada de un domingo, Petro escribi\u00f3 en su cuenta de X que no permitir\u00eda la llegada de dos vuelos militares norteamericanos con colombianos deportados, que ya estaban camino a Bogot\u00e1. La raz\u00f3n: supuestamente le informaron que ven\u00edan en cadenas como si fueran criminales, cuando ninguno de ellos ten\u00eda cuentas con la justicia. Trump, cuya bandera pol\u00edtica es deportar a 11 millones de migrantes indocumentados, reaccion\u00f3 inmediatamente contra el\u00a0<i>trino<\/i>\u00a0y contra Colombia, que tradicionalmente ha sido el mayor aliado de Estados Unidos en Sudam\u00e9rica: de inmediato congel\u00f3 los procesos de visa en la embajada de\u00a0<a href=\"https:\/\/elpais.com\/america-colombia\/2025-01-26\/trump-anuncia-aranceles-del-25-a-colombia-por-rechazar-el-aterrizaje-de-dos-vuelos-con-migrantes-deportados.html\" data-link-track-dtm=\"\" data-mrf-link=\"https:\/\/elpais.com\/america-colombia\/2025-01-26\/trump-anuncia-aranceles-del-25-a-colombia-por-rechazar-el-aterrizaje-de-dos-vuelos-con-migrantes-deportados.html\">Estados Unidos, y anunci\u00f3 aumentar los aranceles en un 25%.<\/a>\u00a0La crisis se resolvi\u00f3 el mismo d\u00eda, despu\u00e9s de varias llamadas a Washington del entonces canciller, Luis Gilberto Murillo, y la mano derecha del presidente, Laura Sarabia, entre otros. Pero la experiencia dej\u00f3, en empresarios y ciudadanos, la evidencia de que las relaciones de los dos pa\u00edses pasan por su momento m\u00e1s fr\u00e1gil, uno que se puede quebrar con un trino de madrugada. La oposici\u00f3n especul\u00f3 que Petro hab\u00eda bebido antes de publicar en X, una acusaci\u00f3n para la que no hay evidencia.<\/p>\n<p class=\"\">El evento empresarial en el que Bukele critic\u00f3 a Petro se llama Encuentro Empresarial de Padres e Hijos 2025. El invitado m\u00e1s conocido es el magnate mexicano, Carlos Slim, que tuvo una conversaci\u00f3n personal con el presidente de El Salvador. Tambi\u00e9n estaban presentes, entre muchos otros, el economista brasilero\u00a0<a href=\"https:\/\/elpais.com\/america\/2024-08-24\/ilan-goldfajn-el-crimen-organizado-trabaja-sin-fronteras-hay-que-aliarse-para-quitarle-el-oxigeno.html\" target=\"_blank\" rel=\"noopener\" data-link-track-dtm=\"\" data-mrf-link=\"https:\/\/elpais.com\/america\/2024-08-24\/ilan-goldfajn-el-crimen-organizado-trabaja-sin-fronteras-hay-que-aliarse-para-quitarle-el-oxigeno.html\">Ilan Goldfajn, presidente del Banco Interamericano de Desarrollo<\/a>; la empresaria venezolana Claudia Capriles de Cisneros, de Delta Finance (<a href=\"https:\/\/www.revistavanityfair.es\/sociedad\/articulos\/boda-hija-ella-fontanals-cisneros-claudia-adrian-capriles\/43697\" target=\"_blank\" rel=\"noopener\" data-link-track-dtm=\"\" data-mrf-link=\"https:\/\/www.revistavanityfair.es\/sociedad\/articulos\/boda-hija-ella-fontanals-cisneros-claudia-adrian-capriles\/43697\">casada con un hermano del excandidato Henrique Capriles<\/a>); el empresario Jos\u00e9 Medina Ch\u00e1vez, del grupo automotor Fame; el banquero brasilero Ricardo Villela Marino, del banco Ita\u00fa; y uno de los due\u00f1os de la cadena alimenticia guatemalteca Pollo Campero, Juan Jos\u00e9 Guti\u00e9rrez Mayorga.<\/p>\n<p class=\"\">Bukele, un l\u00edder para la derecha colombiana y latinoamericana, comparte con Trump y Petro su inclinaci\u00f3n a las peleas p\u00fablicas por redes sociales. En\u00a0<a href=\"https:\/\/elpais.com\/america-colombia\/2023-03-09\/bukele-vuelve-a-atacar-a-petro-en-twitter-no-es-su-hijo-el-que-hace-pactos-bajo-la-mesa.html\" data-link-track-dtm=\"\" data-mrf-link=\"https:\/\/elpais.com\/america-colombia\/2023-03-09\/bukele-vuelve-a-atacar-a-petro-en-twitter-no-es-su-hijo-el-que-hace-pactos-bajo-la-mesa.html\">marzo del 2023<\/a>\u00a0escribi\u00f3 al colombiano v\u00eda X una frase que suena amable, pero estaba cargada de veneno. \u201c\u00bfTodo bien en casa?\u201d, se refer\u00eda a Nicol\u00e1s Petro, el primog\u00e9nito del mandatario se\u00f1alado de quedarse con unos cuantos millones de pesos que unos empresarios y otros de dudosa reputaci\u00f3n, le entregaron para la campa\u00f1a presidencial del padre en las elecciones del 2022. El colombiano no desperdici\u00f3 la oportunidad y devolvi\u00f3 el golpe se\u00f1alando la falta de derechos que tienen los criminales prisioneros en las c\u00e1rceles de El Salvador. \u201cEstimado presidente Nayib, todo bien en mi casa. Aqu\u00ed existe la presunci\u00f3n de inocencia, principio universal. Aqu\u00ed el presidente no destituye ni jueces, ni magistrados; lucha por una justicia m\u00e1s aut\u00f3noma y fuerte. Aqu\u00ed en Colombia profundizamos la democracia, no la destruimos\u201d, dijo. D\u00edas antes hab\u00edan peleado p\u00fablicamente cuando Bukele celebraba su pol\u00e9mica pol\u00edtica carcelaria, denunciada de violar varios derechos fundamentales de los detenidos, que Petro llam\u00f3 \u201cdantesca\u201d. Bukele le replic\u00f3 que Colombia vive una dura crisis de seguridad.<\/p>\n<p class=\"\">Las prisiones de Bukele est\u00e1n, precisamente, en el centro de las buenas relaciones entre Bukele y Trump. El 4 de febrero, el presidente de El Salvador\u00a0<a href=\"https:\/\/elpais.com\/america\/2025-02-04\/bukele-ofrece-a-trump-su-megacarcel-para-criminales-capturados-en-estados-unidos.html\" data-link-track-dtm=\"\" data-mrf-link=\"https:\/\/elpais.com\/america\/2025-02-04\/bukele-ofrece-a-trump-su-megacarcel-para-criminales-capturados-en-estados-unidos.html\">le ofreci\u00f3 al norteamericano<\/a>\u00a0una colaboraci\u00f3n para que criminales deportados desde Estados Unidos se alberguen en las megac\u00e1rceles del pa\u00eds centroamericano, sin importar su nacionalidad. Lo hizo durante la visita que hizo a El Salvador el secretario de Estado, Marco Rubio, en el que los dos pa\u00edses firmaron tambi\u00e9n un pacto de cooperaci\u00f3n para impulsar la energ\u00eda nuclear.<\/p>\n","protected":false},"excerpt":{"rendered":"<p>&nbsp; &nbsp; &#8211; El presidente salvadore\u00f1o se reuni\u00f3 con empresarios latinoamericanos a los que invita a invertir en su pa\u00eds dada sus buenas relaciones con&hellip;<\/p>\n","protected":false},"author":99,"featured_media":528969,"comment_status":"open","ping_status":"open","sticky":false,"template":"","format":"standard","meta":{"footnotes":""},"categories":[23],"tags":[],"class_list":["post-528968","post","type-post","status-publish","format-standard","has-post-thumbnail","hentry","category-latinoamerica"],"_links":{"self":[{"href":"https:\/\/diarioelpopular.com\/index.php\/wp-json\/wp\/v2\/posts\/528968","targetHints":{"allow":["GET"]}}],"collection":[{"href":"https:\/\/diarioelpopular.com\/index.php\/wp-json\/wp\/v2\/posts"}],"about":[{"href":"https:\/\/diarioelpopular.com\/index.php\/wp-json\/wp\/v2\/types\/post"}],"author":[{"embeddable":true,"href":"https:\/\/diarioelpopular.com\/index.php\/wp-json\/wp\/v2\/users\/99"}],"replies":[{"embeddable":true,"href":"https:\/\/diarioelpopular.com\/index.php\/wp-json\/wp\/v2\/comments?post=528968"}],"version-history":[{"count":1,"href":"https:\/\/diarioelpopular.com\/index.php\/wp-json\/wp\/v2\/posts\/528968\/revisions"}],"predecessor-version":[{"id":528970,"href":"https:\/\/diarioelpopular.com\/index.php\/wp-json\/wp\/v2\/posts\/528968\/revisions\/528970"}],"wp:featuredmedia":[{"embeddable":true,"href":"https:\/\/diarioelpopular.com\/index.php\/wp-json\/wp\/v2\/media\/528969"}],"wp:attachment":[{"href":"https:\/\/diarioelpopular.com\/index.php\/wp-json\/wp\/v2\/media?parent=528968"}],"wp:term":[{"taxonomy":"category","embeddable":true,"href":"https:\/\/diarioelpopular.com\/index.php\/wp-json\/wp\/v2\/categories?post=528968"},{"taxonomy":"post_tag","embeddable":true,"href":"https:\/\/diarioelpopular.com\/index.php\/wp-json\/wp\/v2\/tags?post=528968"}],"curies":[{"name":"wp","href":"https:\/\/api.w.org\/{rel}","templated":true}]}}