{"id":529000,"date":"2025-02-26T10:06:18","date_gmt":"2025-02-26T14:06:18","guid":{"rendered":"https:\/\/diarioelpopular.com\/?p=529000"},"modified":"2025-02-26T10:06:18","modified_gmt":"2025-02-26T14:06:18","slug":"apagon-masivo-en-chile-cuatro-millones-de-hogares-sin-luz-militares-en-las-calles-y-el-festival-de-vina-suspendido","status":"publish","type":"post","link":"https:\/\/diarioelpopular.com\/index.php\/2025\/02\/26\/apagon-masivo-en-chile-cuatro-millones-de-hogares-sin-luz-militares-en-las-calles-y-el-festival-de-vina-suspendido\/","title":{"rendered":"Apag\u00f3n masivo en Chile: cuatro millones de hogares sin luz, militares en las calles y el Festival de Vi\u00f1a suspendido"},"content":{"rendered":"<div id=\"attachment_529001\" style=\"width: 1210px\" class=\"wp-caption alignnone\"><img loading=\"lazy\" decoding=\"async\" aria-describedby=\"caption-attachment-529001\" class=\"wp-image-529001 size-custom-big-size\" src=\"https:\/\/diarioelpopular.com\/wp-content\/uploads\/2025\/02\/Screen-Shot-2025-02-26-at-9.05.16-AM-1200x554.png\" alt=\"\" width=\"1200\" height=\"554\" srcset=\"https:\/\/diarioelpopular.com\/wp-content\/uploads\/2025\/02\/Screen-Shot-2025-02-26-at-9.05.16-AM-1200x554.png 1200w, https:\/\/diarioelpopular.com\/wp-content\/uploads\/2025\/02\/Screen-Shot-2025-02-26-at-9.05.16-AM-300x139.png 300w, https:\/\/diarioelpopular.com\/wp-content\/uploads\/2025\/02\/Screen-Shot-2025-02-26-at-9.05.16-AM-768x355.png 768w, https:\/\/diarioelpopular.com\/wp-content\/uploads\/2025\/02\/Screen-Shot-2025-02-26-at-9.05.16-AM-636x294.png 636w, https:\/\/diarioelpopular.com\/wp-content\/uploads\/2025\/02\/Screen-Shot-2025-02-26-at-9.05.16-AM-146x67.png 146w, https:\/\/diarioelpopular.com\/wp-content\/uploads\/2025\/02\/Screen-Shot-2025-02-26-at-9.05.16-AM.png 1024w\" sizes=\"auto, (max-width: 1200px) 100vw, 1200px\" \/><p id=\"caption-attachment-529001\" class=\"wp-caption-text\">Una persona se alumbra con una vela en su casa durante el apag\u00f3n masivo en Chile, este martes.\u00a0 \u00a0 \u00a0 \u00a0 \u00a0 \u00a0 \u00a0 \u00a0 \u00a0 \u00a0 \u00a0 \u00a0 \u00a0 \u00a0 \u00a0 \u00a0 \u00a0 \u00a0 \u00a0 \u00a0 \u00a0 \u00a0 \u00a0 \u00a0 \u00a0 \u00a0 \u00a0Foto: Juan Gonz\u00e1lez (Reuters)<\/p><\/div>\n<p>&nbsp;<\/p>\n<p>&nbsp;<\/p>\n<h4 class=\"a_st\"><em>&#8211; Las autoridades decretan estado de excepci\u00f3n por cat\u00e1strofe y toque de queda. A\u00fan se desconoce la causa que produjo el corte de luz y cu\u00e1ndo se restablecer\u00e1 el servicio<\/em><\/h4>\n<p>&nbsp;<\/p>\n<p class=\"\">Desde la norte\u00f1a Arica hasta la sure\u00f1a regi\u00f3n de Los Lagos, en una extensi\u00f3n de 2.400 kil\u00f3metros, unos ocho millones de hogares en Chile han sufrido un corte de electricidad desde este martes a las 15.16 horas, el 80% de los clientes del servicio. A \u00faltima hora de la noche todav\u00eda no se sab\u00eda cu\u00e1l ha sido la causa del apag\u00f3n que oblig\u00f3 al Gobierno de Gabriel Boric a decretar\u00a0<a href=\"https:\/\/elpais.com\/chile\/2025-02-25\/un-apagon-masivo-deja-sin-luz-a-santiago-de-chile-y-amplias-zonas-del-pais.html\" data-link-track-dtm=\"\" data-mrf-link=\"https:\/\/elpais.com\/chile\/2025-02-25\/un-apagon-masivo-deja-sin-luz-a-santiago-de-chile-y-amplias-zonas-del-pais.html\">estado de excepci\u00f3n por cat\u00e1strofe y toque de queda<\/a>\u00a0(entre las 22.00 y las 6.00 de la ma\u00f1ana de este mi\u00e9rcoles). El mandatario ha informado esta noche desde La Moneda que m\u00e1s de cuatro millones de hogares han ido recuperando paulatinamente la luz. Unos 3.000 militares se han desplegado para mantener el orden y la seguridad, seg\u00fan la subsecretar\u00eda de Defensa, en un ambiente que sacude los fantasmas pand\u00e9micos por las calles vac\u00edas.<\/p>\n<p class=\"\">Las autoridades a\u00fan no han anunciado a qu\u00e9 hora se restablecer\u00e1 la totalidad del servicio, aunque en algunos sectores del barrio c\u00edvico de Santiago, como se conoce la zona del centro de la capital donde se ubican las principales dependencias del Gobierno, y en salpicados rincones del territorio nacional volvi\u00f3 la luz tras seis horas de corte. El apag\u00f3n en medio del verano chileno ha sido tan extenso que, cuando en alg\u00fan sector de la capital ha regresado el suministro, se han escuchado gritos de los vecinos como si celebraran un gol. \u201cLo ocurrido hoy nos indigna, porque no es tolerable que por responsabilidad de una o varias empresas se afecte la vida cotidiana de millones de chilenos\u201d, ha dicho Boric en el palacio presidencial. \u201cNos vamos a asegurar que los responsables de esta emergencia tengan que responder a la institucionalidad\u201d, ha a\u00f1adido.<\/p>\n<p class=\"\">El Coordinador El\u00e9ctrico Nacional (CEN) inform\u00f3 que la interrupci\u00f3n del suministro el\u00e9ctrico se produjo por una desconexi\u00f3n del sistema de transmisi\u00f3n de 500 kV en el Norte Chico. Se activ\u00f3 el Plan de Recuperaci\u00f3n de Servicio para reponer los consumos, pero pasadas las 22.00 y tras cuatro intentos, no hab\u00edan logrado el cometido. El presidente del consejo directivo del CEN, Juan Carlos Olmedo, afirm\u00f3 que la desconexi\u00f3n se debi\u00f3 a \u201cuna operaci\u00f3n no deseada en el sistema de control y protecci\u00f3n de la l\u00ednea\u201d. Y que se ha restablecido un cuarto del servicio y durante la madrugada se llegar\u00eda al 100%.<\/p>\n<p>&nbsp;<\/p>\n<figure class=\"a_m a_m-h \">\n<p><div style=\"width: 424px\" class=\"wp-caption alignnone\"><img loading=\"lazy\" decoding=\"async\" class=\"_re lazyload a_m-h\" src=\"https:\/\/imagenes.elpais.com\/resizer\/v2\/WPQGR7TKKDCUKXIQBS6RGQMKWE.jpg?auth=81397754bce2f522065c1d4ea71e3b602ecd6b06c7af31fae6eb625ace5c737c&amp;width=414\" sizes=\"auto, (min-width:1199px) 1155px,(min-width:1001px) calc(100vw - 44px),(min-width:768px) 767px, 100vw\" srcset=\"https:\/\/imagenes.elpais.com\/resizer\/v2\/WPQGR7TKKDCUKXIQBS6RGQMKWE.jpg?auth=81397754bce2f522065c1d4ea71e3b602ecd6b06c7af31fae6eb625ace5c737c&amp;width=414 414w,https:\/\/imagenes.elpais.com\/resizer\/v2\/WPQGR7TKKDCUKXIQBS6RGQMKWE.jpg?auth=81397754bce2f522065c1d4ea71e3b602ecd6b06c7af31fae6eb625ace5c737c&amp;width=828 640w,https:\/\/imagenes.elpais.com\/resizer\/v2\/WPQGR7TKKDCUKXIQBS6RGQMKWE.jpg?auth=81397754bce2f522065c1d4ea71e3b602ecd6b06c7af31fae6eb625ace5c737c&amp;width=980 1000w,https:\/\/imagenes.elpais.com\/resizer\/v2\/WPQGR7TKKDCUKXIQBS6RGQMKWE.jpg?auth=81397754bce2f522065c1d4ea71e3b602ecd6b06c7af31fae6eb625ace5c737c&amp;width=1960 1960w\" alt=\"Oficiales de polic\u00eda hacen guardia en la calle durante un apag\u00f3n en Vi\u00f1a del Mar.\" width=\"414\" height=\"283\" \/><p class=\"wp-caption-text\">Oficiales de polic\u00eda hacen guardia en la calle durante un apag\u00f3n en Vi\u00f1a del Mar.Rodrigo Garrido (REUTERS)<\/p><\/div><figcaption class=\"a_m_p\"><\/figcaption><\/figure>\n<p>&nbsp;<\/p>\n<p class=\"\">En las calles se produjo un caos vial: las esquinas sin sem\u00e1foros, gasolineras con las puertas cerradas, accidentes de tr\u00e1nsito y ambulancias atrapadas en atascos fueron algunas de las im\u00e1genes que dej\u00f3 el peor momento del apag\u00f3n. Las l\u00edneas del<a href=\"https:\/\/elpais.com\/chile\/2024-07-11\/el-transporte-publico-de-santiago-de-chile-sube-su-precio-por-tercera-vez-en-menos-de-un-ano.html\" data-link-track-dtm=\"\" data-mrf-link=\"https:\/\/elpais.com\/chile\/2024-07-11\/el-transporte-publico-de-santiago-de-chile-sube-su-precio-por-tercera-vez-en-menos-de-un-ano.html\"><u>\u00a0Metro de la Regi\u00f3n Metropolitana\u00a0<\/u><\/a>dejaron de funcionar y el sistema de buses se vio recargado. Los aeropuertos han seguido funcionando, pero s\u00ed se han cambiado los horarios de varios vuelos. Desde el corte de luz, la conectividad a internet y el servicio de telecomunicaciones en general se ha visto seriamente perjudicada.<\/p>\n<p class=\"\">El ministro de Transportes y Telecomunicaciones, Juan Carlos Mu\u00f1oz, advirti\u00f3 en\u00a0<i>24H<\/i>, que se est\u00e1n preparando como para una situaci\u00f3n este mi\u00e9rcoles de que el Metro de Santiago contin\u00fae detenido: \u201cSi todo sale bien, ma\u00f1ana a lo mejor vamos a tener el metro operativo, preferir\u00eda ser cauto y llamar a la ciudadan\u00eda a informarse ma\u00f1ana temprano, nosotros estamos prepar\u00e1ndonos para una situaci\u00f3n de que no haya metro\u201c.<\/p>\n<p>&nbsp;<\/p>\n<figure class=\"a_m a_m-h \">\n<p><div style=\"width: 424px\" class=\"wp-caption alignnone\"><img loading=\"lazy\" decoding=\"async\" class=\"_re lazyload a_m-h\" src=\"https:\/\/imagenes.elpais.com\/resizer\/v2\/4DK7XKVGLJAWZNAG3HRRK75IY4.jpg?auth=b1868b6c9aa2cb6405b86c4791bb154f5e2516f62fc997ca2d20824ee1cc3c5a&amp;width=414\" sizes=\"auto, (min-width:1199px) 1155px,(min-width:1001px) calc(100vw - 44px),(min-width:768px) 767px, 100vw\" srcset=\"https:\/\/imagenes.elpais.com\/resizer\/v2\/4DK7XKVGLJAWZNAG3HRRK75IY4.jpg?auth=b1868b6c9aa2cb6405b86c4791bb154f5e2516f62fc997ca2d20824ee1cc3c5a&amp;width=414 414w,https:\/\/imagenes.elpais.com\/resizer\/v2\/4DK7XKVGLJAWZNAG3HRRK75IY4.jpg?auth=b1868b6c9aa2cb6405b86c4791bb154f5e2516f62fc997ca2d20824ee1cc3c5a&amp;width=828 640w,https:\/\/imagenes.elpais.com\/resizer\/v2\/4DK7XKVGLJAWZNAG3HRRK75IY4.jpg?auth=b1868b6c9aa2cb6405b86c4791bb154f5e2516f62fc997ca2d20824ee1cc3c5a&amp;width=980 1000w,https:\/\/imagenes.elpais.com\/resizer\/v2\/4DK7XKVGLJAWZNAG3HRRK75IY4.jpg?auth=b1868b6c9aa2cb6405b86c4791bb154f5e2516f62fc997ca2d20824ee1cc3c5a&amp;width=1960 1960w\" alt=\"Vista de Santiago durante un corte de energ\u00eda en Chile, el martes 25 de febrero de 2025. \" width=\"414\" height=\"276\" \/><p class=\"wp-caption-text\">Vista de Santiago durante un corte de energ\u00eda en Chile, el martes 25 de febrero de 2025.Matias Basualdo (AP)<\/p><\/div><figcaption class=\"a_m_p\"><\/figcaption><\/figure>\n<p>&nbsp;<\/p>\n<p class=\"\">La superintendenta de Electricidad y Combustibles (SEC), Marta Cabeza, inform\u00f3 que iniciaron las investigaciones para conocer la causa del corte y que \u201cno hay certeza en la hora de recuperaci\u00f3n\u201d. A la salida de una reuni\u00f3n de emergencia, la ministra del Interior, Carolina Toh\u00e1, sostuvo que el llamado es a la calma. \u201cNo estamos siendo objeto de un ataque\u201d, apunt\u00f3, pero s\u00ed se mostr\u00f3 molesta. \u201cComo Gobierno de Chile consideramos inadmisible lo que est\u00e1n enfrentando los chilenos y chilenas\u201d.<b>\u00a0<\/b>El director ejecutivo del Coordinador El\u00e9ctrico Nacional, Ernesto Huber, por su parte, dijo que no pod\u00edan descartar ninguna hip\u00f3tesis. \u201cEl protocolo de investigaci\u00f3n nos va a dar m\u00e1s y mejor informaci\u00f3n sobre las fallas\u201d, remarc\u00f3.<\/p>\n<p class=\"\">Uno de los coletazos del desastre ha sido la suspensi\u00f3n de la tercera jornada del<a href=\"https:\/\/elpais.com\/chile\/2025-02-21\/festival-de-vina-del-mar-2025-los-artistas-humoristas-y-el-jurado-confirmado-para-el-evento.html\" data-link-track-dtm=\"\" data-mrf-link=\"https:\/\/elpais.com\/chile\/2025-02-21\/festival-de-vina-del-mar-2025-los-artistas-humoristas-y-el-jurado-confirmado-para-el-evento.html\">\u00a0Festival Internacional de Vi\u00f1a del Mar<\/a>\u00a0debido al toque de queda. La noticia lleg\u00f3 una hora antes del inicio de la fiesta de la m\u00fasica, cuando la galer\u00eda ya estaba llena de p\u00fablico que hab\u00eda acudido a ver a Morat, el comediante Pedro Ruminot y el cantante Sebasti\u00e1n Yatra. La producci\u00f3n inform\u00f3 que los artistas se presentar\u00e1n el 1 de marzo en la Quinta Vergara.<\/p>\n<p>&nbsp;<\/p>\n<figure class=\"a_m a_m-h \">\n<p><div style=\"width: 424px\" class=\"wp-caption alignnone\"><img loading=\"lazy\" decoding=\"async\" class=\"_re lazyload a_m-h\" src=\"https:\/\/imagenes.elpais.com\/resizer\/v2\/XV7HABKWR5AWHPNWEBHPZJLHLU.jpg?auth=533d57d6dba0d08855445dff5a5b84b0013ccd4028989aa7a2c3a355470c05e5&amp;width=414\" sizes=\"auto, (min-width:1199px) 1155px,(min-width:1001px) calc(100vw - 44px),(min-width:768px) 767px, 100vw\" srcset=\"https:\/\/imagenes.elpais.com\/resizer\/v2\/XV7HABKWR5AWHPNWEBHPZJLHLU.jpg?auth=533d57d6dba0d08855445dff5a5b84b0013ccd4028989aa7a2c3a355470c05e5&amp;width=414 414w,https:\/\/imagenes.elpais.com\/resizer\/v2\/XV7HABKWR5AWHPNWEBHPZJLHLU.jpg?auth=533d57d6dba0d08855445dff5a5b84b0013ccd4028989aa7a2c3a355470c05e5&amp;width=828 640w,https:\/\/imagenes.elpais.com\/resizer\/v2\/XV7HABKWR5AWHPNWEBHPZJLHLU.jpg?auth=533d57d6dba0d08855445dff5a5b84b0013ccd4028989aa7a2c3a355470c05e5&amp;width=980 1000w,https:\/\/imagenes.elpais.com\/resizer\/v2\/XV7HABKWR5AWHPNWEBHPZJLHLU.jpg?auth=533d57d6dba0d08855445dff5a5b84b0013ccd4028989aa7a2c3a355470c05e5&amp;width=1960 1960w\" alt=\"Cientos de personas esperan en los paraderos debido a que el Metro de Santiago contin\u00faa detenido.\" width=\"414\" height=\"276\" \/><p class=\"wp-caption-text\">Cientos de personas esperan en los paraderos debido a que el Metro de Santiago contin\u00faa detenido.SOFIA YANJARI<\/p><\/div><figcaption class=\"a_m_p\"><\/figcaption><\/figure>\n","protected":false},"excerpt":{"rendered":"<p>&nbsp; &nbsp; &#8211; Las autoridades decretan estado de excepci\u00f3n por cat\u00e1strofe y toque de queda. A\u00fan se desconoce la causa que produjo el corte de&hellip;<\/p>\n","protected":false},"author":99,"featured_media":529001,"comment_status":"open","ping_status":"open","sticky":false,"template":"","format":"standard","meta":{"footnotes":""},"categories":[23],"tags":[],"class_list":["post-529000","post","type-post","status-publish","format-standard","has-post-thumbnail","hentry","category-latinoamerica"],"_links":{"self":[{"href":"https:\/\/diarioelpopular.com\/index.php\/wp-json\/wp\/v2\/posts\/529000","targetHints":{"allow":["GET"]}}],"collection":[{"href":"https:\/\/diarioelpopular.com\/index.php\/wp-json\/wp\/v2\/posts"}],"about":[{"href":"https:\/\/diarioelpopular.com\/index.php\/wp-json\/wp\/v2\/types\/post"}],"author":[{"embeddable":true,"href":"https:\/\/diarioelpopular.com\/index.php\/wp-json\/wp\/v2\/users\/99"}],"replies":[{"embeddable":true,"href":"https:\/\/diarioelpopular.com\/index.php\/wp-json\/wp\/v2\/comments?post=529000"}],"version-history":[{"count":1,"href":"https:\/\/diarioelpopular.com\/index.php\/wp-json\/wp\/v2\/posts\/529000\/revisions"}],"predecessor-version":[{"id":529002,"href":"https:\/\/diarioelpopular.com\/index.php\/wp-json\/wp\/v2\/posts\/529000\/revisions\/529002"}],"wp:featuredmedia":[{"embeddable":true,"href":"https:\/\/diarioelpopular.com\/index.php\/wp-json\/wp\/v2\/media\/529001"}],"wp:attachment":[{"href":"https:\/\/diarioelpopular.com\/index.php\/wp-json\/wp\/v2\/media?parent=529000"}],"wp:term":[{"taxonomy":"category","embeddable":true,"href":"https:\/\/diarioelpopular.com\/index.php\/wp-json\/wp\/v2\/categories?post=529000"},{"taxonomy":"post_tag","embeddable":true,"href":"https:\/\/diarioelpopular.com\/index.php\/wp-json\/wp\/v2\/tags?post=529000"}],"curies":[{"name":"wp","href":"https:\/\/api.w.org\/{rel}","templated":true}]}}