{"id":529025,"date":"2025-02-27T10:03:11","date_gmt":"2025-02-27T14:03:11","guid":{"rendered":"https:\/\/diarioelpopular.com\/?p=529025"},"modified":"2025-02-27T10:03:11","modified_gmt":"2025-02-27T14:03:11","slug":"las-deportaciones-en-canada-alcanzan-su-nivel-mas-alto-en-casi-una-decada","status":"publish","type":"post","link":"https:\/\/diarioelpopular.com\/index.php\/2025\/02\/27\/las-deportaciones-en-canada-alcanzan-su-nivel-mas-alto-en-casi-una-decada\/","title":{"rendered":"Las deportaciones en Canad\u00e1 alcanzan su nivel m\u00e1s alto en casi una d\u00e9cada"},"content":{"rendered":"<p><img loading=\"lazy\" decoding=\"async\" class=\"alignnone size-custom-full-size wp-image-529026\" src=\"https:\/\/diarioelpopular.com\/wp-content\/uploads\/2025\/02\/Screen-Shot-2025-02-27-at-9.02.44-AM-636x389.png\" alt=\"\" width=\"636\" height=\"389\" srcset=\"https:\/\/diarioelpopular.com\/wp-content\/uploads\/2025\/02\/Screen-Shot-2025-02-27-at-9.02.44-AM-636x389.png 636w, https:\/\/diarioelpopular.com\/wp-content\/uploads\/2025\/02\/Screen-Shot-2025-02-27-at-9.02.44-AM-300x184.png 300w, https:\/\/diarioelpopular.com\/wp-content\/uploads\/2025\/02\/Screen-Shot-2025-02-27-at-9.02.44-AM-768x470.png 768w, https:\/\/diarioelpopular.com\/wp-content\/uploads\/2025\/02\/Screen-Shot-2025-02-27-at-9.02.44-AM-119x73.png 119w, https:\/\/diarioelpopular.com\/wp-content\/uploads\/2025\/02\/Screen-Shot-2025-02-27-at-9.02.44-AM.png 866w\" sizes=\"auto, (max-width: 636px) 100vw, 636px\" \/><\/p>\n<p>&nbsp;<\/p>\n<p>&nbsp;<\/p>\n<ul>\n<li><em><strong>Canad\u00e1 deport\u00f3 a m\u00e1s personas el a\u00f1o pasado para alcanzar su nivel anual m\u00e1s alto de expulsiones en aproximadamente una d\u00e9cada, deportando abrumadoramente a personas cuyas solicitudes de refugio fueron rechazadas<\/strong><\/em><\/li>\n<\/ul>\n<p>&nbsp;<\/p>\n<p>A fines de noviembre, las cifras de expulsiones en Canad\u00e1 hab\u00edan alcanzado su punto m\u00e1s alto desde al menos 2015, cuando los liberales gobernantes liderados por el primer ministro Justin Trudeau llegaron al poder. El gobierno tambi\u00e9n ha presupuestado m\u00e1s dinero para las deportaciones este a\u00f1o.<\/p>\n<p>El gobierno de Trudeau, ahora en sus \u00faltimos d\u00edas, ha tratado de mostrar, aunque demasiado tarde, que est\u00e1 adoptando una postura dura con la inmigraci\u00f3n en medio de una creciente acumulaci\u00f3n de solicitudes de refugio y una reacci\u00f3n negativa contra los inmigrantes por las preocupaciones de que la inmigraci\u00f3n est\u00e9 agravando la escasez de viviendas.<\/p>\n<p>La agencia fronteriza de Canad\u00e1 dijo que el aumento en las deportaciones est\u00e1 vinculado a un &#8220;aumento significativo&#8221; en el n\u00famero de personas que solicitan asilo desde 2020, lo que la impuls\u00f3 &#8220;a hacer cumplir las \u00f3rdenes de expulsi\u00f3n de una manera m\u00e1s eficiente y oportuna&#8221;.<\/p>\n<p>La agencia Reuters solicit\u00f3 a la agencia fronteriza datos sobre las deportaciones, excluyendo a las personas que se fueron por voluntad propia y a las que fueron enviadas de regreso a Estados Unidos como parte de un acuerdo bilateral en virtud del cual se rechaza a los posibles solicitantes de asilo.<\/p>\n<p>El total restante muestra que Canad\u00e1 deport\u00f3 a 7.300 personas entre el 1 de enero y el 19 de noviembre de 2024, un aumento del 8,4 por ciento con respecto a todo 2023 y un aumento del 95 por ciento con respecto a 2022.<\/p>\n<p>La agencia fronteriza no proporcion\u00f3 cifras equivalentes para todo 2024. Esta semana, public\u00f3 datos en l\u00ednea de 2019 a 2024 que no desglosan las deportaciones excluyendo los retornos a Estados Unidos en virtud de ese acuerdo bilateral. Estos datos tambi\u00e9n mostraron un aumento en el n\u00famero de deportaciones.<\/p>\n<p>Alrededor del 79 por ciento de las 7.300 personas deportadas en los primeros 11 meses del a\u00f1o pasado fueron deportadas porque su solicitud de condici\u00f3n de refugiado hab\u00eda sido rechazada. Esto representa un aumento con respecto al 75 por ciento en 2023 y al 66 por ciento en 2022.<\/p>\n<p>Alrededor del 11 por ciento de las personas deportadas el a\u00f1o pasado hasta el 19 de noviembre fueron expulsadas por incumplimiento de las condiciones de su estad\u00eda en Canad\u00e1 no relacionadas con una solicitud de refugio, por ejemplo, por quedarse m\u00e1s tiempo del permitido por una visa. Alrededor del 7 por ciento fueron deportados porque hab\u00edan cometido un delito en Canad\u00e1 o en otro lugar.<\/p>\n<p>Un portavoz del Ministro de Seguridad P\u00fablica, David McGuinty, no respondi\u00f3 de inmediato a las preguntas sobre las deportaciones.<\/p>\n<p>Un portavoz de la agencia fronteriza dijo en un correo electr\u00f3nico que las cifras de deportaciones fluct\u00faan.<\/p>\n<p>\u201cEl n\u00famero de deportaciones de quienes recibieron una determinaci\u00f3n negativa de asilo ha aumentado cada a\u00f1o desde que sali\u00f3 de la pandemia\u201d, escribi\u00f3 el portavoz, Luke Reimer.<\/p>\n<p>\u201cEstos esfuerzos son esenciales para mantener la integridad del sistema de asilo de Canad\u00e1\u201d.<\/p>\n<p>Canad\u00e1 ha estado lidiando con un n\u00famero r\u00e9cord de solicitudes de refugio, aunque los totales mensuales cayeron a 11.838 en enero desde 19.821 en julio. El mes pasado hab\u00eda 278.457 solicitudes pendientes, el total pendiente m\u00e1s alto en d\u00e9cadas.<\/p>\n<p><em><strong>M\u00c1S DINERO PARA DEPORTACIONES<\/strong><\/em><br \/>\nUna preocupaci\u00f3n con estas expulsiones, especialmente aquellas dirigidas a solicitantes de refugio rechazados, es que las personas pueden ser deportadas mientras siguen apelando las decisiones sobre el riesgo que enfrentan si regresan a sus pa\u00edses de origen, dijo Aisling Bondy, presidente de la Asociaci\u00f3n Canadiense de Abogados de Refugiados.<\/p>\n<p>&#8220;Podr\u00edan ser expulsados \u200b\u200bincluso si hay un error significativo en la determinaci\u00f3n del riesgo&#8221;, dijo, y le preocupa que las personas est\u00e9n siendo deportadas a lugares donde enfrentar\u00e1n persecuci\u00f3n.<\/p>\n<p>Reimer dijo en un correo electr\u00f3nico que la agencia &#8220;solo ejecuta una orden de expulsi\u00f3n una vez que se han agotado todas las v\u00edas legales de recurso que pueden detener una expulsi\u00f3n&#8221;.<\/p>\n<p>El aumento de las deportaciones de solicitantes de refugio habla de las prioridades del gobierno, incluida una postura firme sobre la migraci\u00f3n, dijo Audrey Macklin, profesora de derecho de la Universidad de Toronto y presidente de la C\u00e1tedra de Derechos Humanos.<\/p>\n<p>\u201cPuedes decidir que quieres hacer un espect\u00e1culo de cu\u00e1ntas personas est\u00e1s deportando para demostrar que eres eficaz en la vigilancia de la frontera\u201d, dijo Macklin. \u201cEntonces vas con las personas que son m\u00e1s f\u00e1ciles de encontrar y expulsar, y esas ser\u00e1n, a menudo, solicitantes de refugio\u201d.<\/p>\n<p>La perspectiva de la deportaci\u00f3n tambi\u00e9n podr\u00eda disuadir a los posibles solicitantes de refugio, dijo.<\/p>\n<p>Canad\u00e1 est\u00e1 en camino de deportar a a\u00fan m\u00e1s personas en los pr\u00f3ximos a\u00f1os: a fines del a\u00f1o pasado, el gobierno prometi\u00f3 30,5 millones de d\u00f3lares canadienses (21,3 millones de d\u00f3lares canadienses) durante tres a\u00f1os para aumentar las deportaciones.<\/p>\n<p>La Agencia de Servicios Fronterizos de Canad\u00e1 gast\u00f3 65,8 millones de d\u00f3lares canadienses en expulsiones en 2023-24, frente a los 56 millones de d\u00f3lares canadienses del a\u00f1o anterior.<\/p>\n<p>Al mismo tiempo, Canad\u00e1 ha prometido 1.300 millones de d\u00f3lares canadienses para la seguridad fronteriza para apaciguar al presidente estadounidense Donald Trump, que amenaza con imponer aranceles radicales a las importaciones canadienses.<\/p>\n<p>Las filas de los que pueden ser deportados podr\u00edan aumentar.<\/p>\n<p>Canad\u00e1 est\u00e1 reduciendo el n\u00famero de inmigrantes temporales y permanentes y parte de su plan depende de que m\u00e1s de 1,2 millones de residentes temporales, incluidos trabajadores y estudiantes, abandonen el pa\u00eds el pr\u00f3ximo a\u00f1o, y otros 1,1 millones lo hagan el a\u00f1o siguiente, seg\u00fan cifras del gobierno.<\/p>\n<p>El ministro de Inmigraci\u00f3n, Marc Miller, ha dicho que Canad\u00e1 buscar\u00e1 y deportar\u00e1 a las personas que no cumplan con los requisitos y no quieran salir del pa\u00eds voluntariamente.<\/p>\n","protected":false},"excerpt":{"rendered":"<p>&nbsp; &nbsp; Canad\u00e1 deport\u00f3 a m\u00e1s personas el a\u00f1o pasado para alcanzar su nivel anual m\u00e1s alto de expulsiones en aproximadamente una d\u00e9cada, deportando abrumadoramente&hellip;<\/p>\n","protected":false},"author":99,"featured_media":529026,"comment_status":"open","ping_status":"open","sticky":false,"template":"","format":"standard","meta":{"footnotes":""},"categories":[21,11191],"tags":[],"class_list":["post-529025","post","type-post","status-publish","format-standard","has-post-thumbnail","hentry","category-canada","category-top-news"],"_links":{"self":[{"href":"https:\/\/diarioelpopular.com\/index.php\/wp-json\/wp\/v2\/posts\/529025","targetHints":{"allow":["GET"]}}],"collection":[{"href":"https:\/\/diarioelpopular.com\/index.php\/wp-json\/wp\/v2\/posts"}],"about":[{"href":"https:\/\/diarioelpopular.com\/index.php\/wp-json\/wp\/v2\/types\/post"}],"author":[{"embeddable":true,"href":"https:\/\/diarioelpopular.com\/index.php\/wp-json\/wp\/v2\/users\/99"}],"replies":[{"embeddable":true,"href":"https:\/\/diarioelpopular.com\/index.php\/wp-json\/wp\/v2\/comments?post=529025"}],"version-history":[{"count":1,"href":"https:\/\/diarioelpopular.com\/index.php\/wp-json\/wp\/v2\/posts\/529025\/revisions"}],"predecessor-version":[{"id":529027,"href":"https:\/\/diarioelpopular.com\/index.php\/wp-json\/wp\/v2\/posts\/529025\/revisions\/529027"}],"wp:featuredmedia":[{"embeddable":true,"href":"https:\/\/diarioelpopular.com\/index.php\/wp-json\/wp\/v2\/media\/529026"}],"wp:attachment":[{"href":"https:\/\/diarioelpopular.com\/index.php\/wp-json\/wp\/v2\/media?parent=529025"}],"wp:term":[{"taxonomy":"category","embeddable":true,"href":"https:\/\/diarioelpopular.com\/index.php\/wp-json\/wp\/v2\/categories?post=529025"},{"taxonomy":"post_tag","embeddable":true,"href":"https:\/\/diarioelpopular.com\/index.php\/wp-json\/wp\/v2\/tags?post=529025"}],"curies":[{"name":"wp","href":"https:\/\/api.w.org\/{rel}","templated":true}]}}