{"id":529049,"date":"2025-02-27T11:07:59","date_gmt":"2025-02-27T15:07:59","guid":{"rendered":"https:\/\/diarioelpopular.com\/?p=529049"},"modified":"2025-02-27T11:07:59","modified_gmt":"2025-02-27T15:07:59","slug":"adolescente-arrestado-con-una-arma-de-fuego-cargada-en-la-escuela-secundaria","status":"publish","type":"post","link":"https:\/\/diarioelpopular.com\/index.php\/2025\/02\/27\/adolescente-arrestado-con-una-arma-de-fuego-cargada-en-la-escuela-secundaria\/","title":{"rendered":"Adolescente arrestado con una arma de fuego cargada en la escuela secundaria"},"content":{"rendered":"<p><img loading=\"lazy\" decoding=\"async\" class=\"alignnone size-custom-full-size wp-image-529050\" src=\"https:\/\/diarioelpopular.com\/wp-content\/uploads\/2025\/02\/Screen-Shot-2025-02-27-at-10.04.53-AM-636x482.png\" alt=\"\" width=\"636\" height=\"482\" srcset=\"https:\/\/diarioelpopular.com\/wp-content\/uploads\/2025\/02\/Screen-Shot-2025-02-27-at-10.04.53-AM-636x482.png 636w, https:\/\/diarioelpopular.com\/wp-content\/uploads\/2025\/02\/Screen-Shot-2025-02-27-at-10.04.53-AM-300x227.png 300w, https:\/\/diarioelpopular.com\/wp-content\/uploads\/2025\/02\/Screen-Shot-2025-02-27-at-10.04.53-AM-768x581.png 768w, https:\/\/diarioelpopular.com\/wp-content\/uploads\/2025\/02\/Screen-Shot-2025-02-27-at-10.04.53-AM-96x73.png 96w, https:\/\/diarioelpopular.com\/wp-content\/uploads\/2025\/02\/Screen-Shot-2025-02-27-at-10.04.53-AM.png 840w\" sizes=\"auto, (max-width: 636px) 100vw, 636px\" \/><\/p>\n<p>&nbsp;<\/p>\n<ul>\n<li><em><strong>La polic\u00eda dijo que un adolescente portaba una pistola cargada, municiones y cuchillos fue arrestado despu\u00e9s de hacer amenazas en su escuela secundaria.<\/strong><\/em><\/li>\n<\/ul>\n<p>&nbsp;<\/p>\n<p>La polic\u00eda provincial de Ontario dijo que nadie result\u00f3 herido antes de que el joven de 15 a\u00f1os fuera arrestado el martes por la tarde sin incidentes en la escuela secundaria en Campbellford, una comunidad al este de Toronto.<\/p>\n<p>El portavoz de la OPP, Const. James Clarke, dijo que la escuela estuvo cerrada durante unos 10 minutos antes del arresto, poco despu\u00e9s del mediod\u00eda.<\/p>\n<p>Clarke agreg\u00f3 que la polic\u00eda est\u00e1 investigando c\u00f3mo el adolescente consigui\u00f3 el arma y no est\u00e1 compartiendo m\u00e1s detalles sobre las amenazas.<\/p>\n<p>El adolescente de la cercana comunidad de Havelock enfrenta varios cargos por armas, incluida la posesi\u00f3n de un arma de fuego cargada, as\u00ed como un cargo por proferir amenazas.<\/p>\n<p>En una publicaci\u00f3n en las redes sociales, el director de la escuela secundaria dijo que los m\u00e9dicos de salud mental estar\u00edan en la escuela el mi\u00e9rcoles.<\/p>\n","protected":false},"excerpt":{"rendered":"<p>&nbsp; La polic\u00eda dijo que un adolescente portaba una pistola cargada, municiones y cuchillos fue arrestado despu\u00e9s de hacer amenazas en su escuela secundaria. &nbsp;&hellip;<\/p>\n","protected":false},"author":99,"featured_media":529050,"comment_status":"open","ping_status":"open","sticky":false,"template":"","format":"standard","meta":{"footnotes":""},"categories":[11364],"tags":[],"class_list":["post-529049","post","type-post","status-publish","format-standard","has-post-thumbnail","hentry","category-toronto-gta"],"_links":{"self":[{"href":"https:\/\/diarioelpopular.com\/index.php\/wp-json\/wp\/v2\/posts\/529049","targetHints":{"allow":["GET"]}}],"collection":[{"href":"https:\/\/diarioelpopular.com\/index.php\/wp-json\/wp\/v2\/posts"}],"about":[{"href":"https:\/\/diarioelpopular.com\/index.php\/wp-json\/wp\/v2\/types\/post"}],"author":[{"embeddable":true,"href":"https:\/\/diarioelpopular.com\/index.php\/wp-json\/wp\/v2\/users\/99"}],"replies":[{"embeddable":true,"href":"https:\/\/diarioelpopular.com\/index.php\/wp-json\/wp\/v2\/comments?post=529049"}],"version-history":[{"count":1,"href":"https:\/\/diarioelpopular.com\/index.php\/wp-json\/wp\/v2\/posts\/529049\/revisions"}],"predecessor-version":[{"id":529051,"href":"https:\/\/diarioelpopular.com\/index.php\/wp-json\/wp\/v2\/posts\/529049\/revisions\/529051"}],"wp:featuredmedia":[{"embeddable":true,"href":"https:\/\/diarioelpopular.com\/index.php\/wp-json\/wp\/v2\/media\/529050"}],"wp:attachment":[{"href":"https:\/\/diarioelpopular.com\/index.php\/wp-json\/wp\/v2\/media?parent=529049"}],"wp:term":[{"taxonomy":"category","embeddable":true,"href":"https:\/\/diarioelpopular.com\/index.php\/wp-json\/wp\/v2\/categories?post=529049"},{"taxonomy":"post_tag","embeddable":true,"href":"https:\/\/diarioelpopular.com\/index.php\/wp-json\/wp\/v2\/tags?post=529049"}],"curies":[{"name":"wp","href":"https:\/\/api.w.org\/{rel}","templated":true}]}}