{"id":529052,"date":"2025-02-27T11:20:28","date_gmt":"2025-02-27T15:20:28","guid":{"rendered":"https:\/\/diarioelpopular.com\/?p=529052"},"modified":"2025-02-27T11:20:28","modified_gmt":"2025-02-27T15:20:28","slug":"trump-cambia-y-dice-ahora-que-los-aranceles-a-mexico-y-canada-entraran-en-vigor-la-semana-proxima","status":"publish","type":"post","link":"https:\/\/diarioelpopular.com\/index.php\/2025\/02\/27\/trump-cambia-y-dice-ahora-que-los-aranceles-a-mexico-y-canada-entraran-en-vigor-la-semana-proxima\/","title":{"rendered":"Trump cambia y dice ahora que los aranceles a M\u00e9xico y Canad\u00e1 entrar\u00e1n en vigor la semana pr\u00f3xima"},"content":{"rendered":"<div id=\"attachment_529053\" style=\"width: 1210px\" class=\"wp-caption alignnone\"><img loading=\"lazy\" decoding=\"async\" aria-describedby=\"caption-attachment-529053\" class=\"wp-image-529053 size-custom-big-size\" src=\"https:\/\/diarioelpopular.com\/wp-content\/uploads\/2025\/02\/Screen-Shot-2025-02-27-at-10.19.49-AM-1200x689.png\" alt=\"\" width=\"1200\" height=\"689\" srcset=\"https:\/\/diarioelpopular.com\/wp-content\/uploads\/2025\/02\/Screen-Shot-2025-02-27-at-10.19.49-AM-1200x689.png 1200w, https:\/\/diarioelpopular.com\/wp-content\/uploads\/2025\/02\/Screen-Shot-2025-02-27-at-10.19.49-AM-300x172.png 300w, https:\/\/diarioelpopular.com\/wp-content\/uploads\/2025\/02\/Screen-Shot-2025-02-27-at-10.19.49-AM-768x441.png 768w, https:\/\/diarioelpopular.com\/wp-content\/uploads\/2025\/02\/Screen-Shot-2025-02-27-at-10.19.49-AM-636x365.png 636w, https:\/\/diarioelpopular.com\/wp-content\/uploads\/2025\/02\/Screen-Shot-2025-02-27-at-10.19.49-AM-127x73.png 127w, https:\/\/diarioelpopular.com\/wp-content\/uploads\/2025\/02\/Screen-Shot-2025-02-27-at-10.19.49-AM.png 1024w\" sizes=\"auto, (max-width: 1200px) 100vw, 1200px\" \/><p id=\"caption-attachment-529053\" class=\"wp-caption-text\">Donald Trump, este mi\u00e9rcoles en la Casa Blanca durante la reuni\u00f3n con su Gabinete. AL DRAGO \/ POOL (EFE)<\/p><\/div>\n<p>&nbsp;<\/p>\n<p>&nbsp;<\/p>\n<h4 class=\"a_st\"><em>&#8211; El presidente de Estados Unidos se corrige a s\u00ed mismo y al tiempo anuncia un arancel adicional del 10% para los productos chinos<\/em><\/h4>\n<p>&nbsp;<\/p>\n<p class=\"\">La pregunta a Donald Trump fue clara: cu\u00e1ndo se empezaban a aplicar los aranceles a M\u00e9xico y Canad\u00e1.\u00a0<a href=\"https:\/\/elpais.com\/internacional\/2025-02-26\/trump-dice-que-impondra-aranceles-del-25-a-la-ue-y-anuncia-un-aplazamiento-de-otro-mes-a-los-de-canada-y-mexico.html\" target=\"_blank\" rel=\"noopener\" data-link-track-dtm=\"\" data-mrf-link=\"https:\/\/elpais.com\/internacional\/2025-02-26\/trump-dice-que-impondra-aranceles-del-25-a-la-ue-y-anuncia-un-aplazamiento-de-otro-mes-a-los-de-canada-y-mexico.html\">La respuesta, tambi\u00e9n: \u201cEl 2 de abril\u201d.<\/a>\u00a0Sin embargo, entraba en contradicci\u00f3n con lo que acababa de afirmar, que no detendr\u00eda los aranceles, cuya entrada en vigor estaba prevista para el 4 de marzo. Su secretario de Comercio, Howard Lutnick, trat\u00f3 de terciar, pero no quiso corregir a su jefe, de lo contrario ser\u00eda puesto de patitas en la calle. Al final, viendo que hab\u00eda metido la pata la v\u00edspera, Trump ha anunciado este jueves que los aranceles entran en vigor la semana que viene.<\/p>\n<p class=\"\">\u201cLos ARANCELES propuestos que entrar\u00e1n en vigor el CUATRO DE MARZO entrar\u00e1n en vigor, tal y como estaba previsto. Del mismo modo, a China se le aplicar\u00e1 un arancel adicional del 10% en esa fecha. La fecha del arancel rec\u00edproco del 2 de abril seguir\u00e1 en pleno vigor y efecto. Gracias por su atenci\u00f3n a este asunto. \u00a1QUE DIOS BENDIGA ESTADOS UNIDOS!\u201d,\u00a0<a href=\"https:\/\/truthsocial.com\/@realDonaldTrump\/posts\/114076153524132682\" target=\"_blank\" rel=\"noopener\" data-link-track-dtm=\"\" data-mrf-link=\"https:\/\/truthsocial.com\/@realDonaldTrump\/posts\/114076153524132682\">ha escrito Trump.<\/a><\/p>\n<p class=\"\">Trump ha lanzado tantas amenazas y tan contradictorias sobre los aranceles que no es raro que \u00e9l mismo acabe sin aclararse y entre en m\u00e1s contradicciones. Por otro lado, la fiabilidad sobre sus fechas ha ca\u00eddo mucho tras sus constantes incumplimientos y descaradas mentiras.<\/p>\n<p class=\"\">Trump amenaz\u00f3 en campa\u00f1a con aranceles a los autos mexicanos, pero cuando lanz\u00f3 un ultim\u00e1tum m\u00e1s en serio fue despu\u00e9s de ganar las elecciones. Dijo que impondr\u00eda\u00a0<a href=\"https:\/\/elpais.com\/internacional\/elecciones-usa\/2024-11-26\/trump-anuncia-que-impondra-aranceles-extra-a-mexico-canada-y-china-el-primer-dia.html\" data-link-track-dtm=\"\" data-mrf-link=\"https:\/\/elpais.com\/internacional\/elecciones-usa\/2024-11-26\/trump-anuncia-que-impondra-aranceles-extra-a-mexico-canada-y-china-el-primer-dia.html\">aranceles del 25% a todos sus productos el primer d\u00eda de su nuevo mandato si M\u00e9xico y Canad\u00e1<\/a>\u00a0no frenaban el tr\u00e1fico de fentanilo y la entrada de inmigrantes.<\/p>\n<p class=\"\">Lleg\u00f3 el primer d\u00eda, el 20 de enero, y Trump dijo que aplicar\u00eda los aranceles el 1 de febrero.\u00a0<a href=\"https:\/\/elpais.com\/internacional\/2025-02-01\/trump-sigue-sin-aprobar-los-aranceles-a-mexico-canada-y-china-y-no-preve-ningun-acto-publico-este-sabado.html\" data-link-track-dtm=\"\" data-mrf-link=\"https:\/\/elpais.com\/internacional\/2025-02-01\/trump-sigue-sin-aprobar-los-aranceles-a-mexico-canada-y-china-y-no-preve-ningun-acto-publico-este-sabado.html\">Lleg\u00f3 ese d\u00eda y las mercanc\u00edas segu\u00edan circulando libremente.<\/a>\u00a0Esa tarde, Trump firm\u00f3 un decreto para que los aranceles se aplicasen desde el 4 de febrero, provocando\u00a0<a href=\"https:\/\/elpais.com\/internacional\/2025-02-03\/el-dolar-se-dispara-y-las-bolsas-caen-con-fuerza-tras-el-inicio-de-la-guerra-de-aranceles-de-trump.html\" data-link-track-dtm=\"\" data-mrf-link=\"https:\/\/elpais.com\/internacional\/2025-02-03\/el-dolar-se-dispara-y-las-bolsas-caen-con-fuerza-tras-el-inicio-de-la-guerra-de-aranceles-de-trump.html\">un terremoto en los mercados.<\/a>\u00a0Sin embargo, luego Trump habl\u00f3 con la presidente de M\u00e9xico, Claudia Sheinbaum, y el primer ministro, Justin Trudeau, y\u00a0<a href=\"https:\/\/elpais.com\/internacional\/2025-02-03\/sheinbaum-asegura-que-trump-suspende-un-mes-los-aranceles-a-mexico-tras-hablar-con-el.html\" data-link-track-dtm=\"\" data-mrf-link=\"https:\/\/elpais.com\/internacional\/2025-02-03\/sheinbaum-asegura-que-trump-suspende-un-mes-los-aranceles-a-mexico-tras-hablar-con-el.html\">a cambio de unas concesiones menores, aplaz\u00f3 los aranceles un mes, hasta el 4 de marzo.<\/a><\/p>\n<p class=\"\">Esta semana, Trump ha insistido varias veces en que la fecha segu\u00eda en pie, pero\u00a0<a href=\"https:\/\/elpais.com\/internacional\/2025-02-26\/trump-dice-que-impondra-aranceles-del-25-a-la-ue-y-anuncia-un-aplazamiento-de-otro-mes-a-los-de-canada-y-mexico.html\" data-link-track-dtm=\"\" data-mrf-link=\"https:\/\/elpais.com\/internacional\/2025-02-26\/trump-dice-que-impondra-aranceles-del-25-a-la-ue-y-anuncia-un-aplazamiento-de-otro-mes-a-los-de-canada-y-mexico.html\">lleg\u00f3 la primera reuni\u00f3n de su Gabinete, este mi\u00e9rcoles, y dijo a la vez eso y lo contrario:<\/a>\u00a0que la aplicaci\u00f3n ser\u00eda desde el 2 de abril. \u201cNo voy a detener los aranceles\u201d, dijo primero, antes de describir c\u00f3mo cre\u00eda que Estados Unidos hab\u00eda sido v\u00edctima de a\u00f1os de maltrato por parte de sus vecinos. Y luego le preguntaron cu\u00e1ndo entraban en vigor y contest\u00f3: \u201cEl 2 de abril\u201d. El peso mexicano y el d\u00f3lar canadiense reaccionaron al alza. Trump se hab\u00eda hecho todo un l\u00edo con la fecha que maneja para los mal llamados aranceles rec\u00edprocos.<\/p>\n<p class=\"\">En cuanto a China, Trump prometi\u00f3 en campa\u00f1a imponer aranceles del 60% a todos los productos chinos. En cambio, pasadas las elecciones,\u00a0<a href=\"https:\/\/elpais.com\/internacional\/elecciones-usa\/2024-11-26\/trump-anuncia-que-impondra-aranceles-extra-a-mexico-canada-y-china-el-primer-dia.html\" data-link-track-dtm=\"\" data-mrf-link=\"https:\/\/elpais.com\/internacional\/elecciones-usa\/2024-11-26\/trump-anuncia-que-impondra-aranceles-extra-a-mexico-canada-y-china-el-primer-dia.html\">amenaz\u00f3 a sus aliados y socios M\u00e9xico y Canad\u00e1 con un 25% y a China, con un 10%.<\/a>\u00a0El tr\u00e1mite sigui\u00f3 el mismo camino que el de esos otros dos pa\u00edses, con la diferencia de que Trump dijo que iba a hablar con Xi Jinping (aparentemente para aplazar los aranceles a cambio de concesiones sobre el fentanilo) y da la impresi\u00f3n de que el presidente chino no se prest\u00f3 a la maniobra. Los aranceles entraron en vigor, pero las aduanas estadounidenses no estaban preparadas para aplicarlos, as\u00ed que se colapsaron. Trump tuvo que dar marcha atr\u00e1s y eximir a la mayor parte de los env\u00edos, los de menos de 800 d\u00f3lares de plataformas como Temu y Shein.<\/p>\n<p class=\"\">Ahora, Trump dice que aplicar\u00e1 otro 10% adicional a los productos chinos desde el 4 de marzo. De nuevo, habr\u00e1 que esperar a ver si es una nueva falsa alarma en su habitual farsa o va en serio. Tampoco hay detalles sobre si la mayor\u00eda de los env\u00edos seguir\u00e1n quedando exentos. Solo hay un mensaje en su red social, ning\u00fan texto legal ni documento explicativo. Con esa absurda y err\u00e1tica forma de gobernar, genera gran incertidumbre e inseguridad jur\u00eddica, que no son buenas para la econom\u00eda.<\/p>\n<p class=\"\">El presidente de Estados Unidos estuvo presumiendo en la reuni\u00f3n de su Gabinete del mi\u00e9rcoles de c\u00f3mo hab\u00eda logrado cerrar la frontera a la inmigraci\u00f3n irregular. Los aranceles a M\u00e9xico los justificaba por los inmigrantes y el fentanilo. Los de Canad\u00e1 y China, solo por las drogas. En su mensaje en su red social, Truth, de este jueves, Trump deja de lado la cuesti\u00f3n migratoria.<\/p>\n<p class=\"\">\u201cLas drogas siguen llegando a nuestro pa\u00eds desde M\u00e9xico y Canad\u00e1 en niveles muy altos e inaceptables. Un gran porcentaje de estas drogas, muchas de ellas en forma de fentanilo, se fabrican y suministran desde China\u201d, dice en su mensaje. \u201cM\u00e1s de 100.000 personas murieron el a\u00f1o pasado debido a la distribuci\u00f3n de estos VENENOS peligrosos y altamente adictivos. Millones de personas han muerto en las \u00faltimas dos d\u00e9cadas. Las familias de las v\u00edctimas est\u00e1n devastadas y, en muchos casos, pr\u00e1cticamente destruidas. No podemos permitir que este flagelo contin\u00fae da\u00f1ando a Estados Unidos y, por lo tanto, hasta que se detenga o se limite seriamente, los ARANCELES propuestos entrar\u00e1n en vigor el CUATRO DE MARZO entrar\u00e1n en vigor, como estaba previsto\u201d, afirma.<\/p>\n","protected":false},"excerpt":{"rendered":"<p>&nbsp; &nbsp; &#8211; El presidente de Estados Unidos se corrige a s\u00ed mismo y al tiempo anuncia un arancel adicional del 10% para los productos&hellip;<\/p>\n","protected":false},"author":99,"featured_media":529053,"comment_status":"open","ping_status":"open","sticky":false,"template":"","format":"standard","meta":{"footnotes":""},"categories":[24],"tags":[],"class_list":["post-529052","post","type-post","status-publish","format-standard","has-post-thumbnail","hentry","category-mundo"],"_links":{"self":[{"href":"https:\/\/diarioelpopular.com\/index.php\/wp-json\/wp\/v2\/posts\/529052","targetHints":{"allow":["GET"]}}],"collection":[{"href":"https:\/\/diarioelpopular.com\/index.php\/wp-json\/wp\/v2\/posts"}],"about":[{"href":"https:\/\/diarioelpopular.com\/index.php\/wp-json\/wp\/v2\/types\/post"}],"author":[{"embeddable":true,"href":"https:\/\/diarioelpopular.com\/index.php\/wp-json\/wp\/v2\/users\/99"}],"replies":[{"embeddable":true,"href":"https:\/\/diarioelpopular.com\/index.php\/wp-json\/wp\/v2\/comments?post=529052"}],"version-history":[{"count":1,"href":"https:\/\/diarioelpopular.com\/index.php\/wp-json\/wp\/v2\/posts\/529052\/revisions"}],"predecessor-version":[{"id":529054,"href":"https:\/\/diarioelpopular.com\/index.php\/wp-json\/wp\/v2\/posts\/529052\/revisions\/529054"}],"wp:featuredmedia":[{"embeddable":true,"href":"https:\/\/diarioelpopular.com\/index.php\/wp-json\/wp\/v2\/media\/529053"}],"wp:attachment":[{"href":"https:\/\/diarioelpopular.com\/index.php\/wp-json\/wp\/v2\/media?parent=529052"}],"wp:term":[{"taxonomy":"category","embeddable":true,"href":"https:\/\/diarioelpopular.com\/index.php\/wp-json\/wp\/v2\/categories?post=529052"},{"taxonomy":"post_tag","embeddable":true,"href":"https:\/\/diarioelpopular.com\/index.php\/wp-json\/wp\/v2\/tags?post=529052"}],"curies":[{"name":"wp","href":"https:\/\/api.w.org\/{rel}","templated":true}]}}