{"id":529078,"date":"2025-02-28T10:31:04","date_gmt":"2025-02-28T14:31:04","guid":{"rendered":"https:\/\/diarioelpopular.com\/?p=529078"},"modified":"2025-02-28T10:31:04","modified_gmt":"2025-02-28T14:31:04","slug":"caro-quintero-el-narco-de-narcos-el-codiciado-trofeo-que-estados-unidos-perseguia-desde-hace-40-anos","status":"publish","type":"post","link":"https:\/\/diarioelpopular.com\/index.php\/2025\/02\/28\/caro-quintero-el-narco-de-narcos-el-codiciado-trofeo-que-estados-unidos-perseguia-desde-hace-40-anos\/","title":{"rendered":"Caro Quintero, el Narco de Narcos, el codiciado trofeo que Estados Unidos persegu\u00eda desde hace 40 a\u00f1os"},"content":{"rendered":"<div id=\"attachment_529079\" style=\"width: 1210px\" class=\"wp-caption alignnone\"><img loading=\"lazy\" decoding=\"async\" aria-describedby=\"caption-attachment-529079\" class=\"wp-image-529079 size-custom-big-size\" src=\"https:\/\/diarioelpopular.com\/wp-content\/uploads\/2025\/02\/Screen-Shot-2025-02-28-at-9.30.11-AM-1200x566.png\" alt=\"\" width=\"1200\" height=\"566\" srcset=\"https:\/\/diarioelpopular.com\/wp-content\/uploads\/2025\/02\/Screen-Shot-2025-02-28-at-9.30.11-AM-1200x566.png 1200w, https:\/\/diarioelpopular.com\/wp-content\/uploads\/2025\/02\/Screen-Shot-2025-02-28-at-9.30.11-AM-300x141.png 300w, https:\/\/diarioelpopular.com\/wp-content\/uploads\/2025\/02\/Screen-Shot-2025-02-28-at-9.30.11-AM-768x362.png 768w, https:\/\/diarioelpopular.com\/wp-content\/uploads\/2025\/02\/Screen-Shot-2025-02-28-at-9.30.11-AM-636x300.png 636w, https:\/\/diarioelpopular.com\/wp-content\/uploads\/2025\/02\/Screen-Shot-2025-02-28-at-9.30.11-AM-146x69.png 146w, https:\/\/diarioelpopular.com\/wp-content\/uploads\/2025\/02\/Screen-Shot-2025-02-28-at-9.30.11-AM.png 1024w\" sizes=\"auto, (max-width: 1200px) 100vw, 1200px\" \/><p id=\"caption-attachment-529079\" class=\"wp-caption-text\">Rafael Caro Quintero durante su traslado al penal de Matamoros, Tamaulipas, en enero 2005. V\u00eddeo: EPV<\/p><\/div>\n<p>&nbsp;<\/p>\n<h4 class=\"a_st\"><em>El destino del hist\u00f3rico capo ha estado marcado por el brutal asesinato en 1985 del agente de la DEA Kiki Camarena. Era la extradici\u00f3n m\u00e1s buscada por EE UU y la presi\u00f3n de Donald Trump ha materializado la \u2018vendetta\u2019<\/em><\/h4>\n<p>&nbsp;<\/p>\n<p class=\"\">El B\u00fafalo fue a la vez su mayor \u00e9xito y su irremediable condena. Aquel rancho en Chihuahua, un cultivo gigante del tama\u00f1o de 1.000 campos de f\u00fatbol, revolucion\u00f3 el mundo de la marihuana y lo catapult\u00f3, sin apenas saber leer y escribir, a lo m\u00e1s alto del narcotr\u00e1fico en un tiempo r\u00e9cord. Con 33 a\u00f1os,\u00a0<a href=\"https:\/\/elpais.com\/mexico\/2022-07-15\/rafael-caro-quintero-capturado-el-jefe-historico-del-cartel-de-sinaloa.html\" data-link-track-dtm=\"\" data-mrf-link=\"https:\/\/elpais.com\/mexico\/2022-07-15\/rafael-caro-quintero-capturado-el-jefe-historico-del-cartel-de-sinaloa.html\">Rafael Caro Quintero<\/a>\u00a0ya era millonario, dirig\u00eda con sus socios el poderoso Cartel de Guadalajara y ten\u00eda a sueldo por todo M\u00e9xico a polic\u00edas, militares, pol\u00edticos y jueces. Hasta que un d\u00eda de noviembre de 1984, cientos de soldados se presentaron en el lugar, detuvieron a todos los trabajadores y quemaron unas 8.000 toneladas de marihuana.<\/p>\n<p class=\"\">La prueba definitiva fue una foto \u00e1rea del rancho, tomada gracias a Kiki Camarena, un agente infiltrado de la Agencia Antidrogas Estadounidense, DEA. Caro Quintero jur\u00f3 venganza y meses despu\u00e9s acab\u00f3 matando con sa\u00f1a a Camarena y al piloto de la avioneta.<\/p>\n<p class=\"\">La DEA nunca olvid\u00f3 la afrenta y lo coloc\u00f3 desde entonces como su m\u00e1ximo objetivo. Fue encarcelado, liberado y vuelto a detener. Pero en todas estas d\u00e9cadas no hab\u00edan conseguido la ansiada extradici\u00f3n. El destino llevaba 40 a\u00f1os pis\u00e1ndole los talones a Caro Quintero. Y este jueves, Estados Unidos se ha cobrado al fin su cabeza\u00a0<a href=\"https:\/\/elpais.com\/mexico\/2025-02-27\/mexico-extradita-a-29-narcotraficantes-a-estados-unidos-entre-ellos-los-lideres-de-los-zetas.html\" data-link-track-dtm=\"\" data-mrf-link=\"https:\/\/elpais.com\/mexico\/2025-02-27\/mexico-extradita-a-29-narcotraficantes-a-estados-unidos-entre-ellos-los-lideres-de-los-zetas.html\">ante la presi\u00f3n y las amenazas de Donald Trump.<\/a><\/p>\n<p class=\"\">El capo, de 72 a\u00f1os, aterriz\u00f3 al final de la tarde en Nueva York. Con traje de presidiario\u00a0<i>beige<\/i>, esposado de pies y manos, baj\u00f3 de un avi\u00f3n del Ej\u00e9rcito mexicano. En suelo estadounidense le esperaban m\u00e1s de una decena de polic\u00edas de la DEA, alguno incluso sac\u00f3 alguna foto con el celular. La\u00a0<i>vendetta<\/i>\u00a0de la agencia antinarc\u00f3ticos se hab\u00eda cumplido. \u201cNo hay escondite posible para quien secuestre, torture y asesine a un agente\u201d.\u00a0<a href=\"https:\/\/elpais.com\/mexico\/2022-07-15\/rafael-caro-quintero-capturado-el-jefe-historico-del-cartel-de-sinaloa.html\" data-link-track-dtm=\"\" data-mrf-link=\"https:\/\/elpais.com\/mexico\/2022-07-15\/rafael-caro-quintero-capturado-el-jefe-historico-del-cartel-de-sinaloa.html\">As\u00ed anunci\u00f3 el Gobierno estadounidense su segunda detenci\u00f3n<\/a>, en la que colabor\u00f3 la propia DEA, hace tres a\u00f1os en la sierra de Sinaloa.<\/p>\n<p class=\"\">La justicia estadounidense dijo tambi\u00e9n entonces que su extradici\u00f3n era inminente. El arresto del capo lleg\u00f3 en un momento delicado en la relaci\u00f3n bilateral, en plena crisis migratoria y apenas unos meses despu\u00e9s de que se hiciera p\u00fablico que el entonces presidente, Andr\u00e9s Manuel L\u00f3pez Obrador, hab\u00eda disuelto una unidad de inteligencia de la DEA que operaba en M\u00e9xico desde los noventa. La captura de Quintero se ley\u00f3 como un saldo de antiguas deudas pendientes con la Casa Blanca, que no solo exigi\u00f3 la extradici\u00f3n en la mesa bilateral de negociaciones, sino que tambi\u00e9n le puso fecha: \u201ctramitar antes del 1 de julio de 2022\u2033, seg\u00fan documentos del Ej\u00e9rcito mexicano.<\/p>\n<p class=\"\">Los cargos sobre<a href=\"https:\/\/elpais.com\/mexico\/2022-07-17\/caro-quintero-el-viejo-capo-que-revoluciono-el-mundo-de-la-marihuana.html\" data-link-track-dtm=\"\" data-mrf-link=\"https:\/\/elpais.com\/mexico\/2022-07-17\/caro-quintero-el-viejo-capo-que-revoluciono-el-mundo-de-la-marihuana.html\">\u00a0Caro Quintero<\/a>\u00a0en tribunales federales estadounidenses incluyen, adem\u00e1s del asesinato de Camarena, otras tres causas abiertas por narcotr\u00e1fico en Texas, Arizona y Nueva York.\u00a0<a href=\"https:\/\/elpais.com\/mexico\/2022-07-22\/la-extradicion-de-caro-quintero-en-cinco-actos.html\" data-link-track-dtm=\"\" data-mrf-link=\"https:\/\/elpais.com\/mexico\/2022-07-22\/la-extradicion-de-caro-quintero-en-cinco-actos.html\">Tras su captura se inici\u00f3 un juicio de extradici\u00f3n en su contra<\/a>. Pero el proceso qued\u00f3 empantanado por una mara\u00f1a de amparos y otros recursos legales de sus abogados. De fondo, pesaba sobre todo una decisi\u00f3n pol\u00edtica. La pelota siempre estuvo en el tejado de la Canciller\u00eda, que ha de dar el visto bueno a las extradiciones. En la historia reciente ha habido casos de env\u00edos express, como la de D\u00e1maso N\u00fa\u00f1ez,\u00a0<i>El Licenciado<\/i>, mano derecha de El Chapo, capturado en 2017 y\u00a0<a href=\"https:\/\/elpais.com\/internacional\/2018\/07\/06\/mexico\/1530893777_160235.html\" data-link-track-dtm=\"\" data-mrf-link=\"https:\/\/elpais.com\/internacional\/2018\/07\/06\/mexico\/1530893777_160235.html\">extraditado un a\u00f1o despu\u00e9s<\/a>.<\/p>\n<p class=\"\">La puerta de salida hacia Estados Unidos para Caro Quintero se ha abierto ahora en un contexto de m\u00e1xima presi\u00f3n para M\u00e9xico. Desde el regreso de Donald Trump a la Casa Blanca, a comienzos de a\u00f1o, el magnate republicano ha desplegado una agresiva estrategia de negociaci\u00f3n. Bajo<a href=\"https:\/\/elpais.com\/mexico\/2025-02-26\/el-gabinete-de-seguridad-toma-el-liderazgo-en-las-negociaciones-con-washington-para-frenar-los-aranceles-de-trump.html\" data-link-track-dtm=\"\" data-mrf-link=\"https:\/\/elpais.com\/mexico\/2025-02-26\/el-gabinete-de-seguridad-toma-el-liderazgo-en-las-negociaciones-con-washington-para-frenar-los-aranceles-de-trump.html\">\u00a0la amenaza de imponer un arancel del 25% a las exportaciones mexicanas,\u00a0<\/a>Trump est\u00e1 apretando las tuercas a su vecino, exigiendo resultados en migraci\u00f3n, comercio y, sobre todo, en la lucha contra el narcotr\u00e1fico. La epidemia del fentanilo, que se cobra a\u00f1o tras a\u00f1o miles de vidas estadounidenses, es una prioridad para la nueva Administraci\u00f3n, que culpa a las mafias mexicanas de inundar sus calles del potente opioide.<\/p>\n<p class=\"\">Trump ha llegado incluso homologar<a href=\"https:\/\/elpais.com\/mexico\/2025-02-19\/estados-unidos-designa-como-organizaciones-terroristas-globales-a-seis-carteles-mexicanos-y-dos-pandillas.html\" data-link-track-dtm=\"\" data-mrf-link=\"https:\/\/elpais.com\/mexico\/2025-02-19\/estados-unidos-designa-como-organizaciones-terroristas-globales-a-seis-carteles-mexicanos-y-dos-pandillas.html\">\u00a0la lucha contra el narcotr\u00e1fico con las pol\u00edticas antiterroristas<\/a>, calificando como tales a los carteles mexicanos. El Gobierno de Claudia Sheinbaum anuncia, casi a diario, una bater\u00eda de detenciones y decomisos de droga. El \u00faltimo mensaje ha llegado este jueves, el mismo d\u00eda que<a href=\"https:\/\/elpais.com\/internacional\/2025-02-27\/trump-dice-ahora-que-los-aranceles-a-mexico-y-canada-entraran-en-vigor-la-semana-proxima.html\" data-link-track-dtm=\"\" data-mrf-link=\"https:\/\/elpais.com\/internacional\/2025-02-27\/trump-dice-ahora-que-los-aranceles-a-mexico-y-canada-entraran-en-vigor-la-semana-proxima.html\">\u00a0el presidente estadounidense ha confirmado que no conceder\u00e1 m\u00e1s pr\u00f3rrogas<\/a>\u00a0y que los aranceles empezar\u00e1n a aplicarse a partir del pr\u00f3ximo martes. M\u00e9xico ha respondido con el anuncio de un operativo masivo de deportaciones, sin precedentes en la historia reciente.<\/p>\n<p class=\"\">Adem\u00e1s de Caro Quintero, el trofeo m\u00e1s codiciado, otros 28 narcotraficantes que se encontraban en distintas c\u00e1rceles del pa\u00eds han sido enviados a la otra orilla del R\u00edo Bravo. Entre otros, los antiguos l\u00edderes del cartel de Los Zetas, Miguel \u00c1ngel y Omar Trevi\u00f1o Morales, conocidos como\u00a0<a href=\"https:\/\/elpais.com\/mexico\/2024-10-18\/estados-unidos-pisa-el-acelerador-contra-el-z-40-y-el-z-42-lideres-del-sanguinario-cartel-de-los-zetas.html\" data-link-track-dtm=\"\" data-mrf-link=\"https:\/\/elpais.com\/mexico\/2024-10-18\/estados-unidos-pisa-el-acelerador-contra-el-z-40-y-el-z-42-lideres-del-sanguinario-cartel-de-los-zetas.html\">Z-40 y Z-42<\/a>, y Jos\u00e9 \u00c1ngel Canobbio, alias El G\u00fcerito, uno de los m\u00e1ximos art\u00edfices de la distribuci\u00f3n de fentanilo en el Cartel de Sinaloa y lugarteniente de Los Chapitos, la facci\u00f3n de los hijos de\u00a0<i>El Chapo<\/i>\u00a0Guzm\u00e1n. El hist\u00f3rico capo de Sinaloa, que cumple una condena de cadena perpetua en una prisi\u00f3n de m\u00e1xima seguridad de Nueva York, fue precisamente extraditado apenas unas semanas despu\u00e9s de que Donald Trump tomara el poder por primera vez en enero de 2017.<\/p>\n<p class=\"\">La historia de los dos capos ca\u00eddos est\u00e1 entrelazada. Los dos nacieron en Badiraguato, un pueblito de campesinos en la sierra sinaloense. El Chapo, apenas cinco a\u00f1os m\u00e1s joven que Quintero, comenz\u00f3 su carrera criminal siendo solo un sicario del cartel que Don Rafa, uno de sus m\u00faltiples motes, dirig\u00eda junto a Don Neto y F\u00e9lix Gallardo. La detenci\u00f3n de los fundadores del Cartel de Guadalajara, acorralados tras el asesinato de Camarena, precipit\u00f3 un reordenamiento del mapa del crimen en M\u00e9xico. As\u00ed naci\u00f3 el Cartel de Sinaloa y el ascenso del Chapo.<\/p>\n<p class=\"\">De los tres padrinos del narcotr\u00e1fico moderno, Caro Quintero fue el primero en caer. Con la DEA pis\u00e1ndole los talones, huy\u00f3 a Costa Rica con la sobrina de un exgobernador de Jalisco. Una llamada a sus padres de la joven, de 17 a\u00f1os, fue interceptada por la polic\u00eda. Tras pasar 28 a\u00f1os en cinco c\u00e1rceles diferentes, logr\u00f3 la libertad en 2013 con una argucia legal. Un juez decidi\u00f3 que no deb\u00eda haber sido juzgado por un tribunal federal, sino por uno de su pueblo y lo dej\u00f3 en libertad cuando a\u00fan le faltaban 12 m\u00e1s para cumplir su sentencia. A los 59 a\u00f1os, el viejo capo volv\u00eda a la libertad y a la clandestinidad.<\/p>\n<p class=\"\">Aunque sin el poder de anta\u00f1o, la ficha del FBI alertaba de que segu\u00eda siendo una amenaza desde sus feudos entre el norte de Sinaloa, Sonora y Baja California. En su vuelta el ruedo, exigi\u00f3 derecho de antig\u00fcedad, busc\u00f3 una alianza con otro veterano, El Mayo Zambada, detenido el a\u00f1o pasado, arm\u00f3 un peque\u00f1o ej\u00e9rcito de leales y<a href=\"https:\/\/elpais.com\/mexico\/2022-07-16\/la-guerra-por-el-territorio-que-delato-a-caro-quintero-el-narco-de-narcos.html\" data-link-track-dtm=\"\" data-mrf-link=\"https:\/\/elpais.com\/mexico\/2022-07-16\/la-guerra-por-el-territorio-que-delato-a-caro-quintero-el-narco-de-narcos.html\">\u00a0entr\u00f3 en guerra con Los Chapitos.\u00a0<\/a>No pudo recuperar el poder que le vali\u00f3 el apodo del Narco de narcos<i>,\u00a0<\/i>y sus planes de regresar a la cima acabaron por delatarle. La DEA hab\u00eda reclutado a infiltrados en su c\u00edrculo m\u00e1s cercano.<\/p>\n<p class=\"\">El Pr\u00edncipe, otro de sus apodos, de nuevo atrapado por su pasado. La sentencia del caso Camarena consider\u00f3 probado que el 7 de febrero de 1985, cuando el agente antinarc\u00f3ticos sal\u00eda del Consulado de Estados Unidos en Guadalajara, fue secuestrado por polic\u00edas corruptos y entregado al cartel de Guadalajara. En una finca de la organizaci\u00f3n, fue torturado una y otra vez mientras un m\u00e9dico lo manten\u00eda con vida. Cuando su cuerpo fue recuperado, se descubri\u00f3 que hab\u00eda sido castrado y enterrado vivo.<\/p>\n","protected":false},"excerpt":{"rendered":"<p>&nbsp; El destino del hist\u00f3rico capo ha estado marcado por el brutal asesinato en 1985 del agente de la DEA Kiki Camarena. Era la extradici\u00f3n&hellip;<\/p>\n","protected":false},"author":99,"featured_media":529079,"comment_status":"open","ping_status":"open","sticky":false,"template":"","format":"standard","meta":{"footnotes":""},"categories":[23],"tags":[],"class_list":["post-529078","post","type-post","status-publish","format-standard","has-post-thumbnail","hentry","category-latinoamerica"],"_links":{"self":[{"href":"https:\/\/diarioelpopular.com\/index.php\/wp-json\/wp\/v2\/posts\/529078","targetHints":{"allow":["GET"]}}],"collection":[{"href":"https:\/\/diarioelpopular.com\/index.php\/wp-json\/wp\/v2\/posts"}],"about":[{"href":"https:\/\/diarioelpopular.com\/index.php\/wp-json\/wp\/v2\/types\/post"}],"author":[{"embeddable":true,"href":"https:\/\/diarioelpopular.com\/index.php\/wp-json\/wp\/v2\/users\/99"}],"replies":[{"embeddable":true,"href":"https:\/\/diarioelpopular.com\/index.php\/wp-json\/wp\/v2\/comments?post=529078"}],"version-history":[{"count":1,"href":"https:\/\/diarioelpopular.com\/index.php\/wp-json\/wp\/v2\/posts\/529078\/revisions"}],"predecessor-version":[{"id":529080,"href":"https:\/\/diarioelpopular.com\/index.php\/wp-json\/wp\/v2\/posts\/529078\/revisions\/529080"}],"wp:featuredmedia":[{"embeddable":true,"href":"https:\/\/diarioelpopular.com\/index.php\/wp-json\/wp\/v2\/media\/529079"}],"wp:attachment":[{"href":"https:\/\/diarioelpopular.com\/index.php\/wp-json\/wp\/v2\/media?parent=529078"}],"wp:term":[{"taxonomy":"category","embeddable":true,"href":"https:\/\/diarioelpopular.com\/index.php\/wp-json\/wp\/v2\/categories?post=529078"},{"taxonomy":"post_tag","embeddable":true,"href":"https:\/\/diarioelpopular.com\/index.php\/wp-json\/wp\/v2\/tags?post=529078"}],"curies":[{"name":"wp","href":"https:\/\/api.w.org\/{rel}","templated":true}]}}