{"id":529081,"date":"2025-02-28T10:38:30","date_gmt":"2025-02-28T14:38:30","guid":{"rendered":"https:\/\/diarioelpopular.com\/?p=529081"},"modified":"2025-02-28T10:38:30","modified_gmt":"2025-02-28T14:38:30","slug":"petro-presenta-el-reemplazo-de-francia-marquez-en-igualdad-como-gran-novedad-de-su-nuevo-gabinete","status":"publish","type":"post","link":"https:\/\/diarioelpopular.com\/index.php\/2025\/02\/28\/petro-presenta-el-reemplazo-de-francia-marquez-en-igualdad-como-gran-novedad-de-su-nuevo-gabinete\/","title":{"rendered":"Petro presenta el reemplazo de Francia M\u00e1rquez en Igualdad como gran novedad de su nuevo gabinete"},"content":{"rendered":"<div id=\"attachment_529082\" style=\"width: 1210px\" class=\"wp-caption alignnone\"><img loading=\"lazy\" decoding=\"async\" aria-describedby=\"caption-attachment-529082\" class=\"wp-image-529082 size-custom-big-size\" src=\"https:\/\/diarioelpopular.com\/wp-content\/uploads\/2025\/02\/Screen-Shot-2025-02-28-at-9.37.54-AM-1200x814.png\" alt=\"\" width=\"1200\" height=\"814\" srcset=\"https:\/\/diarioelpopular.com\/wp-content\/uploads\/2025\/02\/Screen-Shot-2025-02-28-at-9.37.54-AM-1200x814.png 1200w, https:\/\/diarioelpopular.com\/wp-content\/uploads\/2025\/02\/Screen-Shot-2025-02-28-at-9.37.54-AM-300x204.png 300w, https:\/\/diarioelpopular.com\/wp-content\/uploads\/2025\/02\/Screen-Shot-2025-02-28-at-9.37.54-AM-768x521.png 768w, https:\/\/diarioelpopular.com\/wp-content\/uploads\/2025\/02\/Screen-Shot-2025-02-28-at-9.37.54-AM-636x431.png 636w, https:\/\/diarioelpopular.com\/wp-content\/uploads\/2025\/02\/Screen-Shot-2025-02-28-at-9.37.54-AM-80x55.png 80w, https:\/\/diarioelpopular.com\/wp-content\/uploads\/2025\/02\/Screen-Shot-2025-02-28-at-9.37.54-AM-108x73.png 108w, https:\/\/diarioelpopular.com\/wp-content\/uploads\/2025\/02\/Screen-Shot-2025-02-28-at-9.37.54-AM.png 1024w\" sizes=\"auto, (max-width: 1200px) 100vw, 1200px\" \/><p id=\"caption-attachment-529082\" class=\"wp-caption-text\">Carlos Rosero, nuevo ministro de la Igualdad, durante la presentaci\u00f3n del nuevo gabinete ministerial del presidente Gustavo Petro, en Bogot\u00e1, Colombia. Presidencia de Colombia<\/p><\/div>\n<p>&nbsp;<\/p>\n<p>&nbsp;<\/p>\n<h4 class=\"a_st\"><em>&#8211; La vicepresidente hab\u00eda denunciado supuestas amenazas contra su vida tan solo horas antes de que el presidente protagonizara una ceremonia llena de s\u00edmbolos macondianos. Petro no mencion\u00f3 siquiera a M\u00e1rquez, quien no asisti\u00f3<\/em><\/h4>\n<p>&nbsp;<\/p>\n<p class=\"\">Como un\u00a0<i>performance<\/i>, entre mariposas amarillas colgantes, una foto de Gabriel Garc\u00eda M\u00e1rquez a sus espaldas, y un escenario ambientado con sombreros y tambores, el presidente Gustavo Petro ha protagonizado la que llam\u00f3 la presentaci\u00f3n de su nuevo gabinete ministerial.<\/p>\n<p class=\"\">Tras una intervenci\u00f3n del Coro Nacional de Colombia en la sala principal del Centro Nacional de las Artes Delia Zapata Olivella, un centro cultural en el coraz\u00f3n de Bogot\u00e1, dio la bienvenida a 7 ministros, de 19 carteras que componen el Gabinete. Cinco de ellos ya hab\u00edan sido informados oficialmente, dos fueron novedades parciales, pues los preced\u00edan rumores. Estaban sentados a su izquierda: Armando Benedetti (Interior), Pedro S\u00e1nchez (Defensa), Edwin Palma Vega (Minas y Energ\u00eda),\u00a0<a href=\"https:\/\/elpais.com\/america-colombia\/2025-02-26\/gustavo-petro-nombra-a-lena-estrada-anokazi-ministra-de-ambiente-de-colombia.html\" data-link-track-dtm=\"\" data-mrf-link=\"https:\/\/elpais.com\/america-colombia\/2025-02-26\/gustavo-petro-nombra-a-lena-estrada-anokazi-ministra-de-ambiente-de-colombia.html\">Lena Estrada (Ambiente)<\/a>, Yannai Kadamani (Culturas), Patricia Duque (Deporte) y Carlos Rosero (Igualdad). La presencia de este \u00faltimo fue la gran noticia de la noche, porque significa la<a href=\"https:\/\/elpais.com\/america-colombia\/2025-02-28\/petro-aparta-a-su-vicepresidenta-francia-marquez-de-su-cargo-como-ministra-de-igualdad.html\" data-link-track-dtm=\"\" data-mrf-link=\"https:\/\/elpais.com\/america-colombia\/2025-02-28\/petro-aparta-a-su-vicepresidenta-francia-marquez-de-su-cargo-como-ministra-de-igualdad.html\">\u00a0salida de la vicepresidente Francia M\u00e1rquez de una cartera creada e impulsada por ella<\/a>.<\/p>\n<p class=\"\">Petro no se refiri\u00f3 a M\u00e1rquez, ausente en el auditorio en el que los dem\u00e1s miembros del alto Gobierno estaban c\u00f3modamente sentados. Aunque\u00a0<a href=\"https:\/\/elpais.com\/america-colombia\/2025-02-27\/francia-marquez-dice-que-su-vida-corre-peligro-tras-denunciar-la-corrupcion-en-el-gobierno-al-que-pertenece-no-me-callaran.html\" data-link-track-dtm=\"\" data-mrf-link=\"https:\/\/elpais.com\/america-colombia\/2025-02-27\/francia-marquez-dice-que-su-vida-corre-peligro-tras-denunciar-la-corrupcion-en-el-gobierno-al-que-pertenece-no-me-callaran.html\">la l\u00edder afro hab\u00eda publicado pocas horas antes un comunicado en el que denunciaba que su vida corre peligro\u00a0<\/a>por haber denunciado corrupci\u00f3n en el Gobierno, el presidente no se solidariz\u00f3 con ella. Tampoco le agradeci\u00f3 su trabajo como ministra. \u201cMi compromiso con Colombia no termina por estar dentro o fuera de un ministerio\u201d, hab\u00eda escrito la hoy exministra, la \u00fanica del gabinete que no sigui\u00f3 la instrucci\u00f3n de Petro de presentar una renuncia protocolaria. Como en\u00a0<a href=\"https:\/\/elpais.com\/america-colombia\/2025-02-05\/el-consejo-de-ministros-en-vivo-en-cinco-frases.html\" data-link-track-dtm=\"\" data-mrf-link=\"https:\/\/elpais.com\/america-colombia\/2025-02-05\/el-consejo-de-ministros-en-vivo-en-cinco-frases.html\">el sonado Consejo de Ministros televisado<\/a>, en el que M\u00e1rquez mostr\u00f3 sin tapujos su descontento con su propio Gobierno, Petro la ignor\u00f3. Esa noche de martes, la vicepresidente se quej\u00f3 de ser evaluada como ministra a la par de sus colegas cuando, record\u00f3, hab\u00eda iniciado el ministerio desde cero, con la dificultad que eso conlleva. Tambi\u00e9n levant\u00f3 entonces su voz de protesta contra Laura Sarabia y\u00a0<a href=\"https:\/\/elpais.com\/america-colombia\/2025-02-06\/el-nombramiento-de-armando-benedetti-fractura-la-relacion-entre-petro-y-su-nucleo-mas-cercano.html\" data-link-track-dtm=\"\" data-mrf-link=\"https:\/\/elpais.com\/america-colombia\/2025-02-06\/el-nombramiento-de-armando-benedetti-fractura-la-relacion-entre-petro-y-su-nucleo-mas-cercano.html\">Armando Benedetti<\/a>: \u201cTal vez esto me cueste qui\u00e9n sabe qu\u00e9\u201d, dijo.<\/p>\n<p class=\"\">Y le cost\u00f3. Si Benedetti estaba en el grupo de nuevos ministros, en las primeras filas del teatro estaba Sarabia, hoy ministra de Relaciones Exteriores. Tambi\u00e9n se ve\u00edan Guillermo Alfonso Jaramillo, de Salud; Yesenia Olaya, de Ciencia; Daniel Rojas, de Educaci\u00f3n; Mar\u00eda Fernanda Rojas, de Transporte; o \u00c1ngela Mar\u00eda Buitrago, de Justicia. Eso no implica necesariamente que sigan en sus cargos.<\/p>\n<p class=\"\">El presidente aclar\u00f3, al inicio de su discurso de 40 minutos, que realmente no estaba presentando un nuevo gabinete: los siete que estaban a su izquierda no se han posesionado, los acompa\u00f1aban dos embajadores y, sobre todo, explic\u00f3 que a\u00fan faltan m\u00e1s cambios. Algunos claros, como el del ministerio de Tecnolog\u00edas de la Informaci\u00f3n y las Comunicaciones, donde sigue en interinidad Belfor Garc\u00eda; otros, quiz\u00e1s, todav\u00eda por revelar. Tras tres semanas largas de cambios a cuentagotas, el evento no fue el cierre del recambio, sino la salida de M\u00e1rquez.<\/p>\n<p class=\"\">Petro habl\u00f3 de temas que le son queridos. Del\u00a0<a href=\"https:\/\/elpais.com\/internacional\/2016\/11\/12\/colombia\/1478980675_158573.html\" data-link-track-dtm=\"\" data-mrf-link=\"https:\/\/elpais.com\/internacional\/2016\/11\/12\/colombia\/1478980675_158573.html\">Acuerdo de Paz de 2016 con las FARC<\/a>, de las dificultades que encuentra en sacar adelante iniciativas (\u201dNo gobierna el pueblo, gobierna la burocracia\u201d, se lament\u00f3), del Hospital San Juan de Dios o del metro elevado de Bogot\u00e1. Termin\u00f3 haciendo una breve presentaci\u00f3n de cada uno de los nuevos ministros. De todos habl\u00f3, menos de Benedetti, un operador pol\u00edtico tradicional cuya llegada al centro del Ejecutivo ha causado molestias entre sectores de izquierda. \u201cNo hablo de Benedetti porque la prensa habla mucho de \u00e9l\u201d, dijo.<\/p>\n<p class=\"\">Una de sus ideas centrales fue la diversidad. \u201cEste es un gabinete homog\u00e9neo ideol\u00f3gicamente, aunque no me gusta la homogeneidad, porque Colombia no es homog\u00e9nea\u201d, se\u00f1al\u00f3. M\u00e1s bien, se\u00f1al\u00f3 caracter\u00edsticas \u00e9tnicas de sus ministros: la ascendencia libanesa de la ministra de Culturas, Yannai Kadamani; la trayectoria afrocolombiana de Carlos Rosero, de Igualdad; que Lena Yina Estrada, de Ambiente, sea la primera ind\u00edgena en llegar a un ministerio. Sobre el nuevo encargado de Defensa, el general en retiro Pedro S\u00e1nchez, encar\u00f3 la pol\u00e9mica que gener\u00f3 haber roto con tres d\u00e9cadas de civiles en el cargo. \u201cEs la posibilidad de juntar Ej\u00e9rcito y pueblo, armas y pueblo, que significa que las armas no disparan al pueblo\u201d, argument\u00f3 antes de salir al adyacente e hist\u00f3rico Teatro Col\u00f3n a ver una adaptaci\u00f3n oper\u00e1tica de la centenaria novela\u00a0<i>La Vor\u00e1gine<\/i>.<\/p>\n<p class=\"\">Esta fue la segunda aparici\u00f3n p\u00fablica del gabinete en televisi\u00f3n nacional en un agitado mes de febrero. La primera ocurri\u00f3 25 d\u00edas antes, cuando el mandatario decidi\u00f3 transmitir, a modo de alocuci\u00f3n, un Consejo de Ministros en vivo y en directo. \u201cFue un cabezazo\u201d, reiter\u00f3 en el teatro, aunque lejos de discutirse asuntos de inter\u00e9s nacional, ese martes el pa\u00eds termin\u00f3 viendo, en horario\u00a0<i>prime\u00a0<\/i>de televisi\u00f3n, a un gabinete en conflicto, inconforme, con m\u00e1s reparos que acuerdos. Este jueves, en cambio, solo habl\u00f3 \u00e9l y las voces m\u00e1s cr\u00edticas tres semanas antes \u2014M\u00e1rquez, la saliente ministra de Ambiente Susana Muhamad, el director de Planeaci\u00f3n Nacional Alex\u00e1nder L\u00f3pez, el director de la Unidad de Protecci\u00f3n Augusto Rodr\u00edguez\u2014 estaban ausentes. En eso s\u00ed hab\u00eda homogeneidad.<\/p>\n","protected":false},"excerpt":{"rendered":"<p>&nbsp; &nbsp; &#8211; La vicepresidente hab\u00eda denunciado supuestas amenazas contra su vida tan solo horas antes de que el presidente protagonizara una ceremonia llena de&hellip;<\/p>\n","protected":false},"author":99,"featured_media":529082,"comment_status":"open","ping_status":"open","sticky":false,"template":"","format":"standard","meta":{"footnotes":""},"categories":[23],"tags":[],"class_list":["post-529081","post","type-post","status-publish","format-standard","has-post-thumbnail","hentry","category-latinoamerica"],"_links":{"self":[{"href":"https:\/\/diarioelpopular.com\/index.php\/wp-json\/wp\/v2\/posts\/529081","targetHints":{"allow":["GET"]}}],"collection":[{"href":"https:\/\/diarioelpopular.com\/index.php\/wp-json\/wp\/v2\/posts"}],"about":[{"href":"https:\/\/diarioelpopular.com\/index.php\/wp-json\/wp\/v2\/types\/post"}],"author":[{"embeddable":true,"href":"https:\/\/diarioelpopular.com\/index.php\/wp-json\/wp\/v2\/users\/99"}],"replies":[{"embeddable":true,"href":"https:\/\/diarioelpopular.com\/index.php\/wp-json\/wp\/v2\/comments?post=529081"}],"version-history":[{"count":1,"href":"https:\/\/diarioelpopular.com\/index.php\/wp-json\/wp\/v2\/posts\/529081\/revisions"}],"predecessor-version":[{"id":529083,"href":"https:\/\/diarioelpopular.com\/index.php\/wp-json\/wp\/v2\/posts\/529081\/revisions\/529083"}],"wp:featuredmedia":[{"embeddable":true,"href":"https:\/\/diarioelpopular.com\/index.php\/wp-json\/wp\/v2\/media\/529082"}],"wp:attachment":[{"href":"https:\/\/diarioelpopular.com\/index.php\/wp-json\/wp\/v2\/media?parent=529081"}],"wp:term":[{"taxonomy":"category","embeddable":true,"href":"https:\/\/diarioelpopular.com\/index.php\/wp-json\/wp\/v2\/categories?post=529081"},{"taxonomy":"post_tag","embeddable":true,"href":"https:\/\/diarioelpopular.com\/index.php\/wp-json\/wp\/v2\/tags?post=529081"}],"curies":[{"name":"wp","href":"https:\/\/api.w.org\/{rel}","templated":true}]}}