{"id":529085,"date":"2025-02-28T10:46:39","date_gmt":"2025-02-28T14:46:39","guid":{"rendered":"https:\/\/diarioelpopular.com\/?p=529085"},"modified":"2025-02-28T10:46:39","modified_gmt":"2025-02-28T14:46:39","slug":"nicaragua-un-ejercito-contra-el-pueblo","status":"publish","type":"post","link":"https:\/\/diarioelpopular.com\/index.php\/2025\/02\/28\/nicaragua-un-ejercito-contra-el-pueblo\/","title":{"rendered":"Nicaragua, un Ej\u00e9rcito contra el pueblo"},"content":{"rendered":"<div id=\"attachment_529086\" style=\"width: 646px\" class=\"wp-caption alignnone\"><img loading=\"lazy\" decoding=\"async\" aria-describedby=\"caption-attachment-529086\" class=\"wp-image-529086 size-custom-full-size\" src=\"https:\/\/diarioelpopular.com\/wp-content\/uploads\/2025\/02\/Screen-Shot-2025-02-28-at-9.45.32-AM-636x360.png\" alt=\"\" width=\"636\" height=\"360\" srcset=\"https:\/\/diarioelpopular.com\/wp-content\/uploads\/2025\/02\/Screen-Shot-2025-02-28-at-9.45.32-AM-636x360.png 636w, https:\/\/diarioelpopular.com\/wp-content\/uploads\/2025\/02\/Screen-Shot-2025-02-28-at-9.45.32-AM-300x170.png 300w, https:\/\/diarioelpopular.com\/wp-content\/uploads\/2025\/02\/Screen-Shot-2025-02-28-at-9.45.32-AM-768x435.png 768w, https:\/\/diarioelpopular.com\/wp-content\/uploads\/2025\/02\/Screen-Shot-2025-02-28-at-9.45.32-AM-129x73.png 129w, https:\/\/diarioelpopular.com\/wp-content\/uploads\/2025\/02\/Screen-Shot-2025-02-28-at-9.45.32-AM.png 988w\" sizes=\"auto, (max-width: 636px) 100vw, 636px\" \/><p id=\"caption-attachment-529086\" class=\"wp-caption-text\">El dictador de Nicaragua, Daniel Ortega (izquierda) y su esbirro, el comandante en jefe del Ej\u00e9rcito, Julio C\u00e9sar Avil\u00e9s, durante un desfile militar en Managua. OSWALDO RIVAS (REUTERS)<\/p><\/div>\n<p>&nbsp;<\/p>\n<p>&nbsp;<\/p>\n<h4 class=\"a_st\"><em>&#8211; Los documentos presentados por la ONU sobre la comisio\u0301n de cri\u0301menes de lesa humanidad por parte de militares son otra prueba de la deriva represora del re\u0301gimen de Ortega<\/em><\/h4>\n<p>&nbsp;<\/p>\n<p class=\"\">La reciente publicaci\u00f3n del informe del Grupo de Expertos en Derechos Humanos sobre Nicaragua (GHREN) de Naciones Unidas\u00a0<a href=\"https:\/\/elpais.com\/america\/2025-02-27\/la-onu-presenta-pruebas-que-implican-al-ejercito-de-nicaragua-en-la-comision-de-crimenes-de-lesa-humanidad.html\" target=\"_self\" data-link-track-dtm=\"\" data-mrf-link=\"https:\/\/elpais.com\/america\/2025-02-27\/la-onu-presenta-pruebas-que-implican-al-ejercito-de-nicaragua-en-la-comision-de-crimenes-de-lesa-humanidad.html\">ha revelado pruebas contundentes que implican al Ej\u00e9rcito de Nicaragua<\/a>\u00a0en la comisi\u00f3n de cr\u00edmenes de lesa humanidad durante la represi\u00f3n de las protestas de 2018.<\/p>\n<p class=\"\">Estas revelaciones no solo desmienten la narrativa oficial que negaba la participaci\u00f3n militar en la violencia, algo m\u00e1s que contrastado por los medios y organizaciones de la sociedad civil.<\/p>\n<p class=\"\">Seg\u00fan el informe, altos mandos militares, incluyendo al jefe del Estado Mayor, Bayardo Rodr\u00edguez, y al comandante en jefe del Ej\u00e9rcito, Julio C\u00e9sar Avil\u00e9s, al servicio de los Ortega, participaron activamente en la represi\u00f3n. El 20 de abril de 2018, apenas dos d\u00edas despu\u00e9s del inicio de las manifestaciones, se llev\u00f3 a cabo una reuni\u00f3n en la que se inst\u00f3 a los oficiales a \u201cneutralizar\u201d a los manifestantes, bajo la premisa de enfrentar un supuesto \u201cgolpe de Estado\u201d orquestado por organizaciones sociales.\u00a0<a href=\"https:\/\/elpais.com\/internacional\/2018\/05\/24\/america\/1527170180_287606.html\" target=\"_self\" data-link-track-dtm=\"\" data-mrf-link=\"https:\/\/elpais.com\/internacional\/2018\/05\/24\/america\/1527170180_287606.html\">Esta directriz result\u00f3 en el uso desproporcionado y sistem\u00e1tico de la fuerza<\/a>, causando m\u00e1s de 350 muertes y miles de heridos.<\/p>\n<p class=\"\">Adem\u00e1s de la represi\u00f3n directa, el informe destaca que el Ej\u00e9rcito proporcion\u00f3 armas letales a grupos paramilitares y llev\u00f3 a cabo operaciones de inteligencia para identificar y perseguir a opositores. Estas acciones no solo violan los derechos fundamentales, sino que tambi\u00e9n constituyen cr\u00edmenes de lesa humanidad, al ser parte de una pol\u00edtica estatal dirigida a silenciar cualquier forma de disidencia.<\/p>\n<p class=\"\">La implicaci\u00f3n del Ej\u00e9rcito en estos cr\u00edmenes es particularmente alarmante dado\u00a0<a href=\"https:\/\/elpais.com\/america\/2024-11-26\/ortega-y-murillo-consolidan-su-poder-sobre-el-ejercito-y-la-policia-en-nicaragua.html\" target=\"_self\" data-link-track-dtm=\"\" data-mrf-link=\"https:\/\/elpais.com\/america\/2024-11-26\/ortega-y-murillo-consolidan-su-poder-sobre-el-ejercito-y-la-policia-en-nicaragua.html\">el creciente papel que juega en el r\u00e9gimen de Daniel Ortega y Rosario Murillo<\/a>. La participaci\u00f3n activa de las fuerzas armadas en la violencia estatal refleja una preocupante militarizaci\u00f3n de la pol\u00edtica y ahonda en la erosi\u00f3n de las instituciones en Nicaragua, c\u00f3mplices absolutas de la autocracia de la pareja presidencial.<\/p>\n<p class=\"\">La represi\u00f3n en Nicaragua, no obstante, no se limita a las protestas de 2018. Desde entonces, el Gobierno ha intensificado su ofensiva contra cualquier forma de oposici\u00f3n, incluyendo la persecuci\u00f3n de l\u00edderes religiosos, periodistas y l\u00edderes sociales.<\/p>\n<p class=\"\">Organizaciones internacionales han documentado casos de tortura, detenciones arbitrarias y desapariciones forzadas,\u00a0<a href=\"https:\/\/elpais.com\/america\/2024-09-11\/el-grupo-de-expertos-de-la-onu-senala-a-ortega-murillo-y-al-regimen-sandinista-de-coordinar-un-aparato-de-represion.html\" target=\"_self\" data-link-track-dtm=\"\" data-mrf-link=\"https:\/\/elpais.com\/america\/2024-09-11\/el-grupo-de-expertos-de-la-onu-senala-a-ortega-murillo-y-al-regimen-sandinista-de-coordinar-un-aparato-de-represion.html\">configurando un patr\u00f3n sistem\u00e1tico de violaciones a los derechos humanos<\/a>. Es imperativo que la comunidad internacional tome medidas concretas para responsabilizar a los perpetradores de estos cr\u00edmenes. La inacci\u00f3n no solo perpet\u00faa la impunidad, sino que tambi\u00e9n env\u00eda un mensaje peligroso a reg\u00edmenes que podr\u00edan considerar seguir un camino similar.<\/p>\n<p class=\"\">La gravedad de las violaciones documentadas exige una respuesta firme y decidida para evitar que la represi\u00f3n y la violencia se normalicen en muchos pa\u00edses de Am\u00e9rica Latina. Es momento de actuar en defensa de los derechos humanos y de la dignidad del pueblo nicarag\u00fcense.<\/p>\n","protected":false},"excerpt":{"rendered":"<p>&nbsp; &nbsp; &#8211; Los documentos presentados por la ONU sobre la comisio\u0301n de cri\u0301menes de lesa humanidad por parte de militares son otra prueba de&hellip;<\/p>\n","protected":false},"author":99,"featured_media":529086,"comment_status":"open","ping_status":"open","sticky":false,"template":"","format":"standard","meta":{"footnotes":""},"categories":[23],"tags":[],"class_list":["post-529085","post","type-post","status-publish","format-standard","has-post-thumbnail","hentry","category-latinoamerica"],"_links":{"self":[{"href":"https:\/\/diarioelpopular.com\/index.php\/wp-json\/wp\/v2\/posts\/529085","targetHints":{"allow":["GET"]}}],"collection":[{"href":"https:\/\/diarioelpopular.com\/index.php\/wp-json\/wp\/v2\/posts"}],"about":[{"href":"https:\/\/diarioelpopular.com\/index.php\/wp-json\/wp\/v2\/types\/post"}],"author":[{"embeddable":true,"href":"https:\/\/diarioelpopular.com\/index.php\/wp-json\/wp\/v2\/users\/99"}],"replies":[{"embeddable":true,"href":"https:\/\/diarioelpopular.com\/index.php\/wp-json\/wp\/v2\/comments?post=529085"}],"version-history":[{"count":1,"href":"https:\/\/diarioelpopular.com\/index.php\/wp-json\/wp\/v2\/posts\/529085\/revisions"}],"predecessor-version":[{"id":529087,"href":"https:\/\/diarioelpopular.com\/index.php\/wp-json\/wp\/v2\/posts\/529085\/revisions\/529087"}],"wp:featuredmedia":[{"embeddable":true,"href":"https:\/\/diarioelpopular.com\/index.php\/wp-json\/wp\/v2\/media\/529086"}],"wp:attachment":[{"href":"https:\/\/diarioelpopular.com\/index.php\/wp-json\/wp\/v2\/media?parent=529085"}],"wp:term":[{"taxonomy":"category","embeddable":true,"href":"https:\/\/diarioelpopular.com\/index.php\/wp-json\/wp\/v2\/categories?post=529085"},{"taxonomy":"post_tag","embeddable":true,"href":"https:\/\/diarioelpopular.com\/index.php\/wp-json\/wp\/v2\/tags?post=529085"}],"curies":[{"name":"wp","href":"https:\/\/api.w.org\/{rel}","templated":true}]}}