{"id":529101,"date":"2025-02-28T11:29:48","date_gmt":"2025-02-28T15:29:48","guid":{"rendered":"https:\/\/diarioelpopular.com\/?p=529101"},"modified":"2025-02-28T11:29:48","modified_gmt":"2025-02-28T15:29:48","slug":"29-narcos-entregados-a-trump-y-decenas-de-causas-en-la-justicia-de-estados-unidos-el-trasfondo-de-un-operativo-sin-precedentes","status":"publish","type":"post","link":"https:\/\/diarioelpopular.com\/index.php\/2025\/02\/28\/29-narcos-entregados-a-trump-y-decenas-de-causas-en-la-justicia-de-estados-unidos-el-trasfondo-de-un-operativo-sin-precedentes\/","title":{"rendered":"29 narcos entregados a Trump y decenas de causas en la justicia de Estados Unidos: el trasfondo de un operativo sin precedentes"},"content":{"rendered":"<div id=\"attachment_529102\" style=\"width: 646px\" class=\"wp-caption alignnone\"><img loading=\"lazy\" decoding=\"async\" aria-describedby=\"caption-attachment-529102\" class=\"wp-image-529102 size-custom-full-size\" src=\"https:\/\/diarioelpopular.com\/wp-content\/uploads\/2025\/02\/Screen-Shot-2025-02-28-at-10.29.11-AM-636x379.png\" alt=\"\" width=\"636\" height=\"379\" srcset=\"https:\/\/diarioelpopular.com\/wp-content\/uploads\/2025\/02\/Screen-Shot-2025-02-28-at-10.29.11-AM-636x380.png 636w, https:\/\/diarioelpopular.com\/wp-content\/uploads\/2025\/02\/Screen-Shot-2025-02-28-at-10.29.11-AM-300x179.png 300w, https:\/\/diarioelpopular.com\/wp-content\/uploads\/2025\/02\/Screen-Shot-2025-02-28-at-10.29.11-AM-768x457.png 768w, https:\/\/diarioelpopular.com\/wp-content\/uploads\/2025\/02\/Screen-Shot-2025-02-28-at-10.29.11-AM-1200x714.png 1200w, https:\/\/diarioelpopular.com\/wp-content\/uploads\/2025\/02\/Screen-Shot-2025-02-28-at-10.29.11-AM-123x73.png 123w, https:\/\/diarioelpopular.com\/wp-content\/uploads\/2025\/02\/Screen-Shot-2025-02-28-at-10.29.11-AM.png 1024w\" sizes=\"auto, (max-width: 636px) 100vw, 636px\" \/><p id=\"caption-attachment-529102\" class=\"wp-caption-text\">Detenci\u00f3n del capo mexicano Rafael Caro Quintero, en Choix (M\u00e9xico), en 2022. EFE<\/p><\/div>\n<p>&nbsp;<\/p>\n<p>&nbsp;<\/p>\n<h4 class=\"a_st\"><em><strong>&#8211; Narcotr\u00e1fico, homicidio y crimen organizado son algunos cargos que enfrentan en las cortes del pa\u00eds vecino las decenas de capos extraditados para contener las amenazas arancelarias<\/strong><\/em><\/h4>\n<p>&nbsp;<\/p>\n<div class=\"a_c clearfix\" data-dtm-region=\"articulo_cuerpo\">\n<p class=\"\">M\u00e9xico ha acelerado la extradici\u00f3n de decenas de capos para evitar las amenazas de Donald Trump. El Gabinete de Seguridad de Claudia Sheinbaum confirm\u00f3 este jueves\u00a0<a href=\"https:\/\/elpais.com\/mexico\/2025-02-27\/mexico-extradita-a-29-narcotraficantes-a-estados-unidos-entre-ellos-los-lideres-de-los-zetas.html\" data-link-track-dtm=\"\" data-mrf-link=\"https:\/\/elpais.com\/mexico\/2025-02-27\/mexico-extradita-a-29-narcotraficantes-a-estados-unidos-entre-ellos-los-lideres-de-los-zetas.html\">el traslado de 29 blancos prioritarios de Estados Unidos<\/a>, momentos antes de\u00a0<a href=\"https:\/\/elpais.com\/mexico\/2025-02-27\/sheinbaum-confia-en-una-nueva-pausa-en-los-aranceles-espero-que-podamos-llegar-a-un-acuerdo.html\" data-link-track-dtm=\"\" data-mrf-link=\"https:\/\/elpais.com\/mexico\/2025-02-27\/sheinbaum-confia-en-una-nueva-pausa-en-los-aranceles-espero-que-podamos-llegar-a-un-acuerdo.html\">reunirse con altos funcionarios de la Casa Blanca<\/a>\u00a0y en medio de\u00a0<a href=\"https:\/\/elpais.com\/internacional\/2025-02-27\/trump-dice-ahora-que-los-aranceles-a-mexico-y-canada-entraran-en-vigor-la-semana-proxima.html\" data-link-track-dtm=\"\" data-mrf-link=\"https:\/\/elpais.com\/internacional\/2025-02-27\/trump-dice-ahora-que-los-aranceles-a-mexico-y-canada-entraran-en-vigor-la-semana-proxima.html\">las presiones arancelarias de Washington<\/a>.<\/p>\n<p class=\"\">Tras un operativo sin precedentes, en la lista se incluyen nombres como el de\u00a0<a href=\"https:\/\/elpais.com\/mexico\/2022-07-17\/caro-quintero-el-viejo-capo-que-revoluciono-el-mundo-de-la-marihuana.html\" data-link-track-dtm=\"\" data-mrf-link=\"https:\/\/elpais.com\/mexico\/2022-07-17\/caro-quintero-el-viejo-capo-que-revoluciono-el-mundo-de-la-marihuana.html\">Rafael Caro Quintero<\/a>, buscado por el asesinato del agente de la DEA Enrique\u00a0<i>Kiki<\/i>\u00a0Camarena; Jos\u00e9 \u00c1ngel Canobbio Inzunza\u00a0<i>El G\u00fcero<\/i>, se\u00f1alado como uno de los principales operadores financieros de\u00a0<a href=\"https:\/\/elpais.com\/mexico\/2025-02-21\/mexico-estrecha-el-cerco-sobre-los-chapitos.html\" data-link-track-dtm=\"\" data-mrf-link=\"https:\/\/elpais.com\/mexico\/2025-02-21\/mexico-estrecha-el-cerco-sobre-los-chapitos.html\">Los Chapitos<\/a>, y los hermanos\u00a0<a href=\"https:\/\/elpais.com\/mexico\/2024-10-18\/estados-unidos-pisa-el-acelerador-contra-el-z-40-y-el-z-42-lideres-del-sanguinario-cartel-de-los-zetas.html\" data-link-track-dtm=\"\" data-mrf-link=\"https:\/\/elpais.com\/mexico\/2024-10-18\/estados-unidos-pisa-el-acelerador-contra-el-z-40-y-el-z-42-lideres-del-sanguinario-cartel-de-los-zetas.html\">Miguel \u00c1ngel y Omar Trevi\u00f1o Morales, alias\u00a0<i>El Z-40<\/i>\u00a0y El\u00a0<i>Z-42<\/i><\/a>, los \u00faltimos l\u00edderes de Los Zetas. Narcotr\u00e1fico, homicidio, lavado de dinero y delincuencia organizada son parte de los cargos que enfrentan las\u00a0<a href=\"https:\/\/elpais.com\/mexico\/2022-10-21\/caro-quintero-los-fundadores-de-los-zetas-y-la-mano-derecha-de-el-mencho-la-lista-de-extradiciones-prioritarias-de-ee-uu.html\" target=\"_blank\" rel=\"noopener\" data-link-track-dtm=\"\" data-mrf-link=\"https:\/\/elpais.com\/mexico\/2022-10-21\/caro-quintero-los-fundadores-de-los-zetas-y-la-mano-derecha-de-el-mencho-la-lista-de-extradiciones-prioritarias-de-ee-uu.html\">personas extraditadas<\/a>\u00a0en las cortes estadounidenses.<\/p>\n<h3 class=\"\">Rafael Caro Quintero: cuentas pendientes<\/h3>\n<p class=\"\">El llamado Narco de Narcos ha sido uno de los mayores objetivos de la DEA durante d\u00e9cadas. Al margen de una carrera criminal que se extiende desde los a\u00f1os setenta como fundador del Cartel de Guadalajara y l\u00edder hist\u00f3rico del Cartel de Sinaloa, la agencia antinarc\u00f3ticos puso un blanco en la espalda de Caro Quintero al vincularlo con la tortura y el brutal asesinato del agente encubierto\u00a0<i>Kiki<\/i>\u00a0Camarena. El capo pis\u00f3 la c\u00e1rcel en 1985 por el caso, pero logr\u00f3 salir de la c\u00e1rcel por un error procesal en 2013 hasta que\u00a0<a href=\"https:\/\/elpais.com\/mexico\/2022-07-15\/rafael-caro-quintero-capturado-el-jefe-historico-del-cartel-de-sinaloa.html\" data-link-track-dtm=\"\" data-mrf-link=\"https:\/\/elpais.com\/mexico\/2022-07-15\/rafael-caro-quintero-capturado-el-jefe-historico-del-cartel-de-sinaloa.html\">fue recapturado en 2022 en la sierra de Sinaloa<\/a>. El narcotraficante hab\u00eda logrado frenar su extradici\u00f3n con fallos favorables a su causa hasta hace apenas unos d\u00edas, asestando m\u00faltiples reveses a la Fiscal\u00eda General de la Rep\u00fablica (FGR). El acusado tiene al menos cuatro causas abiertas en Estados Unidos: uno en Texas, dos en California y otro m\u00e1s en Nueva York, donde fue llevado. Washington se\u00f1al\u00f3 que enfrenta una pena m\u00e1xima de muerte o cadena perpetua.<\/p>\n<p>&nbsp;<\/p>\n<figure class=\"a_m a_m-h \">\n<p><div style=\"width: 424px\" class=\"wp-caption alignnone\"><img loading=\"lazy\" decoding=\"async\" class=\"_re lazyload a_m-h\" src=\"https:\/\/imagenes.elpais.com\/resizer\/v2\/KIEKHBE6LJPCXM4CWTUWXVFR2Y.jpg?auth=8432f1dba292933b739da913d0720542f4bef969758b5d3cfa16837bc7ae20bd&amp;width=414\" sizes=\"auto, (min-width:1199px) 1155px,(min-width:1001px) calc(100vw - 44px),(min-width:768px) 767px, 100vw\" srcset=\"https:\/\/imagenes.elpais.com\/resizer\/v2\/KIEKHBE6LJPCXM4CWTUWXVFR2Y.jpg?auth=8432f1dba292933b739da913d0720542f4bef969758b5d3cfa16837bc7ae20bd&amp;width=414 414w,https:\/\/imagenes.elpais.com\/resizer\/v2\/KIEKHBE6LJPCXM4CWTUWXVFR2Y.jpg?auth=8432f1dba292933b739da913d0720542f4bef969758b5d3cfa16837bc7ae20bd&amp;width=828 640w,https:\/\/imagenes.elpais.com\/resizer\/v2\/KIEKHBE6LJPCXM4CWTUWXVFR2Y.jpg?auth=8432f1dba292933b739da913d0720542f4bef969758b5d3cfa16837bc7ae20bd&amp;width=980 1000w,https:\/\/imagenes.elpais.com\/resizer\/v2\/KIEKHBE6LJPCXM4CWTUWXVFR2Y.jpg?auth=8432f1dba292933b739da913d0720542f4bef969758b5d3cfa16837bc7ae20bd&amp;width=1960 1960w\" alt=\"Rafael Caro Quintero durante su traslado al penal de Matamoros, Tamaulipas, en enero de 2005.\" width=\"414\" height=\"281\" \/><p class=\"wp-caption-text\">Rafael Caro Quintero durante su traslado al penal de Matamoros, Tamaulipas, en enero de 2005.<\/p><\/div><figcaption class=\"a_m_p\"><\/figcaption><\/figure>\n<p>&nbsp;<\/p>\n<p class=\"\">Los expedientes m\u00e1s antiguos provienen del Distrito Central de California y datan de 1987. La carpeta relacionada con el\u00a0<i>caso Camarena<\/i>\u00a0incluye 18 acusaciones, entre ellos varias por soborno, secuestro, el asesinato de un agente federal y homicidio en primer grado. California tambi\u00e9n lo acusa de ofensas por tr\u00e1fico de marihuana y otras drogas en otra causa. En la Corte Este de Nueva York, la que ha llevado los casos contra\u00a0<a href=\"https:\/\/elpais.com\/mexico\/2025-02-26\/juan-manuel-delgado-abogado-de-el-mayo-zambada-el-sabe-que-va-a-pasar-el-resto-de-sus-dias-en-prision-lo-que-no-quiere-es-que-lo-maten.html\" data-link-track-dtm=\"\" data-mrf-link=\"https:\/\/elpais.com\/mexico\/2025-02-26\/juan-manuel-delgado-abogado-de-el-mayo-zambada-el-sabe-que-va-a-pasar-el-resto-de-sus-dias-en-prision-lo-que-no-quiere-es-que-lo-maten.html\">Ismael\u00a0<i>El Mayo<\/i>\u00a0Zambada<\/a>\u00a0y\u00a0<a href=\"https:\/\/elpais.com\/mexico\/2024-10-28\/el-chapo-se-juega-sus-ultimas-cartas-desde-la-carcel-la-ineficiencia-de-mis-abogados-me-costo-mi-libertad.html\" data-link-track-dtm=\"\" data-mrf-link=\"https:\/\/elpais.com\/mexico\/2024-10-28\/el-chapo-se-juega-sus-ultimas-cartas-desde-la-carcel-la-ineficiencia-de-mis-abogados-me-costo-mi-libertad.html\">Joaqu\u00edn\u00a0<i>El Chapo<\/i>\u00a0Guzm\u00e1n<\/a>, el narcotraficante es acusado desde 2015 de cuatro delitos: uno por pertenecer a una empresa criminal continua (delincuencia organizada), otro por el uso de armas y dos m\u00e1s por conspiraci\u00f3n para traficar marihuana, hero\u00edna, coca\u00edna y metanfetaminas. En la corte texana, Caro Quintero se enfrenta a tres cargos: conspiraci\u00f3n para secuestrar, transportaci\u00f3n ilegal de armas de fuego y su uso para cometer un delito. Las acusaciones fueron presentadas en 2020, pero se desprenden de un caso de los ochenta en perjuicio de Ambrosio Quintero, tambi\u00e9n conocido como Margarito Almeida, a quien el capo culpaba del asesinato de su padre, Emilio Caro.<\/p>\n<h3 class=\"\">La pol\u00e9mica de la identidad del Z-40 y el Z-42<\/h3>\n<p class=\"\">Los hermanos Trevi\u00f1o Morales tambi\u00e9n han estado en la mira de Estados Unidos desde hace d\u00e9cadas. En octubre pasado se hizo p\u00fablica una nueva causa abierta en el Distrito de Columbia contra ambos l\u00edderes de los Zetas y del Cartel del Noreste por pertenecer a una empresa criminal continua, conspiraci\u00f3n para el narcotr\u00e1fico, ofensas por armas de fuego y delitos de lavado de dinero. A la \u00faltima bater\u00eda de cargos se suma otra abierta en el Distrito Sur de Texas de 2008. Miguel \u00c1ngel,\u00a0<i>El Z-40<\/i>, es acusado de casi 50 delitos, mientras que el menor Omar,\u00a0<i>El Z-42<\/i>, de otros tres. Tras ser encarcelados en Nayarit, los hermanos ser\u00e1n procesados en Washington y se arriesgan a pasar el resto de su vida en prisi\u00f3n.<\/p>\n<p>&nbsp;<\/p>\n<figure class=\"a_m a_m-h \">\n<p><div style=\"width: 424px\" class=\"wp-caption alignnone\"><img loading=\"lazy\" decoding=\"async\" class=\"_re lazyload a_m-h\" src=\"https:\/\/imagenes.elpais.com\/resizer\/v2\/XAF3QPT4GNDAVAMILYN7IBSIEQ.jpg?auth=9088acda29ed8a7634a12f7f6a21bcca7a09bb882f9694c4dcaf0c24064338dc&amp;width=414\" sizes=\"auto, (min-width:1199px) 1155px,(min-width:1001px) calc(100vw - 44px),(min-width:768px) 767px, 100vw\" srcset=\"https:\/\/imagenes.elpais.com\/resizer\/v2\/XAF3QPT4GNDAVAMILYN7IBSIEQ.jpg?auth=9088acda29ed8a7634a12f7f6a21bcca7a09bb882f9694c4dcaf0c24064338dc&amp;width=414 414w,https:\/\/imagenes.elpais.com\/resizer\/v2\/XAF3QPT4GNDAVAMILYN7IBSIEQ.jpg?auth=9088acda29ed8a7634a12f7f6a21bcca7a09bb882f9694c4dcaf0c24064338dc&amp;width=828 640w,https:\/\/imagenes.elpais.com\/resizer\/v2\/XAF3QPT4GNDAVAMILYN7IBSIEQ.jpg?auth=9088acda29ed8a7634a12f7f6a21bcca7a09bb882f9694c4dcaf0c24064338dc&amp;width=980 1000w,https:\/\/imagenes.elpais.com\/resizer\/v2\/XAF3QPT4GNDAVAMILYN7IBSIEQ.jpg?auth=9088acda29ed8a7634a12f7f6a21bcca7a09bb882f9694c4dcaf0c24064338dc&amp;width=1960 1960w\" alt=\"Omar Trevi\u00f1o Morales conocido como 'El Z-42' es detenido en M\u00e9xico, en marzo de 2015.\" width=\"414\" height=\"276\" \/><p class=\"wp-caption-text\">Omar Trevi\u00f1o Morales conocido como &#8216;El Z-42&#8217; es detenido en M\u00e9xico, en marzo de 2015.Diego Reyes (Cuartoscuro)<\/p><\/div><figcaption class=\"a_m_p\"><\/figcaption><\/figure>\n<p>&nbsp;<\/p>\n<p class=\"\">Las autoridades mexicanas anunciaron\u00a0<a href=\"https:\/\/elpais.com\/internacional\/2015\/03\/04\/actualidad\/1425476185_081608.html\" data-link-track-dtm=\"\" data-mrf-link=\"https:\/\/elpais.com\/internacional\/2015\/03\/04\/actualidad\/1425476185_081608.html\">la captura del Z-40 en 2013 y del Z-42 en 2015<\/a>, pero desde entonces ambos detenidos han asegurado que les han confundido con alguien m\u00e1s y que los verdaderos responsables siguen libres. El fiscal Alejandro Gertz Manero, uno de los funcionarios que hizo el viaje a Washington, se quej\u00f3 esta misma semana de que los se\u00f1alados han sacado ventaja de esta estrategia legal. \u201cSon 8 y 11 a\u00f1os los que han estado echando para atr\u00e1s las audiencias\u201d, declar\u00f3. Los abogados defensores sostienen que se trata de un error. Ovidio Guzm\u00e1n, el hijo del Chapo, utiliz\u00f3 argumentos similares para frenar su extradici\u00f3n, pero fue finalmente trasladado en septiembre de 2023. El Cartel del Noreste fue\u00a0<a href=\"https:\/\/elpais.com\/mexico\/2025-02-19\/estados-unidos-designa-como-organizaciones-terroristas-globales-a-seis-carteles-mexicanos-y-dos-pandillas.html\" target=\"_blank\" rel=\"noopener\" data-link-track-dtm=\"\" data-mrf-link=\"https:\/\/elpais.com\/mexico\/2025-02-19\/estados-unidos-designa-como-organizaciones-terroristas-globales-a-seis-carteles-mexicanos-y-dos-pandillas.html\">designado este mismo mes como organizaci\u00f3n terrorista en Estados Unidos, junto a otros cinco c\u00e1rteles<\/a>.<\/p>\n<h3 class=\"\">El G\u00fcero y la ofensiva contra Los Chapitos<\/h3>\n<p class=\"\">Estados Unidos anunci\u00f3\u00a0<a href=\"https:\/\/elpais.com\/mexico\/2024-11-07\/nuevo-golpe-contra-los-chapitos-estados-unidos-se-lanza-contra-el-jefe-de-seguridad-de-ivan-archivaldo-guzman.html\" data-link-track-dtm=\"\" data-mrf-link=\"https:\/\/elpais.com\/mexico\/2024-11-07\/nuevo-golpe-contra-los-chapitos-estados-unidos-se-lanza-contra-el-jefe-de-seguridad-de-ivan-archivaldo-guzman.html\">cargos contra Canobbio Inzunza apenas en noviembre pasado<\/a>, se\u00f1alado como uno de los principales operadores financieros y lugarteniente en la estructura de seguridad de Los Chapitos, la facci\u00f3n del Cartel de Sinaloa comandada por los herederos del Chapo. El G\u00fcerito o El 90, como tambi\u00e9n se le conoce, es acusado de la fabricaci\u00f3n y distribuci\u00f3n de fentanilo y otras drogas. De ser hallado culpable, se enfrenta a cadena perpetua.\u00a0<a href=\"https:\/\/elpais.com\/mexico\/2025-02-20\/detenido-en-culiacan-el-guerito-jefe-de-seguridad-de-los-chapitos.html\" data-link-track-dtm=\"\" data-mrf-link=\"https:\/\/elpais.com\/mexico\/2025-02-20\/detenido-en-culiacan-el-guerito-jefe-de-seguridad-de-los-chapitos.html\">Fue detenido apenas el pasado 19 de febrero en Culiac\u00e1n<\/a>, el basti\u00f3n hist\u00f3rico de la organizaci\u00f3n criminal, e identificado como uno de los hombres m\u00e1s cercanos a Iv\u00e1n Archivaldo Guzm\u00e1n. Se esperaba que el capo fuera una de las principales cartas de las autoridades mexicanas en sus negociaciones con Washington.<\/p>\n<p>&nbsp;<\/p>\n<figure class=\"a_m a_m-h \">\n<p><div style=\"width: 424px\" class=\"wp-caption alignnone\"><img loading=\"lazy\" decoding=\"async\" class=\"_re lazyload a_m-h\" src=\"https:\/\/imagenes.elpais.com\/resizer\/v2\/Q6XPARL4HZAWLLHBHORBMR7HIQ.jpeg?auth=4d011c580a810a485dab2644d3f6ea0bb1dbe7a7ab5efcf8693fb315a53a786b&amp;width=414\" sizes=\"auto, (min-width:1199px) 1155px,(min-width:1001px) calc(100vw - 44px),(min-width:768px) 767px, 100vw\" srcset=\"https:\/\/imagenes.elpais.com\/resizer\/v2\/Q6XPARL4HZAWLLHBHORBMR7HIQ.jpeg?auth=4d011c580a810a485dab2644d3f6ea0bb1dbe7a7ab5efcf8693fb315a53a786b&amp;width=414 414w,https:\/\/imagenes.elpais.com\/resizer\/v2\/Q6XPARL4HZAWLLHBHORBMR7HIQ.jpeg?auth=4d011c580a810a485dab2644d3f6ea0bb1dbe7a7ab5efcf8693fb315a53a786b&amp;width=828 640w,https:\/\/imagenes.elpais.com\/resizer\/v2\/Q6XPARL4HZAWLLHBHORBMR7HIQ.jpeg?auth=4d011c580a810a485dab2644d3f6ea0bb1dbe7a7ab5efcf8693fb315a53a786b&amp;width=980 1000w,https:\/\/imagenes.elpais.com\/resizer\/v2\/Q6XPARL4HZAWLLHBHORBMR7HIQ.jpeg?auth=4d011c580a810a485dab2644d3f6ea0bb1dbe7a7ab5efcf8693fb315a53a786b&amp;width=1960 1960w\" alt=\"Jose \u00c1ngel Canobbio es detenido por elementos del ej\u00e9rcito mexicano, en Culiac\u00e1n.\" width=\"414\" height=\"234\" \/><p class=\"wp-caption-text\">Jose \u00c1ngel Canobbio es detenido por elementos del ej\u00e9rcito mexicano, en Culiac\u00e1n.SEDENA<\/p><\/div><figcaption class=\"a_m_p\"><\/figcaption><\/figure>\n<p>&nbsp;<\/p>\n<p class=\"\">El narcotraficante se suma a medio centenar de capos ligados a Los Chapitos que han visto la misma suerte desde septiembre, cuando estall\u00f3\u00a0<a href=\"https:\/\/elpais.com\/mexico\/2025-01-05\/las-dos-guerras-de-los-chapitos-vencer-a-el-mayo-en-sinaloa-y-sobrevivir-en-los-tribunales-de-estados-unidos.html\" data-link-track-dtm=\"\" data-mrf-link=\"https:\/\/elpais.com\/mexico\/2025-01-05\/las-dos-guerras-de-los-chapitos-vencer-a-el-mayo-en-sinaloa-y-sobrevivir-en-los-tribunales-de-estados-unidos.html\">la guerra por la sucesi\u00f3n en el Cartel de Sinaloa<\/a>, seg\u00fan un conteo realizado por este diario a partir de los comunicados de las autoridades. El \u00faltimo en sumarse a la lista fue Kevin Alonso Gil\u00a0<i>El 200<\/i>, figura clave entre los guardaespaldas de los l\u00edderes, capturado hace una semana. El G\u00fcero ser\u00e1 trasladado a Chicago, donde dos de los hijos del Chapo ya est\u00e1n bajo custodia, Ovidio y Joaqu\u00edn Guzm\u00e1n. Mientras ambos buscan sobrevivir a sus procesos judiciales, sus medios hermanos, Iv\u00e1n Archivaldo y Jes\u00fas Alfredo Guzm\u00e1n, est\u00e1n al frente en el conflicto contra La Mayiza, que ha dejado m\u00e1s de 800 asesinatos y ha disparado la violencia en Sinaloa.<\/p>\n<h3 class=\"\">Golpes al CJNG, la Familia Michoacana y el Cartel de Ju\u00e1rez<\/h3>\n<p class=\"\">En el listado de extradiciones destaca tambi\u00e9n\u00a0<a href=\"https:\/\/elpais.com\/mexico\/2022-12-20\/detenido-antonio-oseguera-hermano-de-el-mencho-lider-del-cartel-jalisco-nueva-generacion.html\" target=\"_blank\" rel=\"noopener\" data-link-track-dtm=\"\" data-mrf-link=\"https:\/\/elpais.com\/mexico\/2022-12-20\/detenido-antonio-oseguera-hermano-de-el-mencho-lider-del-cartel-jalisco-nueva-generacion.html\">Antonio Oseguera Cervantes\u00a0<i>Tony Montana<\/i><\/a>, hermano de\u00a0<a href=\"https:\/\/elpais.com\/mexico\/2024-12-04\/estados-unidos-aumenta-a-15-millones-de-dolares-la-recompensa-por-el-mencho.html\" target=\"_blank\" rel=\"noopener\" data-link-track-dtm=\"\" data-mrf-link=\"https:\/\/elpais.com\/mexico\/2024-12-04\/estados-unidos-aumenta-a-15-millones-de-dolares-la-recompensa-por-el-mencho.html\">Nemesio Oseguera\u00a0<i>El Mencho<\/i>, el l\u00edder del Cartel Jalisco Nueva Generaci\u00f3n (CJNG)<\/a>. Detenido en 2022, el capo es se\u00f1alado como el principal operador financiero y log\u00edstico, y una figura poderosa de la c\u00fapula de la organizaci\u00f3n criminal. Su destino fue Washington, donde fue acusado en 2023 de conspiraci\u00f3n para el tr\u00e1fico de coca\u00edna y metanfetaminas, as\u00ed como cargos por posesi\u00f3n ilegal de armas. En septiembre pasado fue condenado en ese tribunal Rub\u00e9n Oseguera\u00a0<i>El Menchito<\/i>, su sobrino y presunto sucesor del Mencho, tambi\u00e9n por cargos similares.<\/p>\n<p class=\"\"><a href=\"https:\/\/elpais.com\/mexico\/2021-09-15\/condenado-a-28-anos-de-prision-vicente-carrillo-fuentes-el-ultimo-gran-heredero-del-cartel-de-juarez.html\" target=\"_blank\" rel=\"noopener\" data-link-track-dtm=\"\" data-mrf-link=\"https:\/\/elpais.com\/mexico\/2021-09-15\/condenado-a-28-anos-de-prision-vicente-carrillo-fuentes-el-ultimo-gran-heredero-del-cartel-de-juarez.html\">Vicente Carrillo Fuentes<\/a>, antiguo l\u00edder del Cartel de Ju\u00e1rez y hermano de Amado Carrillo\u00a0<a href=\"https:\/\/elpais.com\/mexico\/2022-06-28\/mexico-sortea-la-lujosa-mansion-del-senor-de-los-cielos.html\" target=\"_blank\" rel=\"noopener\" data-link-track-dtm=\"\" data-mrf-link=\"https:\/\/elpais.com\/mexico\/2022-06-28\/mexico-sortea-la-lujosa-mansion-del-senor-de-los-cielos.html\"><i>El Se\u00f1or de los Cielos<\/i><\/a>, fue extraditado a Nueva York. La primera causa en su contra se present\u00f3 en Texas en 1997, donde enfrenta 46 cargos, como lavado de dinero, manipulaci\u00f3n de testigos y ordenar asesinatos. En 2021 fue condenado en M\u00e9xico a 28 a\u00f1os de prisi\u00f3n. Jos\u00e9 Jes\u00fas M\u00e9ndez Vargas\u00a0<i>El Chango<\/i>, fundador de la Familia Michoacana, tambi\u00e9n ir\u00e1 al Estado de Nueva York.\u00a0<a href=\"https:\/\/elpais.com\/internacional\/2011\/06\/21\/actualidad\/1308607216_850215.html\" target=\"_blank\" rel=\"noopener\" data-link-track-dtm=\"\" data-mrf-link=\"https:\/\/elpais.com\/internacional\/2011\/06\/21\/actualidad\/1308607216_850215.html\">Su detenci\u00f3n fue anunciada por el expresidente Felipe Calder\u00f3n<\/a>\u00a0en 2011, acusado de narcotr\u00e1fico y extorsi\u00f3n, y desde entonces se buscaba su traslado. En Texas estar\u00e1 recluido\u00a0<a href=\"https:\/\/elpais.com\/mexico\/2024-01-19\/golpe-al-cartel-del-golfo-detenido-la-kena-el-capo-detras-del-secuestro-de-cuatro-estadounidenses-en-tamaulipas.html\" target=\"_blank\" rel=\"noopener\" data-link-track-dtm=\"\" data-mrf-link=\"https:\/\/elpais.com\/mexico\/2024-01-19\/golpe-al-cartel-del-golfo-detenido-la-kena-el-capo-detras-del-secuestro-de-cuatro-estadounidenses-en-tamaulipas.html\">Jos\u00e9 Alberto Garc\u00eda Vilano, alias\u00a0<i>La Kena<\/i><\/a>, el capo ligado al Cartel del Golfo que estuvo detr\u00e1s del secuestro de cuatro estadounidenses en Tamaulipas. Todos fueron llevados a Estados Unidos desde el\u00a0<a href=\"https:\/\/elpais.com\/mexico\/2025-01-31\/hermetismo-discrecion-y-miedo-a-una-nueva-crisis-asi-son-los-primeros-vuelos-de-deportacion-a-mexico-en-la-era-trump.html\" target=\"_blank\" rel=\"noopener\" data-link-track-dtm=\"\" data-mrf-link=\"https:\/\/elpais.com\/mexico\/2025-01-31\/hermetismo-discrecion-y-miedo-a-una-nueva-crisis-asi-son-los-primeros-vuelos-de-deportacion-a-mexico-en-la-era-trump.html\">Aeropuerto Internacional Felipe \u00c1ngeles<\/a>, a las afueras de Ciudad de M\u00e9xico.<\/p>\n<\/div>\n<div id=\"me-dis\" class=\"me _pf\">\n<div class=\"me_bg\">\n<div class=\"me-dis _pa _df\">\n<div class=\"me-dis_c\">\n<h2 class=\"me-dis_t\"><\/h2>\n<div class=\"me-dis_l\"><\/div>\n<p><span id=\"capping-arrow\" class=\"arrow\"><\/span><\/div>\n<\/div>\n<\/div>\n<\/div>\n","protected":false},"excerpt":{"rendered":"<p>&nbsp; &nbsp; &#8211; Narcotr\u00e1fico, homicidio y crimen organizado son algunos cargos que enfrentan en las cortes del pa\u00eds vecino las decenas de capos extraditados para&hellip;<\/p>\n","protected":false},"author":99,"featured_media":529102,"comment_status":"open","ping_status":"open","sticky":false,"template":"","format":"standard","meta":{"footnotes":""},"categories":[24],"tags":[],"class_list":["post-529101","post","type-post","status-publish","format-standard","has-post-thumbnail","hentry","category-mundo"],"_links":{"self":[{"href":"https:\/\/diarioelpopular.com\/index.php\/wp-json\/wp\/v2\/posts\/529101","targetHints":{"allow":["GET"]}}],"collection":[{"href":"https:\/\/diarioelpopular.com\/index.php\/wp-json\/wp\/v2\/posts"}],"about":[{"href":"https:\/\/diarioelpopular.com\/index.php\/wp-json\/wp\/v2\/types\/post"}],"author":[{"embeddable":true,"href":"https:\/\/diarioelpopular.com\/index.php\/wp-json\/wp\/v2\/users\/99"}],"replies":[{"embeddable":true,"href":"https:\/\/diarioelpopular.com\/index.php\/wp-json\/wp\/v2\/comments?post=529101"}],"version-history":[{"count":1,"href":"https:\/\/diarioelpopular.com\/index.php\/wp-json\/wp\/v2\/posts\/529101\/revisions"}],"predecessor-version":[{"id":529103,"href":"https:\/\/diarioelpopular.com\/index.php\/wp-json\/wp\/v2\/posts\/529101\/revisions\/529103"}],"wp:featuredmedia":[{"embeddable":true,"href":"https:\/\/diarioelpopular.com\/index.php\/wp-json\/wp\/v2\/media\/529102"}],"wp:attachment":[{"href":"https:\/\/diarioelpopular.com\/index.php\/wp-json\/wp\/v2\/media?parent=529101"}],"wp:term":[{"taxonomy":"category","embeddable":true,"href":"https:\/\/diarioelpopular.com\/index.php\/wp-json\/wp\/v2\/categories?post=529101"},{"taxonomy":"post_tag","embeddable":true,"href":"https:\/\/diarioelpopular.com\/index.php\/wp-json\/wp\/v2\/tags?post=529101"}],"curies":[{"name":"wp","href":"https:\/\/api.w.org\/{rel}","templated":true}]}}