{"id":529122,"date":"2025-03-01T11:07:08","date_gmt":"2025-03-01T15:07:08","guid":{"rendered":"https:\/\/diarioelpopular.com\/?p=529122"},"modified":"2025-03-01T11:07:08","modified_gmt":"2025-03-01T15:07:08","slug":"mark-carney-sigue-demostrando-que-tiene-un-problema-con-la-verdad","status":"publish","type":"post","link":"https:\/\/diarioelpopular.com\/index.php\/2025\/03\/01\/mark-carney-sigue-demostrando-que-tiene-un-problema-con-la-verdad\/","title":{"rendered":"Mark Carney sigue demostrando que tiene un problema con la verdad"},"content":{"rendered":"<div id=\"attachment_529123\" style=\"width: 646px\" class=\"wp-caption alignnone\"><img loading=\"lazy\" decoding=\"async\" aria-describedby=\"caption-attachment-529123\" class=\"wp-image-529123 size-custom-full-size\" src=\"https:\/\/diarioelpopular.com\/wp-content\/uploads\/2025\/03\/Screen-Shot-2025-03-01-at-10.05.38-AM-636x480.png\" alt=\"\" width=\"636\" height=\"480\" srcset=\"https:\/\/diarioelpopular.com\/wp-content\/uploads\/2025\/03\/Screen-Shot-2025-03-01-at-10.05.38-AM-636x480.png 636w, https:\/\/diarioelpopular.com\/wp-content\/uploads\/2025\/03\/Screen-Shot-2025-03-01-at-10.05.38-AM-300x227.png 300w, https:\/\/diarioelpopular.com\/wp-content\/uploads\/2025\/03\/Screen-Shot-2025-03-01-at-10.05.38-AM-768x580.png 768w, https:\/\/diarioelpopular.com\/wp-content\/uploads\/2025\/03\/Screen-Shot-2025-03-01-at-10.05.38-AM-97x73.png 97w, https:\/\/diarioelpopular.com\/wp-content\/uploads\/2025\/03\/Screen-Shot-2025-03-01-at-10.05.38-AM.png 842w\" sizes=\"auto, (max-width: 636px) 100vw, 636px\" \/><p id=\"caption-attachment-529123\" class=\"wp-caption-text\">El candidato liberal Mark Carney<\/p><\/div>\n<p>&nbsp;<\/p>\n<p>&nbsp;<\/p>\n<ul>\n<li><em><strong>La afirmaci\u00f3n de Carney de que ayud\u00f3 a equilibrar el presupuesto con Paul Martin no est\u00e1 en nada respaldada por los hechos<\/strong><\/em><\/li>\n<\/ul>\n<div class=\"published-by\"><span class=\"published-by__author\"><a href=\"https:\/\/torontosun.com\/author\/blilleypostmedia\/\">Por Brian Lilley<\/a><\/span><\/div>\n<p>\u00bfPuede creer algo de lo que Mark Carney afirma sobre su carrera?<\/p>\n<p>Es una pregunta seria, porque no dijo ni una mentira el martes por la noche, cuando los liberales celebraban su debate de liderazgo, dijo dos mentiras graves.<\/p>\n<p>La \u00faltima mentira de Carney es que ayud\u00f3 a Paul Martin a equilibrar el presupuesto.<\/p>\n<p>&#8220;Fue un privilegio para m\u00ed trabajar con Paul Martin cuando equilibraba las cuentas y las manten\u00eda equilibradas&#8221;, dijo Carney durante el debate del martes.<\/p>\n<p>Este es el problema con esa afirmaci\u00f3n: Mark Carney, seg\u00fan su propio curr\u00edculum en su perfil de LinkedIn, nunca trabaj\u00f3 con Paul Martin mientras equilibraba las cuentas como ministro de finanzas de Jean Chretien.<\/p>\n<p>El 27 de febrero de 1995, Martin present\u00f3 su primer presupuesto para que Canad\u00e1 volviera a alcanzar el equilibrio y, durante los a\u00f1os siguientes, trabaj\u00f3 arduamente para lograrlo en 1998. El plan era realizar cambios en la econom\u00eda y el gasto p\u00fablico de Canad\u00e1 para lograr el primer presupuesto equilibrado en casi 30 a\u00f1os.<\/p>\n<p>Pero Mark Carney no trabajaba para el gobierno federal en ese momento, sino para Goldman Sachs, la principal firma de Wall Street. O, seg\u00fan algunos informes, \u00e9l era estudiante en la Universidad de Oxford.<\/p>\n<p>\u00bfTrabaj\u00f3 alguna vez con Paul Martin cuando el ex primer ministro era ministro de finanzas para ayudar a equilibrar el presupuesto?<\/p>\n<p>No, en absoluto.<\/p>\n<p>El curr\u00edculum p\u00fablico de Carney indica que dej\u00f3 Goldman Sachs para ocupar un puesto de vicegobernador del Banco de Canad\u00e1 en 2003. En 2004 asumi\u00f3 un nuevo puesto como viceministro asociado principal de finanzas, pero para ese momento Paul Martin era primer ministro y el presupuesto ya estaba equilibrado desde hac\u00eda tiempo.<\/p>\n<p>Sin embargo, Carney habla de su importante papel en el trabajo con Paul Martin para equilibrar el presupuesto. Hace unas semanas, un amigo afirm\u00f3 que Carney era culpable del equivalente pol\u00edtico de lo que en el ej\u00e9rcito se llama \u201cvalor robado\u201d.<\/p>\n<p>El valor robado es el acto de reclamar la propiedad de hechos o acciones sobre los que no se tiene derecho a reclamar.<\/p>\n<p>Carney est\u00e1 siendo objeto de muchas burlas en Internet de forma vil y abierta con memes que lo muestran en otros trabajos y puestos que nunca ha tenido. Se afirma que Carney invent\u00f3 la bombilla de la luz, fue el quinto Beatle, escribi\u00f3 la Carta Magna y construy\u00f3 la Gran Muralla China&#8230; entre otros.<\/p>\n<p>Todo esto ocurre d\u00edas despu\u00e9s de que Carney fuera criticado, una vez m\u00e1s, por afirmar que no tuvo ninguna participaci\u00f3n en la decisi\u00f3n de trasladar la sede de Brookfield Asset Management de Toronto a la ciudad de Nueva York. Carney era presidente de la junta directiva de Brookfield cuando votaron por unanimidad a favor de la medida en octubre pasado y luego firm\u00f3 una carta en la que alentaba a los accionistas a que apoyaran el acuerdo en diciembre de 2024.<\/p>\n<p>Ahora, \u00e9l y su equipo est\u00e1n tratando de afirmar que, dado que la decisi\u00f3n tomada por la junta directiva el oto\u00f1o pasado se formaliz\u00f3 en enero, \u00e9l no tuvo nada que ver con ella. Eso simplemente no es cre\u00edble dado lo involucrado que estuvo Carney en la decisi\u00f3n.<\/p>\n<p>&#8220;Mark Carney necesita salir de su escondite y responder claramente a preguntas sobre las mentiras que les ha dicho a los canadienses&#8221;, dijo el diputado conservador Michael Barrett el viernes.<\/p>\n<p>Carney se ha negado a responder claramente a las preguntas sobre estas dos mentiras con su campa\u00f1a de evasivas y evasivas.<\/p>\n<p>Todo esto adem\u00e1s de que Carney tambi\u00e9n afirm\u00f3 que salv\u00f3 la econom\u00eda de Canad\u00e1 durante la crisis financiera de 2008-09. Claro, jug\u00f3 un papel como parte de un equipo con el entonces primer ministro Stephen Harper y su ministro de finanzas Jim Flaherty. Otro valor robado.<\/p>\n<p>La verdad es que la contribuci\u00f3n de Carney a ese esfuerzo habr\u00eda quedado eclipsada por las acciones y decisiones fiscales, presupuestarias y pol\u00edticas adoptadas por Harper y Flaherty.<\/p>\n<p>Carney afirma haber hecho cosas que no ha hecho o exagera su papel, al tiempo que niega haber trasladado la sede de Brookfield cuando tenemos pruebas claras.<\/p>\n<p>El hombre que est\u00e1 a punto de ganar la carrera por el liderazgo liberal y convertirse en nuestro pr\u00f3ximo primer ministro, pero tambi\u00e9n est\u00e1 demostrando que tiene un problema con la verdad.<\/p>\n","protected":false},"excerpt":{"rendered":"<p>&nbsp; &nbsp; La afirmaci\u00f3n de Carney de que ayud\u00f3 a equilibrar el presupuesto con Paul Martin no est\u00e1 en nada respaldada por los hechos Por&hellip;<\/p>\n","protected":false},"author":99,"featured_media":529123,"comment_status":"open","ping_status":"open","sticky":false,"template":"","format":"standard","meta":{"footnotes":""},"categories":[21,11191],"tags":[],"class_list":["post-529122","post","type-post","status-publish","format-standard","has-post-thumbnail","hentry","category-canada","category-top-news"],"_links":{"self":[{"href":"https:\/\/diarioelpopular.com\/index.php\/wp-json\/wp\/v2\/posts\/529122","targetHints":{"allow":["GET"]}}],"collection":[{"href":"https:\/\/diarioelpopular.com\/index.php\/wp-json\/wp\/v2\/posts"}],"about":[{"href":"https:\/\/diarioelpopular.com\/index.php\/wp-json\/wp\/v2\/types\/post"}],"author":[{"embeddable":true,"href":"https:\/\/diarioelpopular.com\/index.php\/wp-json\/wp\/v2\/users\/99"}],"replies":[{"embeddable":true,"href":"https:\/\/diarioelpopular.com\/index.php\/wp-json\/wp\/v2\/comments?post=529122"}],"version-history":[{"count":1,"href":"https:\/\/diarioelpopular.com\/index.php\/wp-json\/wp\/v2\/posts\/529122\/revisions"}],"predecessor-version":[{"id":529124,"href":"https:\/\/diarioelpopular.com\/index.php\/wp-json\/wp\/v2\/posts\/529122\/revisions\/529124"}],"wp:featuredmedia":[{"embeddable":true,"href":"https:\/\/diarioelpopular.com\/index.php\/wp-json\/wp\/v2\/media\/529123"}],"wp:attachment":[{"href":"https:\/\/diarioelpopular.com\/index.php\/wp-json\/wp\/v2\/media?parent=529122"}],"wp:term":[{"taxonomy":"category","embeddable":true,"href":"https:\/\/diarioelpopular.com\/index.php\/wp-json\/wp\/v2\/categories?post=529122"},{"taxonomy":"post_tag","embeddable":true,"href":"https:\/\/diarioelpopular.com\/index.php\/wp-json\/wp\/v2\/tags?post=529122"}],"curies":[{"name":"wp","href":"https:\/\/api.w.org\/{rel}","templated":true}]}}