{"id":529139,"date":"2025-03-01T11:41:49","date_gmt":"2025-03-01T15:41:49","guid":{"rendered":"https:\/\/diarioelpopular.com\/?p=529139"},"modified":"2025-03-01T11:41:49","modified_gmt":"2025-03-01T15:41:49","slug":"extradicion-traslado-expulsion-o-envio-la-controversia-legal-detras-de-una-operacion-historica-contra-el-narco","status":"publish","type":"post","link":"https:\/\/diarioelpopular.com\/index.php\/2025\/03\/01\/extradicion-traslado-expulsion-o-envio-la-controversia-legal-detras-de-una-operacion-historica-contra-el-narco\/","title":{"rendered":"Extradici\u00f3n, traslado, expulsi\u00f3n o env\u00edo: la controversia legal detr\u00e1s de una operaci\u00f3n hist\u00f3rica contra el narco"},"content":{"rendered":"<div id=\"attachment_529140\" style=\"width: 1210px\" class=\"wp-caption alignnone\"><img loading=\"lazy\" decoding=\"async\" aria-describedby=\"caption-attachment-529140\" class=\"wp-image-529140 size-custom-big-size\" src=\"https:\/\/diarioelpopular.com\/wp-content\/uploads\/2025\/03\/Screen-Shot-2025-03-01-at-10.40.58-AM-1200x804.png\" alt=\"\" width=\"1200\" height=\"804\" srcset=\"https:\/\/diarioelpopular.com\/wp-content\/uploads\/2025\/03\/Screen-Shot-2025-03-01-at-10.40.58-AM-1200x804.png 1200w, https:\/\/diarioelpopular.com\/wp-content\/uploads\/2025\/03\/Screen-Shot-2025-03-01-at-10.40.58-AM-300x201.png 300w, https:\/\/diarioelpopular.com\/wp-content\/uploads\/2025\/03\/Screen-Shot-2025-03-01-at-10.40.58-AM-768x515.png 768w, https:\/\/diarioelpopular.com\/wp-content\/uploads\/2025\/03\/Screen-Shot-2025-03-01-at-10.40.58-AM-636x426.png 636w, https:\/\/diarioelpopular.com\/wp-content\/uploads\/2025\/03\/Screen-Shot-2025-03-01-at-10.40.58-AM-80x55.png 80w, https:\/\/diarioelpopular.com\/wp-content\/uploads\/2025\/03\/Screen-Shot-2025-03-01-at-10.40.58-AM-109x73.png 109w, https:\/\/diarioelpopular.com\/wp-content\/uploads\/2025\/03\/Screen-Shot-2025-03-01-at-10.40.58-AM.png 1024w\" sizes=\"auto, (max-width: 1200px) 100vw, 1200px\" \/><p id=\"caption-attachment-529140\" class=\"wp-caption-text\">Omar Garc\u00eda Harfuch durante una conferencia de prensa, en Ciudad de M\u00e9xico, este viernes.\u00a0 \u00a0 \u00a0 \u00a0 \u00a0 \u00a0 \u00a0 \u00a0 \u00a0 \u00a0 \u00a0 \u00a0 \u00a0 \u00a0 \u00a0 \u00a0 \u00a0 \u00a0 \u00a0 \u00a0 \u00a0 \u00a0 \u00a0 \u00a0 \u00a0 \u00a0 \u00a0 \u00a0 Rogelio Morales Ponce (CUARTOSCURO)<\/p><\/div>\n<p>&nbsp;<\/p>\n<p>&nbsp;<\/p>\n<h4 class=\"a_st\"><em>&#8211; Las autoridades de M\u00e9xico y Estados Unidos se enredan para explicar el sustento legal que permiti\u00f3 superar el atascamiento en los tribunales que por a\u00f1os impidi\u00f3 la entrega de los capos<\/em><\/h4>\n<p>&nbsp;<\/p>\n<p class=\"\">Si este jueves, nada m\u00e1s conocerse el\u00a0<a href=\"https:\/\/elpais.com\/mexico\/2025-02-27\/mexico-extradita-a-29-narcotraficantes-a-estados-unidos-entre-ellos-los-lideres-de-los-zetas.html\" data-link-track-dtm=\"\" data-mrf-link=\"https:\/\/elpais.com\/mexico\/2025-02-27\/mexico-extradita-a-29-narcotraficantes-a-estados-unidos-entre-ellos-los-lideres-de-los-zetas.html\">ins\u00f3lito operativo en el que M\u00e9xico envi\u00f3 a Estados Unidos a 29 narcotraficantes<\/a>, se hablaba de extradici\u00f3n, horas despu\u00e9s comenz\u00f3 a surgir la duda y se multiplicaron las preguntas sobre cu\u00e1l fue realmente el sustento legal que agiliz\u00f3 la entrega y destrab\u00f3 los procesos de extradici\u00f3n atascados por a\u00f1os en los tribunales.<\/p>\n<p class=\"\">Las autoridades de EE UU usaron t\u00e9rminos dis\u00edmiles: traslado, dijo la Fiscal\u00eda General; extradici\u00f3n, dijo la Casa Blanca; expulsi\u00f3n, dijo el Departamento de Estado. Este viernes, el fiscal de M\u00e9xico,\u00a0<a href=\"https:\/\/elpais.com\/mexico\/2025-02-25\/gertz-apunta-a-estados-unidos-por-no-responder-a-la-solicitud-de-extradicion-a-mexico-del-mayo-zambada.html\" data-link-track-dtm=\"\" data-mrf-link=\"https:\/\/elpais.com\/mexico\/2025-02-25\/gertz-apunta-a-estados-unidos-por-no-responder-a-la-solicitud-de-extradicion-a-mexico-del-mayo-zambada.html\">Alejandro Gertz<\/a>, ha aclarado en una rueda de prensa que no se trat\u00f3 de una extradici\u00f3n conforme al tratado bilateral sobre la materia entre los dos pa\u00edses, sino de un \u201cenv\u00edo\u201d, una vaga figura; el secretario de Seguridad, Omar Garc\u00eda Harfuch, habl\u00f3 de un \u201ctraslado\u201d. El fiscal Gertz ha explicado que la operaci\u00f3n se efectu\u00f3 a solicitud expresa de Estados Unidos y que M\u00e9xico respondi\u00f3 con base en la Ley de Seguridad Nacional y el art\u00edculo constitucional que faculta a la titular del Ejecutivo, Claudia Sheinbaum, a preservarla.<\/p>\n<p class=\"\">El inesperado recurso tuvo el objeto de superar el punto muerto al que hab\u00edan llegado varias solicitudes de extradici\u00f3n hechas por Washington, que los capos y sus abogados lograron postergar en los tribunales mediante amparos, algunos por m\u00e1s de una d\u00e9cada. Garc\u00eda Harfuch ha se\u00f1alado la responsabilidad del Poder Judicial en el atascamiento de los procesos de extradici\u00f3n, y ha apuntado a \u201cacuerdos\u201d entre narcos y \u201calgunos jueces que buscaban favorecerlos, como ya se hab\u00eda hecho en otras ocasiones y durante muchos a\u00f1os\u201d.<\/p>\n<p class=\"\">La presidente Sheinbaum ha apuntado a la corrupci\u00f3n en la Judicatura, horas despu\u00e9s de darse a conocer que una jueza orden\u00f3 la liberaci\u00f3n de\u00a0<a href=\"https:\/\/elpais.com\/mexico\/2021-11-17\/la-caida-de-rosalinda-gonzalez-jefa-y-heredera-de-un-clan-de-narcotraficantes.html\" data-link-track-dtm=\"\" data-mrf-link=\"https:\/\/elpais.com\/mexico\/2021-11-17\/la-caida-de-rosalinda-gonzalez-jefa-y-heredera-de-un-clan-de-narcotraficantes.html\">Rosalinda Gonz\u00e1lez Valencia<\/a>, esposa del l\u00edder del Cartel Jalisco Nueva Generaci\u00f3n (CJNG), El Mencho, y que hab\u00eda sido sentenciada por blanqueo de recursos. \u201cLa corrupci\u00f3n el Poder Judicial en nuestro pa\u00eds es aberrante y ofensiva\u201d, ha dicho la mandataria.<\/p>\n<p class=\"\">El Tratado de Extradici\u00f3n entre Estados Unidos y M\u00e9xico, vigente desde 1974, establece que el pa\u00eds requiriente no puede imponer a un sujeto la pena de muerte si el pa\u00eds de origen no contempla ese castigo en sus leyes. No obstante, dado que el \u201cenv\u00edo\u201d de los l\u00edderes criminales no se dio conforme a esa norma,\u00a0<a href=\"https:\/\/www.justice.gov\/opa\/pr\/attorney-general-pamela-bondi-announces-29-wanted-defendants-mexico-taken-us-custody\" target=\"_blank\" rel=\"noopener\" data-link-track-dtm=\"\" data-mrf-link=\"https:\/\/www.justice.gov\/opa\/pr\/attorney-general-pamela-bondi-announces-29-wanted-defendants-mexico-taken-us-custody\">Washington valora pedir ante la justicia la pena capital<\/a>\u00a0para algunos de ellos, como en el caso de\u00a0<a href=\"https:\/\/elpais.com\/mexico\/2022-07-17\/caro-quintero-el-viejo-capo-que-revoluciono-el-mundo-de-la-marihuana.html\" data-link-track-dtm=\"\" data-mrf-link=\"https:\/\/elpais.com\/mexico\/2022-07-17\/caro-quintero-el-viejo-capo-que-revoluciono-el-mundo-de-la-marihuana.html\">Rafael Caro Quintero<\/a>, acusado del brutal asesinato del agente de la DEA Enrique\u00a0<i>Kiki<\/i>\u00a0Camarena en 1985.<\/p>\n<p class=\"\">El embrollo, sin embargo, no cesa. El fiscal Gertz ha afirmado que ninguno de los capos entregados puede ser ejecutado. \u201cNosotros tenemos un acuerdo muy claro en el sentido de que una legislaci\u00f3n como la mexicana que no tiene esa sanci\u00f3n, debe ser respetada en los pa\u00edses donde nosotros tenemos un convenio\u201d, ha indicado. \u201cCuando se sujeta una operaci\u00f3n a una convenci\u00f3n internacional, como fue en este caso, se tienen que respetar las condiciones de esa convenci\u00f3n\u201d, ha agregado.<\/p>\n<p>&nbsp;<\/p>\n<figure class=\"a_m a_m-h \">\n<p><div style=\"width: 424px\" class=\"wp-caption alignnone\"><img loading=\"lazy\" decoding=\"async\" class=\"_re lazyload a_m-h\" src=\"https:\/\/imagenes.elpais.com\/resizer\/v2\/7GQGLLIXBBIEMUIWSD3P5UOVZQ.jpg?auth=0998c7e9d550e080d26fd6f1c5910214150a207c77d47f7fa0342e4b94bc5e1a&amp;width=414\" sizes=\"auto, (min-width:1199px) 1155px,(min-width:1001px) calc(100vw - 44px),(min-width:768px) 767px, 100vw\" srcset=\"https:\/\/imagenes.elpais.com\/resizer\/v2\/7GQGLLIXBBIEMUIWSD3P5UOVZQ.jpg?auth=0998c7e9d550e080d26fd6f1c5910214150a207c77d47f7fa0342e4b94bc5e1a&amp;width=414 414w,https:\/\/imagenes.elpais.com\/resizer\/v2\/7GQGLLIXBBIEMUIWSD3P5UOVZQ.jpg?auth=0998c7e9d550e080d26fd6f1c5910214150a207c77d47f7fa0342e4b94bc5e1a&amp;width=828 640w,https:\/\/imagenes.elpais.com\/resizer\/v2\/7GQGLLIXBBIEMUIWSD3P5UOVZQ.jpg?auth=0998c7e9d550e080d26fd6f1c5910214150a207c77d47f7fa0342e4b94bc5e1a&amp;width=980 1000w,https:\/\/imagenes.elpais.com\/resizer\/v2\/7GQGLLIXBBIEMUIWSD3P5UOVZQ.jpg?auth=0998c7e9d550e080d26fd6f1c5910214150a207c77d47f7fa0342e4b94bc5e1a&amp;width=1960 1960w\" alt=\" Alejandro Gertz Manero durante la conferencia de prensa, este viernes.\" width=\"414\" height=\"264\" \/><p class=\"wp-caption-text\">Alejandro Gertz Manero durante la conferencia de prensa, este viernes. Raquel Cunha (REUTERS)<\/p><\/div><figcaption class=\"a_m_p\"><\/figcaption><\/figure>\n<p>&nbsp;<\/p>\n<p class=\"\">El fiscal Gertz ha se\u00f1alado que Washington present\u00f3 a M\u00e9xico una solicitud \u201cformal\u201d, \u201cpor escrito\u201d y \u201cconcreta\u201d para llevar a cabo el operativo espec\u00edficamente contra los 29 capos en el marco de la Convenci\u00f3n de Palermo, el acuerdo de la ONU para el combate a la delincuencia organizada transnacional y que establece lineamientos en materia de extradici\u00f3n (figura que, volvi\u00f3 a insistir el funcionario, no fue utilizada). \u201cHubo una solicitud fundada del Gobierno de Estados Unidos, ese fue el motivo por el cual se deton\u00f3 todo ese procedimiento\u201d, ha detallado. Gertz ha agregado que la movilizaci\u00f3n institucional fue inmediata. \u201cNo habr\u00e1n pasado horas entre que lleg\u00f3, se convoc\u00f3 al Consejo Nacional de Seguridad, se hizo el an\u00e1lisis en esa reuni\u00f3n, se vieron las bases jur\u00eddicas, si estaban cumplidas, y se procedi\u00f3. Fe un asunto inmediato\u201d, ha indicado.<\/p>\n<p class=\"\">Gertz fue cuestionado insistentemente por la prensa sobre la figura legal espec\u00edfica que sustent\u00f3 el operativo. \u201cNo le dieron denominaci\u00f3n. Nada m\u00e1s se cumpli\u00f3 con la ley\u201d, ha respondido el funcionario. La Fiscal\u00eda General estadounidense se\u00f1al\u00f3 que la entrega de los l\u00edderes criminales por parte de M\u00e9xico se dio conforme a la Orden Ejecutiva 14157 suscrita por el presidente de EE UU, Donald Trump, por la que\u00a0<a href=\"https:\/\/elpais.com\/mexico\/2025-02-20\/canada-designa-a-cinco-carteles-mexicanos-como-organizaciones-terroristas.html\" data-link-track-dtm=\"\" data-mrf-link=\"https:\/\/elpais.com\/mexico\/2025-02-20\/canada-designa-a-cinco-carteles-mexicanos-como-organizaciones-terroristas.html\">cinco carteles mexicanos fueron declarados organizaciones terroristas.<\/a><\/p>\n<p class=\"\">El funcionario ha indicado que el sustento jur\u00eddico por el que M\u00e9xico cumpli\u00f3 su parte se encuentra en la Ley de Seguridad Nacional, donde, ha dicho, \u201cse establecen los par\u00e1metros de necesidad por razones de estabilidad pol\u00edtica tanto en M\u00e9xico como en Estados Unidos\u201d. Tambi\u00e9n ha citado el art\u00edculo 89 de la Constituci\u00f3n, que detalla las obligaciones del Ejecutivo, una de las cuales es \u201cpreservar la seguridad nacional\u201d. \u201cAcu\u00e9rdense de que no se est\u00e1 aplicando una ley de extradici\u00f3n. Esta es una solicitud de seguridad nacional que justificaron los EE UU en raz\u00f3n de las conductas criminales de esas personas en ese pa\u00eds, que coinciden con los procedimientos y los conocimientos que tenemos de las pruebas de su conducta\u201d, ha afirmado.<\/p>\n<p>&nbsp;<\/p>\n<figure class=\"a_m a_m-h \">\n<p><div style=\"width: 424px\" class=\"wp-caption alignnone\"><img loading=\"lazy\" decoding=\"async\" class=\"_re lazyload a_m-h\" src=\"https:\/\/imagenes.elpais.com\/resizer\/v2\/S7EUT3JLI5BGTFJC7KTK2XICHA.JPG?auth=929075ce1428aaf79d11ce65e8f7a8e5d1be6480664fc7f504ff0004e401c70f&amp;width=414\" sizes=\"auto, (min-width:1199px) 1155px,(min-width:1001px) calc(100vw - 44px),(min-width:768px) 767px, 100vw\" srcset=\"https:\/\/imagenes.elpais.com\/resizer\/v2\/S7EUT3JLI5BGTFJC7KTK2XICHA.JPG?auth=929075ce1428aaf79d11ce65e8f7a8e5d1be6480664fc7f504ff0004e401c70f&amp;width=414 414w,https:\/\/imagenes.elpais.com\/resizer\/v2\/S7EUT3JLI5BGTFJC7KTK2XICHA.JPG?auth=929075ce1428aaf79d11ce65e8f7a8e5d1be6480664fc7f504ff0004e401c70f&amp;width=828 640w,https:\/\/imagenes.elpais.com\/resizer\/v2\/S7EUT3JLI5BGTFJC7KTK2XICHA.JPG?auth=929075ce1428aaf79d11ce65e8f7a8e5d1be6480664fc7f504ff0004e401c70f&amp;width=980 1000w,https:\/\/imagenes.elpais.com\/resizer\/v2\/S7EUT3JLI5BGTFJC7KTK2XICHA.JPG?auth=929075ce1428aaf79d11ce65e8f7a8e5d1be6480664fc7f504ff0004e401c70f&amp;width=1960 1960w\" alt=\"Rafael Caro Quintero en el Tribunal Federal de Brooklyn, Nueva York, este viernes. \" width=\"414\" height=\"295\" \/><p class=\"wp-caption-text\">Rafael Caro Quintero en el Tribunal Federal de Brooklyn, Nueva York, este viernes. Jane Rosenberg (REUTERS)<\/p><\/div><figcaption class=\"a_m_p\"><\/figcaption><\/figure>\n<p>&nbsp;<\/p>\n<p class=\"\">El largo proceso de extradici\u00f3n ya hab\u00eda suscitado las quejas de Washington. El a\u00f1o pasado, el entonces embajador en M\u00e9xico, Ken Salazar,\u00a0<a href=\"https:\/\/elpais.com\/mexico\/2024-10-18\/estados-unidos-pisa-el-acelerador-contra-el-z-40-y-el-z-42-lideres-del-sanguinario-cartel-de-los-zetas.html\" data-link-track-dtm=\"\" data-mrf-link=\"https:\/\/elpais.com\/mexico\/2024-10-18\/estados-unidos-pisa-el-acelerador-contra-el-z-40-y-el-z-42-lideres-del-sanguinario-cartel-de-los-zetas.html\">critic\u00f3 a los jueces que hab\u00edan dilatado por m\u00e1s de una d\u00e9cada<\/a>\u00a0el proceso de los hermanos Miguel y Omar Trevi\u00f1o Morales, alias Z-40 y Z-42, l\u00edderes del sanguinario cartel de Los Zetas. Gertz ha reconocido que el recurso legal utilizado para capotear la entrega de criminales ha creado un precedente. \u201cSe abri\u00f3 una opci\u00f3n que estaba dentro del marco jur\u00eddico mexicano y que ellos [los estadounidenses] aprovecharon\u201d, ha dicho. El funcionario ha defendido que \u201clas soluciones que se tomen\u201d contra el crimen organizado benefician, en primer lugar, a los mexicanos.<\/p>\n","protected":false},"excerpt":{"rendered":"<p>&nbsp; &nbsp; &#8211; Las autoridades de M\u00e9xico y Estados Unidos se enredan para explicar el sustento legal que permiti\u00f3 superar el atascamiento en los tribunales&hellip;<\/p>\n","protected":false},"author":99,"featured_media":529140,"comment_status":"open","ping_status":"open","sticky":false,"template":"","format":"standard","meta":{"footnotes":""},"categories":[23],"tags":[],"class_list":["post-529139","post","type-post","status-publish","format-standard","has-post-thumbnail","hentry","category-latinoamerica"],"_links":{"self":[{"href":"https:\/\/diarioelpopular.com\/index.php\/wp-json\/wp\/v2\/posts\/529139","targetHints":{"allow":["GET"]}}],"collection":[{"href":"https:\/\/diarioelpopular.com\/index.php\/wp-json\/wp\/v2\/posts"}],"about":[{"href":"https:\/\/diarioelpopular.com\/index.php\/wp-json\/wp\/v2\/types\/post"}],"author":[{"embeddable":true,"href":"https:\/\/diarioelpopular.com\/index.php\/wp-json\/wp\/v2\/users\/99"}],"replies":[{"embeddable":true,"href":"https:\/\/diarioelpopular.com\/index.php\/wp-json\/wp\/v2\/comments?post=529139"}],"version-history":[{"count":1,"href":"https:\/\/diarioelpopular.com\/index.php\/wp-json\/wp\/v2\/posts\/529139\/revisions"}],"predecessor-version":[{"id":529141,"href":"https:\/\/diarioelpopular.com\/index.php\/wp-json\/wp\/v2\/posts\/529139\/revisions\/529141"}],"wp:featuredmedia":[{"embeddable":true,"href":"https:\/\/diarioelpopular.com\/index.php\/wp-json\/wp\/v2\/media\/529140"}],"wp:attachment":[{"href":"https:\/\/diarioelpopular.com\/index.php\/wp-json\/wp\/v2\/media?parent=529139"}],"wp:term":[{"taxonomy":"category","embeddable":true,"href":"https:\/\/diarioelpopular.com\/index.php\/wp-json\/wp\/v2\/categories?post=529139"},{"taxonomy":"post_tag","embeddable":true,"href":"https:\/\/diarioelpopular.com\/index.php\/wp-json\/wp\/v2\/tags?post=529139"}],"curies":[{"name":"wp","href":"https:\/\/api.w.org\/{rel}","templated":true}]}}