{"id":529159,"date":"2025-03-01T19:58:50","date_gmt":"2025-03-01T23:58:50","guid":{"rendered":"https:\/\/diarioelpopular.com\/?p=529159"},"modified":"2025-03-01T19:59:40","modified_gmt":"2025-03-01T23:59:40","slug":"nuevos-datos-de-statistics-canada-revelan-que-el-nivel-de-vida-esta-en-una-espiral-descendente-gracias-al-gobierno-trudeau","status":"publish","type":"post","link":"https:\/\/diarioelpopular.com\/index.php\/2025\/03\/01\/nuevos-datos-de-statistics-canada-revelan-que-el-nivel-de-vida-esta-en-una-espiral-descendente-gracias-al-gobierno-trudeau\/","title":{"rendered":"Nuevos datos de Statistics Canada revelan que el nivel de vida est\u00e1 en una espiral descendente gracias al gobierno Trudeau"},"content":{"rendered":"<div id=\"attachment_529160\" style=\"width: 646px\" class=\"wp-caption alignnone\"><img loading=\"lazy\" decoding=\"async\" aria-describedby=\"caption-attachment-529160\" class=\"wp-image-529160 size-custom-full-size\" src=\"https:\/\/diarioelpopular.com\/wp-content\/uploads\/2025\/03\/Screen-Shot-2025-03-01-at-6.58.04-PM-636x479.png\" alt=\"\" width=\"636\" height=\"479\" srcset=\"https:\/\/diarioelpopular.com\/wp-content\/uploads\/2025\/03\/Screen-Shot-2025-03-01-at-6.58.04-PM-636x479.png 636w, https:\/\/diarioelpopular.com\/wp-content\/uploads\/2025\/03\/Screen-Shot-2025-03-01-at-6.58.04-PM-300x226.png 300w, https:\/\/diarioelpopular.com\/wp-content\/uploads\/2025\/03\/Screen-Shot-2025-03-01-at-6.58.04-PM-768x579.png 768w, https:\/\/diarioelpopular.com\/wp-content\/uploads\/2025\/03\/Screen-Shot-2025-03-01-at-6.58.04-PM-97x73.png 97w, https:\/\/diarioelpopular.com\/wp-content\/uploads\/2025\/03\/Screen-Shot-2025-03-01-at-6.58.04-PM.png 844w\" sizes=\"auto, (max-width: 636px) 100vw, 636px\" \/><p id=\"caption-attachment-529160\" class=\"wp-caption-text\">Trudeau admiti\u00f3, demasiado tarde, que su gobierno trajo demasiadas personas demasiado r\u00e1pido<\/p><\/div>\n<p>&nbsp;<\/p>\n<ul>\n<li><em><strong>Esto forma parte de una crisis de larga data en la econom\u00eda canadiense que se ha acelerado bajo el gobierno de los liberales de Trudeau<\/strong><\/em><\/li>\n<\/ul>\n<p>&nbsp;<\/p>\n<p>OTTAWA.- Nuevos datos econ\u00f3micos de Statistics Canada muestra que nuestro nivel de vida se ha deteriorado a\u00fan m\u00e1s en los \u00faltimos dos a\u00f1os.<\/p>\n<p>StatsCan inform\u00f3 que el PIB real per c\u00e1pita de Canad\u00e1, que mide la producci\u00f3n econ\u00f3mica por persona ajustada a la inflaci\u00f3n, una m\u00e9trica ampliamente aceptada para medir la prosperidad de una naci\u00f3n, cay\u00f3 un 1,4% en 2024, tras una disminuci\u00f3n del 1,3% en 2023.<\/p>\n<p>Esto forma parte de una crisis de larga data en la econom\u00eda canadiense que se ha acelerado bajo el gobierno de los liberales de Trudeau.<\/p>\n<p>No es sorprendente dado el enfoque del primer ministro saliente, Justin Trudeau, en la redistribuci\u00f3n de los ingresos en lugar de hacer crecer la econom\u00eda durante su d\u00e9cada en el cargo.<\/p>\n<p>Todos, desde la vicegobernadora principal del Banco de Canad\u00e1, Carolyn Rogers, que lo ha calificado de emergencia para \u201cromper el cristal\u201d, hasta la candidata al liderazgo del Partido Liberal, Chrystia Freeland, que lo llam\u00f3 el \u201ctal\u00f3n de Aquiles\u201d de la econom\u00eda canadiense cuando era ministra de Finanzas, han dado la voz de alarma.<\/p>\n<p>El problema de ra\u00edz es la baja productividad de la econom\u00eda de Canad\u00e1, que Freeland dijo en su discurso sobre el presupuesto de 2022 que \u201cimporta porque (la productividad) es lo que garantiza el sue\u00f1o de todos los padres: que nuestros hijos sean m\u00e1s pr\u00f3speros que nosotros\u201d, un sue\u00f1o que se est\u00e1 muriendo en Canad\u00e1 hoy en d\u00eda.<\/p>\n<p>La baja productividad no significa que los trabajadores canadienses sean vagos, sino que no se les est\u00e1 dando acceso a las \u00faltimas herramientas econ\u00f3micas y avances tecnol\u00f3gicos para trabajar de manera m\u00e1s eficiente debido a la falta de inversi\u00f3n empresarial en Canad\u00e1.<\/p>\n<p>Esto es particularmente alarmante debido a lo mucho que Canad\u00e1 se ha quedado atr\u00e1s econ\u00f3micamente de Estados Unidos, nuestro mayor socio comercial, justo cuando estamos a punto de entrar en una guerra arancelaria provocada por el presidente Donald Trump, que da\u00f1ar\u00e1 a\u00fan m\u00e1s nuestra econom\u00eda.<\/p>\n<p>Jake Fuss, director de estudios fiscales del Instituto Fraser, escribi\u00f3 en The Hub el a\u00f1o pasado que el PIB real per c\u00e1pita en Canad\u00e1 durante los a\u00f1os de Trudeau aument\u00f3 un 1,9%. En Estados Unidos, durante el mismo per\u00edodo, aument\u00f3 un 14,7%.<\/p>\n<p>El economista de la Universidad de Calgary, Trevor Tombe, tambi\u00e9n escribi\u00f3 en The Hub el a\u00f1o pasado que \u201csi Canad\u00e1 simplemente hubiera seguido el ritmo de Estados Unidos durante los \u00faltimos dos a\u00f1os, nuestra econom\u00eda ser\u00eda un 8,5% m\u00e1s grande, es decir, unos 6.200 d\u00f3lares m\u00e1s de ingresos por canadiense cada a\u00f1o\u201d.<\/p>\n<p>Calcul\u00f3 que en 2024, la brecha total en el PIB real per c\u00e1pita entre Canad\u00e1 y Estados Unidos era de unos 22.000 d\u00f3lares, 66.300 d\u00f3lares en Estados Unidos en comparaci\u00f3n con los 44.400 d\u00f3lares en Canad\u00e1, en d\u00f3lares de 2015.<\/p>\n<p>En d\u00f3lares de 2024, dijo, la brecha era mayor, aproximadamente 28.000 d\u00f3lares.<\/p>\n<p>\u201cDicho de otro modo\u201d, escribi\u00f3 Tombe, \u201cel PIB real per c\u00e1pita en Estados Unidos fue un 43% m\u00e1s alto que en Canad\u00e1 en 2023. Y en 2024, estimo que esta brecha se ampliar\u00e1 a casi el 50%.<\/p>\n<p>\u201cPensemos en eso por un momento. Estados Unidos est\u00e1 en camino de producir casi un 50% m\u00e1s por persona que Canad\u00e1. Esta sorprendente divergencia no tiene precedentes en la historia moderna\u201d.<\/p>\n<p>Freeland advirti\u00f3 en su presupuesto de 2022 que, a menos que se revierta esta tendencia, \u201cla Organizaci\u00f3n para la Cooperaci\u00f3n y el Desarrollo Econ\u00f3micos proyecta que Canad\u00e1 tendr\u00e1 la tasa de crecimiento del PIB per c\u00e1pita m\u00e1s baja entre sus pa\u00edses miembros\u201d de 2020 a 2060.<\/p>\n<p>Eso incluye al G7 al que pertenece Canad\u00e1, junto con Estados Unidos, el Reino Unido, Alemania, Francia, Italia y Jap\u00f3n.<\/p>\n<p>Los apologistas liberales intentar\u00e1n camuflar esta emergencia fiscal se\u00f1alando que el PIB real de Canad\u00e1 aument\u00f3 un 2,6% anualizado en el cuarto trimestre de 2024, m\u00e1s de lo esperado.<\/p>\n<p>Pero eso se debi\u00f3 en gran medida al aumento dram\u00e1tico de la inmigraci\u00f3n, que el gobierno liberal autoriz\u00f3, ignorando las advertencias previas de sus propios funcionarios p\u00fablicos de que hacerlo aumentar\u00eda el costo de vida y pondr\u00eda una presi\u00f3n adicional sobre servicios p\u00fablicos ya asediados, como la atenci\u00f3n m\u00e9dica.<\/p>\n<p>Traer m\u00e1s gente significa que hay m\u00e1s actividad econ\u00f3mica, pero si no va acompa\u00f1ada de crecimiento econ\u00f3mico es malo para todos, tanto los ciudadanos canadienses como los nuevos inmigrantes, que es exactamente lo que sucedi\u00f3. Falta de vivienda y atenci\u00f3n en la salud.<\/p>\n<p>Incluso Trudeau admiti\u00f3, demasiado tarde, que su gobierno trajo demasiadas personas demasiado r\u00e1pido y ahora est\u00e1 tratando tard\u00edamente de abordar la crisis reduciendo un poco los objetivos de inmigraci\u00f3n.<\/p>\n<p>Trudeau tambi\u00e9n sab\u00eda de esta crisis cuando gan\u00f3 las elecciones de 2015, como se\u00f1al\u00f3 Ben Eisen, miembro senior del Instituto Fraser, en The Hill Times en enero, criticando al entonces primer ministro Stephen Harper por \u201ctener el peor historial de crecimiento econ\u00f3mico desde R.B. Bennett en lo m\u00e1s profundo de la Gran Depresi\u00f3n\u201d.<\/p>\n<p>Durante la era de Harper, el PIB real per c\u00e1pita creci\u00f3 un 0,5% anual. Con Trudeau ha sido del 0,3%.<\/p>\n","protected":false},"excerpt":{"rendered":"<p>&nbsp; Esto forma parte de una crisis de larga data en la econom\u00eda canadiense que se ha acelerado bajo el gobierno de los liberales de&hellip;<\/p>\n","protected":false},"author":99,"featured_media":529160,"comment_status":"open","ping_status":"open","sticky":false,"template":"","format":"standard","meta":{"footnotes":""},"categories":[21,11191],"tags":[],"class_list":["post-529159","post","type-post","status-publish","format-standard","has-post-thumbnail","hentry","category-canada","category-top-news"],"_links":{"self":[{"href":"https:\/\/diarioelpopular.com\/index.php\/wp-json\/wp\/v2\/posts\/529159","targetHints":{"allow":["GET"]}}],"collection":[{"href":"https:\/\/diarioelpopular.com\/index.php\/wp-json\/wp\/v2\/posts"}],"about":[{"href":"https:\/\/diarioelpopular.com\/index.php\/wp-json\/wp\/v2\/types\/post"}],"author":[{"embeddable":true,"href":"https:\/\/diarioelpopular.com\/index.php\/wp-json\/wp\/v2\/users\/99"}],"replies":[{"embeddable":true,"href":"https:\/\/diarioelpopular.com\/index.php\/wp-json\/wp\/v2\/comments?post=529159"}],"version-history":[{"count":2,"href":"https:\/\/diarioelpopular.com\/index.php\/wp-json\/wp\/v2\/posts\/529159\/revisions"}],"predecessor-version":[{"id":529162,"href":"https:\/\/diarioelpopular.com\/index.php\/wp-json\/wp\/v2\/posts\/529159\/revisions\/529162"}],"wp:featuredmedia":[{"embeddable":true,"href":"https:\/\/diarioelpopular.com\/index.php\/wp-json\/wp\/v2\/media\/529160"}],"wp:attachment":[{"href":"https:\/\/diarioelpopular.com\/index.php\/wp-json\/wp\/v2\/media?parent=529159"}],"wp:term":[{"taxonomy":"category","embeddable":true,"href":"https:\/\/diarioelpopular.com\/index.php\/wp-json\/wp\/v2\/categories?post=529159"},{"taxonomy":"post_tag","embeddable":true,"href":"https:\/\/diarioelpopular.com\/index.php\/wp-json\/wp\/v2\/tags?post=529159"}],"curies":[{"name":"wp","href":"https:\/\/api.w.org\/{rel}","templated":true}]}}